{"id":25738,"date":"2021-08-26T00:00:40","date_gmt":"2021-08-26T03:00:40","guid":{"rendered":"https:\/\/hcd.malargue.gov.ar\/?p=25738"},"modified":"2021-08-25T11:50:42","modified_gmt":"2021-08-25T14:50:42","slug":"25738","status":"publish","type":"post","link":"https:\/\/hcd.malargue.gov.ar\/?p=25738","title":{"rendered":"DIA DE LA SOLIDARIDAD"},"content":{"rendered":"<p>El 26 de agosto, fecha de nacimiento de la beata Madre Teresa de Calcuta, se celebra\u00a0\u00a0 en nuestro pa\u00eds el D\u00eda Nacional de la Solidaridad, porque su testimonio de vida, encarnado con el dolor y el sufrimiento de los m\u00e1s excluidos, es un modelo indiscutible de servicio y amor solidario, capaz de interpelarnos individual y socialmente.<\/p>\n<blockquote><p><b><i>\u00bfQu\u00e9 es la solidaridad?<\/i><\/b><\/p>\n<p><i>La solidaridad es uno de los valores humanos por excelencia, del que se espera cuando un otro significativo requiere de nuestros buenos sentimientos para salir adelante. En estos t\u00e9rminos, la solidaridad se define como la colaboraci\u00f3n mutua en la personas, como aquel sentimiento que mantiene a las personas unidas en todo momento, sobretodo cuando se vivencian experiencias dif\u00edciles de las que no resulta f\u00e1cil salir.<\/i><\/p>\n<p><i>La solidaridad es una virtud social que debemos cultivar como pueblo, para que las actitudes de toda la sociedad est\u00e9n imbuidas de un profundo esp\u00edritu de compromiso con el bien com\u00fan, apart\u00e1ndonos de posturas ego\u00edstas, superando la indiferencia y generando actos cotidianos de servicio y cercan\u00eda con las realidades de las personas y comunidades m\u00e1s desfavorecidas.<\/i><\/p><\/blockquote>\n","protected":false},"excerpt":{"rendered":"<p>El 26 de agosto, fecha de nacimiento de la beata Madre Teresa de Calcuta, se celebra\u00a0\u00a0 en nuestro pa\u00eds el D\u00eda Nacional de la Solidaridad, porque su testimonio de vida, encarnado con el dolor y el sufrimiento de los m\u00e1s excluidos, es un modelo indiscutible de servicio y amor solidario, capaz de interpelarnos individual y [&hellip;]<\/p>\n","protected":false},"author":5,"featured_media":25739,"comment_status":"closed","ping_status":"closed","sticky":false,"template":"","format":"standard","meta":{"footnotes":""},"categories":[69,52,33],"tags":[],"class_list":["post-25738","post","type-post","status-publish","format-standard","has-post-thumbnail","hentry","category-efemerides","category-gacetillas","category-prensa"],"yoast_head":"<!-- This site is optimized with the Yoast SEO plugin v19.10 - https:\/\/yoast.com\/wordpress\/plugins\/seo\/ -->\n<title>DIA DE LA SOLIDARIDAD - Malarg\u00fce HCD<\/title>\n<meta name=\"robots\" content=\"index, follow, max-snippet:-1, max-image-preview:large, max-video-preview:-1\" \/>\n<link rel=\"canonical\" href=\"https:\/\/hcd.malargue.gov.ar\/?p=25738\" \/>\n<meta property=\"og:locale\" content=\"es_ES\" \/>\n<meta property=\"og:type\" content=\"article\" \/>\n<meta property=\"og:title\" content=\"DIA DE LA SOLIDARIDAD - Malarg\u00fce HCD\" \/>\n<meta property=\"og:description\" content=\"El 26 de agosto, fecha de nacimiento de la beata Madre Teresa de Calcuta, se celebra\u00a0\u00a0 en nuestro pa\u00eds el D\u00eda Nacional de la Solidaridad, porque su testimonio de vida, encarnado con el dolor y el sufrimiento de los m\u00e1s excluidos, es un modelo indiscutible de servicio y amor solidario, capaz de interpelarnos individual y [&hellip;]\" \/>\n<meta property=\"og:url\" content=\"https:\/\/hcd.malargue.gov.ar\/?p=25738\" \/>\n<meta property=\"og:site_name\" content=\"Malarg\u00fce HCD\" \/>\n<meta property=\"article:published_time\" content=\"2021-08-26T03:00:40+00:00\" \/>\n<meta property=\"article:modified_time\" content=\"2021-08-25T14:50:42+00:00\" \/>\n<meta property=\"og:image\" content=\"https:\/\/hcd.malargue.gov.ar\/wp-content\/uploads\/2021\/08\/solidaridad-2021.jpg\" \/>\n\t<meta property=\"og:image:width\" content=\"951\" \/>\n\t<meta property=\"og:image:height\" content=\"630\" \/>\n\t<meta property=\"og:image:type\" content=\"image\/jpeg\" \/>\n<meta name=\"author\" content=\"Belen Pedernera Ferragut\" \/>\n<meta name=\"twitter:card\" content=\"summary_large_image\" \/>\n<meta name=\"twitter:label1\" content=\"Escrito por\" \/>\n\t<meta name=\"twitter:data1\" content=\"Belen Pedernera Ferragut\" \/>\n\t<meta name=\"twitter:label2\" content=\"Tiempo de lectura\" \/>\n\t<meta name=\"twitter:data2\" content=\"1 minuto\" \/>\n<script type=\"application\/ld+json\" class=\"yoast-schema-graph\">{\"@context\":\"https:\/\/schema.org\",\"@graph\":[{\"@type\":\"WebPage\",\"@id\":\"https:\/\/hcd.malargue.gov.ar\/?p=25738\",\"url\":\"https:\/\/hcd.malargue.gov.ar\/?p=25738\",\"name\":\"DIA DE LA SOLIDARIDAD - Malarg\u00fce HCD\",\"isPartOf\":{\"@id\":\"https:\/\/hcd.malargue.gov.ar\/#website\"},\"datePublished\":\"2021-08-26T03:00:40+00:00\",\"dateModified\":\"2021-08-25T14:50:42+00:00\",\"author\":{\"@id\":\"https:\/\/hcd.malargue.gov.ar\/#\/schema\/person\/3fd6bbab64edd703961b795156c955d0\"},\"breadcrumb\":{\"@id\":\"https:\/\/hcd.malargue.gov.ar\/?p=25738#breadcrumb\"},\"inLanguage\":\"es-AR\",\"potentialAction\":[{\"@type\":\"ReadAction\",\"target\":[\"https:\/\/hcd.malargue.gov.ar\/?p=25738\"]}]},{\"@type\":\"BreadcrumbList\",\"@id\":\"https:\/\/hcd.malargue.gov.ar\/?p=25738#breadcrumb\",\"itemListElement\":[{\"@type\":\"ListItem\",\"position\":1,\"name\":\"Inicio\",\"item\":\"https:\/\/hcd.malargue.gov.ar\/\"},{\"@type\":\"ListItem\",\"position\":2,\"name\":\"DIA DE LA SOLIDARIDAD\"}]},{\"@type\":\"WebSite\",\"@id\":\"https:\/\/hcd.malargue.gov.ar\/#website\",\"url\":\"https:\/\/hcd.malargue.gov.ar\/\",\"name\":\"Malarg\u00fce HCD\",\"description\":\"Malarg\u00fce Mendoza Argentina\",\"potentialAction\":[{\"@type\":\"SearchAction\",\"target\":{\"@type\":\"EntryPoint\",\"urlTemplate\":\"https:\/\/hcd.malargue.gov.ar\/?s={search_term_string}\"},\"query-input\":\"required name=search_term_string\"}],\"inLanguage\":\"es-AR\"},{\"@type\":\"Person\",\"@id\":\"https:\/\/hcd.malargue.gov.ar\/#\/schema\/person\/3fd6bbab64edd703961b795156c955d0\",\"name\":\"Belen Pedernera Ferragut\",\"image\":{\"@type\":\"ImageObject\",\"inLanguage\":\"es-AR\",\"@id\":\"https:\/\/hcd.malargue.gov.ar\/#\/schema\/person\/image\/\",\"url\":\"https:\/\/secure.gravatar.com\/avatar\/1054ffab3893de4bb3eb29bdd22f7e34b8537bf5d34d9dab311818154ad5b71f?s=96&d=mm&r=g\",\"contentUrl\":\"https:\/\/secure.gravatar.com\/avatar\/1054ffab3893de4bb3eb29bdd22f7e34b8537bf5d34d9dab311818154ad5b71f?s=96&d=mm&r=g\",\"caption\":\"Belen Pedernera Ferragut\"},\"url\":\"https:\/\/hcd.malargue.gov.ar\/?author=5\"}]}<\/script>\n<!-- \/ Yoast SEO plugin. -->","yoast_head_json":{"title":"DIA DE LA SOLIDARIDAD - Malarg\u00fce HCD","robots":{"index":"index","follow":"follow","max-snippet":"max-snippet:-1","max-image-preview":"max-image-preview:large","max-video-preview":"max-video-preview:-1"},"canonical":"https:\/\/hcd.malargue.gov.ar\/?p=25738","og_locale":"es_ES","og_type":"article","og_title":"DIA DE LA SOLIDARIDAD - Malarg\u00fce HCD","og_description":"El 26 de agosto, fecha de nacimiento de la beata Madre Teresa de Calcuta, se celebra\u00a0\u00a0 en nuestro pa\u00eds el D\u00eda Nacional de la Solidaridad, porque su testimonio de vida, encarnado con el dolor y el sufrimiento de los m\u00e1s excluidos, es un modelo indiscutible de servicio y amor solidario, capaz de interpelarnos individual y [&hellip;]","og_url":"https:\/\/hcd.malargue.gov.ar\/?p=25738","og_site_name":"Malarg\u00fce HCD","article_published_time":"2021-08-26T03:00:40+00:00","article_modified_time":"2021-08-25T14:50:42+00:00","og_image":[{"width":951,"height":630,"url":"https:\/\/hcd.malargue.gov.ar\/wp-content\/uploads\/2021\/08\/solidaridad-2021.jpg","type":"image\/jpeg"}],"author":"Belen Pedernera Ferragut","twitter_card":"summary_large_image","twitter_misc":{"Escrito por":"Belen Pedernera Ferragut","Tiempo de lectura":"1 minuto"},"schema":{"@context":"https:\/\/schema.org","@graph":[{"@type":"WebPage","@id":"https:\/\/hcd.malargue.gov.ar\/?p=25738","url":"https:\/\/hcd.malargue.gov.ar\/?p=25738","name":"DIA DE LA SOLIDARIDAD - Malarg\u00fce HCD","isPartOf":{"@id":"https:\/\/hcd.malargue.gov.ar\/#website"},"datePublished":"2021-08-26T03:00:40+00:00","dateModified":"2021-08-25T14:50:42+00:00","author":{"@id":"https:\/\/hcd.malargue.gov.ar\/#\/schema\/person\/3fd6bbab64edd703961b795156c955d0"},"breadcrumb":{"@id":"https:\/\/hcd.malargue.gov.ar\/?p=25738#breadcrumb"},"inLanguage":"es-AR","potentialAction":[{"@type":"ReadAction","target":["https:\/\/hcd.malargue.gov.ar\/?p=25738"]}]},{"@type":"BreadcrumbList","@id":"https:\/\/hcd.malargue.gov.ar\/?p=25738#breadcrumb","itemListElement":[{"@type":"ListItem","position":1,"name":"Inicio","item":"https:\/\/hcd.malargue.gov.ar\/"},{"@type":"ListItem","position":2,"name":"DIA DE LA SOLIDARIDAD"}]},{"@type":"WebSite","@id":"https:\/\/hcd.malargue.gov.ar\/#website","url":"https:\/\/hcd.malargue.gov.ar\/","name":"Malarg\u00fce HCD","description":"Malarg\u00fce Mendoza Argentina","potentialAction":[{"@type":"SearchAction","target":{"@type":"EntryPoint","urlTemplate":"https:\/\/hcd.malargue.gov.ar\/?s={search_term_string}"},"query-input":"required name=search_term_string"}],"inLanguage":"es-AR"},{"@type":"Person","@id":"https:\/\/hcd.malargue.gov.ar\/#\/schema\/person\/3fd6bbab64edd703961b795156c955d0","name":"Belen Pedernera Ferragut","image":{"@type":"ImageObject","inLanguage":"es-AR","@id":"https:\/\/hcd.malargue.gov.ar\/#\/schema\/person\/image\/","url":"https:\/\/secure.gravatar.com\/avatar\/1054ffab3893de4bb3eb29bdd22f7e34b8537bf5d34d9dab311818154ad5b71f?s=96&d=mm&r=g","contentUrl":"https:\/\/secure.gravatar.com\/avatar\/1054ffab3893de4bb3eb29bdd22f7e34b8537bf5d34d9dab311818154ad5b71f?s=96&d=mm&r=g","caption":"Belen Pedernera Ferragut"},"url":"https:\/\/hcd.malargue.gov.ar\/?author=5"}]}},"_links":{"self":[{"href":"https:\/\/hcd.malargue.gov.ar\/index.php?rest_route=\/wp\/v2\/posts\/25738","targetHints":{"allow":["GET"]}}],"collection":[{"href":"https:\/\/hcd.malargue.gov.ar\/index.php?rest_route=\/wp\/v2\/posts"}],"about":[{"href":"https:\/\/hcd.malargue.gov.ar\/index.php?rest_route=\/wp\/v2\/types\/post"}],"author":[{"embeddable":true,"href":"https:\/\/hcd.malargue.gov.ar\/index.php?rest_route=\/wp\/v2\/users\/5"}],"replies":[{"embeddable":true,"href":"https:\/\/hcd.malargue.gov.ar\/index.php?rest_route=%2Fwp%2Fv2%2Fcomments&post=25738"}],"version-history":[{"count":0,"href":"https:\/\/hcd.malargue.gov.ar\/index.php?rest_route=\/wp\/v2\/posts\/25738\/revisions"}],"wp:featuredmedia":[{"embeddable":true,"href":"https:\/\/hcd.malargue.gov.ar\/index.php?rest_route=\/wp\/v2\/media\/25739"}],"wp:attachment":[{"href":"https:\/\/hcd.malargue.gov.ar\/index.php?rest_route=%2Fwp%2Fv2%2Fmedia&parent=25738"}],"wp:term":[{"taxonomy":"category","embeddable":true,"href":"https:\/\/hcd.malargue.gov.ar\/index.php?rest_route=%2Fwp%2Fv2%2Fcategories&post=25738"},{"taxonomy":"post_tag","embeddable":true,"href":"https:\/\/hcd.malargue.gov.ar\/index.php?rest_route=%2Fwp%2Fv2%2Ftags&post=25738"}],"curies":[{"name":"wp","href":"https:\/\/api.w.org\/{rel}","templated":true}]}}