{"id":25807,"date":"2021-09-01T11:49:06","date_gmt":"2021-09-01T14:49:06","guid":{"rendered":"https:\/\/hcd.malargue.gov.ar\/?p=25807"},"modified":"2021-09-01T11:50:59","modified_gmt":"2021-09-01T14:50:59","slug":"orden-del-dia-24-sesion-ordinaria","status":"publish","type":"post","link":"https:\/\/hcd.malargue.gov.ar\/?p=25807","title":{"rendered":"ORDEN DEL DIA 24\u00b0 SESION ORDINARIA"},"content":{"rendered":"<h5>D\u00eda\u00a0 Jueves\u00a0 02 de\u00a0 Setiembre\u00a0 de 2021<\/h5>\n<h5>Hora: 09:00 <a href=\"http:\/\/hcd.malargue.gov.ar\/hcdpdf\/24%20SO%20ORDEN%2002%20de%20Setiembre%202021.pdf\"><img loading=\"lazy\" decoding=\"async\" class=\"alignright wp-image-7950\" src=\"https:\/\/hcd.malargue.gov.ar\/wp-content\/uploads\/2018\/06\/PDF-JPG-300x300.jpg\" alt=\"\" width=\"82\" height=\"82\" srcset=\"https:\/\/hcd.malargue.gov.ar\/wp-content\/uploads\/2018\/06\/PDF-JPG-300x300.jpg 300w, https:\/\/hcd.malargue.gov.ar\/wp-content\/uploads\/2018\/06\/PDF-JPG-150x150.jpg 150w, https:\/\/hcd.malargue.gov.ar\/wp-content\/uploads\/2018\/06\/PDF-JPG.jpg 512w\" sizes=\"auto, (max-width: 82px) 100vw, 82px\" \/><\/a><\/h5>\n<p><strong><em>a) Acto de Izar la Ense\u00f1a Patria\u00a0\u00a0 a cargo del Sr. Concejal Jos\u00e9 A BARRO<\/em><\/strong><\/p>\n<p><strong><em>b) Homenaje de los Se\u00f1ores Concejales<\/em><\/strong><\/p>\n<p><strong><em>c) Lectura del detalle de la correspondencia recibida y emitida.<\/em><\/strong><\/p>\n<p><strong><em>d) Determinaci\u00f3n de los temas que ser\u00e1n incluidos en el punto Asuntos Varios y puesta a consideraci\u00f3n de mociones de tratamientos sobre tablas de diversos expedientes.<\/em><\/strong><\/p>\n<p><strong><em>e) Proyectos de los Se\u00f1ores Concejales: <\/em><\/strong><\/p>\n<ol>\n<li>Expte. N\u00ba 5.027-HC 038-2021 Proyecto de Ordenanza: Creaci\u00f3n del Registro Departamental de Trabajadores y Trabajadoras Rurales. (BLOQUE FRENTE DE TODOS) Autores: Concejales Paola Jofr\u00e9. Andr\u00e9s Risi, Jos\u00e9 Barro, Silvia Correa y Daniela Favari<\/li>\n<li>Expte.N\u00ba 5.028-HC 038-2021 Proyecto de Ordenanza: Modificaci\u00f3n Ordenanza N\u00ba 1.407\/2007 \u201cVenta, consumo y expendio bebidas alcoh\u00f3licas\u201d (BLOQUE FRENTE CAMBIA MENDOZA) Autor: Concejal Paola Rojo<\/li>\n<\/ol>\n<p><strong><em>f) Expedientes provenientes del Departamento Ejecutivo <\/em><\/strong><\/p>\n<ol>\n<li>Expte.N\u00ba 4042\/2020-0 MASINO Eduardo Augusto- Molina Reveca. Elevan escrito y planos de mensura y certificaci\u00f3n de firmas en concepto de cesi\u00f3n de derechos y acciones posesorias a favor del municipio para la creaci\u00f3n de Parque Industrial Pata Mora.<\/li>\n<\/ol>\n<p><strong><em>g) Despachos de las Comisiones de Trabajo:<\/em><\/strong><\/p>\n<ol>\n<li>Expte.N\u00ba 4.879-HC 027-2020 Proyecto de Ordenanza: Adecuar todas las plazas del Departamento con juegos inclusivos. (H.P.L.A.C.)<\/li>\n<li>Expte. N\u00ba 4.998-HC 036-2021 Proyecto de Ordenanza: Creaci\u00f3n de una feria de Emprendedores en el lado Este de la Ruta 40 Sur, entre el Cementerio Local y la entrada al Barrio Procrear (O.P.T Y R.N y H.P.L.A.C.)<\/li>\n<li>Expte.N\u00ba 4.966 HC 033-2021 Proyecto de Resoluci\u00f3n: Solicitar al Departamento Ejecutivo la finalizaci\u00f3n de escrituraci\u00f3n del Barrio Municipal en el marco del PRO.ME.BA. (H.P.L.A.C.)<\/li>\n<li>N\u00ba 5.013-HC 037-2021 Proyecto de Resoluci\u00f3n: Reparaci\u00f3n y mantenimiento de la Plaza ubicada en el Paraje El Alambrado del Departamento de Malarg\u00fce (O.P.T Y R.N y H.P.L.A.C.)<\/li>\n<li>Expte.N\u00ba 4.897-HC 028-2021 Proyecto de Ordenanza: Declarar asueto administrativo el d\u00eda 8 de marzo en el marco del Paro por el D\u00eda Internacional de la Mujer. (E.H.M.A.S Y C y H.P.L.A.C)<\/li>\n<li>Expte.N\u00ba 4.973-HC 033-2021 Proyecto de Resoluci\u00f3n: Adherir al Proyecto de Ley \u201cPrograma Provincial de Mejoramiento Gen\u00e9tico Ganadero\u201d. (H.P.L.A.C.)<\/li>\n<li>Expte.N\u00ba 606\/2021 Departamento Ejecutivo Eleva Plan Municipal de Ordenamiento Territorial Malarg\u00fce\u00a0 (H.P.L.A.C)<\/li>\n<\/ol>\n<p><strong>h<\/strong><strong><em>) Asuntos Varios. &#8211; <\/em><\/strong><\/p>\n<p><strong><em>i) Acto de arriar el Pabell\u00f3n Nacional a cargo del concejal que lo <\/em><\/strong><strong>iz\u00f3. &#8211; <\/strong><\/p>\n<p style=\"text-align: right;\"><strong>\u00a0\u00a0\u00a0\u00a0\u00a0\u00a0\u00a0\u00a0\u00a0\u00a0\u00a0\u00a0\u00a0\u00a0\u00a0\u00a0\u00a0\u00a0\u00a0\u00a0\u00a0\u00a0\u00a0\u00a0\u00a0\u00a0\u00a0\u00a0\u00a0\u00a0\u00a0\u00a0\u00a0\u00a0\u00a0\u00a0\u00a0\u00a0\u00a0\u00a0\u00a0\u00a0\u00a0\u00a0\u00a0\u00a0 \u00a0\u00a0\u00a0\u00a0\u00a0\u00a0\u00a0\u00a0\u00a0\u00a0 \u00a0\u00a0\u00a0\u00a0\u00a0\u00a0\u00a0\u00a0\u00a0\u00a0\u00a0\u00a0\u00a0\u00a0\u00a0\u00a0\u00a0\u00a0\u00a0\u00a0\u00a0\u00a0\u00a0\u00a0\u00a0\u00a0\u00a0\u00a0\u00a0\u00a0\u00a0\u00a0\u00a0\u00a0\u00a0\u00a0\u00a0\u00a0\u00a0\u00a0\u00a0\u00a0 Presidencia H.C.D 31 de Agosto\u00a0 de 2021.-<\/strong><\/p>\n<p><strong>CORRESPONDENCIA\u00a0 PARA LA SESI\u00d3N <\/strong><\/p>\n<p><strong>Del d\u00eda Jueves 02 de Setiembre de 2.021.<\/strong><\/p>\n<p><strong>\u00a0<\/strong><strong>NOTAS INGRESADAS<\/strong><\/p>\n<ol>\n<li>Osvaldo Alu, en representaci\u00f3n de Vecinos del Barrio Bastias, solicita intervenci\u00f3n en la problem\u00e1tica por excesivas multas de tr\u00e1nsito en la zona.<\/li>\n<li>Departamento Ejecutivo remite informe solicitado por la Comisi\u00f3n de OPTyRN, propiedad catastral seg\u00fan coordenadas.<\/li>\n<li>Departamento Ejecutivo remite copia Decreto Municipal N\u00ba 1.051\/2.021 Creaci\u00f3n de la Escuelas de Monta\u00f1a de Malarg\u00fce, para conocimiento.<\/li>\n<li>C\u00e1mara de Comercio y Afines solici<\/li>\n<li>ta participar del debate de comisiones del Expte. N\u00ba 3966\/2018-0 Secretaria de Obras y Servicios P\u00fablicos llamado a Licitaci\u00f3n P\u00fablica Nacional para concesi\u00f3n remodelaci\u00f3n explotaci\u00f3n y mantenimiento del Hotel Turismo Malarg\u00fce.<\/li>\n<li>C\u00e1mara de Comercio y Afines eleva Acta Acuerdo de Agua Escondida suscripta con autoridades de la Provincia de La Pampa, comerciantes y vecinos en relaci\u00f3n a Corredor Bioce\u00e1nico Paso Pehuenche.<\/li>\n<li>C\u00e1mara de Comercio y Afines comparte resultados de la reuni\u00f3n con los Presidentes de C\u00e1maras Territoriales de los departamentos vecinos y J\u00f3venes FEM , para conocimiento y consideraci\u00f3n del Honorable Cuerpo.<\/li>\n<\/ol>\n","protected":false},"excerpt":{"rendered":"<p>D\u00eda\u00a0 Jueves\u00a0 02 de\u00a0 Setiembre\u00a0 de 2021 Hora: 09:00 a) Acto de Izar la Ense\u00f1a Patria\u00a0\u00a0 a cargo del Sr. Concejal Jos\u00e9 A BARRO b) Homenaje de los Se\u00f1ores Concejales c) Lectura del detalle de la correspondencia recibida y emitida. d) Determinaci\u00f3n de los temas que ser\u00e1n incluidos en el punto Asuntos Varios y puesta [&hellip;]<\/p>\n","protected":false},"author":5,"featured_media":0,"comment_status":"closed","ping_status":"closed","sticky":false,"template":"","format":"standard","meta":{"footnotes":""},"categories":[52,58,33,36],"tags":[],"class_list":["post-25807","post","type-post","status-publish","format-standard","hentry","category-gacetillas","category-ordinarias","category-prensa","category-sesiones"],"yoast_head":"<!-- This site is optimized with the Yoast SEO plugin v19.10 - https:\/\/yoast.com\/wordpress\/plugins\/seo\/ -->\n<title>ORDEN DEL DIA 24\u00b0 SESION ORDINARIA - Malarg\u00fce HCD<\/title>\n<meta name=\"robots\" content=\"index, follow, max-snippet:-1, max-image-preview:large, max-video-preview:-1\" \/>\n<link rel=\"canonical\" href=\"https:\/\/hcd.malargue.gov.ar\/?p=25807\" \/>\n<meta property=\"og:locale\" content=\"es_ES\" \/>\n<meta property=\"og:type\" content=\"article\" \/>\n<meta property=\"og:title\" content=\"ORDEN DEL DIA 24\u00b0 SESION ORDINARIA - Malarg\u00fce HCD\" \/>\n<meta property=\"og:description\" content=\"D\u00eda\u00a0 Jueves\u00a0 02 de\u00a0 Setiembre\u00a0 de 2021 Hora: 09:00 a) Acto de Izar la Ense\u00f1a Patria\u00a0\u00a0 a cargo del Sr. Concejal Jos\u00e9 A BARRO b) Homenaje de los Se\u00f1ores Concejales c) Lectura del detalle de la correspondencia recibida y emitida. d) Determinaci\u00f3n de los temas que ser\u00e1n incluidos en el punto Asuntos Varios y puesta [&hellip;]\" \/>\n<meta property=\"og:url\" content=\"https:\/\/hcd.malargue.gov.ar\/?p=25807\" \/>\n<meta property=\"og:site_name\" content=\"Malarg\u00fce HCD\" \/>\n<meta property=\"article:published_time\" content=\"2021-09-01T14:49:06+00:00\" \/>\n<meta property=\"article:modified_time\" content=\"2021-09-01T14:50:59+00:00\" \/>\n<meta property=\"og:image\" content=\"https:\/\/hcd.malargue.gov.ar\/wp-content\/uploads\/2021\/05\/BARRO-Bandera-2-scaled.jpg\" \/>\n\t<meta property=\"og:image:width\" content=\"2560\" \/>\n\t<meta property=\"og:image:height\" content=\"1700\" \/>\n\t<meta property=\"og:image:type\" content=\"image\/jpeg\" \/>\n<meta name=\"author\" content=\"Belen Pedernera Ferragut\" \/>\n<meta name=\"twitter:card\" content=\"summary_large_image\" \/>\n<meta name=\"twitter:label1\" content=\"Escrito por\" \/>\n\t<meta name=\"twitter:data1\" content=\"Belen Pedernera Ferragut\" \/>\n\t<meta name=\"twitter:label2\" content=\"Tiempo de lectura\" \/>\n\t<meta name=\"twitter:data2\" content=\"3 minutos\" \/>\n<script type=\"application\/ld+json\" class=\"yoast-schema-graph\">{\"@context\":\"https:\/\/schema.org\",\"@graph\":[{\"@type\":\"WebPage\",\"@id\":\"https:\/\/hcd.malargue.gov.ar\/?p=25807\",\"url\":\"https:\/\/hcd.malargue.gov.ar\/?p=25807\",\"name\":\"ORDEN DEL DIA 24\u00b0 SESION ORDINARIA - Malarg\u00fce HCD\",\"isPartOf\":{\"@id\":\"https:\/\/hcd.malargue.gov.ar\/#website\"},\"datePublished\":\"2021-09-01T14:49:06+00:00\",\"dateModified\":\"2021-09-01T14:50:59+00:00\",\"author\":{\"@id\":\"https:\/\/hcd.malargue.gov.ar\/#\/schema\/person\/3fd6bbab64edd703961b795156c955d0\"},\"breadcrumb\":{\"@id\":\"https:\/\/hcd.malargue.gov.ar\/?p=25807#breadcrumb\"},\"inLanguage\":\"es-AR\",\"potentialAction\":[{\"@type\":\"ReadAction\",\"target\":[\"https:\/\/hcd.malargue.gov.ar\/?p=25807\"]}]},{\"@type\":\"BreadcrumbList\",\"@id\":\"https:\/\/hcd.malargue.gov.ar\/?p=25807#breadcrumb\",\"itemListElement\":[{\"@type\":\"ListItem\",\"position\":1,\"name\":\"Inicio\",\"item\":\"https:\/\/hcd.malargue.gov.ar\/\"},{\"@type\":\"ListItem\",\"position\":2,\"name\":\"ORDEN DEL DIA 24\u00b0 SESION ORDINARIA\"}]},{\"@type\":\"WebSite\",\"@id\":\"https:\/\/hcd.malargue.gov.ar\/#website\",\"url\":\"https:\/\/hcd.malargue.gov.ar\/\",\"name\":\"Malarg\u00fce HCD\",\"description\":\"Malarg\u00fce Mendoza Argentina\",\"potentialAction\":[{\"@type\":\"SearchAction\",\"target\":{\"@type\":\"EntryPoint\",\"urlTemplate\":\"https:\/\/hcd.malargue.gov.ar\/?s={search_term_string}\"},\"query-input\":\"required name=search_term_string\"}],\"inLanguage\":\"es-AR\"},{\"@type\":\"Person\",\"@id\":\"https:\/\/hcd.malargue.gov.ar\/#\/schema\/person\/3fd6bbab64edd703961b795156c955d0\",\"name\":\"Belen Pedernera Ferragut\",\"image\":{\"@type\":\"ImageObject\",\"inLanguage\":\"es-AR\",\"@id\":\"https:\/\/hcd.malargue.gov.ar\/#\/schema\/person\/image\/\",\"url\":\"https:\/\/secure.gravatar.com\/avatar\/1054ffab3893de4bb3eb29bdd22f7e34b8537bf5d34d9dab311818154ad5b71f?s=96&d=mm&r=g\",\"contentUrl\":\"https:\/\/secure.gravatar.com\/avatar\/1054ffab3893de4bb3eb29bdd22f7e34b8537bf5d34d9dab311818154ad5b71f?s=96&d=mm&r=g\",\"caption\":\"Belen Pedernera Ferragut\"},\"url\":\"https:\/\/hcd.malargue.gov.ar\/?author=5\"}]}<\/script>\n<!-- \/ Yoast SEO plugin. -->","yoast_head_json":{"title":"ORDEN DEL DIA 24\u00b0 SESION ORDINARIA - Malarg\u00fce HCD","robots":{"index":"index","follow":"follow","max-snippet":"max-snippet:-1","max-image-preview":"max-image-preview:large","max-video-preview":"max-video-preview:-1"},"canonical":"https:\/\/hcd.malargue.gov.ar\/?p=25807","og_locale":"es_ES","og_type":"article","og_title":"ORDEN DEL DIA 24\u00b0 SESION ORDINARIA - Malarg\u00fce HCD","og_description":"D\u00eda\u00a0 Jueves\u00a0 02 de\u00a0 Setiembre\u00a0 de 2021 Hora: 09:00 a) Acto de Izar la Ense\u00f1a Patria\u00a0\u00a0 a cargo del Sr. Concejal Jos\u00e9 A BARRO b) Homenaje de los Se\u00f1ores Concejales c) Lectura del detalle de la correspondencia recibida y emitida. d) Determinaci\u00f3n de los temas que ser\u00e1n incluidos en el punto Asuntos Varios y puesta [&hellip;]","og_url":"https:\/\/hcd.malargue.gov.ar\/?p=25807","og_site_name":"Malarg\u00fce HCD","article_published_time":"2021-09-01T14:49:06+00:00","article_modified_time":"2021-09-01T14:50:59+00:00","og_image":[{"width":2560,"height":1700,"url":"https:\/\/hcd.malargue.gov.ar\/wp-content\/uploads\/2021\/05\/BARRO-Bandera-2-scaled.jpg","type":"image\/jpeg"}],"author":"Belen Pedernera Ferragut","twitter_card":"summary_large_image","twitter_misc":{"Escrito por":"Belen Pedernera Ferragut","Tiempo de lectura":"3 minutos"},"schema":{"@context":"https:\/\/schema.org","@graph":[{"@type":"WebPage","@id":"https:\/\/hcd.malargue.gov.ar\/?p=25807","url":"https:\/\/hcd.malargue.gov.ar\/?p=25807","name":"ORDEN DEL DIA 24\u00b0 SESION ORDINARIA - Malarg\u00fce HCD","isPartOf":{"@id":"https:\/\/hcd.malargue.gov.ar\/#website"},"datePublished":"2021-09-01T14:49:06+00:00","dateModified":"2021-09-01T14:50:59+00:00","author":{"@id":"https:\/\/hcd.malargue.gov.ar\/#\/schema\/person\/3fd6bbab64edd703961b795156c955d0"},"breadcrumb":{"@id":"https:\/\/hcd.malargue.gov.ar\/?p=25807#breadcrumb"},"inLanguage":"es-AR","potentialAction":[{"@type":"ReadAction","target":["https:\/\/hcd.malargue.gov.ar\/?p=25807"]}]},{"@type":"BreadcrumbList","@id":"https:\/\/hcd.malargue.gov.ar\/?p=25807#breadcrumb","itemListElement":[{"@type":"ListItem","position":1,"name":"Inicio","item":"https:\/\/hcd.malargue.gov.ar\/"},{"@type":"ListItem","position":2,"name":"ORDEN DEL DIA 24\u00b0 SESION ORDINARIA"}]},{"@type":"WebSite","@id":"https:\/\/hcd.malargue.gov.ar\/#website","url":"https:\/\/hcd.malargue.gov.ar\/","name":"Malarg\u00fce HCD","description":"Malarg\u00fce Mendoza Argentina","potentialAction":[{"@type":"SearchAction","target":{"@type":"EntryPoint","urlTemplate":"https:\/\/hcd.malargue.gov.ar\/?s={search_term_string}"},"query-input":"required name=search_term_string"}],"inLanguage":"es-AR"},{"@type":"Person","@id":"https:\/\/hcd.malargue.gov.ar\/#\/schema\/person\/3fd6bbab64edd703961b795156c955d0","name":"Belen Pedernera Ferragut","image":{"@type":"ImageObject","inLanguage":"es-AR","@id":"https:\/\/hcd.malargue.gov.ar\/#\/schema\/person\/image\/","url":"https:\/\/secure.gravatar.com\/avatar\/1054ffab3893de4bb3eb29bdd22f7e34b8537bf5d34d9dab311818154ad5b71f?s=96&d=mm&r=g","contentUrl":"https:\/\/secure.gravatar.com\/avatar\/1054ffab3893de4bb3eb29bdd22f7e34b8537bf5d34d9dab311818154ad5b71f?s=96&d=mm&r=g","caption":"Belen Pedernera Ferragut"},"url":"https:\/\/hcd.malargue.gov.ar\/?author=5"}]}},"_links":{"self":[{"href":"https:\/\/hcd.malargue.gov.ar\/index.php?rest_route=\/wp\/v2\/posts\/25807","targetHints":{"allow":["GET"]}}],"collection":[{"href":"https:\/\/hcd.malargue.gov.ar\/index.php?rest_route=\/wp\/v2\/posts"}],"about":[{"href":"https:\/\/hcd.malargue.gov.ar\/index.php?rest_route=\/wp\/v2\/types\/post"}],"author":[{"embeddable":true,"href":"https:\/\/hcd.malargue.gov.ar\/index.php?rest_route=\/wp\/v2\/users\/5"}],"replies":[{"embeddable":true,"href":"https:\/\/hcd.malargue.gov.ar\/index.php?rest_route=%2Fwp%2Fv2%2Fcomments&post=25807"}],"version-history":[{"count":0,"href":"https:\/\/hcd.malargue.gov.ar\/index.php?rest_route=\/wp\/v2\/posts\/25807\/revisions"}],"wp:attachment":[{"href":"https:\/\/hcd.malargue.gov.ar\/index.php?rest_route=%2Fwp%2Fv2%2Fmedia&parent=25807"}],"wp:term":[{"taxonomy":"category","embeddable":true,"href":"https:\/\/hcd.malargue.gov.ar\/index.php?rest_route=%2Fwp%2Fv2%2Fcategories&post=25807"},{"taxonomy":"post_tag","embeddable":true,"href":"https:\/\/hcd.malargue.gov.ar\/index.php?rest_route=%2Fwp%2Fv2%2Ftags&post=25807"}],"curies":[{"name":"wp","href":"https:\/\/api.w.org\/{rel}","templated":true}]}}