{"id":25844,"date":"2021-09-03T09:21:44","date_gmt":"2021-09-03T12:21:44","guid":{"rendered":"https:\/\/hcd.malargue.gov.ar\/?p=25844"},"modified":"2021-09-03T09:51:02","modified_gmt":"2021-09-03T12:51:02","slug":"dio-inicio-la-24o-sesion-ordinaria","status":"publish","type":"post","link":"https:\/\/hcd.malargue.gov.ar\/?p=25844","title":{"rendered":"DIO INICIO LA 24\u00ba SESION ORDINARIA"},"content":{"rendered":"<h6 style=\"text-align: right;\">SESI\u00d3N ORDINARIA \u2013\u00a0 2 de septiembre del 2021<\/h6>\n<h6 style=\"text-align: right;\">Presidiendo la Sesi\u00f3n:\u00a0\u00a0Concejal Martin Palma (Bloque Frente Cambia Mendoza)<\/h6>\n<h6 style=\"text-align: right;\">Concejales Presentes: Jose Barro, Paola Jofre,\u00a0 Andres Risi, Daniela Favari, Silvia Correa (Bloque Frente de Todos), Daiana Varas, Gabriel Rosas(virtual), Paola Rojo y Luciana Villegas (Bloque Frente Cambia Mendoza)<\/h6>\n<p>A las 12:30 hs de este jueves 2 de agosto, dio inici\u00f3 el <a href=\"https:\/\/hcd.malargue.gov.ar\/?p=25807\">Orden del Dia de la Sesi\u00f3n Ordinaria convocada<\/a>.<\/p>\n<p>Luego del punto homenaje de los Sres Concejales en el cual hizo uso de la palabra la Edil Villegas para referirse a diversas fechas acontecidas durante el presente mes; y continuando con el cumplimiento del Orden del D\u00eda elevaron un total de 2 Proyectos de los Sres Concejales y 1 Expediente proveniente del Departamento Ejecutivo a las distintas comisiones de trabajo para su correspondiente tratamiento. Detalle:<\/p>\n<blockquote><p><strong><em>La COMISI\u00d3N DE HACIENDA PRESUPUESTO LEGISLACI\u00d3N Y ASUNTOS CONSTITUCIONALES (HPLAC) recepcionar\u00e1\u00a0 proyectos:<\/em><\/strong><\/p>\n<ul>\n<li>Expte. N\u00ba 5.027-HC 038-2021 Proyecto de Ordenanza: Creaci\u00f3n del Registro Departamental de Trabajadores y Trabajadoras Rurales. (BLOQUE FRENTE DE TODOS) Autores: Concejales Paola Jofr\u00e9. Andr\u00e9s Risi, Jos\u00e9 Barro, Silvia Correa y Daniela Favari<\/li>\n<li>Expte.N\u00ba 5.028-HC 038-2021 Proyecto de Ordenanza: Modificaci\u00f3n Ordenanza N\u00ba 1.407\/2007 \u201cVenta, consumo y expendio bebidas alcoh\u00f3licas\u201d (BLOQUE FRENTE CAMBIA MENDOZA) Autor: Concejal Paola Rojo<\/li>\n<\/ul>\n<\/blockquote>\n<p>En el punto <em><strong>h)<\/strong><\/em> se aprobaron 6 Piezas Legales, 3 con caracter de Ordenanza y\u00a0 3 con caracter de Resoluci\u00f3n, detalle:<\/p>\n<p><strong>Ordenanza:<\/strong> Adecuar todas las plazas del Departamento con juegos inclusivos. (Expte.N\u00ba 4.879-HC 027-2020)<\/p>\n<p><strong>Ordenanza:<\/strong> Creaci\u00f3n de una feria de Emprendedores en el lado Este de la Ruta 40 Sur, entre el Cementerio Local y la entrada al Barrio Procrear (Expte. N\u00ba 4.998-HC 036-2021)<\/p>\n<p><strong>Resoluci\u00f3n:<\/strong> Solicitar al Departamento Ejecutivo la finalizaci\u00f3n de escrituraci\u00f3n del Barrio Municipal en el marco del PRO.ME.BA. (Expte.N\u00ba 4.966 HC 033-2021 )<\/p>\n<p><strong>Resoluci\u00f3n:<\/strong> Reparaci\u00f3n y mantenimiento de la Plaza ubicada en el Paraje El Alambrado del Departamento de Malarg\u00fce (Expte.N\u00ba 5.013-HC 037-2021 )<\/p>\n<p><strong>Ordenanza:<\/strong> Declarar asueto administrativo el d\u00eda 8 de marzo en el marco del Paro por el D\u00eda Internacional de la Mujer. (Expte.N\u00ba 4.897-HC 028-2021)<\/p>\n<p><strong>Resoluci\u00f3n:<\/strong> Adherir al Proyecto de Ley \u201cPrograma Provincial de Mejoramiento Gen\u00e9tico Ganadero\u201d.(Expte.N\u00ba 4.973-HC 033-2021)<\/p>\n<p>En el punto <strong>h<\/strong><strong><em>) Asuntos Varios<\/em><\/strong> la Concejal Villegas mocion\u00f3 por el tratamiento sobre tablas del Expte. Proveniente del Ejecutivo N\u00ba 4042\/2020-0 MASINO Eduardo Augusto- Molina Reveca. Elevan escrito y planos de mensura y certificaci\u00f3n de firmas en concepto de cesi\u00f3n de derechos y acciones posesorias a favor del municipio para la creaci\u00f3n de Parque Industrial Pata Mora.;y para su tratamiento el Cuerpo se constituyo en Comisi\u00f3n. <strong><br \/>\n<\/strong><\/p>\n<p>VER LA SESI\u00d3N EN VIVO: <a href=\"https:\/\/www.youtube.com\/watch?v=eo5_RJzocIg\">https:\/\/www.youtube.com\/watch?v=eo5_RJzocIg<\/a><\/p>\n<p>GALERIA DE FOTOS:<\/p>\n<div id='gallery-1' class='gallery galleryid-25844 gallery-columns-5 gallery-size-thumbnail'><figure class='gallery-item'>\n\t\t\t<div class='gallery-icon landscape'>\n\t\t\t\t<a href='https:\/\/hcd.malargue.gov.ar\/wp-content\/uploads\/2021\/09\/IMGP0612-scaled.jpg'><img loading=\"lazy\" decoding=\"async\" width=\"150\" height=\"150\" src=\"https:\/\/hcd.malargue.gov.ar\/wp-content\/uploads\/2021\/09\/IMGP0612-scaled-150x150.jpg\" class=\"attachment-thumbnail size-thumbnail\" alt=\"\" \/><\/a>\n\t\t\t<\/div><\/figure><figure class='gallery-item'>\n\t\t\t<div class='gallery-icon landscape'>\n\t\t\t\t<a href='https:\/\/hcd.malargue.gov.ar\/wp-content\/uploads\/2021\/09\/IMGP0613-scaled.jpg'><img loading=\"lazy\" decoding=\"async\" width=\"150\" height=\"150\" src=\"https:\/\/hcd.malargue.gov.ar\/wp-content\/uploads\/2021\/09\/IMGP0613-scaled-150x150.jpg\" class=\"attachment-thumbnail size-thumbnail\" alt=\"\" \/><\/a>\n\t\t\t<\/div><\/figure><figure class='gallery-item'>\n\t\t\t<div class='gallery-icon landscape'>\n\t\t\t\t<a href='https:\/\/hcd.malargue.gov.ar\/wp-content\/uploads\/2021\/09\/IMGP0614-scaled.jpg'><img loading=\"lazy\" decoding=\"async\" width=\"150\" height=\"150\" src=\"https:\/\/hcd.malargue.gov.ar\/wp-content\/uploads\/2021\/09\/IMGP0614-scaled-150x150.jpg\" class=\"attachment-thumbnail size-thumbnail\" alt=\"\" \/><\/a>\n\t\t\t<\/div><\/figure><figure class='gallery-item'>\n\t\t\t<div class='gallery-icon landscape'>\n\t\t\t\t<a href='https:\/\/hcd.malargue.gov.ar\/wp-content\/uploads\/2021\/09\/IMGP0615-scaled.jpg'><img loading=\"lazy\" decoding=\"async\" width=\"150\" height=\"150\" src=\"https:\/\/hcd.malargue.gov.ar\/wp-content\/uploads\/2021\/09\/IMGP0615-scaled-150x150.jpg\" class=\"attachment-thumbnail size-thumbnail\" alt=\"\" \/><\/a>\n\t\t\t<\/div><\/figure><figure class='gallery-item'>\n\t\t\t<div class='gallery-icon landscape'>\n\t\t\t\t<a href='https:\/\/hcd.malargue.gov.ar\/wp-content\/uploads\/2021\/09\/IMGP0616-scaled.jpg'><img loading=\"lazy\" decoding=\"async\" width=\"150\" height=\"150\" src=\"https:\/\/hcd.malargue.gov.ar\/wp-content\/uploads\/2021\/09\/IMGP0616-scaled-150x150.jpg\" class=\"attachment-thumbnail size-thumbnail\" alt=\"\" \/><\/a>\n\t\t\t<\/div><\/figure>\n\t\t<\/div>\n\n<p>Bel\u00e9n Pedernera Ferragut \/ Prensa HCD<\/p>\n","protected":false},"excerpt":{"rendered":"<p>SESI\u00d3N ORDINARIA \u2013\u00a0 2 de septiembre del 2021 Presidiendo la Sesi\u00f3n:\u00a0\u00a0Concejal Martin Palma (Bloque Frente Cambia Mendoza) Concejales Presentes: Jose Barro, Paola Jofre,\u00a0 Andres Risi, Daniela Favari, Silvia Correa (Bloque Frente de Todos), Daiana Varas, Gabriel Rosas(virtual), Paola Rojo y Luciana Villegas (Bloque Frente Cambia Mendoza) A las 12:30 hs de este jueves 2 de [&hellip;]<\/p>\n","protected":false},"author":5,"featured_media":25817,"comment_status":"closed","ping_status":"closed","sticky":false,"template":"","format":"standard","meta":{"footnotes":""},"categories":[52,58,33,36],"tags":[],"class_list":["post-25844","post","type-post","status-publish","format-standard","has-post-thumbnail","hentry","category-gacetillas","category-ordinarias","category-prensa","category-sesiones"],"yoast_head":"<!-- This site is optimized with the Yoast SEO plugin v19.10 - https:\/\/yoast.com\/wordpress\/plugins\/seo\/ -->\n<title>DIO INICIO LA 24\u00ba SESION ORDINARIA - Malarg\u00fce HCD<\/title>\n<meta name=\"robots\" content=\"index, follow, max-snippet:-1, max-image-preview:large, max-video-preview:-1\" \/>\n<link rel=\"canonical\" href=\"https:\/\/hcd.malargue.gov.ar\/?p=25844\" \/>\n<meta property=\"og:locale\" content=\"es_ES\" \/>\n<meta property=\"og:type\" content=\"article\" \/>\n<meta property=\"og:title\" content=\"DIO INICIO LA 24\u00ba SESION ORDINARIA - Malarg\u00fce HCD\" \/>\n<meta property=\"og:description\" content=\"SESI\u00d3N ORDINARIA \u2013\u00a0 2 de septiembre del 2021 Presidiendo la Sesi\u00f3n:\u00a0\u00a0Concejal Martin Palma (Bloque Frente Cambia Mendoza) Concejales Presentes: Jose Barro, Paola Jofre,\u00a0 Andres Risi, Daniela Favari, Silvia Correa (Bloque Frente de Todos), Daiana Varas, Gabriel Rosas(virtual), Paola Rojo y Luciana Villegas (Bloque Frente Cambia Mendoza) A las 12:30 hs de este jueves 2 de [&hellip;]\" \/>\n<meta property=\"og:url\" content=\"https:\/\/hcd.malargue.gov.ar\/?p=25844\" \/>\n<meta property=\"og:site_name\" content=\"Malarg\u00fce HCD\" \/>\n<meta property=\"article:published_time\" content=\"2021-09-03T12:21:44+00:00\" \/>\n<meta property=\"article:modified_time\" content=\"2021-09-03T12:51:02+00:00\" \/>\n<meta property=\"og:image\" content=\"https:\/\/hcd.malargue.gov.ar\/wp-content\/uploads\/2021\/09\/IMGP0582-scaled.jpg\" \/>\n\t<meta property=\"og:image:width\" content=\"2560\" \/>\n\t<meta property=\"og:image:height\" content=\"1700\" \/>\n\t<meta property=\"og:image:type\" content=\"image\/jpeg\" \/>\n<meta name=\"author\" content=\"Belen Pedernera Ferragut\" \/>\n<meta name=\"twitter:card\" content=\"summary_large_image\" \/>\n<meta name=\"twitter:label1\" content=\"Escrito por\" \/>\n\t<meta name=\"twitter:data1\" content=\"Belen Pedernera Ferragut\" \/>\n\t<meta name=\"twitter:label2\" content=\"Tiempo de lectura\" \/>\n\t<meta name=\"twitter:data2\" content=\"2 minutos\" \/>\n<script type=\"application\/ld+json\" class=\"yoast-schema-graph\">{\"@context\":\"https:\/\/schema.org\",\"@graph\":[{\"@type\":\"WebPage\",\"@id\":\"https:\/\/hcd.malargue.gov.ar\/?p=25844\",\"url\":\"https:\/\/hcd.malargue.gov.ar\/?p=25844\",\"name\":\"DIO INICIO LA 24\u00ba SESION ORDINARIA - Malarg\u00fce HCD\",\"isPartOf\":{\"@id\":\"https:\/\/hcd.malargue.gov.ar\/#website\"},\"datePublished\":\"2021-09-03T12:21:44+00:00\",\"dateModified\":\"2021-09-03T12:51:02+00:00\",\"author\":{\"@id\":\"https:\/\/hcd.malargue.gov.ar\/#\/schema\/person\/3fd6bbab64edd703961b795156c955d0\"},\"breadcrumb\":{\"@id\":\"https:\/\/hcd.malargue.gov.ar\/?p=25844#breadcrumb\"},\"inLanguage\":\"es-AR\",\"potentialAction\":[{\"@type\":\"ReadAction\",\"target\":[\"https:\/\/hcd.malargue.gov.ar\/?p=25844\"]}]},{\"@type\":\"BreadcrumbList\",\"@id\":\"https:\/\/hcd.malargue.gov.ar\/?p=25844#breadcrumb\",\"itemListElement\":[{\"@type\":\"ListItem\",\"position\":1,\"name\":\"Inicio\",\"item\":\"https:\/\/hcd.malargue.gov.ar\/\"},{\"@type\":\"ListItem\",\"position\":2,\"name\":\"DIO INICIO LA 24\u00ba SESION ORDINARIA\"}]},{\"@type\":\"WebSite\",\"@id\":\"https:\/\/hcd.malargue.gov.ar\/#website\",\"url\":\"https:\/\/hcd.malargue.gov.ar\/\",\"name\":\"Malarg\u00fce HCD\",\"description\":\"Malarg\u00fce Mendoza Argentina\",\"potentialAction\":[{\"@type\":\"SearchAction\",\"target\":{\"@type\":\"EntryPoint\",\"urlTemplate\":\"https:\/\/hcd.malargue.gov.ar\/?s={search_term_string}\"},\"query-input\":\"required name=search_term_string\"}],\"inLanguage\":\"es-AR\"},{\"@type\":\"Person\",\"@id\":\"https:\/\/hcd.malargue.gov.ar\/#\/schema\/person\/3fd6bbab64edd703961b795156c955d0\",\"name\":\"Belen Pedernera Ferragut\",\"image\":{\"@type\":\"ImageObject\",\"inLanguage\":\"es-AR\",\"@id\":\"https:\/\/hcd.malargue.gov.ar\/#\/schema\/person\/image\/\",\"url\":\"https:\/\/secure.gravatar.com\/avatar\/1054ffab3893de4bb3eb29bdd22f7e34b8537bf5d34d9dab311818154ad5b71f?s=96&d=mm&r=g\",\"contentUrl\":\"https:\/\/secure.gravatar.com\/avatar\/1054ffab3893de4bb3eb29bdd22f7e34b8537bf5d34d9dab311818154ad5b71f?s=96&d=mm&r=g\",\"caption\":\"Belen Pedernera Ferragut\"},\"url\":\"https:\/\/hcd.malargue.gov.ar\/?author=5\"}]}<\/script>\n<!-- \/ Yoast SEO plugin. -->","yoast_head_json":{"title":"DIO INICIO LA 24\u00ba SESION ORDINARIA - Malarg\u00fce HCD","robots":{"index":"index","follow":"follow","max-snippet":"max-snippet:-1","max-image-preview":"max-image-preview:large","max-video-preview":"max-video-preview:-1"},"canonical":"https:\/\/hcd.malargue.gov.ar\/?p=25844","og_locale":"es_ES","og_type":"article","og_title":"DIO INICIO LA 24\u00ba SESION ORDINARIA - Malarg\u00fce HCD","og_description":"SESI\u00d3N ORDINARIA \u2013\u00a0 2 de septiembre del 2021 Presidiendo la Sesi\u00f3n:\u00a0\u00a0Concejal Martin Palma (Bloque Frente Cambia Mendoza) Concejales Presentes: Jose Barro, Paola Jofre,\u00a0 Andres Risi, Daniela Favari, Silvia Correa (Bloque Frente de Todos), Daiana Varas, Gabriel Rosas(virtual), Paola Rojo y Luciana Villegas (Bloque Frente Cambia Mendoza) A las 12:30 hs de este jueves 2 de [&hellip;]","og_url":"https:\/\/hcd.malargue.gov.ar\/?p=25844","og_site_name":"Malarg\u00fce HCD","article_published_time":"2021-09-03T12:21:44+00:00","article_modified_time":"2021-09-03T12:51:02+00:00","og_image":[{"width":2560,"height":1700,"url":"https:\/\/hcd.malargue.gov.ar\/wp-content\/uploads\/2021\/09\/IMGP0582-scaled.jpg","type":"image\/jpeg"}],"author":"Belen Pedernera Ferragut","twitter_card":"summary_large_image","twitter_misc":{"Escrito por":"Belen Pedernera Ferragut","Tiempo de lectura":"2 minutos"},"schema":{"@context":"https:\/\/schema.org","@graph":[{"@type":"WebPage","@id":"https:\/\/hcd.malargue.gov.ar\/?p=25844","url":"https:\/\/hcd.malargue.gov.ar\/?p=25844","name":"DIO INICIO LA 24\u00ba SESION ORDINARIA - Malarg\u00fce HCD","isPartOf":{"@id":"https:\/\/hcd.malargue.gov.ar\/#website"},"datePublished":"2021-09-03T12:21:44+00:00","dateModified":"2021-09-03T12:51:02+00:00","author":{"@id":"https:\/\/hcd.malargue.gov.ar\/#\/schema\/person\/3fd6bbab64edd703961b795156c955d0"},"breadcrumb":{"@id":"https:\/\/hcd.malargue.gov.ar\/?p=25844#breadcrumb"},"inLanguage":"es-AR","potentialAction":[{"@type":"ReadAction","target":["https:\/\/hcd.malargue.gov.ar\/?p=25844"]}]},{"@type":"BreadcrumbList","@id":"https:\/\/hcd.malargue.gov.ar\/?p=25844#breadcrumb","itemListElement":[{"@type":"ListItem","position":1,"name":"Inicio","item":"https:\/\/hcd.malargue.gov.ar\/"},{"@type":"ListItem","position":2,"name":"DIO INICIO LA 24\u00ba SESION ORDINARIA"}]},{"@type":"WebSite","@id":"https:\/\/hcd.malargue.gov.ar\/#website","url":"https:\/\/hcd.malargue.gov.ar\/","name":"Malarg\u00fce HCD","description":"Malarg\u00fce Mendoza Argentina","potentialAction":[{"@type":"SearchAction","target":{"@type":"EntryPoint","urlTemplate":"https:\/\/hcd.malargue.gov.ar\/?s={search_term_string}"},"query-input":"required name=search_term_string"}],"inLanguage":"es-AR"},{"@type":"Person","@id":"https:\/\/hcd.malargue.gov.ar\/#\/schema\/person\/3fd6bbab64edd703961b795156c955d0","name":"Belen Pedernera Ferragut","image":{"@type":"ImageObject","inLanguage":"es-AR","@id":"https:\/\/hcd.malargue.gov.ar\/#\/schema\/person\/image\/","url":"https:\/\/secure.gravatar.com\/avatar\/1054ffab3893de4bb3eb29bdd22f7e34b8537bf5d34d9dab311818154ad5b71f?s=96&d=mm&r=g","contentUrl":"https:\/\/secure.gravatar.com\/avatar\/1054ffab3893de4bb3eb29bdd22f7e34b8537bf5d34d9dab311818154ad5b71f?s=96&d=mm&r=g","caption":"Belen Pedernera Ferragut"},"url":"https:\/\/hcd.malargue.gov.ar\/?author=5"}]}},"_links":{"self":[{"href":"https:\/\/hcd.malargue.gov.ar\/index.php?rest_route=\/wp\/v2\/posts\/25844","targetHints":{"allow":["GET"]}}],"collection":[{"href":"https:\/\/hcd.malargue.gov.ar\/index.php?rest_route=\/wp\/v2\/posts"}],"about":[{"href":"https:\/\/hcd.malargue.gov.ar\/index.php?rest_route=\/wp\/v2\/types\/post"}],"author":[{"embeddable":true,"href":"https:\/\/hcd.malargue.gov.ar\/index.php?rest_route=\/wp\/v2\/users\/5"}],"replies":[{"embeddable":true,"href":"https:\/\/hcd.malargue.gov.ar\/index.php?rest_route=%2Fwp%2Fv2%2Fcomments&post=25844"}],"version-history":[{"count":0,"href":"https:\/\/hcd.malargue.gov.ar\/index.php?rest_route=\/wp\/v2\/posts\/25844\/revisions"}],"wp:featuredmedia":[{"embeddable":true,"href":"https:\/\/hcd.malargue.gov.ar\/index.php?rest_route=\/wp\/v2\/media\/25817"}],"wp:attachment":[{"href":"https:\/\/hcd.malargue.gov.ar\/index.php?rest_route=%2Fwp%2Fv2%2Fmedia&parent=25844"}],"wp:term":[{"taxonomy":"category","embeddable":true,"href":"https:\/\/hcd.malargue.gov.ar\/index.php?rest_route=%2Fwp%2Fv2%2Fcategories&post=25844"},{"taxonomy":"post_tag","embeddable":true,"href":"https:\/\/hcd.malargue.gov.ar\/index.php?rest_route=%2Fwp%2Fv2%2Ftags&post=25844"}],"curies":[{"name":"wp","href":"https:\/\/api.w.org\/{rel}","templated":true}]}}