{"id":25881,"date":"2021-09-03T11:40:15","date_gmt":"2021-09-03T14:40:15","guid":{"rendered":"https:\/\/hcd.malargue.gov.ar\/?p=25881"},"modified":"2021-09-29T12:08:09","modified_gmt":"2021-09-29T15:08:09","slug":"resolucion-n-347-2-021","status":"publish","type":"post","link":"https:\/\/hcd.malargue.gov.ar\/?p=25881","title":{"rendered":"RESOLUCI\u00d3N N\u00b0 347\/2.021"},"content":{"rendered":"<p><strong>AUTORA:<\/strong> CONCEJAL PAOLA ROJO<\/p>\n<p data-wp-editing=\"1\">BLOQUE FRENTE CAMBIA MENDOZA<\/p>\n<p>VISTO: El contenido del Expediente N\u00b0 5.007 HC 036 \u2013 2.021. Bloque Frente Cam<a href=\"http:\/\/hcd.malargue.gov.ar\/hcdpdf\/Rn%20347%202021%20mejoras%20ruta%20186.pdf\" target=\"_blank\" rel=\"noopener\"><img loading=\"lazy\" decoding=\"async\" class=\"alignright wp-image-7950\" src=\"https:\/\/hcd.malargue.gov.ar\/wp-content\/uploads\/2018\/06\/PDF-JPG-300x300.jpg\" alt=\"\" width=\"126\" height=\"126\" srcset=\"https:\/\/hcd.malargue.gov.ar\/wp-content\/uploads\/2018\/06\/PDF-JPG-300x300.jpg 300w, https:\/\/hcd.malargue.gov.ar\/wp-content\/uploads\/2018\/06\/PDF-JPG-150x150.jpg 150w, https:\/\/hcd.malargue.gov.ar\/wp-content\/uploads\/2018\/06\/PDF-JPG.jpg 512w\" sizes=\"auto, (max-width: 126px) 100vw, 126px\" \/><\/a>bia Mendoza. Proyecto de Resoluci\u00f3n: Requerir a las autoridades Competentes de Direcci\u00f3n Nacional de Vialidad y Direcci\u00f3n Provincial de Vialidad gestionar los recursos necesarios para mejoras en la Ruta Provincial N\u00b0 186.<\/p>\n<p>La preocupaci\u00f3n por el estado de la Ruta Provincial N\u00b0 186, la falta de mantenimiento de la traza en su totalidad y la paralizaci\u00f3n de los trabajos de pavimentaci\u00f3n en el tramo Ruta Nacional N\u00b040 &#8211; Ingreso Antena DS3.<\/p>\n<p>Y;<\/p>\n<p>CONSIDERANDO: Que el 11 de febrero de 2012, se publica \u201cEl camino comunica con la Laguna Llancanelo y la Antena de la Agencia Espacial Europea, que posicionar\u00e1 al Departamento como un polo cient\u00edfico. Se invertir\u00e1n casi 46 millones de pesos. Asfaltar\u00e1n 35 kil\u00f3metros de la Ruta 186. La inversi\u00f3n de $45.952.541 y aunque la ruta es de jurisdicci\u00f3n provincial, la obra ser\u00eda financiada por Vialidad Nacional mediante fondos del Tesoro Nacional. Para ello Vialidad Provincial y su similar Nacional firmaron un convenio en setiembre de 2011, a trav\u00e9s del cual el Gobierno Nacional cumple con el compromiso asumido en el acuerdo que cerraron anteriormente la Canciller\u00eda Argentina y la ESA. Los sobres de los oferentes se abrir\u00edan el 17 de abril y el plazo de ejecuci\u00f3n de los trabajos ser\u00e1 de diez meses corridos.<\/p>\n<p>Que el conflicto que gener\u00f3 la empresa contratista, Pellegrini y su judicializaci\u00f3n, no permitieron por un importante tiempo, permitir que Vialidad Provincial, pudiera ingresar con equipamiento para la pavimentaci\u00f3n de la Ruta Provincial 186 que se extiende desde la Ruta 40 hasta el ingreso a la Laguna Llancanelo.<\/p>\n<p>Que el 22 de diciembre del 2020, Vialidad Provincial y la sede local de Vialidad Nacional mantuvieron una reuni\u00f3n destinada a trabajar en la definici\u00f3n de obras que por distintos motivos han quedado inconclusas durante los \u00faltimos a\u00f1os. Establecer una agenda compartida que permita avanzar en obras en las cuales ambas entidades han tenido injerencia, y que por diversas situaciones han quedado incompletas.<\/p>\n<p>Que a partir de ese objetivo, Osvaldo Romagnoli, Administrador de Vialidad Provincial, y Guillermo Amstutz, Titular del 4to. Distrito Mendoza de Vialidad Nacional, analizaron junto a sus equipos t\u00e9cnicos las condiciones en las cuales se encuentra un grupo de obras que requieren definici\u00f3n, teniendo en cuenta que resultan vitales para mejorar la comunicaci\u00f3n con sectores productivos y centros urbanos.<\/p>\n<p>Que mientras tanto, vecinos en la formalidad aseguraron en un escrito: \u201cla preocupaci\u00f3n por el estado de la Ruta Provincial 186\u201d y agrega \u201cla falta de mantenimiento de la traza en su totalidad y la paralizaci\u00f3n de los trabajos de pavimentaci\u00f3n en el tramo Ruta Nacional N\u00b0 40 Ingreso Antena DS3 ha hecho que numerosos usuarios, turistas y transportistas hayan tenido desperfectos mec\u00e1nicos en sus veh\u00edculos, adem\u00e1s de dificultar el acceso a localidades como La Batra, Volc\u00e1n Malacara, Carapacho, Mina Ethel, La Salinilla, El Cortaderal, Agua Nueva, Agua Escondida, Borbar\u00e1n, entre otras, lo que se ve agravado cuando se deben realizar desplazamientos por razones de salud en veh\u00edculos particulares y ambulancias.<\/p>\n<p>Que la Ruta N\u00b0 186 es utilizada tambi\u00e9n por el sistema p\u00fablico de transporte de pasajeros y por diversas empresas privadas que transportan personal, insumos y materias primas afectadas a las actividades productivas.<\/p>\n<p>Que aproximadamente a 35 Km de la intersecci\u00f3n de Ruta Provincial N\u00ba 186 con Ruta Nacional N\u00ba 40 se encuentra la Laguna Llancanelo, atractivo Tur\u00edstico sumamente importante para quienes llegan a conocer Malarg\u00fce y disfrutar de sus bellezas naturales.<\/p>\n<p>Que a su vez la Empresa YPF se encuentra\u00a0 extrayendo petr\u00f3leo de la Laguna Llancanelo y por ende desde Malarg\u00fce se hace toda la log\u00edstica inherente a la actividad petrol\u00edfera.<\/p>\n<p>Que a la vera de Ruta Provincial N\u00ba 186 se ubica\u00a0 la Reserva Natural y Protegida de Payunia, \u00edcono en nuestro Departamento a nivel Provincial e Internacional por su fauna aut\u00f3ctona.<\/p>\n<p>EL HONORABLE CONCEJO DELIBERANTE DE LA MUNICIPALIDAD DE MALARG\u00dcE EN USO DE LAS FACULTADES QUE LE SON PROPIAS<\/p>\n<p>RESUELVE<\/p>\n<p>ART\u00cdCULO 1\u00b0: Requerir a las Autoridades competentes de Direcci\u00f3n Nacional de Vialidad y Direcci\u00f3n Provincial de Vialidad gestionen los recursos necesarios para mejoras en la Ruta Provincial N\u00b0 186:<\/p>\n<ul>\n<li>Trabajos de pavimentaci\u00f3n desde el empalme de Ruta Nacional N\u00b0 40 y Provincial N\u00b0 186, previos convenios firmados entre Direcci\u00f3n Nacional de Vialidad y Direcci\u00f3n Provincial de Vialidad<\/li>\n<li>Mantenimiento efectivo de la traza hasta Agua Escondida.<\/li>\n<\/ul>\n<p>ART\u00cdCULO 2\u00b0: Requerir al Poder Ejecutivo Provincial realizar las gestiones necesarias a fin de reparar los 190 km de la Ruta Provincial N\u00b0 186.<\/p>\n<p>ART\u00cdCULO 3\u00b0: Elevar copia de la presente pieza legal a:<\/p>\n<ul>\n<li>Administrador Direcci\u00f3n de Vialidad Provincial Ing. Osvaldo Romagnoli,<\/li>\n<li>Titular del 4to. Distrito Direcci\u00f3n Nacional de Vialidad Ing. Guillermo Amstutz,<\/li>\n<li>Legisladores del Cuarto Distrito Electoral.<\/li>\n<li>Comunidad de La Batra, Volc\u00e1n Malacara, Carapacho, Mina Ethel, La Salinilla, El Cortaderal, Agua Nueva, Agua Escondida y Borbar\u00e1n del Departamento de Malarg\u00fce.<\/li>\n<\/ul>\n<p>ART\u00cdCULO 4\u00ba: Comun\u00edquese, reg\u00edstrese, agr\u00e9guese copia de la presente en las actuaciones correspondientes y arch\u00edvese.<\/p>\n<p>DADA EN LA SALA DE SESIONES DR. RICARDO BALBIN DEL HONORABLE CONCEJO DELIBERANTE DE LA MUNICIPALIDAD DE MALARG\u00dcE A DOS DIAS DE SEPTIEMBRE\u00a0 DE DOS MIL VEINTIUNO<\/p>\n","protected":false},"excerpt":{"rendered":"<p>AUTORA: CONCEJAL PAOLA ROJO BLOQUE FRENTE CAMBIA MENDOZA VISTO: El contenido del Expediente N\u00b0 5.007 HC 036 \u2013 2.021. Bloque Frente Cambia Mendoza. Proyecto de Resoluci\u00f3n: Requerir a las autoridades Competentes de Direcci\u00f3n Nacional de Vialidad y Direcci\u00f3n Provincial de Vialidad gestionar los recursos necesarios para mejoras en la Ruta Provincial N\u00b0 186. La preocupaci\u00f3n [&hellip;]<\/p>\n","protected":false},"author":5,"featured_media":25882,"comment_status":"closed","ping_status":"closed","sticky":false,"template":"","format":"standard","meta":{"footnotes":""},"categories":[52,29,33,51],"tags":[],"class_list":["post-25881","post","type-post","status-publish","format-standard","has-post-thumbnail","hentry","category-gacetillas","category-lesgilacion","category-prensa","category-resoluciones"],"yoast_head":"<!-- This site is optimized with the Yoast SEO plugin v19.10 - https:\/\/yoast.com\/wordpress\/plugins\/seo\/ -->\n<title>RESOLUCI\u00d3N N\u00b0 347\/2.021 - Malarg\u00fce HCD<\/title>\n<meta name=\"robots\" content=\"index, follow, max-snippet:-1, max-image-preview:large, max-video-preview:-1\" \/>\n<link rel=\"canonical\" href=\"https:\/\/hcd.malargue.gov.ar\/?p=25881\" \/>\n<meta property=\"og:locale\" content=\"es_ES\" \/>\n<meta property=\"og:type\" content=\"article\" \/>\n<meta property=\"og:title\" content=\"RESOLUCI\u00d3N N\u00b0 347\/2.021 - Malarg\u00fce HCD\" \/>\n<meta property=\"og:description\" content=\"AUTORA: CONCEJAL PAOLA ROJO BLOQUE FRENTE CAMBIA MENDOZA VISTO: El contenido del Expediente N\u00b0 5.007 HC 036 \u2013 2.021. Bloque Frente Cambia Mendoza. Proyecto de Resoluci\u00f3n: Requerir a las autoridades Competentes de Direcci\u00f3n Nacional de Vialidad y Direcci\u00f3n Provincial de Vialidad gestionar los recursos necesarios para mejoras en la Ruta Provincial N\u00b0 186. La preocupaci\u00f3n [&hellip;]\" \/>\n<meta property=\"og:url\" content=\"https:\/\/hcd.malargue.gov.ar\/?p=25881\" \/>\n<meta property=\"og:site_name\" content=\"Malarg\u00fce HCD\" \/>\n<meta property=\"article:published_time\" content=\"2021-09-03T14:40:15+00:00\" \/>\n<meta property=\"article:modified_time\" content=\"2021-09-29T15:08:09+00:00\" \/>\n<meta property=\"og:image\" content=\"https:\/\/hcd.malargue.gov.ar\/wp-content\/uploads\/2021\/09\/rn-347-2021.jpg\" \/>\n\t<meta property=\"og:image:width\" content=\"1280\" \/>\n\t<meta property=\"og:image:height\" content=\"720\" \/>\n\t<meta property=\"og:image:type\" content=\"image\/jpeg\" \/>\n<meta name=\"author\" content=\"Belen Pedernera Ferragut\" \/>\n<meta name=\"twitter:card\" content=\"summary_large_image\" \/>\n<meta name=\"twitter:label1\" content=\"Escrito por\" \/>\n\t<meta name=\"twitter:data1\" content=\"Belen Pedernera Ferragut\" \/>\n\t<meta name=\"twitter:label2\" content=\"Tiempo de lectura\" \/>\n\t<meta name=\"twitter:data2\" content=\"4 minutos\" \/>\n<script type=\"application\/ld+json\" class=\"yoast-schema-graph\">{\"@context\":\"https:\/\/schema.org\",\"@graph\":[{\"@type\":\"WebPage\",\"@id\":\"https:\/\/hcd.malargue.gov.ar\/?p=25881\",\"url\":\"https:\/\/hcd.malargue.gov.ar\/?p=25881\",\"name\":\"RESOLUCI\u00d3N N\u00b0 347\/2.021 - Malarg\u00fce HCD\",\"isPartOf\":{\"@id\":\"https:\/\/hcd.malargue.gov.ar\/#website\"},\"datePublished\":\"2021-09-03T14:40:15+00:00\",\"dateModified\":\"2021-09-29T15:08:09+00:00\",\"author\":{\"@id\":\"https:\/\/hcd.malargue.gov.ar\/#\/schema\/person\/3fd6bbab64edd703961b795156c955d0\"},\"breadcrumb\":{\"@id\":\"https:\/\/hcd.malargue.gov.ar\/?p=25881#breadcrumb\"},\"inLanguage\":\"es-AR\",\"potentialAction\":[{\"@type\":\"ReadAction\",\"target\":[\"https:\/\/hcd.malargue.gov.ar\/?p=25881\"]}]},{\"@type\":\"BreadcrumbList\",\"@id\":\"https:\/\/hcd.malargue.gov.ar\/?p=25881#breadcrumb\",\"itemListElement\":[{\"@type\":\"ListItem\",\"position\":1,\"name\":\"Inicio\",\"item\":\"https:\/\/hcd.malargue.gov.ar\/\"},{\"@type\":\"ListItem\",\"position\":2,\"name\":\"RESOLUCI\u00d3N N\u00b0 347\/2.021\"}]},{\"@type\":\"WebSite\",\"@id\":\"https:\/\/hcd.malargue.gov.ar\/#website\",\"url\":\"https:\/\/hcd.malargue.gov.ar\/\",\"name\":\"Malarg\u00fce HCD\",\"description\":\"Malarg\u00fce Mendoza Argentina\",\"potentialAction\":[{\"@type\":\"SearchAction\",\"target\":{\"@type\":\"EntryPoint\",\"urlTemplate\":\"https:\/\/hcd.malargue.gov.ar\/?s={search_term_string}\"},\"query-input\":\"required name=search_term_string\"}],\"inLanguage\":\"es-AR\"},{\"@type\":\"Person\",\"@id\":\"https:\/\/hcd.malargue.gov.ar\/#\/schema\/person\/3fd6bbab64edd703961b795156c955d0\",\"name\":\"Belen Pedernera Ferragut\",\"image\":{\"@type\":\"ImageObject\",\"inLanguage\":\"es-AR\",\"@id\":\"https:\/\/hcd.malargue.gov.ar\/#\/schema\/person\/image\/\",\"url\":\"https:\/\/secure.gravatar.com\/avatar\/1054ffab3893de4bb3eb29bdd22f7e34b8537bf5d34d9dab311818154ad5b71f?s=96&d=mm&r=g\",\"contentUrl\":\"https:\/\/secure.gravatar.com\/avatar\/1054ffab3893de4bb3eb29bdd22f7e34b8537bf5d34d9dab311818154ad5b71f?s=96&d=mm&r=g\",\"caption\":\"Belen Pedernera Ferragut\"},\"url\":\"https:\/\/hcd.malargue.gov.ar\/?author=5\"}]}<\/script>\n<!-- \/ Yoast SEO plugin. -->","yoast_head_json":{"title":"RESOLUCI\u00d3N N\u00b0 347\/2.021 - Malarg\u00fce HCD","robots":{"index":"index","follow":"follow","max-snippet":"max-snippet:-1","max-image-preview":"max-image-preview:large","max-video-preview":"max-video-preview:-1"},"canonical":"https:\/\/hcd.malargue.gov.ar\/?p=25881","og_locale":"es_ES","og_type":"article","og_title":"RESOLUCI\u00d3N N\u00b0 347\/2.021 - Malarg\u00fce HCD","og_description":"AUTORA: CONCEJAL PAOLA ROJO BLOQUE FRENTE CAMBIA MENDOZA VISTO: El contenido del Expediente N\u00b0 5.007 HC 036 \u2013 2.021. Bloque Frente Cambia Mendoza. Proyecto de Resoluci\u00f3n: Requerir a las autoridades Competentes de Direcci\u00f3n Nacional de Vialidad y Direcci\u00f3n Provincial de Vialidad gestionar los recursos necesarios para mejoras en la Ruta Provincial N\u00b0 186. La preocupaci\u00f3n [&hellip;]","og_url":"https:\/\/hcd.malargue.gov.ar\/?p=25881","og_site_name":"Malarg\u00fce HCD","article_published_time":"2021-09-03T14:40:15+00:00","article_modified_time":"2021-09-29T15:08:09+00:00","og_image":[{"width":1280,"height":720,"url":"https:\/\/hcd.malargue.gov.ar\/wp-content\/uploads\/2021\/09\/rn-347-2021.jpg","type":"image\/jpeg"}],"author":"Belen Pedernera Ferragut","twitter_card":"summary_large_image","twitter_misc":{"Escrito por":"Belen Pedernera Ferragut","Tiempo de lectura":"4 minutos"},"schema":{"@context":"https:\/\/schema.org","@graph":[{"@type":"WebPage","@id":"https:\/\/hcd.malargue.gov.ar\/?p=25881","url":"https:\/\/hcd.malargue.gov.ar\/?p=25881","name":"RESOLUCI\u00d3N N\u00b0 347\/2.021 - Malarg\u00fce HCD","isPartOf":{"@id":"https:\/\/hcd.malargue.gov.ar\/#website"},"datePublished":"2021-09-03T14:40:15+00:00","dateModified":"2021-09-29T15:08:09+00:00","author":{"@id":"https:\/\/hcd.malargue.gov.ar\/#\/schema\/person\/3fd6bbab64edd703961b795156c955d0"},"breadcrumb":{"@id":"https:\/\/hcd.malargue.gov.ar\/?p=25881#breadcrumb"},"inLanguage":"es-AR","potentialAction":[{"@type":"ReadAction","target":["https:\/\/hcd.malargue.gov.ar\/?p=25881"]}]},{"@type":"BreadcrumbList","@id":"https:\/\/hcd.malargue.gov.ar\/?p=25881#breadcrumb","itemListElement":[{"@type":"ListItem","position":1,"name":"Inicio","item":"https:\/\/hcd.malargue.gov.ar\/"},{"@type":"ListItem","position":2,"name":"RESOLUCI\u00d3N N\u00b0 347\/2.021"}]},{"@type":"WebSite","@id":"https:\/\/hcd.malargue.gov.ar\/#website","url":"https:\/\/hcd.malargue.gov.ar\/","name":"Malarg\u00fce HCD","description":"Malarg\u00fce Mendoza Argentina","potentialAction":[{"@type":"SearchAction","target":{"@type":"EntryPoint","urlTemplate":"https:\/\/hcd.malargue.gov.ar\/?s={search_term_string}"},"query-input":"required name=search_term_string"}],"inLanguage":"es-AR"},{"@type":"Person","@id":"https:\/\/hcd.malargue.gov.ar\/#\/schema\/person\/3fd6bbab64edd703961b795156c955d0","name":"Belen Pedernera Ferragut","image":{"@type":"ImageObject","inLanguage":"es-AR","@id":"https:\/\/hcd.malargue.gov.ar\/#\/schema\/person\/image\/","url":"https:\/\/secure.gravatar.com\/avatar\/1054ffab3893de4bb3eb29bdd22f7e34b8537bf5d34d9dab311818154ad5b71f?s=96&d=mm&r=g","contentUrl":"https:\/\/secure.gravatar.com\/avatar\/1054ffab3893de4bb3eb29bdd22f7e34b8537bf5d34d9dab311818154ad5b71f?s=96&d=mm&r=g","caption":"Belen Pedernera Ferragut"},"url":"https:\/\/hcd.malargue.gov.ar\/?author=5"}]}},"_links":{"self":[{"href":"https:\/\/hcd.malargue.gov.ar\/index.php?rest_route=\/wp\/v2\/posts\/25881","targetHints":{"allow":["GET"]}}],"collection":[{"href":"https:\/\/hcd.malargue.gov.ar\/index.php?rest_route=\/wp\/v2\/posts"}],"about":[{"href":"https:\/\/hcd.malargue.gov.ar\/index.php?rest_route=\/wp\/v2\/types\/post"}],"author":[{"embeddable":true,"href":"https:\/\/hcd.malargue.gov.ar\/index.php?rest_route=\/wp\/v2\/users\/5"}],"replies":[{"embeddable":true,"href":"https:\/\/hcd.malargue.gov.ar\/index.php?rest_route=%2Fwp%2Fv2%2Fcomments&post=25881"}],"version-history":[{"count":0,"href":"https:\/\/hcd.malargue.gov.ar\/index.php?rest_route=\/wp\/v2\/posts\/25881\/revisions"}],"wp:featuredmedia":[{"embeddable":true,"href":"https:\/\/hcd.malargue.gov.ar\/index.php?rest_route=\/wp\/v2\/media\/25882"}],"wp:attachment":[{"href":"https:\/\/hcd.malargue.gov.ar\/index.php?rest_route=%2Fwp%2Fv2%2Fmedia&parent=25881"}],"wp:term":[{"taxonomy":"category","embeddable":true,"href":"https:\/\/hcd.malargue.gov.ar\/index.php?rest_route=%2Fwp%2Fv2%2Fcategories&post=25881"},{"taxonomy":"post_tag","embeddable":true,"href":"https:\/\/hcd.malargue.gov.ar\/index.php?rest_route=%2Fwp%2Fv2%2Ftags&post=25881"}],"curies":[{"name":"wp","href":"https:\/\/api.w.org\/{rel}","templated":true}]}}