{"id":25926,"date":"2021-09-08T11:40:04","date_gmt":"2021-09-08T14:40:04","guid":{"rendered":"https:\/\/hcd.malargue.gov.ar\/?p=25926"},"modified":"2021-09-08T11:44:01","modified_gmt":"2021-09-08T14:44:01","slug":"orden-del-dia-25o-sesion-ordinaria-3","status":"publish","type":"post","link":"https:\/\/hcd.malargue.gov.ar\/?p=25926","title":{"rendered":"ORDEN DEL DIA 25\u00ba SESION ORDINARIA"},"content":{"rendered":"<h5>D\u00eda \u00a0\u00a0Jueves\u00a0\u00a0 09 de Setiembre \u00a0de 2021<\/h5>\n<h5>Hora: 09:00 <a href=\"http:\/\/hcd.malargue.gov.ar\/hcdpdf\/25%20SO%20ORDEN%2009%20de%20Setiembre%202021.pdf\"><img loading=\"lazy\" decoding=\"async\" class=\"alignright wp-image-7950\" src=\"https:\/\/hcd.malargue.gov.ar\/wp-content\/uploads\/2018\/06\/PDF-JPG-300x300.jpg\" alt=\"\" width=\"104\" height=\"104\" srcset=\"https:\/\/hcd.malargue.gov.ar\/wp-content\/uploads\/2018\/06\/PDF-JPG-300x300.jpg 300w, https:\/\/hcd.malargue.gov.ar\/wp-content\/uploads\/2018\/06\/PDF-JPG-150x150.jpg 150w, https:\/\/hcd.malargue.gov.ar\/wp-content\/uploads\/2018\/06\/PDF-JPG.jpg 512w\" sizes=\"auto, (max-width: 104px) 100vw, 104px\" \/><\/a><\/h5>\n<p><strong><em>a) Acto de Izar la Ense\u00f1a Patria\u00a0\u00a0 a cargo de la Sra. Concejal Silvia Beatriz CORREA <\/em><\/strong><\/p>\n<p><strong><em>b) Homenaje de los Se\u00f1ores Concejales<\/em><\/strong><\/p>\n<p><strong><em>c) Lectura del detalle de la correspondencia recibida y emitida.<\/em><\/strong><\/p>\n<p><strong><em>d) Determinaci\u00f3n de los temas que ser\u00e1n incluidos en el punto Asuntos Varios y puesta a consideraci\u00f3n de mociones de tratamientos sobre tablas de diversos expedientes.<\/em><\/strong><\/p>\n<p><strong><em>e) Proyectos de los Se\u00f1ores Concejales: <\/em><\/strong><\/p>\n<ol>\n<li>Expte. N\u00ba 5.029-HC 038-2021 Proyecto de Ordenanza: Modificaci\u00f3n Ordenanza N\u00ba 1.129\/2002 \u201cCreaci\u00f3n del Consejo Asesor del Matadero Frigor\u00edfico Regional Malarg\u00fce\u201d (BLOQUE FRENTE CAMBIA MENDOZA) Autor: Concejal Paola Rojo.<\/li>\n<li>Expte. N\u00ba 5.030-HC 038-2021 Proyecto de Resoluci\u00f3n. Adhesi\u00f3n al Proyecto de Ley (S-2670\/16) Declarar Lengua de Se\u00f1as Argentinas \u2013 L. S. A Como lengua natural de las personas sordas en la Rep\u00fablica Argentina (BLOQUE FRENTE CAMBIA MENDOZA) Autor: Concejal Paola Rojo<\/li>\n<li>Expte. N\u00ba5.031-HC 038-2021 Proyecto de Resoluci\u00f3n: Solicitar al Ministerio de Salud y Deportes la regularizaci\u00f3n de la situaci\u00f3n laboral de los agentes sanitarios del Departamento de Malarg\u00fce (BLOQUE FRENTE DE TODOS) Autores: Concejales Paola Jofr\u00e9, Jos\u00e9 Barro, Andr\u00e9s Risi, Silvia Correa y Daniela Favari<\/li>\n<li>Expte. N\u00ba 5.032-HC 038-2021 Proyecto de Ordenanza: Creaci\u00f3n de la Oficina de Adultos Mayores (BLOQUE FRENTE CAMBIA MENDOZA) Autor: Concejal Luciana Andrea Villegas.<\/li>\n<li>Expte. N\u00ba 5.033-HC 038-2021 Proyecto de Resoluci\u00f3n. Declarar de Inter\u00e9s Departamental la Jornada Malarg\u00fce papa de origen \u201cDisfrutar es mirar con otros ojos\u201d (BLOQUE FRENTE CAMBIA MENDOZA) Autor: Concejal Luciana Villegas<\/li>\n<\/ol>\n<p><strong><em>f) Expedientes provenientes del Departamento Ejecutivo <\/em><\/strong><\/p>\n<p>&#8211; No Ingresados-<\/p>\n<p><strong><em>g) Despachos de las Comisiones de Trabajo:<\/em><\/strong><\/p>\n<ol>\n<li>Nota HC-247-2021 Colegio de Arquitectos de Mendoza Regional Sur informa designaci\u00f3n de la Arq. Leticia P\u00e1ez como Delegada en nuestro Departamento. (O.P.T Y R.N)<\/li>\n<li>Expte. N.\u00ba 5.017-HC 037-2021 Proyecto de Ordenanza: Fac\u00faltese al D.E.M la creaci\u00f3n de la Unidad Coordinadora y Ejecutora de Promotores Ambientales, en el \u00e1mbito departamental. (O.P.T Y R.N)<\/li>\n<li>Banca del Ciudadano -Agrupaci\u00f3n Gaucha Expone Sr. Daniel Araya. (COMISION ESPECIAL DE ASUNTOS TERRITORIALES)<\/li>\n<li>Nota HC-204-2021 Vecinos de calle P\u00fablica (callej\u00f3n Oviedo) solicitan declaraci\u00f3n de uso y dominio p\u00fablico de la arteria para habilitar la instalaci\u00f3n de servicios b\u00e1sicos. \/ Nota HC-265-2021 Sra. Marisol Leguizam\u00f3n en representaci\u00f3n de sus vecinos, solicita denominaci\u00f3n Jos\u00e9 Flores a callej\u00f3n p\u00fablico. (COMISION ESPECIAL DE ASUNTOS TERRITORIALES)<\/li>\n<\/ol>\n<p><strong>h<\/strong><strong><em>) Asuntos Varios. &#8211; <\/em><\/strong><\/p>\n<p><strong><em>i) Acto de arriar el Pabell\u00f3n Nacional a cargo de la concejal que lo <\/em><\/strong><strong>iz\u00f3. &#8211; <\/strong><\/p>\n<p style=\"text-align: right;\"><strong>\u00a0\u00a0\u00a0\u00a0\u00a0\u00a0\u00a0\u00a0\u00a0\u00a0\u00a0\u00a0\u00a0\u00a0\u00a0\u00a0\u00a0\u00a0\u00a0 \u00a0\u00a0\u00a0\u00a0\u00a0\u00a0\u00a0\u00a0\u00a0\u00a0\u00a0\u00a0\u00a0\u00a0\u00a0\u00a0\u00a0\u00a0\u00a0\u00a0\u00a0\u00a0\u00a0\u00a0\u00a0\u00a0\u00a0\u00a0\u00a0\u00a0\u00a0\u00a0\u00a0\u00a0\u00a0\u00a0\u00a0\u00a0\u00a0 Presidencia H.C.D 07 \u00a0de Setiembre\u00a0 de 2021.-<\/strong><\/p>\n<p><strong>CORRESPONDENCIA\u00a0 PARA LA SESI\u00d3N <\/strong><\/p>\n<p><strong>Del d\u00eda Jueves 09 de Setiembre de 2.021.<\/strong><\/p>\n<p><strong>NOTAS INGRESADAS<\/strong><\/p>\n<ol>\n<li>Julio Mu\u00f1oz en representaci\u00f3n de Malarg\u00fcinos Autoconvocados, solicitan se gestione la inclusi\u00f3n en Zona Austral para los jubilados y pensionados del Departamento de Malarg\u00fce.<\/li>\n<li>Julio Mu\u00f1oz en representaci\u00f3n de Malarg\u00fcinos Autoconvocados, solicita el libre acceso a la informaci\u00f3n p\u00fablica respecto al movimiento financiero de la Municipalidad de Malarg\u00fce.<\/li>\n<li>J\u00f3venes de la Comunidad de Barrios Municipal, Los Intendentes y Carbometal, solicitan colaboraci\u00f3n a fin de conformar Murgas en los sitios<\/li>\n<li>Ver\u00f3nica Gonz\u00e1lez, Direcci\u00f3n de Unidad de Parques y Zonas Industriales, informa sobre conformaci\u00f3n y funcionamiento del Organo Administrador del Parque Industrial Malarg\u00fce.<\/li>\n<li>Gabriel E. P\u00e9rez, Jefe Operativo NR\u00a0 Seguridad Privada, ofrecimiento de servicio de seguridad monitoreada y asistida a puesteros y crianceros Malarg\u00fcinos.<\/li>\n<li>Gabriel E. P\u00e9rez, Jefe Operativo NR Seguridad Privada, solicita hacer uso de Banca del Ciudadano para fundamentar proyecto de seguridad privada, monitoreada y asistida a puesteros y crianceros Malarg\u00fcinos.<\/li>\n<li>Juan Manuel Garc\u00eda. L\u00edder Relaciones Institucionales ECOGAS, confirma participaci\u00f3n en reuni\u00f3n convocada por Resoluci\u00f3n N\u00ba 308\/2.021 solicita coordinar la misma para el d\u00eda 22 de setiembre pr\u00f3ximo.<\/li>\n<\/ol>\n<p>NOTAS\u00a0 EMITIDAS<\/p>\n<ol>\n<li>A la Dra. Mar\u00eda Paz Zabalegui, Juzgado de Paz, Letrado, Tributario y Contravencional remitiendo copia de Resoluci\u00f3n N\u00ba351\/2.021 conformaci\u00f3n del Jury de Tachas.<\/li>\n<\/ol>\n<p>&nbsp;<\/p>\n<p>&nbsp;<\/p>\n<p>&nbsp;<\/p>\n<p>&nbsp;<\/p>\n<p>&nbsp;<\/p>\n<p>&nbsp;<\/p>\n<p>&nbsp;<\/p>\n<p>&nbsp;<\/p>\n<p>&nbsp;<\/p>\n<p>&nbsp;<\/p>\n<p>&nbsp;<\/p>\n","protected":false},"excerpt":{"rendered":"<p>D\u00eda \u00a0\u00a0Jueves\u00a0\u00a0 09 de Setiembre \u00a0de 2021 Hora: 09:00 a) Acto de Izar la Ense\u00f1a Patria\u00a0\u00a0 a cargo de la Sra. Concejal Silvia Beatriz CORREA b) Homenaje de los Se\u00f1ores Concejales c) Lectura del detalle de la correspondencia recibida y emitida. d) Determinaci\u00f3n de los temas que ser\u00e1n incluidos en el punto Asuntos Varios y [&hellip;]<\/p>\n","protected":false},"author":5,"featured_media":0,"comment_status":"closed","ping_status":"closed","sticky":false,"template":"","format":"standard","meta":{"footnotes":""},"categories":[52,58,33,36],"tags":[],"class_list":["post-25926","post","type-post","status-publish","format-standard","hentry","category-gacetillas","category-ordinarias","category-prensa","category-sesiones"],"yoast_head":"<!-- This site is optimized with the Yoast SEO plugin v19.10 - https:\/\/yoast.com\/wordpress\/plugins\/seo\/ -->\n<title>ORDEN DEL DIA 25\u00ba SESION ORDINARIA - Malarg\u00fce HCD<\/title>\n<meta name=\"robots\" content=\"index, follow, max-snippet:-1, max-image-preview:large, max-video-preview:-1\" \/>\n<link rel=\"canonical\" href=\"https:\/\/hcd.malargue.gov.ar\/?p=25926\" \/>\n<meta property=\"og:locale\" content=\"es_ES\" \/>\n<meta property=\"og:type\" content=\"article\" \/>\n<meta property=\"og:title\" content=\"ORDEN DEL DIA 25\u00ba SESION ORDINARIA - Malarg\u00fce HCD\" \/>\n<meta property=\"og:description\" content=\"D\u00eda \u00a0\u00a0Jueves\u00a0\u00a0 09 de Setiembre \u00a0de 2021 Hora: 09:00 a) Acto de Izar la Ense\u00f1a Patria\u00a0\u00a0 a cargo de la Sra. Concejal Silvia Beatriz CORREA b) Homenaje de los Se\u00f1ores Concejales c) Lectura del detalle de la correspondencia recibida y emitida. d) Determinaci\u00f3n de los temas que ser\u00e1n incluidos en el punto Asuntos Varios y [&hellip;]\" \/>\n<meta property=\"og:url\" content=\"https:\/\/hcd.malargue.gov.ar\/?p=25926\" \/>\n<meta property=\"og:site_name\" content=\"Malarg\u00fce HCD\" \/>\n<meta property=\"article:published_time\" content=\"2021-09-08T14:40:04+00:00\" \/>\n<meta property=\"article:modified_time\" content=\"2021-09-08T14:44:01+00:00\" \/>\n<meta property=\"og:image\" content=\"https:\/\/hcd.malargue.gov.ar\/wp-content\/uploads\/2021\/05\/CORREA-Bandera-1-scaled.jpg\" \/>\n\t<meta property=\"og:image:width\" content=\"2560\" \/>\n\t<meta property=\"og:image:height\" content=\"1840\" \/>\n\t<meta property=\"og:image:type\" content=\"image\/jpeg\" \/>\n<meta name=\"author\" content=\"Belen Pedernera Ferragut\" \/>\n<meta name=\"twitter:card\" content=\"summary_large_image\" \/>\n<meta name=\"twitter:label1\" content=\"Escrito por\" \/>\n\t<meta name=\"twitter:data1\" content=\"Belen Pedernera Ferragut\" \/>\n\t<meta name=\"twitter:label2\" content=\"Tiempo de lectura\" \/>\n\t<meta name=\"twitter:data2\" content=\"3 minutos\" \/>\n<script type=\"application\/ld+json\" class=\"yoast-schema-graph\">{\"@context\":\"https:\/\/schema.org\",\"@graph\":[{\"@type\":\"WebPage\",\"@id\":\"https:\/\/hcd.malargue.gov.ar\/?p=25926\",\"url\":\"https:\/\/hcd.malargue.gov.ar\/?p=25926\",\"name\":\"ORDEN DEL DIA 25\u00ba SESION ORDINARIA - Malarg\u00fce HCD\",\"isPartOf\":{\"@id\":\"https:\/\/hcd.malargue.gov.ar\/#website\"},\"datePublished\":\"2021-09-08T14:40:04+00:00\",\"dateModified\":\"2021-09-08T14:44:01+00:00\",\"author\":{\"@id\":\"https:\/\/hcd.malargue.gov.ar\/#\/schema\/person\/3fd6bbab64edd703961b795156c955d0\"},\"breadcrumb\":{\"@id\":\"https:\/\/hcd.malargue.gov.ar\/?p=25926#breadcrumb\"},\"inLanguage\":\"es-AR\",\"potentialAction\":[{\"@type\":\"ReadAction\",\"target\":[\"https:\/\/hcd.malargue.gov.ar\/?p=25926\"]}]},{\"@type\":\"BreadcrumbList\",\"@id\":\"https:\/\/hcd.malargue.gov.ar\/?p=25926#breadcrumb\",\"itemListElement\":[{\"@type\":\"ListItem\",\"position\":1,\"name\":\"Inicio\",\"item\":\"https:\/\/hcd.malargue.gov.ar\/\"},{\"@type\":\"ListItem\",\"position\":2,\"name\":\"ORDEN DEL DIA 25\u00ba SESION ORDINARIA\"}]},{\"@type\":\"WebSite\",\"@id\":\"https:\/\/hcd.malargue.gov.ar\/#website\",\"url\":\"https:\/\/hcd.malargue.gov.ar\/\",\"name\":\"Malarg\u00fce HCD\",\"description\":\"Malarg\u00fce Mendoza Argentina\",\"potentialAction\":[{\"@type\":\"SearchAction\",\"target\":{\"@type\":\"EntryPoint\",\"urlTemplate\":\"https:\/\/hcd.malargue.gov.ar\/?s={search_term_string}\"},\"query-input\":\"required name=search_term_string\"}],\"inLanguage\":\"es-AR\"},{\"@type\":\"Person\",\"@id\":\"https:\/\/hcd.malargue.gov.ar\/#\/schema\/person\/3fd6bbab64edd703961b795156c955d0\",\"name\":\"Belen Pedernera Ferragut\",\"image\":{\"@type\":\"ImageObject\",\"inLanguage\":\"es-AR\",\"@id\":\"https:\/\/hcd.malargue.gov.ar\/#\/schema\/person\/image\/\",\"url\":\"https:\/\/secure.gravatar.com\/avatar\/1054ffab3893de4bb3eb29bdd22f7e34b8537bf5d34d9dab311818154ad5b71f?s=96&d=mm&r=g\",\"contentUrl\":\"https:\/\/secure.gravatar.com\/avatar\/1054ffab3893de4bb3eb29bdd22f7e34b8537bf5d34d9dab311818154ad5b71f?s=96&d=mm&r=g\",\"caption\":\"Belen Pedernera Ferragut\"},\"url\":\"https:\/\/hcd.malargue.gov.ar\/?author=5\"}]}<\/script>\n<!-- \/ Yoast SEO plugin. -->","yoast_head_json":{"title":"ORDEN DEL DIA 25\u00ba SESION ORDINARIA - Malarg\u00fce HCD","robots":{"index":"index","follow":"follow","max-snippet":"max-snippet:-1","max-image-preview":"max-image-preview:large","max-video-preview":"max-video-preview:-1"},"canonical":"https:\/\/hcd.malargue.gov.ar\/?p=25926","og_locale":"es_ES","og_type":"article","og_title":"ORDEN DEL DIA 25\u00ba SESION ORDINARIA - Malarg\u00fce HCD","og_description":"D\u00eda \u00a0\u00a0Jueves\u00a0\u00a0 09 de Setiembre \u00a0de 2021 Hora: 09:00 a) Acto de Izar la Ense\u00f1a Patria\u00a0\u00a0 a cargo de la Sra. Concejal Silvia Beatriz CORREA b) Homenaje de los Se\u00f1ores Concejales c) Lectura del detalle de la correspondencia recibida y emitida. d) Determinaci\u00f3n de los temas que ser\u00e1n incluidos en el punto Asuntos Varios y [&hellip;]","og_url":"https:\/\/hcd.malargue.gov.ar\/?p=25926","og_site_name":"Malarg\u00fce HCD","article_published_time":"2021-09-08T14:40:04+00:00","article_modified_time":"2021-09-08T14:44:01+00:00","og_image":[{"width":2560,"height":1840,"url":"https:\/\/hcd.malargue.gov.ar\/wp-content\/uploads\/2021\/05\/CORREA-Bandera-1-scaled.jpg","type":"image\/jpeg"}],"author":"Belen Pedernera Ferragut","twitter_card":"summary_large_image","twitter_misc":{"Escrito por":"Belen Pedernera Ferragut","Tiempo de lectura":"3 minutos"},"schema":{"@context":"https:\/\/schema.org","@graph":[{"@type":"WebPage","@id":"https:\/\/hcd.malargue.gov.ar\/?p=25926","url":"https:\/\/hcd.malargue.gov.ar\/?p=25926","name":"ORDEN DEL DIA 25\u00ba SESION ORDINARIA - Malarg\u00fce HCD","isPartOf":{"@id":"https:\/\/hcd.malargue.gov.ar\/#website"},"datePublished":"2021-09-08T14:40:04+00:00","dateModified":"2021-09-08T14:44:01+00:00","author":{"@id":"https:\/\/hcd.malargue.gov.ar\/#\/schema\/person\/3fd6bbab64edd703961b795156c955d0"},"breadcrumb":{"@id":"https:\/\/hcd.malargue.gov.ar\/?p=25926#breadcrumb"},"inLanguage":"es-AR","potentialAction":[{"@type":"ReadAction","target":["https:\/\/hcd.malargue.gov.ar\/?p=25926"]}]},{"@type":"BreadcrumbList","@id":"https:\/\/hcd.malargue.gov.ar\/?p=25926#breadcrumb","itemListElement":[{"@type":"ListItem","position":1,"name":"Inicio","item":"https:\/\/hcd.malargue.gov.ar\/"},{"@type":"ListItem","position":2,"name":"ORDEN DEL DIA 25\u00ba SESION ORDINARIA"}]},{"@type":"WebSite","@id":"https:\/\/hcd.malargue.gov.ar\/#website","url":"https:\/\/hcd.malargue.gov.ar\/","name":"Malarg\u00fce HCD","description":"Malarg\u00fce Mendoza Argentina","potentialAction":[{"@type":"SearchAction","target":{"@type":"EntryPoint","urlTemplate":"https:\/\/hcd.malargue.gov.ar\/?s={search_term_string}"},"query-input":"required name=search_term_string"}],"inLanguage":"es-AR"},{"@type":"Person","@id":"https:\/\/hcd.malargue.gov.ar\/#\/schema\/person\/3fd6bbab64edd703961b795156c955d0","name":"Belen Pedernera Ferragut","image":{"@type":"ImageObject","inLanguage":"es-AR","@id":"https:\/\/hcd.malargue.gov.ar\/#\/schema\/person\/image\/","url":"https:\/\/secure.gravatar.com\/avatar\/1054ffab3893de4bb3eb29bdd22f7e34b8537bf5d34d9dab311818154ad5b71f?s=96&d=mm&r=g","contentUrl":"https:\/\/secure.gravatar.com\/avatar\/1054ffab3893de4bb3eb29bdd22f7e34b8537bf5d34d9dab311818154ad5b71f?s=96&d=mm&r=g","caption":"Belen Pedernera Ferragut"},"url":"https:\/\/hcd.malargue.gov.ar\/?author=5"}]}},"_links":{"self":[{"href":"https:\/\/hcd.malargue.gov.ar\/index.php?rest_route=\/wp\/v2\/posts\/25926","targetHints":{"allow":["GET"]}}],"collection":[{"href":"https:\/\/hcd.malargue.gov.ar\/index.php?rest_route=\/wp\/v2\/posts"}],"about":[{"href":"https:\/\/hcd.malargue.gov.ar\/index.php?rest_route=\/wp\/v2\/types\/post"}],"author":[{"embeddable":true,"href":"https:\/\/hcd.malargue.gov.ar\/index.php?rest_route=\/wp\/v2\/users\/5"}],"replies":[{"embeddable":true,"href":"https:\/\/hcd.malargue.gov.ar\/index.php?rest_route=%2Fwp%2Fv2%2Fcomments&post=25926"}],"version-history":[{"count":0,"href":"https:\/\/hcd.malargue.gov.ar\/index.php?rest_route=\/wp\/v2\/posts\/25926\/revisions"}],"wp:attachment":[{"href":"https:\/\/hcd.malargue.gov.ar\/index.php?rest_route=%2Fwp%2Fv2%2Fmedia&parent=25926"}],"wp:term":[{"taxonomy":"category","embeddable":true,"href":"https:\/\/hcd.malargue.gov.ar\/index.php?rest_route=%2Fwp%2Fv2%2Fcategories&post=25926"},{"taxonomy":"post_tag","embeddable":true,"href":"https:\/\/hcd.malargue.gov.ar\/index.php?rest_route=%2Fwp%2Fv2%2Ftags&post=25926"}],"curies":[{"name":"wp","href":"https:\/\/api.w.org\/{rel}","templated":true}]}}