{"id":26014,"date":"2021-09-15T11:02:56","date_gmt":"2021-09-15T14:02:56","guid":{"rendered":"https:\/\/hcd.malargue.gov.ar\/?p=26014"},"modified":"2021-09-16T12:33:24","modified_gmt":"2021-09-16T15:33:24","slug":"26014","status":"publish","type":"post","link":"https:\/\/hcd.malargue.gov.ar\/?p=26014","title":{"rendered":"ORDEN DEL DIA 26\u00ba SESION ORDINARIA"},"content":{"rendered":"<h5>D\u00eda \u00a0\u00a0Jueves\u00a0\u00a0 16 de Setiembre de 2021<\/h5>\n<h5>Hora: 09:00 <a href=\"http:\/\/hcd.malargue.gov.ar\/hcdpdf\/26%20ORDEN%2016%20de%20Setiembre%202021.pdf\"><img loading=\"lazy\" decoding=\"async\" class=\"alignright wp-image-7950\" src=\"https:\/\/hcd.malargue.gov.ar\/wp-content\/uploads\/2018\/06\/PDF-JPG-300x300.jpg\" alt=\"\" width=\"80\" height=\"80\" srcset=\"https:\/\/hcd.malargue.gov.ar\/wp-content\/uploads\/2018\/06\/PDF-JPG-300x300.jpg 300w, https:\/\/hcd.malargue.gov.ar\/wp-content\/uploads\/2018\/06\/PDF-JPG-150x150.jpg 150w, https:\/\/hcd.malargue.gov.ar\/wp-content\/uploads\/2018\/06\/PDF-JPG.jpg 512w\" sizes=\"auto, (max-width: 80px) 100vw, 80px\" \/><\/a><\/h5>\n<p><strong><em>a) Acto de Izar la Ense\u00f1a Patria\u00a0 a cargo de la Sra. Concejal Mar\u00eda Daniela FAVARI \u00a0<\/em><\/strong><\/p>\n<p><strong><em>b) Homenaje de los Se\u00f1ores Concejales<\/em><\/strong><\/p>\n<p><strong><em>c) Consideraci\u00f3n Acta Sesi\u00f3n Ordinaria N\u00ba 1075- \u201cO\u201d-2021 y Acta Sesi\u00f3n Ordinaria N\u00ba 1076- \u201cO\u201d-2021 <\/em><\/strong><\/p>\n<p><strong><em>d) Lectura del detalle de la correspondencia recibida y emitida.<\/em><\/strong><\/p>\n<p><strong><em>e) Determinaci\u00f3n de los temas que ser\u00e1n incluidos en el punto Asuntos Varios y puesta a consideraci\u00f3n de mociones de tratamientos sobre tablas de diversos expedientes.<\/em><\/strong><\/p>\n<p><strong><em>f) Proyectos de los Se\u00f1ores Concejales: <\/em><\/strong><\/p>\n<ol>\n<li>Expte. N\u00ba 5.034-HC 038-2021 Proyecto de Ordenanza: Creaci\u00f3n en el Departamento de Malarg\u00fce la Campa\u00f1a Anual de Prevenci\u00f3n de Incendios Forestales (BLOQUE FRENTE CAMBIA MENDOZA) Autor: Concejal Daiana Varas Castro<\/li>\n<li>Expte. N\u00ba 5.035-HC 038-2021 Proyecto de Resoluci\u00f3n. Solicitar al Departamento Ejecutivo Municipal la aplicaci\u00f3n de la Ordenanza N\u00ba 1.954\/2018 (BLOQUE FRENTE CAMBIA MENDOZA) Autor: Concejal Daiana Varas Castro<\/li>\n<li>Expte. N\u00ba5.036-HC 038-2021 Proyecto de Ordenanza: Creaci\u00f3n del Programa \u201cConciencia Nativa\u201d (BLOQUE FRENTE CAMBIA MENDOZA) Autor: Concejal Paola Rojo<\/li>\n<li>Expte. N\u00ba 5.037-HC 038-2021 Proyecto de Ordenanza: Establecer estacionamiento exclusivo para personas con discapacidad motriz e intelectual (BLOQUE FRENTE CAMBIA MENDOZA) Autor: Concejal Paola Rojo<\/li>\n<\/ol>\n<p><strong><em>g) Expedientes provenientes del Departamento Ejecutivo <\/em><\/strong><\/p>\n<ol>\n<li>Expte. N\u00ba 1844\/2021 A 3949 Responsabilidad Fiscal Segundo Trimestre Ejercicio 2021.<\/li>\n<\/ol>\n<p><strong><em>h) Despachos de las Comisiones de Trabajo:<\/em><\/strong><\/p>\n<ol>\n<li>Expte.N\u00ba 4.932-HC 030-2021 Proyecto de Ordenanza: Instalar cabinas de resguardo en Plaza Gral. Manuel Belgrano y Plaza 25 de Mayo del Departamento (O.P.T Y R.N y H.P.L.A.C.)<\/li>\n<li>Expte.N\u00ba 5.021 HC 037-2021 Proyecto de Resoluci\u00f3n: Solicitar al Ministerio de Seguridad de la Provincia de Mendoza el emplazamiento de un destacamento policial en el Paraje La Junta (H.P.L.A.C.)<\/li>\n<li>Nota HC -233-21 Bloque Frente de Todos. Solicita reuni\u00f3n con el Secretario de Obras y Servicios para tratar el tema: Obra de Red de agua en Colonia H\u00edpica. (O.P.T Y R.N)<\/li>\n<li>Nota HC-275\/2021 Departamento Ejecutivo eleva informe solicitado por la Comisi\u00f3n de Obras Publicas respecto al Expte. N\u00ba 4.886-HC-027\/2020 Pedido de Infirme sobre deterioro del Edificio conocido como Estaci\u00f3n de Servicio Y.P.F vieja. (O.P.T Y R.N)<\/li>\n<li>Expte. N.\u00ba 3745\/2021-0 Sec. De Gobierno Proyecto de Ordenanza: \u201cConstituci\u00f3n de la Municipalidad de Malarg\u00fce como Operador de Servicio de Agua Potable\u201d (O.P.T Y R.N)<\/li>\n<li>Nota HC-342-2019 Sr. Nicol\u00e1s Ramos Solicita Banca del Ciudadano a fin de exponer necesidades de la zona rural y ciudad. (E.H.M.A.S Y C)<\/li>\n<li>Nota HC 308-2019 Magister Milena Quir\u00f3s Facultad de Ciencias Exactas Solicita Banca del Ciudadano a fin de exponer Encuentro de Integraci\u00f3n de la Educaci\u00f3n Superior Malarg\u00fcina.(E.H.M.A.S Y C)<\/li>\n<li>Nota HC 303-2019 Sr Rodr\u00edguez Santiago Presidente de la Asociaci\u00f3n de Jubilados y Pensionados del Sur Mendocino informa la designaci\u00f3n de un Delegado (E.H.M.A.S Y C)<\/li>\n<li>Nota HC 326-2019 Intendente Municipal D. Jorge Vergara Mart\u00ednez Eleva Informe sobre Ordenanza N\u00ba 1.940\/2018 (E.H.M.A.S Y C)<\/li>\n<li>Nota HC.251-2019 Intendente Municipal D. Jorge Vergara Mart\u00ednez Eleva Informe sobre Resoluci\u00f3n N\u00ba 240\/2018 (E.H.M.A.S Y C)<\/li>\n<li>Nota- HC 547-2019 Dr. Alfredo O. Mart\u00ednez Director Hospital Regional Malarg\u00fce Solicita la continuidad de Empleados Municipales Adscriptos (E.H.M.A. S Y C)<\/li>\n<\/ol>\n<p><strong>i<\/strong><strong><em>) Asuntos Varios. &#8211; <\/em><\/strong><\/p>\n<p><strong><em>j) Acto de arriar el Pabell\u00f3n Nacional a cargo de la concejal que lo <\/em><\/strong><strong>iz\u00f3. &#8211; <\/strong><\/p>\n<p style=\"text-align: right;\"><strong>\u00a0\u00a0\u00a0\u00a0\u00a0\u00a0\u00a0\u00a0\u00a0\u00a0\u00a0\u00a0\u00a0\u00a0\u00a0\u00a0\u00a0\u00a0\u00a0 \u00a0\u00a0\u00a0\u00a0\u00a0\u00a0\u00a0\u00a0\u00a0\u00a0\u00a0\u00a0\u00a0\u00a0\u00a0\u00a0\u00a0\u00a0\u00a0\u00a0\u00a0\u00a0\u00a0 Presidencia H.C.D 13\u00a0 \u00a0\u00a0de Setiembre\u00a0 de 2021.-<\/strong><\/p>\n<p>&nbsp;<\/p>\n<p><strong>CORRESPONDENCIA\u00a0 PARA LA SESI\u00d3N<\/strong><\/p>\n<p><strong>Del d\u00eda\u00a0 jueves 16 \u00a0\u00a0de setiembre \u00a0\u00a0\u00a0de 2.021<\/strong><\/p>\n<p><strong>NOTAS INGRESADAS<\/strong><\/p>\n<ol>\n<li>Dr. Lucas Mercau, Abogado, en representaci\u00f3n \u00a0de la Sra. In\u00e9s Molina, presenta\u00a0 oposici\u00f3n\u00a0 al Proyecto\u00a0 de Ordenanza. Expte. N\u00b0 4.040\/2020.<\/li>\n<li>Sra. Yanina Moya, pone en conocimiento, situaci\u00f3n con conexi\u00f3n de agua\u00a0 en Zona H\u00edpica.<\/li>\n<li>Dra. Yamila Rivero, Coordinadora de Rentas Municipalidad de Malarg\u00fce, eleva informe de Resoluci\u00f3n N\u00b0 310\/2021, sobre\u00a0 Geri\u00e1tricos en el Departamento de Malarg\u00fce.<\/li>\n<li>Sr. H\u00e9ctor Alberto Mu\u00f1oz, presenta denuncia, sobre Decreto N\u00b0 863\/2.021 Consulado de Talca, acusa recibo\u00a0 Resoluci\u00f3n N\u00b0 334\/2021.Solicitud apertura\u00a0 Consulado de Talca.<\/li>\n<li>Sr. Mauricio Mart\u00ednez, presenta nota sobre situaci\u00f3n\u00a0 que vivi\u00f3\u00a0 con su hijo en Cl\u00ednica\u00a0 del Sur con el Dr. Broccardo.<\/li>\n<li>Sr. Mario Jofr\u00e9, informa denuncia que hizo con respecto a las irregularidades llevadas a cabo por el Sr. Intendente Municipal\u00a0 Juan Manuel Ojeda. Material probatorio \u00a0\u00a0\u00a0\u00a0\u00a0\u00a0 entregado a la Fiscal\u00eda del Ministerio P\u00fablico.<\/li>\n<li>Sr. C\u00e9sar Villegas, solicita que se designe a una representante para que asista a reuniones con el Grupo de Desempleados y con Concejales.<\/li>\n<\/ol>\n<p><strong>NOTAS EMITIDAS<\/strong><\/p>\n<ol>\n<li>A los Legisladores\u00a0 Provinciales por el Departamento de Malarg\u00fce, remitiendo copia de \u00a0\u00a0Resoluci\u00f3n N\u00b0 355\/2021., Adhesi\u00f3n al Proyecto\u00a0 Provincial de Mejoramiento Gen\u00e9tico \u00a0Ganadero.<\/li>\n<li>Al Administrador de Direcci\u00f3n Nacional de Vialidad y titular del 4\u00b0 Distrito de la \u00a0\u00a0\u00a0 Direcci\u00f3n Nacional de Vialidad, remitiendo\u00a0 copia de Resoluci\u00f3n N\u00b0 347\/2021, \u00a0\u00a0 mejoramiento\u00a0 en Ruta 186.<\/li>\n<li>Al Director Provincial de Ganader\u00eda, al Delegado de Ganader\u00eda Provincial, remitiendo copia de Resoluci\u00f3n N\u00b0 349\/2021, solicitando capacitaci\u00f3n para personal administrativo en los Parajes de El Cortaderal, Ranquil Norte, Las Loicas y Los Molles.<\/li>\n<li>A los Legisladores por el Cuarto Distrito\u00a0 Electoral, remitiendo copia de Resoluci\u00f3n N\u00b0347\/2021.Requiriendo a las Autoridades competentes de Direcci\u00f3n Nacional de Vialidad\u00a0 y Direcci\u00f3n Provincial de Vialidad gestionen para mejoras en Ruta\u00a0 Provincial\u00a0 N\u00b0 186. (Notas enviadas por correo electr\u00f3nico).<\/li>\n<\/ol>\n","protected":false},"excerpt":{"rendered":"<p>D\u00eda \u00a0\u00a0Jueves\u00a0\u00a0 16 de Setiembre de 2021 Hora: 09:00 a) Acto de Izar la Ense\u00f1a Patria\u00a0 a cargo de la Sra. Concejal Mar\u00eda Daniela FAVARI \u00a0 b) Homenaje de los Se\u00f1ores Concejales c) Consideraci\u00f3n Acta Sesi\u00f3n Ordinaria N\u00ba 1075- \u201cO\u201d-2021 y Acta Sesi\u00f3n Ordinaria N\u00ba 1076- \u201cO\u201d-2021 d) Lectura del detalle de la correspondencia recibida [&hellip;]<\/p>\n","protected":false},"author":5,"featured_media":0,"comment_status":"closed","ping_status":"closed","sticky":false,"template":"","format":"standard","meta":{"footnotes":""},"categories":[52,58,33,36],"tags":[],"class_list":["post-26014","post","type-post","status-publish","format-standard","hentry","category-gacetillas","category-ordinarias","category-prensa","category-sesiones"],"yoast_head":"<!-- This site is optimized with the Yoast SEO plugin v19.10 - https:\/\/yoast.com\/wordpress\/plugins\/seo\/ -->\n<title>ORDEN DEL DIA 26\u00ba SESION ORDINARIA - Malarg\u00fce HCD<\/title>\n<meta name=\"robots\" content=\"index, follow, max-snippet:-1, max-image-preview:large, max-video-preview:-1\" \/>\n<link rel=\"canonical\" href=\"https:\/\/hcd.malargue.gov.ar\/?p=26014\" \/>\n<meta property=\"og:locale\" content=\"es_ES\" \/>\n<meta property=\"og:type\" content=\"article\" \/>\n<meta property=\"og:title\" content=\"ORDEN DEL DIA 26\u00ba SESION ORDINARIA - Malarg\u00fce HCD\" \/>\n<meta property=\"og:description\" content=\"D\u00eda \u00a0\u00a0Jueves\u00a0\u00a0 16 de Setiembre de 2021 Hora: 09:00 a) Acto de Izar la Ense\u00f1a Patria\u00a0 a cargo de la Sra. Concejal Mar\u00eda Daniela FAVARI \u00a0 b) Homenaje de los Se\u00f1ores Concejales c) Consideraci\u00f3n Acta Sesi\u00f3n Ordinaria N\u00ba 1075- \u201cO\u201d-2021 y Acta Sesi\u00f3n Ordinaria N\u00ba 1076- \u201cO\u201d-2021 d) Lectura del detalle de la correspondencia recibida [&hellip;]\" \/>\n<meta property=\"og:url\" content=\"https:\/\/hcd.malargue.gov.ar\/?p=26014\" \/>\n<meta property=\"og:site_name\" content=\"Malarg\u00fce HCD\" \/>\n<meta property=\"article:published_time\" content=\"2021-09-15T14:02:56+00:00\" \/>\n<meta property=\"article:modified_time\" content=\"2021-09-16T15:33:24+00:00\" \/>\n<meta property=\"og:image\" content=\"https:\/\/hcd.malargue.gov.ar\/wp-content\/uploads\/2021\/05\/FAVARI-Bandera-1-scaled.jpg\" \/>\n\t<meta property=\"og:image:width\" content=\"2560\" \/>\n\t<meta property=\"og:image:height\" content=\"1700\" \/>\n\t<meta property=\"og:image:type\" content=\"image\/jpeg\" \/>\n<meta name=\"author\" content=\"Belen Pedernera Ferragut\" \/>\n<meta name=\"twitter:card\" content=\"summary_large_image\" \/>\n<meta name=\"twitter:label1\" content=\"Escrito por\" \/>\n\t<meta name=\"twitter:data1\" content=\"Belen Pedernera Ferragut\" \/>\n\t<meta name=\"twitter:label2\" content=\"Tiempo de lectura\" \/>\n\t<meta name=\"twitter:data2\" content=\"5 minutos\" \/>\n<script type=\"application\/ld+json\" class=\"yoast-schema-graph\">{\"@context\":\"https:\/\/schema.org\",\"@graph\":[{\"@type\":\"WebPage\",\"@id\":\"https:\/\/hcd.malargue.gov.ar\/?p=26014\",\"url\":\"https:\/\/hcd.malargue.gov.ar\/?p=26014\",\"name\":\"ORDEN DEL DIA 26\u00ba SESION ORDINARIA - Malarg\u00fce HCD\",\"isPartOf\":{\"@id\":\"https:\/\/hcd.malargue.gov.ar\/#website\"},\"datePublished\":\"2021-09-15T14:02:56+00:00\",\"dateModified\":\"2021-09-16T15:33:24+00:00\",\"author\":{\"@id\":\"https:\/\/hcd.malargue.gov.ar\/#\/schema\/person\/3fd6bbab64edd703961b795156c955d0\"},\"breadcrumb\":{\"@id\":\"https:\/\/hcd.malargue.gov.ar\/?p=26014#breadcrumb\"},\"inLanguage\":\"es-AR\",\"potentialAction\":[{\"@type\":\"ReadAction\",\"target\":[\"https:\/\/hcd.malargue.gov.ar\/?p=26014\"]}]},{\"@type\":\"BreadcrumbList\",\"@id\":\"https:\/\/hcd.malargue.gov.ar\/?p=26014#breadcrumb\",\"itemListElement\":[{\"@type\":\"ListItem\",\"position\":1,\"name\":\"Inicio\",\"item\":\"https:\/\/hcd.malargue.gov.ar\/\"},{\"@type\":\"ListItem\",\"position\":2,\"name\":\"ORDEN DEL DIA 26\u00ba SESION ORDINARIA\"}]},{\"@type\":\"WebSite\",\"@id\":\"https:\/\/hcd.malargue.gov.ar\/#website\",\"url\":\"https:\/\/hcd.malargue.gov.ar\/\",\"name\":\"Malarg\u00fce HCD\",\"description\":\"Malarg\u00fce Mendoza Argentina\",\"potentialAction\":[{\"@type\":\"SearchAction\",\"target\":{\"@type\":\"EntryPoint\",\"urlTemplate\":\"https:\/\/hcd.malargue.gov.ar\/?s={search_term_string}\"},\"query-input\":\"required name=search_term_string\"}],\"inLanguage\":\"es-AR\"},{\"@type\":\"Person\",\"@id\":\"https:\/\/hcd.malargue.gov.ar\/#\/schema\/person\/3fd6bbab64edd703961b795156c955d0\",\"name\":\"Belen Pedernera Ferragut\",\"image\":{\"@type\":\"ImageObject\",\"inLanguage\":\"es-AR\",\"@id\":\"https:\/\/hcd.malargue.gov.ar\/#\/schema\/person\/image\/\",\"url\":\"https:\/\/secure.gravatar.com\/avatar\/1054ffab3893de4bb3eb29bdd22f7e34b8537bf5d34d9dab311818154ad5b71f?s=96&d=mm&r=g\",\"contentUrl\":\"https:\/\/secure.gravatar.com\/avatar\/1054ffab3893de4bb3eb29bdd22f7e34b8537bf5d34d9dab311818154ad5b71f?s=96&d=mm&r=g\",\"caption\":\"Belen Pedernera Ferragut\"},\"url\":\"https:\/\/hcd.malargue.gov.ar\/?author=5\"}]}<\/script>\n<!-- \/ Yoast SEO plugin. -->","yoast_head_json":{"title":"ORDEN DEL DIA 26\u00ba SESION ORDINARIA - Malarg\u00fce HCD","robots":{"index":"index","follow":"follow","max-snippet":"max-snippet:-1","max-image-preview":"max-image-preview:large","max-video-preview":"max-video-preview:-1"},"canonical":"https:\/\/hcd.malargue.gov.ar\/?p=26014","og_locale":"es_ES","og_type":"article","og_title":"ORDEN DEL DIA 26\u00ba SESION ORDINARIA - Malarg\u00fce HCD","og_description":"D\u00eda \u00a0\u00a0Jueves\u00a0\u00a0 16 de Setiembre de 2021 Hora: 09:00 a) Acto de Izar la Ense\u00f1a Patria\u00a0 a cargo de la Sra. Concejal Mar\u00eda Daniela FAVARI \u00a0 b) Homenaje de los Se\u00f1ores Concejales c) Consideraci\u00f3n Acta Sesi\u00f3n Ordinaria N\u00ba 1075- \u201cO\u201d-2021 y Acta Sesi\u00f3n Ordinaria N\u00ba 1076- \u201cO\u201d-2021 d) Lectura del detalle de la correspondencia recibida [&hellip;]","og_url":"https:\/\/hcd.malargue.gov.ar\/?p=26014","og_site_name":"Malarg\u00fce HCD","article_published_time":"2021-09-15T14:02:56+00:00","article_modified_time":"2021-09-16T15:33:24+00:00","og_image":[{"width":2560,"height":1700,"url":"https:\/\/hcd.malargue.gov.ar\/wp-content\/uploads\/2021\/05\/FAVARI-Bandera-1-scaled.jpg","type":"image\/jpeg"}],"author":"Belen Pedernera Ferragut","twitter_card":"summary_large_image","twitter_misc":{"Escrito por":"Belen Pedernera Ferragut","Tiempo de lectura":"5 minutos"},"schema":{"@context":"https:\/\/schema.org","@graph":[{"@type":"WebPage","@id":"https:\/\/hcd.malargue.gov.ar\/?p=26014","url":"https:\/\/hcd.malargue.gov.ar\/?p=26014","name":"ORDEN DEL DIA 26\u00ba SESION ORDINARIA - Malarg\u00fce HCD","isPartOf":{"@id":"https:\/\/hcd.malargue.gov.ar\/#website"},"datePublished":"2021-09-15T14:02:56+00:00","dateModified":"2021-09-16T15:33:24+00:00","author":{"@id":"https:\/\/hcd.malargue.gov.ar\/#\/schema\/person\/3fd6bbab64edd703961b795156c955d0"},"breadcrumb":{"@id":"https:\/\/hcd.malargue.gov.ar\/?p=26014#breadcrumb"},"inLanguage":"es-AR","potentialAction":[{"@type":"ReadAction","target":["https:\/\/hcd.malargue.gov.ar\/?p=26014"]}]},{"@type":"BreadcrumbList","@id":"https:\/\/hcd.malargue.gov.ar\/?p=26014#breadcrumb","itemListElement":[{"@type":"ListItem","position":1,"name":"Inicio","item":"https:\/\/hcd.malargue.gov.ar\/"},{"@type":"ListItem","position":2,"name":"ORDEN DEL DIA 26\u00ba SESION ORDINARIA"}]},{"@type":"WebSite","@id":"https:\/\/hcd.malargue.gov.ar\/#website","url":"https:\/\/hcd.malargue.gov.ar\/","name":"Malarg\u00fce HCD","description":"Malarg\u00fce Mendoza Argentina","potentialAction":[{"@type":"SearchAction","target":{"@type":"EntryPoint","urlTemplate":"https:\/\/hcd.malargue.gov.ar\/?s={search_term_string}"},"query-input":"required name=search_term_string"}],"inLanguage":"es-AR"},{"@type":"Person","@id":"https:\/\/hcd.malargue.gov.ar\/#\/schema\/person\/3fd6bbab64edd703961b795156c955d0","name":"Belen Pedernera Ferragut","image":{"@type":"ImageObject","inLanguage":"es-AR","@id":"https:\/\/hcd.malargue.gov.ar\/#\/schema\/person\/image\/","url":"https:\/\/secure.gravatar.com\/avatar\/1054ffab3893de4bb3eb29bdd22f7e34b8537bf5d34d9dab311818154ad5b71f?s=96&d=mm&r=g","contentUrl":"https:\/\/secure.gravatar.com\/avatar\/1054ffab3893de4bb3eb29bdd22f7e34b8537bf5d34d9dab311818154ad5b71f?s=96&d=mm&r=g","caption":"Belen Pedernera Ferragut"},"url":"https:\/\/hcd.malargue.gov.ar\/?author=5"}]}},"_links":{"self":[{"href":"https:\/\/hcd.malargue.gov.ar\/index.php?rest_route=\/wp\/v2\/posts\/26014","targetHints":{"allow":["GET"]}}],"collection":[{"href":"https:\/\/hcd.malargue.gov.ar\/index.php?rest_route=\/wp\/v2\/posts"}],"about":[{"href":"https:\/\/hcd.malargue.gov.ar\/index.php?rest_route=\/wp\/v2\/types\/post"}],"author":[{"embeddable":true,"href":"https:\/\/hcd.malargue.gov.ar\/index.php?rest_route=\/wp\/v2\/users\/5"}],"replies":[{"embeddable":true,"href":"https:\/\/hcd.malargue.gov.ar\/index.php?rest_route=%2Fwp%2Fv2%2Fcomments&post=26014"}],"version-history":[{"count":0,"href":"https:\/\/hcd.malargue.gov.ar\/index.php?rest_route=\/wp\/v2\/posts\/26014\/revisions"}],"wp:attachment":[{"href":"https:\/\/hcd.malargue.gov.ar\/index.php?rest_route=%2Fwp%2Fv2%2Fmedia&parent=26014"}],"wp:term":[{"taxonomy":"category","embeddable":true,"href":"https:\/\/hcd.malargue.gov.ar\/index.php?rest_route=%2Fwp%2Fv2%2Fcategories&post=26014"},{"taxonomy":"post_tag","embeddable":true,"href":"https:\/\/hcd.malargue.gov.ar\/index.php?rest_route=%2Fwp%2Fv2%2Ftags&post=26014"}],"curies":[{"name":"wp","href":"https:\/\/api.w.org\/{rel}","templated":true}]}}