{"id":26018,"date":"2021-09-16T12:49:11","date_gmt":"2021-09-16T15:49:11","guid":{"rendered":"https:\/\/hcd.malargue.gov.ar\/?p=26018"},"modified":"2021-09-16T12:49:11","modified_gmt":"2021-09-16T15:49:11","slug":"el-hcd-llevo-a-cabo-la-26o-sesion-ordinaria-aprobando-2-piezas-legales","status":"publish","type":"post","link":"https:\/\/hcd.malargue.gov.ar\/?p=26018","title":{"rendered":"EL HCD LLEV\u00d3 A CABO LA 26\u00ba SESI\u00d3N ORDINARIA APROBANDO 2 PIEZAS LEGALES"},"content":{"rendered":"<h6 style=\"text-align: right;\">SESI\u00d3N ORDINARIA \u2013\u00a0 16 de septiembre del 2021<\/h6>\n<h6 style=\"text-align: right;\">Presidiendo la Sesi\u00f3n:\u00a0\u00a0Concejal Martin Palma (Bloque Frente Cambia Mendoza)<\/h6>\n<h6 style=\"text-align: right;\">Concejales Presentes: Paola Jofre,\u00a0 Andres Risi, Silvia Correa (Bloque Frente de Todos), Daiana Varas, Gabriel Rosas, Paola Rojo y Luciana Villegas (Bloque Frente Cambia Mendoza)<\/h6>\n<p>A las 11:20 hs de este jueves16 de septiembre, dio inici\u00f3 el <a href=\"https:\/\/hcd.malargue.gov.ar\/?p=26014\">Orden del Dia de la Sesi\u00f3n Ordinaria convocada<\/a>.<\/p>\n<p>Luego del punto homenaje de los Sres Concejales en el cual hicieron uso de la palabra las Ediles Rojo, Jofre, Villegas y el Edil Palma, para referirse a diversas fechas acontecidas durante el presente mes; y continuando con el cumplimiento del Orden del D\u00eda elevaron un total de 4 Proyectos de los Sres Concejales y 1 Expediente proveniente del Departamento Ejecutivo a las distintas comisiones de trabajo para su correspondiente tratamiento. Detalle:<\/p>\n<blockquote><p><strong style=\"font-size: 14px;\"><em>La COMISI\u00d3N DE HACIENDA PRESUPUESTO LEGISLACI\u00d3N Y ASUNTOS CONSTITUCIONALES (HPLAC) recepcionar\u00e1\u00a0 proyectos:<\/em><\/strong><\/p>\n<ul>\n<li>Expte. N\u00ba 5.034-HC 038-2021 Proyecto de Ordenanza: Creaci\u00f3n en el Departamento de Malarg\u00fce la Campa\u00f1a Anual de Prevenci\u00f3n de Incendios Forestales (BLOQUE FRENTE CAMBIA MENDOZA) Autor: Concejal Daiana Varas Castro<\/li>\n<li>Expte. N\u00ba 5.035-HC 038-2021 Proyecto de Resoluci\u00f3n. Solicitar al Departamento Ejecutivo Municipal la aplicaci\u00f3n de la Ordenanza N\u00ba 1.954\/2018 (BLOQUE FRENTE CAMBIA MENDOZA) Autor: Concejal Daiana Varas Castro<\/li>\n<li>Expte. N\u00ba 1844\/2021 A 3949 Responsabilidad Fiscal Segundo Trimestre Ejercicio 2021.<\/li>\n<\/ul>\n<p>&nbsp;<\/p>\n<p><em><b>La COMISI\u00d3N DE OBRAS P\u00daBLICAS, TURISMO Y RECURSOS NATURALES (OPTyRN) recepcionar\u00e1 <strong>proyectos:\u00a0<\/strong><\/b><\/em><\/p>\n<ul>\n<li>Expte. N\u00ba5.036-HC 038-2021 Proyecto de Ordenanza: Creaci\u00f3n del Programa \u201cConciencia Nativa\u201d (BLOQUE FRENTE CAMBIA MENDOZA) Autor: Concejal Paola Rojo<\/li>\n<li>Expte. N\u00ba 5.037-HC 038-2021 Proyecto de Ordenanza: Establecer estacionamiento exclusivo para personas con discapacidad motriz e intelectual (BLOQUE FRENTE CAMBIA MENDOZA) Autor: Concejal Paola Rojo (Tras el an\u00e1lisis en la Comisi\u00f3n de Obras Publicas, pasa a la Comisi\u00f3n de Hacienda).<\/li>\n<\/ul>\n<\/blockquote>\n<p>En el punto <em><strong>h)<\/strong><\/em> se aprobaron 2 Piezas Legales,\u00a0 1 con caracter de Ordenanza y 1 con caracter de Resoluci\u00f3n, detalle:<\/p>\n<p><strong>Ordenanza:<\/strong> Instalar cabinas de resguardo en Plaza Gral. Manuel Belgrano y Plaza 25 de Mayo del Departamento (Expte.N\u00ba 4.932-HC 030-2021)<\/p>\n<p><strong>Resoluci\u00f3n:<\/strong> Solicitar al Ministerio de Seguridad de la Provincia de Mendoza el emplazamiento de un destacamento policial en el Paraje La Junta (Expte.N\u00ba 5.021 HC 037-2021)<\/p>\n<p>En el punto<em><strong> i), <\/strong><\/em>la Concejal Correa mocion\u00f3 por la desafectaci\u00f3n de la Nota HC 323\/2021 para adjuntarla al Expte. N.\u00ba 3745\/2021-0 Sec. De Gobierno Proyecto de Ordenanza: \u201cConstituci\u00f3n de la Municipalidad de Malarg\u00fce como Operador de Servicio de Agua Potable\u201d<\/p>\n<p>Sin m\u00e1s que tratar, el Presidente del Cuerpo Deliberativo dio por finalizada la sesi\u00f3n.<\/p>\n<p>Bel\u00e9n Pedernera Ferragut \/ Prensa HCD<\/p>\n<p>VER LA SESI\u00d3N EN VIVO: <a href=\"https:\/\/www.youtube.com\/watch?v=g6UlhUDeG0o\">https:\/\/www.youtube.com\/watch?v=g6UlhUDeG0o<\/a><\/p>\n<p>GALERIA DE FOTOS:<\/p>\n<div id='gallery-1' class='gallery galleryid-26018 gallery-columns-7 gallery-size-thumbnail'><figure class='gallery-item'>\n\t\t\t<div class='gallery-icon landscape'>\n\t\t\t\t<a href='https:\/\/hcd.malargue.gov.ar\/wp-content\/uploads\/2021\/09\/IMGP0742-scaled.jpg'><img loading=\"lazy\" decoding=\"async\" width=\"150\" height=\"150\" src=\"https:\/\/hcd.malargue.gov.ar\/wp-content\/uploads\/2021\/09\/IMGP0742-scaled-150x150.jpg\" class=\"attachment-thumbnail size-thumbnail\" alt=\"\" \/><\/a>\n\t\t\t<\/div><\/figure><figure class='gallery-item'>\n\t\t\t<div class='gallery-icon landscape'>\n\t\t\t\t<a href='https:\/\/hcd.malargue.gov.ar\/wp-content\/uploads\/2021\/09\/IMGP0743-scaled.jpg'><img loading=\"lazy\" decoding=\"async\" width=\"150\" height=\"150\" src=\"https:\/\/hcd.malargue.gov.ar\/wp-content\/uploads\/2021\/09\/IMGP0743-scaled-150x150.jpg\" class=\"attachment-thumbnail size-thumbnail\" alt=\"\" \/><\/a>\n\t\t\t<\/div><\/figure><figure class='gallery-item'>\n\t\t\t<div class='gallery-icon landscape'>\n\t\t\t\t<a href='https:\/\/hcd.malargue.gov.ar\/wp-content\/uploads\/2021\/09\/IMGP0746-1-scaled.jpg'><img loading=\"lazy\" decoding=\"async\" width=\"150\" height=\"150\" src=\"https:\/\/hcd.malargue.gov.ar\/wp-content\/uploads\/2021\/09\/IMGP0746-1-scaled-150x150.jpg\" class=\"attachment-thumbnail size-thumbnail\" alt=\"\" \/><\/a>\n\t\t\t<\/div><\/figure><figure class='gallery-item'>\n\t\t\t<div class='gallery-icon landscape'>\n\t\t\t\t<a href='https:\/\/hcd.malargue.gov.ar\/wp-content\/uploads\/2021\/09\/IMGP0747-scaled.jpg'><img loading=\"lazy\" decoding=\"async\" width=\"150\" height=\"150\" src=\"https:\/\/hcd.malargue.gov.ar\/wp-content\/uploads\/2021\/09\/IMGP0747-scaled-150x150.jpg\" class=\"attachment-thumbnail size-thumbnail\" alt=\"\" \/><\/a>\n\t\t\t<\/div><\/figure><figure class='gallery-item'>\n\t\t\t<div class='gallery-icon landscape'>\n\t\t\t\t<a href='https:\/\/hcd.malargue.gov.ar\/wp-content\/uploads\/2021\/09\/IMGP0750-scaled.jpg'><img loading=\"lazy\" decoding=\"async\" width=\"150\" height=\"150\" src=\"https:\/\/hcd.malargue.gov.ar\/wp-content\/uploads\/2021\/09\/IMGP0750-scaled-150x150.jpg\" class=\"attachment-thumbnail size-thumbnail\" alt=\"\" \/><\/a>\n\t\t\t<\/div><\/figure><figure class='gallery-item'>\n\t\t\t<div class='gallery-icon landscape'>\n\t\t\t\t<a href='https:\/\/hcd.malargue.gov.ar\/wp-content\/uploads\/2021\/09\/IMGP0751-scaled.jpg'><img loading=\"lazy\" decoding=\"async\" width=\"150\" height=\"150\" src=\"https:\/\/hcd.malargue.gov.ar\/wp-content\/uploads\/2021\/09\/IMGP0751-scaled-150x150.jpg\" class=\"attachment-thumbnail size-thumbnail\" alt=\"\" \/><\/a>\n\t\t\t<\/div><\/figure><figure class='gallery-item'>\n\t\t\t<div class='gallery-icon landscape'>\n\t\t\t\t<a href='https:\/\/hcd.malargue.gov.ar\/wp-content\/uploads\/2021\/09\/IMGP0752-scaled.jpg'><img loading=\"lazy\" decoding=\"async\" width=\"150\" height=\"150\" src=\"https:\/\/hcd.malargue.gov.ar\/wp-content\/uploads\/2021\/09\/IMGP0752-scaled-150x150.jpg\" class=\"attachment-thumbnail size-thumbnail\" alt=\"\" \/><\/a>\n\t\t\t<\/div><\/figure><figure class='gallery-item'>\n\t\t\t<div class='gallery-icon landscape'>\n\t\t\t\t<a href='https:\/\/hcd.malargue.gov.ar\/wp-content\/uploads\/2021\/09\/IMGP0753-scaled.jpg'><img loading=\"lazy\" decoding=\"async\" width=\"150\" height=\"150\" src=\"https:\/\/hcd.malargue.gov.ar\/wp-content\/uploads\/2021\/09\/IMGP0753-scaled-150x150.jpg\" class=\"attachment-thumbnail size-thumbnail\" alt=\"\" \/><\/a>\n\t\t\t<\/div><\/figure><figure class='gallery-item'>\n\t\t\t<div class='gallery-icon landscape'>\n\t\t\t\t<a href='https:\/\/hcd.malargue.gov.ar\/wp-content\/uploads\/2021\/09\/IMGP0754-scaled.jpg'><img loading=\"lazy\" decoding=\"async\" width=\"150\" height=\"150\" src=\"https:\/\/hcd.malargue.gov.ar\/wp-content\/uploads\/2021\/09\/IMGP0754-scaled-150x150.jpg\" class=\"attachment-thumbnail size-thumbnail\" alt=\"\" \/><\/a>\n\t\t\t<\/div><\/figure><figure class='gallery-item'>\n\t\t\t<div class='gallery-icon landscape'>\n\t\t\t\t<a href='https:\/\/hcd.malargue.gov.ar\/wp-content\/uploads\/2021\/09\/IMGP0755-scaled.jpg'><img loading=\"lazy\" decoding=\"async\" width=\"150\" height=\"150\" src=\"https:\/\/hcd.malargue.gov.ar\/wp-content\/uploads\/2021\/09\/IMGP0755-scaled-150x150.jpg\" class=\"attachment-thumbnail size-thumbnail\" alt=\"\" \/><\/a>\n\t\t\t<\/div><\/figure><figure class='gallery-item'>\n\t\t\t<div class='gallery-icon landscape'>\n\t\t\t\t<a href='https:\/\/hcd.malargue.gov.ar\/wp-content\/uploads\/2021\/09\/IMGP0756-scaled.jpg'><img loading=\"lazy\" decoding=\"async\" width=\"150\" height=\"150\" src=\"https:\/\/hcd.malargue.gov.ar\/wp-content\/uploads\/2021\/09\/IMGP0756-scaled-150x150.jpg\" class=\"attachment-thumbnail size-thumbnail\" alt=\"\" \/><\/a>\n\t\t\t<\/div><\/figure><figure class='gallery-item'>\n\t\t\t<div class='gallery-icon landscape'>\n\t\t\t\t<a href='https:\/\/hcd.malargue.gov.ar\/wp-content\/uploads\/2021\/09\/IMGP0757-2-scaled.jpg'><img loading=\"lazy\" decoding=\"async\" width=\"150\" height=\"150\" src=\"https:\/\/hcd.malargue.gov.ar\/wp-content\/uploads\/2021\/09\/IMGP0757-2-scaled-150x150.jpg\" class=\"attachment-thumbnail size-thumbnail\" alt=\"\" \/><\/a>\n\t\t\t<\/div><\/figure><figure class='gallery-item'>\n\t\t\t<div class='gallery-icon portrait'>\n\t\t\t\t<a href='https:\/\/hcd.malargue.gov.ar\/wp-content\/uploads\/2021\/09\/IMGP0759-scaled.jpg'><img loading=\"lazy\" decoding=\"async\" width=\"150\" height=\"150\" src=\"https:\/\/hcd.malargue.gov.ar\/wp-content\/uploads\/2021\/09\/IMGP0759-scaled-150x150.jpg\" class=\"attachment-thumbnail size-thumbnail\" alt=\"\" \/><\/a>\n\t\t\t<\/div><\/figure>\n\t\t<\/div>\n\n","protected":false},"excerpt":{"rendered":"<p>SESI\u00d3N ORDINARIA \u2013\u00a0 16 de septiembre del 2021 Presidiendo la Sesi\u00f3n:\u00a0\u00a0Concejal Martin Palma (Bloque Frente Cambia Mendoza) Concejales Presentes: Paola Jofre,\u00a0 Andres Risi, Silvia Correa (Bloque Frente de Todos), Daiana Varas, Gabriel Rosas, Paola Rojo y Luciana Villegas (Bloque Frente Cambia Mendoza) A las 11:20 hs de este jueves16 de septiembre, dio inici\u00f3 el Orden [&hellip;]<\/p>\n","protected":false},"author":5,"featured_media":26053,"comment_status":"closed","ping_status":"closed","sticky":false,"template":"","format":"standard","meta":{"footnotes":""},"categories":[52,58,33,36],"tags":[],"class_list":["post-26018","post","type-post","status-publish","format-standard","has-post-thumbnail","hentry","category-gacetillas","category-ordinarias","category-prensa","category-sesiones"],"yoast_head":"<!-- This site is optimized with the Yoast SEO plugin v19.10 - https:\/\/yoast.com\/wordpress\/plugins\/seo\/ -->\n<title>EL HCD LLEV\u00d3 A CABO LA 26\u00ba SESI\u00d3N ORDINARIA APROBANDO 2 PIEZAS LEGALES - Malarg\u00fce HCD<\/title>\n<meta name=\"robots\" content=\"index, follow, max-snippet:-1, max-image-preview:large, max-video-preview:-1\" \/>\n<link rel=\"canonical\" href=\"https:\/\/hcd.malargue.gov.ar\/?p=26018\" \/>\n<meta property=\"og:locale\" content=\"es_ES\" \/>\n<meta property=\"og:type\" content=\"article\" \/>\n<meta property=\"og:title\" content=\"EL HCD LLEV\u00d3 A CABO LA 26\u00ba SESI\u00d3N ORDINARIA APROBANDO 2 PIEZAS LEGALES - Malarg\u00fce HCD\" \/>\n<meta property=\"og:description\" content=\"SESI\u00d3N ORDINARIA \u2013\u00a0 16 de septiembre del 2021 Presidiendo la Sesi\u00f3n:\u00a0\u00a0Concejal Martin Palma (Bloque Frente Cambia Mendoza) Concejales Presentes: Paola Jofre,\u00a0 Andres Risi, Silvia Correa (Bloque Frente de Todos), Daiana Varas, Gabriel Rosas, Paola Rojo y Luciana Villegas (Bloque Frente Cambia Mendoza) A las 11:20 hs de este jueves16 de septiembre, dio inici\u00f3 el Orden [&hellip;]\" \/>\n<meta property=\"og:url\" content=\"https:\/\/hcd.malargue.gov.ar\/?p=26018\" \/>\n<meta property=\"og:site_name\" content=\"Malarg\u00fce HCD\" \/>\n<meta property=\"article:published_time\" content=\"2021-09-16T15:49:11+00:00\" \/>\n<meta property=\"og:image\" content=\"https:\/\/hcd.malargue.gov.ar\/wp-content\/uploads\/2021\/09\/IMGP0746-scaled.jpg\" \/>\n\t<meta property=\"og:image:width\" content=\"2560\" \/>\n\t<meta property=\"og:image:height\" content=\"1700\" \/>\n\t<meta property=\"og:image:type\" content=\"image\/jpeg\" \/>\n<meta name=\"author\" content=\"Belen Pedernera Ferragut\" \/>\n<meta name=\"twitter:card\" content=\"summary_large_image\" \/>\n<meta name=\"twitter:label1\" content=\"Escrito por\" \/>\n\t<meta name=\"twitter:data1\" content=\"Belen Pedernera Ferragut\" \/>\n\t<meta name=\"twitter:label2\" content=\"Tiempo de lectura\" \/>\n\t<meta name=\"twitter:data2\" content=\"2 minutos\" \/>\n<script type=\"application\/ld+json\" class=\"yoast-schema-graph\">{\"@context\":\"https:\/\/schema.org\",\"@graph\":[{\"@type\":\"WebPage\",\"@id\":\"https:\/\/hcd.malargue.gov.ar\/?p=26018\",\"url\":\"https:\/\/hcd.malargue.gov.ar\/?p=26018\",\"name\":\"EL HCD LLEV\u00d3 A CABO LA 26\u00ba SESI\u00d3N ORDINARIA APROBANDO 2 PIEZAS LEGALES - Malarg\u00fce HCD\",\"isPartOf\":{\"@id\":\"https:\/\/hcd.malargue.gov.ar\/#website\"},\"datePublished\":\"2021-09-16T15:49:11+00:00\",\"dateModified\":\"2021-09-16T15:49:11+00:00\",\"author\":{\"@id\":\"https:\/\/hcd.malargue.gov.ar\/#\/schema\/person\/3fd6bbab64edd703961b795156c955d0\"},\"breadcrumb\":{\"@id\":\"https:\/\/hcd.malargue.gov.ar\/?p=26018#breadcrumb\"},\"inLanguage\":\"es-AR\",\"potentialAction\":[{\"@type\":\"ReadAction\",\"target\":[\"https:\/\/hcd.malargue.gov.ar\/?p=26018\"]}]},{\"@type\":\"BreadcrumbList\",\"@id\":\"https:\/\/hcd.malargue.gov.ar\/?p=26018#breadcrumb\",\"itemListElement\":[{\"@type\":\"ListItem\",\"position\":1,\"name\":\"Inicio\",\"item\":\"https:\/\/hcd.malargue.gov.ar\/\"},{\"@type\":\"ListItem\",\"position\":2,\"name\":\"EL HCD LLEV\u00d3 A CABO LA 26\u00ba SESI\u00d3N ORDINARIA APROBANDO 2 PIEZAS LEGALES\"}]},{\"@type\":\"WebSite\",\"@id\":\"https:\/\/hcd.malargue.gov.ar\/#website\",\"url\":\"https:\/\/hcd.malargue.gov.ar\/\",\"name\":\"Malarg\u00fce HCD\",\"description\":\"Malarg\u00fce Mendoza Argentina\",\"potentialAction\":[{\"@type\":\"SearchAction\",\"target\":{\"@type\":\"EntryPoint\",\"urlTemplate\":\"https:\/\/hcd.malargue.gov.ar\/?s={search_term_string}\"},\"query-input\":\"required name=search_term_string\"}],\"inLanguage\":\"es-AR\"},{\"@type\":\"Person\",\"@id\":\"https:\/\/hcd.malargue.gov.ar\/#\/schema\/person\/3fd6bbab64edd703961b795156c955d0\",\"name\":\"Belen Pedernera Ferragut\",\"image\":{\"@type\":\"ImageObject\",\"inLanguage\":\"es-AR\",\"@id\":\"https:\/\/hcd.malargue.gov.ar\/#\/schema\/person\/image\/\",\"url\":\"https:\/\/secure.gravatar.com\/avatar\/1054ffab3893de4bb3eb29bdd22f7e34b8537bf5d34d9dab311818154ad5b71f?s=96&d=mm&r=g\",\"contentUrl\":\"https:\/\/secure.gravatar.com\/avatar\/1054ffab3893de4bb3eb29bdd22f7e34b8537bf5d34d9dab311818154ad5b71f?s=96&d=mm&r=g\",\"caption\":\"Belen Pedernera Ferragut\"},\"url\":\"https:\/\/hcd.malargue.gov.ar\/?author=5\"}]}<\/script>\n<!-- \/ Yoast SEO plugin. -->","yoast_head_json":{"title":"EL HCD LLEV\u00d3 A CABO LA 26\u00ba SESI\u00d3N ORDINARIA APROBANDO 2 PIEZAS LEGALES - Malarg\u00fce HCD","robots":{"index":"index","follow":"follow","max-snippet":"max-snippet:-1","max-image-preview":"max-image-preview:large","max-video-preview":"max-video-preview:-1"},"canonical":"https:\/\/hcd.malargue.gov.ar\/?p=26018","og_locale":"es_ES","og_type":"article","og_title":"EL HCD LLEV\u00d3 A CABO LA 26\u00ba SESI\u00d3N ORDINARIA APROBANDO 2 PIEZAS LEGALES - Malarg\u00fce HCD","og_description":"SESI\u00d3N ORDINARIA \u2013\u00a0 16 de septiembre del 2021 Presidiendo la Sesi\u00f3n:\u00a0\u00a0Concejal Martin Palma (Bloque Frente Cambia Mendoza) Concejales Presentes: Paola Jofre,\u00a0 Andres Risi, Silvia Correa (Bloque Frente de Todos), Daiana Varas, Gabriel Rosas, Paola Rojo y Luciana Villegas (Bloque Frente Cambia Mendoza) A las 11:20 hs de este jueves16 de septiembre, dio inici\u00f3 el Orden [&hellip;]","og_url":"https:\/\/hcd.malargue.gov.ar\/?p=26018","og_site_name":"Malarg\u00fce HCD","article_published_time":"2021-09-16T15:49:11+00:00","og_image":[{"width":2560,"height":1700,"url":"https:\/\/hcd.malargue.gov.ar\/wp-content\/uploads\/2021\/09\/IMGP0746-scaled.jpg","type":"image\/jpeg"}],"author":"Belen Pedernera Ferragut","twitter_card":"summary_large_image","twitter_misc":{"Escrito por":"Belen Pedernera Ferragut","Tiempo de lectura":"2 minutos"},"schema":{"@context":"https:\/\/schema.org","@graph":[{"@type":"WebPage","@id":"https:\/\/hcd.malargue.gov.ar\/?p=26018","url":"https:\/\/hcd.malargue.gov.ar\/?p=26018","name":"EL HCD LLEV\u00d3 A CABO LA 26\u00ba SESI\u00d3N ORDINARIA APROBANDO 2 PIEZAS LEGALES - Malarg\u00fce HCD","isPartOf":{"@id":"https:\/\/hcd.malargue.gov.ar\/#website"},"datePublished":"2021-09-16T15:49:11+00:00","dateModified":"2021-09-16T15:49:11+00:00","author":{"@id":"https:\/\/hcd.malargue.gov.ar\/#\/schema\/person\/3fd6bbab64edd703961b795156c955d0"},"breadcrumb":{"@id":"https:\/\/hcd.malargue.gov.ar\/?p=26018#breadcrumb"},"inLanguage":"es-AR","potentialAction":[{"@type":"ReadAction","target":["https:\/\/hcd.malargue.gov.ar\/?p=26018"]}]},{"@type":"BreadcrumbList","@id":"https:\/\/hcd.malargue.gov.ar\/?p=26018#breadcrumb","itemListElement":[{"@type":"ListItem","position":1,"name":"Inicio","item":"https:\/\/hcd.malargue.gov.ar\/"},{"@type":"ListItem","position":2,"name":"EL HCD LLEV\u00d3 A CABO LA 26\u00ba SESI\u00d3N ORDINARIA APROBANDO 2 PIEZAS LEGALES"}]},{"@type":"WebSite","@id":"https:\/\/hcd.malargue.gov.ar\/#website","url":"https:\/\/hcd.malargue.gov.ar\/","name":"Malarg\u00fce HCD","description":"Malarg\u00fce Mendoza Argentina","potentialAction":[{"@type":"SearchAction","target":{"@type":"EntryPoint","urlTemplate":"https:\/\/hcd.malargue.gov.ar\/?s={search_term_string}"},"query-input":"required name=search_term_string"}],"inLanguage":"es-AR"},{"@type":"Person","@id":"https:\/\/hcd.malargue.gov.ar\/#\/schema\/person\/3fd6bbab64edd703961b795156c955d0","name":"Belen Pedernera Ferragut","image":{"@type":"ImageObject","inLanguage":"es-AR","@id":"https:\/\/hcd.malargue.gov.ar\/#\/schema\/person\/image\/","url":"https:\/\/secure.gravatar.com\/avatar\/1054ffab3893de4bb3eb29bdd22f7e34b8537bf5d34d9dab311818154ad5b71f?s=96&d=mm&r=g","contentUrl":"https:\/\/secure.gravatar.com\/avatar\/1054ffab3893de4bb3eb29bdd22f7e34b8537bf5d34d9dab311818154ad5b71f?s=96&d=mm&r=g","caption":"Belen Pedernera Ferragut"},"url":"https:\/\/hcd.malargue.gov.ar\/?author=5"}]}},"_links":{"self":[{"href":"https:\/\/hcd.malargue.gov.ar\/index.php?rest_route=\/wp\/v2\/posts\/26018","targetHints":{"allow":["GET"]}}],"collection":[{"href":"https:\/\/hcd.malargue.gov.ar\/index.php?rest_route=\/wp\/v2\/posts"}],"about":[{"href":"https:\/\/hcd.malargue.gov.ar\/index.php?rest_route=\/wp\/v2\/types\/post"}],"author":[{"embeddable":true,"href":"https:\/\/hcd.malargue.gov.ar\/index.php?rest_route=\/wp\/v2\/users\/5"}],"replies":[{"embeddable":true,"href":"https:\/\/hcd.malargue.gov.ar\/index.php?rest_route=%2Fwp%2Fv2%2Fcomments&post=26018"}],"version-history":[{"count":0,"href":"https:\/\/hcd.malargue.gov.ar\/index.php?rest_route=\/wp\/v2\/posts\/26018\/revisions"}],"wp:featuredmedia":[{"embeddable":true,"href":"https:\/\/hcd.malargue.gov.ar\/index.php?rest_route=\/wp\/v2\/media\/26053"}],"wp:attachment":[{"href":"https:\/\/hcd.malargue.gov.ar\/index.php?rest_route=%2Fwp%2Fv2%2Fmedia&parent=26018"}],"wp:term":[{"taxonomy":"category","embeddable":true,"href":"https:\/\/hcd.malargue.gov.ar\/index.php?rest_route=%2Fwp%2Fv2%2Fcategories&post=26018"},{"taxonomy":"post_tag","embeddable":true,"href":"https:\/\/hcd.malargue.gov.ar\/index.php?rest_route=%2Fwp%2Fv2%2Ftags&post=26018"}],"curies":[{"name":"wp","href":"https:\/\/api.w.org\/{rel}","templated":true}]}}