{"id":26090,"date":"2021-09-22T09:08:06","date_gmt":"2021-09-22T12:08:06","guid":{"rendered":"https:\/\/hcd.malargue.gov.ar\/?p=26090"},"modified":"2021-09-22T09:08:06","modified_gmt":"2021-09-22T12:08:06","slug":"ordenanza-n2-123-2-021","status":"publish","type":"post","link":"https:\/\/hcd.malargue.gov.ar\/?p=26090","title":{"rendered":"ORDENANZA N\u00b02.123\/ 2.021"},"content":{"rendered":"<p><strong>AUTORA:<\/strong> CONCEJAL PAOLA ROJO<\/p>\n<p data-wp-editing=\"1\">BLOQUE FRENTE CAMBIA MENDOZA <a href=\"http:\/\/hcd.malargue.gov.ar\/hcdpdf\/On%202123%202021%20Promotores%20Ambientales.pdf\"><img loading=\"lazy\" decoding=\"async\" class=\"alignright wp-image-7950\" src=\"https:\/\/hcd.malargue.gov.ar\/wp-content\/uploads\/2018\/06\/PDF-JPG-300x300.jpg\" alt=\"\" width=\"85\" height=\"85\" srcset=\"https:\/\/hcd.malargue.gov.ar\/wp-content\/uploads\/2018\/06\/PDF-JPG-300x300.jpg 300w, https:\/\/hcd.malargue.gov.ar\/wp-content\/uploads\/2018\/06\/PDF-JPG-150x150.jpg 150w, https:\/\/hcd.malargue.gov.ar\/wp-content\/uploads\/2018\/06\/PDF-JPG.jpg 512w\" sizes=\"auto, (max-width: 85px) 100vw, 85px\" \/><\/a><\/p>\n<p>VISTO: El contenido del Expediente N\u00b0 5.017 HC 037 \u2013 2.021. Bloque Frente Cambia Mendoza. Proyecto de Ordenanza: Fac\u00faltese al Departamento Ejecutivo Municipal, la creaci\u00f3n de la Unidad Coordinadora y Ejecutora de Promotores Ambientales, en el \u00e1mbito departamental.<\/p>\n<p>Que el promotor ambiental municipal, tiene como finalidad fortalecer y desarrollar las capacidades en ni\u00f1os, j\u00f3venes y adultos para que sean ciudadanos\/as que contribuyan con la protecci\u00f3n del ambiente, el aprovechamiento y el fortalecimiento sostenible de los recursos naturales de la institucionalidad ambiental y los mecanismos de participaci\u00f3n ciudadana.<\/p>\n<p>Y;<\/p>\n<p>CONSIDERANDO: Que los promotores ambientales se convierten en ejes articuladores de las estrategias de educaci\u00f3n ambiental, desarrollando proyectos y programas de apoyo en sus comunidades, generalmente enmarcados por procesos de sensibilizaci\u00f3n y educaci\u00f3n.<\/p>\n<p>Que el promotor ambiental, es un l\u00edder con gran sensibilidad y responsabilidad social frente al desarrollo sostenible de su localidad y su regi\u00f3n. Es una persona cuyo inter\u00e9s por la comunidad y por la soluci\u00f3n de sus problemas sociales lo han constituido en un sujeto respetado y reconocido por la localidad en la que habita. Se destaca por su vocaci\u00f3n de servicio, por su saber y conocimiento espont\u00e1neo, que le permiten dar respuestas y proponer formulas de encuentro para conciliar los intereses de distintos actores sociales.<\/p>\n<p>Que su quehacer se enmarca en la participaci\u00f3n ciudadana, el control social a la gesti\u00f3n ambiental, la organizaci\u00f3n de sus comunidades en torno a la soluci\u00f3n de las problem\u00e1ticas ambientales, la preservaci\u00f3n de las tradiciones culturales, la formulaci\u00f3n de proyectos ciudadanos de educaci\u00f3n ambiental y socio ambientales.<\/p>\n<p>Que la cultura ambiental es un proceso educativo, integral e interdisciplinario que considera al ambiente como un todo y que busca involucrar a la poblaci\u00f3n en general en la identificaci\u00f3n y resoluci\u00f3n de problemas a trav\u00e9s de la adquisici\u00f3n de conocimientos, valores, actitudes y habilidades, la toma de decisiones y la participaci\u00f3n activa y organizada.<\/p>\n<p>Que los problemas ambientales relacionados con el desarrollo econ\u00f3mico y social est\u00e1n siendo, desde hace algunas d\u00e9cadas tomados cada vez m\u00e1s en cuenta. Hasta el momento las soluciones han venido parcialmente de la mano de cambios tecnol\u00f3gicos, de la sanci\u00f3n de normativas m\u00e1s estrictas, de establecer impuestos a quien contamine o de subsidios a quien elabore productos &#8220;verdes&#8221; con el ambiente natural o recicle. Todas estas medidas han tenido un \u00e9xito relativo, lo cierto es que la situaci\u00f3n ambiental del planeta es cada vez peor y se torna irreversible.<\/p>\n<p>Que la Ley General del Ambiente N\u00b0 25.675, en su Inciso c del Art\u00edculo 2\u00b0 establece \u201cFomentar la participaci\u00f3n social en la toma de decisi\u00f3n\u201d, y en su Art\u00edculo 8\u00b0 establece la Educaci\u00f3n Ambiental como uno de los instrumentos de la pol\u00edtica y la gesti\u00f3n ambiental.<\/p>\n<p>Que en su Art\u00edculo 14\u00b0, se considera que la Educaci\u00f3n Ambiental es un instrumento b\u00e1sico para generar en los ciudadanos valores, comportamientos y actitudes que sean acordes con un ambiente equilibrado, propendan a la preservaci\u00f3n de los recursos naturales y su utilizaci\u00f3n sostenible, y mejoren la calidad de vida de la poblaci\u00f3n<\/p>\n<p>Que en la misma Ley, en su Art\u00edculo 15\u00b0, se considera necesario abordar la Educaci\u00f3n Ambiental como un proceso continuo y permanente, debiendo comprender cu\u00e1l es el sentido y el papel, en este contexto hist\u00f3rico, de la educaci\u00f3n, que como proceso tiene un importante lugar en la transmisi\u00f3n del pasado y la consecuci\u00f3n del futuro. \u201cEl primer requisito para la soluci\u00f3n de un problema es el reconocimiento de que el problema existe, o sea, la toma de conciencia de ello.\u201d<\/p>\n<p>Que la problem\u00e1tica ecol\u00f3gica es cada vez m\u00e1s amenazadora, el continuo crecimiento industrial ha ocasionado el deterioro y la p\u00e9rdida de los recursos naturales, convirti\u00e9ndose en uno de los principales problemas en el \u00e1mbito mundial. Que el objetivo es capacitar a los j\u00f3venes para que contribuyan a la resiliencia de sus comunidades, proponiendo soluciones innovadoras, generando un progreso social e inspirando cambios en todos los aspectos.<\/p>\n<p>EL HONORABLE CONCEJO DELIBERANTE DE LA MUNICIPALIDAD DE MALARG\u00dcE EN USO DE LAS FACULTADES QUE LE SON PROPIAS<\/p>\n<p>ORDENA<\/p>\n<p>ART\u00cdCULO 1\u00b0: Fac\u00faltese al Departamento Ejecutivo Municipal, la creaci\u00f3n de la Unidad Coordinadora y Ejecutora de Promotores Ambientales, en el Departamento de Malarg\u00fce.<\/p>\n<p>ART\u00cdCULO 2\u00b0: Def\u00ednase por promotor ambiental, aquel operario municipal, que participe de acciones de cuidado ambiental junto a la comunidad, con el objetivo de lograr un cambio cultural y la implementaci\u00f3n de medidas que fortalezcan la pol\u00edtica p\u00fablica ambiental.<\/p>\n<p>ARTICULO 3\u00b0: Implem\u00e9ntese el desarrollo de una Pol\u00edtica P\u00fablica Departamental en el \u00c1mbito Educativo.<\/p>\n<p>ARTICULO 4\u00b0: Gen\u00e9rese desde la Municipalidad de Malarg\u00fce los espacios de participaci\u00f3n y formaci\u00f3n con el objetivo de lograr un cambio de valores que motive dicha interacci\u00f3n, valonado que el cuidado del medio ambiente es una construcci\u00f3n socio-cultural que resulta de la interacci\u00f3n sociedad-ambiente.<\/p>\n<p>ART\u00cdCULO 5\u00b0: Acred\u00edtese a \u00e9sta Unidad Coordinadora y Ejecutora de Promotores Ambientales, la implementaci\u00f3n de Planes y Programas en forma conjunta con las \u00e1reas pertinentes; cursos, talleres y dem\u00e1s acciones concretas de formaci\u00f3n y aprendizaje, con el objeto de maximizar las aptitudes, habilidades y capacidades del promotor ambiental.<\/p>\n<p>ART\u00cdCULO 6\u00b0: Ot\u00f3rguese al Promotor Ambiental, las siguientes funciones:<\/p>\n<ul>\n<li>Conocer y difundir la Pol\u00edtica Departamental de Educaci\u00f3n Ambiental y sus estrategias.<\/li>\n<li>Ser facilitadores sociales a fin de canalizar soluciones ambientales entre la comunidad y el ente gubernamental<\/li>\n<li>Ser promotores que contribuyan a la resiliencia de sus comunidades, proponiendo soluciones innovadoras, generando un progreso social e inspirando cambios en todos los aspectos clim\u00e1ticos, tales como sensibilizaci\u00f3n, educaci\u00f3n y capacitaci\u00f3n comunitaria.<\/li>\n<li>Adem\u00e1s, tendr\u00e1n como misi\u00f3n desarrollar la concientizaci\u00f3n y promoci\u00f3n de actividades referidas a la preservaci\u00f3n de los ecosistemas urbanos y rurales.<\/li>\n<li>Articular con instituciones educativas y organizaciones sociales, sobre procesos ambientales locales y regionales.<\/li>\n<li>Estimular el fortalecimiento de la participaci\u00f3n ciudadana y la capacidad organizativa de la comunidad, por diferentes v\u00edas de comunicaci\u00f3n.<\/li>\n<li>Acompa\u00f1ar en diferentes instancias ambientales, las actividades generadas por las entidades sociales (escuelas, clubes deportivos, uniones vecinales, ONG\u2019s).<\/li>\n<li>Conocer la legislaci\u00f3n ambiental vigente, a fin completar sus acciones con el respaldo legal vigente.<\/li>\n<li>Entre otras.<\/li>\n<\/ul>\n<p>ARTICULO 6\u00b0: Facil\u00edtese el proceso de adecuaci\u00f3n de los sujetos alcanzados por la presente, la Coordinaci\u00f3n de Ambiente\u00a0 y Coordinaci\u00f3n de Modernizaci\u00f3n del Estado, de la Municipalidad de Malarg\u00fce, o las \u00e1reas que las reemplace en el futuro, quienes llevar\u00e1n adelante acciones de informaci\u00f3n, capacitaci\u00f3n y educaci\u00f3n ambiental.<\/p>\n<p>ART\u00cdCULO 7\u00b0: Comun\u00edquese, reg\u00edstrese, c\u00famplase, publ\u00edquese, agr\u00e9guese copia de la presente en las actuaciones correspondientes y arch\u00edvese.<\/p>\n<p>DADA EN LA SALA DE SESIONES DR. RICARDO BALBIN DEL HONORABLE CONCEJO DELIBERANTE DE LA MUNICIPALIDAD DE MALARG\u00dcE A DIECISEIS D\u00cdAS DE SEPTIEMBRE DE DOS MIL VEINTIUNO<\/p>\n","protected":false},"excerpt":{"rendered":"<p>AUTORA: CONCEJAL PAOLA ROJO BLOQUE FRENTE CAMBIA MENDOZA VISTO: El contenido del Expediente N\u00b0 5.017 HC 037 \u2013 2.021. Bloque Frente Cambia Mendoza. Proyecto de Ordenanza: Fac\u00faltese al Departamento Ejecutivo Municipal, la creaci\u00f3n de la Unidad Coordinadora y Ejecutora de Promotores Ambientales, en el \u00e1mbito departamental. Que el promotor ambiental municipal, tiene como finalidad fortalecer [&hellip;]<\/p>\n","protected":false},"author":5,"featured_media":26091,"comment_status":"closed","ping_status":"closed","sticky":false,"template":"","format":"standard","meta":{"footnotes":""},"categories":[52,29,48,33],"tags":[],"class_list":["post-26090","post","type-post","status-publish","format-standard","has-post-thumbnail","hentry","category-gacetillas","category-lesgilacion","category-ordenanzas-municipales","category-prensa"],"yoast_head":"<!-- This site is optimized with the Yoast SEO plugin v19.10 - https:\/\/yoast.com\/wordpress\/plugins\/seo\/ -->\n<title>ORDENANZA N\u00b02.123\/ 2.021 - Malarg\u00fce HCD<\/title>\n<meta name=\"robots\" content=\"index, follow, max-snippet:-1, max-image-preview:large, max-video-preview:-1\" \/>\n<link rel=\"canonical\" href=\"https:\/\/hcd.malargue.gov.ar\/?p=26090\" \/>\n<meta property=\"og:locale\" content=\"es_ES\" \/>\n<meta property=\"og:type\" content=\"article\" \/>\n<meta property=\"og:title\" content=\"ORDENANZA N\u00b02.123\/ 2.021 - Malarg\u00fce HCD\" \/>\n<meta property=\"og:description\" content=\"AUTORA: CONCEJAL PAOLA ROJO BLOQUE FRENTE CAMBIA MENDOZA VISTO: El contenido del Expediente N\u00b0 5.017 HC 037 \u2013 2.021. Bloque Frente Cambia Mendoza. Proyecto de Ordenanza: Fac\u00faltese al Departamento Ejecutivo Municipal, la creaci\u00f3n de la Unidad Coordinadora y Ejecutora de Promotores Ambientales, en el \u00e1mbito departamental. Que el promotor ambiental municipal, tiene como finalidad fortalecer [&hellip;]\" \/>\n<meta property=\"og:url\" content=\"https:\/\/hcd.malargue.gov.ar\/?p=26090\" \/>\n<meta property=\"og:site_name\" content=\"Malarg\u00fce HCD\" \/>\n<meta property=\"article:published_time\" content=\"2021-09-22T12:08:06+00:00\" \/>\n<meta property=\"og:image\" content=\"https:\/\/hcd.malargue.gov.ar\/wp-content\/uploads\/2021\/09\/on-2123-2021.jpg\" \/>\n\t<meta property=\"og:image:width\" content=\"1280\" \/>\n\t<meta property=\"og:image:height\" content=\"720\" \/>\n\t<meta property=\"og:image:type\" content=\"image\/jpeg\" \/>\n<meta name=\"author\" content=\"Belen Pedernera Ferragut\" \/>\n<meta name=\"twitter:card\" content=\"summary_large_image\" \/>\n<meta name=\"twitter:label1\" content=\"Escrito por\" \/>\n\t<meta name=\"twitter:data1\" content=\"Belen Pedernera Ferragut\" \/>\n\t<meta name=\"twitter:label2\" content=\"Tiempo de lectura\" \/>\n\t<meta name=\"twitter:data2\" content=\"6 minutos\" \/>\n<script type=\"application\/ld+json\" class=\"yoast-schema-graph\">{\"@context\":\"https:\/\/schema.org\",\"@graph\":[{\"@type\":\"WebPage\",\"@id\":\"https:\/\/hcd.malargue.gov.ar\/?p=26090\",\"url\":\"https:\/\/hcd.malargue.gov.ar\/?p=26090\",\"name\":\"ORDENANZA N\u00b02.123\/ 2.021 - Malarg\u00fce HCD\",\"isPartOf\":{\"@id\":\"https:\/\/hcd.malargue.gov.ar\/#website\"},\"datePublished\":\"2021-09-22T12:08:06+00:00\",\"dateModified\":\"2021-09-22T12:08:06+00:00\",\"author\":{\"@id\":\"https:\/\/hcd.malargue.gov.ar\/#\/schema\/person\/3fd6bbab64edd703961b795156c955d0\"},\"breadcrumb\":{\"@id\":\"https:\/\/hcd.malargue.gov.ar\/?p=26090#breadcrumb\"},\"inLanguage\":\"es-AR\",\"potentialAction\":[{\"@type\":\"ReadAction\",\"target\":[\"https:\/\/hcd.malargue.gov.ar\/?p=26090\"]}]},{\"@type\":\"BreadcrumbList\",\"@id\":\"https:\/\/hcd.malargue.gov.ar\/?p=26090#breadcrumb\",\"itemListElement\":[{\"@type\":\"ListItem\",\"position\":1,\"name\":\"Inicio\",\"item\":\"https:\/\/hcd.malargue.gov.ar\/\"},{\"@type\":\"ListItem\",\"position\":2,\"name\":\"ORDENANZA N\u00b02.123\/ 2.021\"}]},{\"@type\":\"WebSite\",\"@id\":\"https:\/\/hcd.malargue.gov.ar\/#website\",\"url\":\"https:\/\/hcd.malargue.gov.ar\/\",\"name\":\"Malarg\u00fce HCD\",\"description\":\"Malarg\u00fce Mendoza Argentina\",\"potentialAction\":[{\"@type\":\"SearchAction\",\"target\":{\"@type\":\"EntryPoint\",\"urlTemplate\":\"https:\/\/hcd.malargue.gov.ar\/?s={search_term_string}\"},\"query-input\":\"required name=search_term_string\"}],\"inLanguage\":\"es-AR\"},{\"@type\":\"Person\",\"@id\":\"https:\/\/hcd.malargue.gov.ar\/#\/schema\/person\/3fd6bbab64edd703961b795156c955d0\",\"name\":\"Belen Pedernera Ferragut\",\"image\":{\"@type\":\"ImageObject\",\"inLanguage\":\"es-AR\",\"@id\":\"https:\/\/hcd.malargue.gov.ar\/#\/schema\/person\/image\/\",\"url\":\"https:\/\/secure.gravatar.com\/avatar\/1054ffab3893de4bb3eb29bdd22f7e34b8537bf5d34d9dab311818154ad5b71f?s=96&d=mm&r=g\",\"contentUrl\":\"https:\/\/secure.gravatar.com\/avatar\/1054ffab3893de4bb3eb29bdd22f7e34b8537bf5d34d9dab311818154ad5b71f?s=96&d=mm&r=g\",\"caption\":\"Belen Pedernera Ferragut\"},\"url\":\"https:\/\/hcd.malargue.gov.ar\/?author=5\"}]}<\/script>\n<!-- \/ Yoast SEO plugin. -->","yoast_head_json":{"title":"ORDENANZA N\u00b02.123\/ 2.021 - Malarg\u00fce HCD","robots":{"index":"index","follow":"follow","max-snippet":"max-snippet:-1","max-image-preview":"max-image-preview:large","max-video-preview":"max-video-preview:-1"},"canonical":"https:\/\/hcd.malargue.gov.ar\/?p=26090","og_locale":"es_ES","og_type":"article","og_title":"ORDENANZA N\u00b02.123\/ 2.021 - Malarg\u00fce HCD","og_description":"AUTORA: CONCEJAL PAOLA ROJO BLOQUE FRENTE CAMBIA MENDOZA VISTO: El contenido del Expediente N\u00b0 5.017 HC 037 \u2013 2.021. Bloque Frente Cambia Mendoza. Proyecto de Ordenanza: Fac\u00faltese al Departamento Ejecutivo Municipal, la creaci\u00f3n de la Unidad Coordinadora y Ejecutora de Promotores Ambientales, en el \u00e1mbito departamental. Que el promotor ambiental municipal, tiene como finalidad fortalecer [&hellip;]","og_url":"https:\/\/hcd.malargue.gov.ar\/?p=26090","og_site_name":"Malarg\u00fce HCD","article_published_time":"2021-09-22T12:08:06+00:00","og_image":[{"width":1280,"height":720,"url":"https:\/\/hcd.malargue.gov.ar\/wp-content\/uploads\/2021\/09\/on-2123-2021.jpg","type":"image\/jpeg"}],"author":"Belen Pedernera Ferragut","twitter_card":"summary_large_image","twitter_misc":{"Escrito por":"Belen Pedernera Ferragut","Tiempo de lectura":"6 minutos"},"schema":{"@context":"https:\/\/schema.org","@graph":[{"@type":"WebPage","@id":"https:\/\/hcd.malargue.gov.ar\/?p=26090","url":"https:\/\/hcd.malargue.gov.ar\/?p=26090","name":"ORDENANZA N\u00b02.123\/ 2.021 - Malarg\u00fce HCD","isPartOf":{"@id":"https:\/\/hcd.malargue.gov.ar\/#website"},"datePublished":"2021-09-22T12:08:06+00:00","dateModified":"2021-09-22T12:08:06+00:00","author":{"@id":"https:\/\/hcd.malargue.gov.ar\/#\/schema\/person\/3fd6bbab64edd703961b795156c955d0"},"breadcrumb":{"@id":"https:\/\/hcd.malargue.gov.ar\/?p=26090#breadcrumb"},"inLanguage":"es-AR","potentialAction":[{"@type":"ReadAction","target":["https:\/\/hcd.malargue.gov.ar\/?p=26090"]}]},{"@type":"BreadcrumbList","@id":"https:\/\/hcd.malargue.gov.ar\/?p=26090#breadcrumb","itemListElement":[{"@type":"ListItem","position":1,"name":"Inicio","item":"https:\/\/hcd.malargue.gov.ar\/"},{"@type":"ListItem","position":2,"name":"ORDENANZA N\u00b02.123\/ 2.021"}]},{"@type":"WebSite","@id":"https:\/\/hcd.malargue.gov.ar\/#website","url":"https:\/\/hcd.malargue.gov.ar\/","name":"Malarg\u00fce HCD","description":"Malarg\u00fce Mendoza Argentina","potentialAction":[{"@type":"SearchAction","target":{"@type":"EntryPoint","urlTemplate":"https:\/\/hcd.malargue.gov.ar\/?s={search_term_string}"},"query-input":"required name=search_term_string"}],"inLanguage":"es-AR"},{"@type":"Person","@id":"https:\/\/hcd.malargue.gov.ar\/#\/schema\/person\/3fd6bbab64edd703961b795156c955d0","name":"Belen Pedernera Ferragut","image":{"@type":"ImageObject","inLanguage":"es-AR","@id":"https:\/\/hcd.malargue.gov.ar\/#\/schema\/person\/image\/","url":"https:\/\/secure.gravatar.com\/avatar\/1054ffab3893de4bb3eb29bdd22f7e34b8537bf5d34d9dab311818154ad5b71f?s=96&d=mm&r=g","contentUrl":"https:\/\/secure.gravatar.com\/avatar\/1054ffab3893de4bb3eb29bdd22f7e34b8537bf5d34d9dab311818154ad5b71f?s=96&d=mm&r=g","caption":"Belen Pedernera Ferragut"},"url":"https:\/\/hcd.malargue.gov.ar\/?author=5"}]}},"_links":{"self":[{"href":"https:\/\/hcd.malargue.gov.ar\/index.php?rest_route=\/wp\/v2\/posts\/26090","targetHints":{"allow":["GET"]}}],"collection":[{"href":"https:\/\/hcd.malargue.gov.ar\/index.php?rest_route=\/wp\/v2\/posts"}],"about":[{"href":"https:\/\/hcd.malargue.gov.ar\/index.php?rest_route=\/wp\/v2\/types\/post"}],"author":[{"embeddable":true,"href":"https:\/\/hcd.malargue.gov.ar\/index.php?rest_route=\/wp\/v2\/users\/5"}],"replies":[{"embeddable":true,"href":"https:\/\/hcd.malargue.gov.ar\/index.php?rest_route=%2Fwp%2Fv2%2Fcomments&post=26090"}],"version-history":[{"count":0,"href":"https:\/\/hcd.malargue.gov.ar\/index.php?rest_route=\/wp\/v2\/posts\/26090\/revisions"}],"wp:featuredmedia":[{"embeddable":true,"href":"https:\/\/hcd.malargue.gov.ar\/index.php?rest_route=\/wp\/v2\/media\/26091"}],"wp:attachment":[{"href":"https:\/\/hcd.malargue.gov.ar\/index.php?rest_route=%2Fwp%2Fv2%2Fmedia&parent=26090"}],"wp:term":[{"taxonomy":"category","embeddable":true,"href":"https:\/\/hcd.malargue.gov.ar\/index.php?rest_route=%2Fwp%2Fv2%2Fcategories&post=26090"},{"taxonomy":"post_tag","embeddable":true,"href":"https:\/\/hcd.malargue.gov.ar\/index.php?rest_route=%2Fwp%2Fv2%2Ftags&post=26090"}],"curies":[{"name":"wp","href":"https:\/\/api.w.org\/{rel}","templated":true}]}}