{"id":26611,"date":"2021-10-25T12:28:41","date_gmt":"2021-10-25T15:28:41","guid":{"rendered":"https:\/\/hcd.malargue.gov.ar\/?p=26611"},"modified":"2021-10-25T12:28:41","modified_gmt":"2021-10-25T15:28:41","slug":"ordenanza-n-2-128-2-021","status":"publish","type":"post","link":"https:\/\/hcd.malargue.gov.ar\/?p=26611","title":{"rendered":"ORDENANZA N\u00b0 2.128\/2.021"},"content":{"rendered":"<p><strong>AUTORA:<\/strong> CONCEJAL LUCIANA VILLEGAS<\/p>\n<p data-wp-editing=\"1\">BLOQUE FRENTE CAMBIA MENDOZA <a href=\"http:\/\/hcd.malargue.gov.ar\/hcdpdf\/On%202128%202021%20monumento%20en%20memoria%20victimas%20fallecidas%20Covid.pdf\"><img loading=\"lazy\" decoding=\"async\" class=\"alignright wp-image-7950\" src=\"https:\/\/hcd.malargue.gov.ar\/wp-content\/uploads\/2018\/06\/PDF-JPG-300x300.jpg\" alt=\"\" width=\"79\" height=\"79\" srcset=\"https:\/\/hcd.malargue.gov.ar\/wp-content\/uploads\/2018\/06\/PDF-JPG-300x300.jpg 300w, https:\/\/hcd.malargue.gov.ar\/wp-content\/uploads\/2018\/06\/PDF-JPG-150x150.jpg 150w, https:\/\/hcd.malargue.gov.ar\/wp-content\/uploads\/2018\/06\/PDF-JPG.jpg 512w\" sizes=\"auto, (max-width: 79px) 100vw, 79px\" \/><\/a><\/p>\n<p>VISTO: El contenido del Expediente N\u00b0 4.905 HC 029 \u2013 2021. Bloque Frente Cambia Mendoza. Proyecto de Ordenanza: Creaci\u00f3n de un monumento recordatorio en memoria de las victimas fallecidas por Covid-19.<\/p>\n<p>Que desde el comienzo de la Pandemia Covid-19 muchos malarg\u00fcinos han sido v\u00edctimas de este virus y es por ello que vemos con agrado la creaci\u00f3n de un monumento como recordatorio y en memoria de las v\u00edctimas y sus familias.<\/p>\n<p>Y;<\/p>\n<p>CONSIDERANDO: Que los a\u00f1os 2020 y 2021 ser\u00e1n recordados por la Pandemia de Covid-19.<\/p>\n<p>Que el Covid-19 ya dejo m\u00e1s de 4.000.000 (cuatro millones) de muertos en todo el mundo, y aunque la pandemia aun no termino, y muchos pa\u00edses sufren nuevas olas, varias localidades ya\u00a0 decidieron comenzar a recordar a las v\u00edctimas.<\/p>\n<p>Que este monumento tendr\u00e1 como objetivo mantener el recuerdo de las personas de nuestra comunidad que fallecieron, v\u00edctimas de Covid-19.<\/p>\n<p>Que este monumento podr\u00e1 formar parte del \u201cD\u00eda por la memoria de los fallecidos por Covid-19\u201d, que trata de impulsar un grupo de Diputados Nacionales, que apunta a recordar a las v\u00edctimas de la pandemia en el d\u00eda que se registro la primera muerte por Covid-19 en Argentina.<\/p>\n<p>EL HONORABLE CONCEJO DELIBERANTE DE LA MUNICIPALIDAD DE MALARG\u00dcE EN USO DE LAS FACULTADES QUE LE SON PROPIAS<\/p>\n<p>ORDENA<\/p>\n<p>ARTICULO 1\u00b0: Cr\u00e9ase un Monumento Recordatorio en Memoria de las Victimas Fallecidas por Covid-19.<\/p>\n<p>ART\u00cdCULO 2\u00b0: Determ\u00ednese la ubicaci\u00f3n del Monumento por parte del Departamento Ejecutivo Municipal, sugiriendo las siguientes ubicaciones.<\/p>\n<ul>\n<li>Esquivel Aldao y Avenida General Argentino Roca (Espacio libre frente a la puerta del Hospital Regional Malarg\u00fce, en espacio verde al margen de la Ciclov\u00eda).<\/li>\n<li>En el Parque del Ayer.<\/li>\n<li>Y\/o cualquier otro espacio que el Departamento Ejecutivo Municipal considere pertinente.<\/li>\n<\/ul>\n<p>ARTICULO 3\u00b0: Real\u00edcese una convocatoria de artistas malarg\u00fcinos, arquitectos y otros interesados a realizar el dise\u00f1o del monumento, para posterior elecci\u00f3n a cargo del Departamento Ejecutivo Municipal.<\/p>\n<p>ARTICULO 4\u00b0: Determ\u00ednese en el Monumento, una superficie libre para que las familias de las victimas puedan colocar placas conmemorativas, las cuales deber\u00e1n cumplir con las siguientes caracter\u00edsticas: Medida 15&#215;8 cm, nombre, fecha de nacimiento y fecha de defunci\u00f3n del fallecido, v\u00edctima de Covid-19.<\/p>\n<p>ARTICULO 5\u00b0: Imp\u00fatese los gastos a la partida presupuestaria correspondiente del 2.022.<\/p>\n<p>ARTICULO 6\u00b0: Comun\u00edquese, reg\u00edstrese, c\u00famplase, publ\u00edquese, agr\u00e9guese copia de la presente en las actuaciones correspondientes y arch\u00edvese.<\/p>\n<p>DADA EN LA SALA DE SESIONES DR. RICARDO BALBIN DEL HONORABLE CONCEJO DELIBERANTE DE LA MUNICIPALIDAD DE MALARG\u00dcE A CATORCE D\u00cdAS DE OCTUBRE DE DOS MIL VEINTIUNO.<\/p>\n<p>&nbsp;<\/p>\n","protected":false},"excerpt":{"rendered":"<p>AUTORA: CONCEJAL LUCIANA VILLEGAS BLOQUE FRENTE CAMBIA MENDOZA VISTO: El contenido del Expediente N\u00b0 4.905 HC 029 \u2013 2021. Bloque Frente Cambia Mendoza. Proyecto de Ordenanza: Creaci\u00f3n de un monumento recordatorio en memoria de las victimas fallecidas por Covid-19. Que desde el comienzo de la Pandemia Covid-19 muchos malarg\u00fcinos han sido v\u00edctimas de este virus [&hellip;]<\/p>\n","protected":false},"author":5,"featured_media":26613,"comment_status":"closed","ping_status":"closed","sticky":false,"template":"","format":"standard","meta":{"footnotes":""},"categories":[52,29,48,33],"tags":[],"class_list":["post-26611","post","type-post","status-publish","format-standard","has-post-thumbnail","hentry","category-gacetillas","category-lesgilacion","category-ordenanzas-municipales","category-prensa"],"yoast_head":"<!-- This site is optimized with the Yoast SEO plugin v19.10 - https:\/\/yoast.com\/wordpress\/plugins\/seo\/ -->\n<title>ORDENANZA N\u00b0 2.128\/2.021 - Malarg\u00fce HCD<\/title>\n<meta name=\"robots\" content=\"index, follow, max-snippet:-1, max-image-preview:large, max-video-preview:-1\" \/>\n<link rel=\"canonical\" href=\"https:\/\/hcd.malargue.gov.ar\/?p=26611\" \/>\n<meta property=\"og:locale\" content=\"es_ES\" \/>\n<meta property=\"og:type\" content=\"article\" \/>\n<meta property=\"og:title\" content=\"ORDENANZA N\u00b0 2.128\/2.021 - Malarg\u00fce HCD\" \/>\n<meta property=\"og:description\" content=\"AUTORA: CONCEJAL LUCIANA VILLEGAS BLOQUE FRENTE CAMBIA MENDOZA VISTO: El contenido del Expediente N\u00b0 4.905 HC 029 \u2013 2021. Bloque Frente Cambia Mendoza. Proyecto de Ordenanza: Creaci\u00f3n de un monumento recordatorio en memoria de las victimas fallecidas por Covid-19. Que desde el comienzo de la Pandemia Covid-19 muchos malarg\u00fcinos han sido v\u00edctimas de este virus [&hellip;]\" \/>\n<meta property=\"og:url\" content=\"https:\/\/hcd.malargue.gov.ar\/?p=26611\" \/>\n<meta property=\"og:site_name\" content=\"Malarg\u00fce HCD\" \/>\n<meta property=\"article:published_time\" content=\"2021-10-25T15:28:41+00:00\" \/>\n<meta property=\"og:image\" content=\"https:\/\/hcd.malargue.gov.ar\/wp-content\/uploads\/2021\/10\/on-2128-2021.jpg\" \/>\n\t<meta property=\"og:image:width\" content=\"1280\" \/>\n\t<meta property=\"og:image:height\" content=\"720\" \/>\n\t<meta property=\"og:image:type\" content=\"image\/jpeg\" \/>\n<meta name=\"author\" content=\"Belen Pedernera Ferragut\" \/>\n<meta name=\"twitter:card\" content=\"summary_large_image\" \/>\n<meta name=\"twitter:label1\" content=\"Escrito por\" \/>\n\t<meta name=\"twitter:data1\" content=\"Belen Pedernera Ferragut\" \/>\n\t<meta name=\"twitter:label2\" content=\"Tiempo de lectura\" \/>\n\t<meta name=\"twitter:data2\" content=\"2 minutos\" \/>\n<script type=\"application\/ld+json\" class=\"yoast-schema-graph\">{\"@context\":\"https:\/\/schema.org\",\"@graph\":[{\"@type\":\"WebPage\",\"@id\":\"https:\/\/hcd.malargue.gov.ar\/?p=26611\",\"url\":\"https:\/\/hcd.malargue.gov.ar\/?p=26611\",\"name\":\"ORDENANZA N\u00b0 2.128\/2.021 - Malarg\u00fce HCD\",\"isPartOf\":{\"@id\":\"https:\/\/hcd.malargue.gov.ar\/#website\"},\"datePublished\":\"2021-10-25T15:28:41+00:00\",\"dateModified\":\"2021-10-25T15:28:41+00:00\",\"author\":{\"@id\":\"https:\/\/hcd.malargue.gov.ar\/#\/schema\/person\/3fd6bbab64edd703961b795156c955d0\"},\"breadcrumb\":{\"@id\":\"https:\/\/hcd.malargue.gov.ar\/?p=26611#breadcrumb\"},\"inLanguage\":\"es-AR\",\"potentialAction\":[{\"@type\":\"ReadAction\",\"target\":[\"https:\/\/hcd.malargue.gov.ar\/?p=26611\"]}]},{\"@type\":\"BreadcrumbList\",\"@id\":\"https:\/\/hcd.malargue.gov.ar\/?p=26611#breadcrumb\",\"itemListElement\":[{\"@type\":\"ListItem\",\"position\":1,\"name\":\"Inicio\",\"item\":\"https:\/\/hcd.malargue.gov.ar\/\"},{\"@type\":\"ListItem\",\"position\":2,\"name\":\"ORDENANZA N\u00b0 2.128\/2.021\"}]},{\"@type\":\"WebSite\",\"@id\":\"https:\/\/hcd.malargue.gov.ar\/#website\",\"url\":\"https:\/\/hcd.malargue.gov.ar\/\",\"name\":\"Malarg\u00fce HCD\",\"description\":\"Malarg\u00fce Mendoza Argentina\",\"potentialAction\":[{\"@type\":\"SearchAction\",\"target\":{\"@type\":\"EntryPoint\",\"urlTemplate\":\"https:\/\/hcd.malargue.gov.ar\/?s={search_term_string}\"},\"query-input\":\"required name=search_term_string\"}],\"inLanguage\":\"es-AR\"},{\"@type\":\"Person\",\"@id\":\"https:\/\/hcd.malargue.gov.ar\/#\/schema\/person\/3fd6bbab64edd703961b795156c955d0\",\"name\":\"Belen Pedernera Ferragut\",\"image\":{\"@type\":\"ImageObject\",\"inLanguage\":\"es-AR\",\"@id\":\"https:\/\/hcd.malargue.gov.ar\/#\/schema\/person\/image\/\",\"url\":\"https:\/\/secure.gravatar.com\/avatar\/1054ffab3893de4bb3eb29bdd22f7e34b8537bf5d34d9dab311818154ad5b71f?s=96&d=mm&r=g\",\"contentUrl\":\"https:\/\/secure.gravatar.com\/avatar\/1054ffab3893de4bb3eb29bdd22f7e34b8537bf5d34d9dab311818154ad5b71f?s=96&d=mm&r=g\",\"caption\":\"Belen Pedernera Ferragut\"},\"url\":\"https:\/\/hcd.malargue.gov.ar\/?author=5\"}]}<\/script>\n<!-- \/ Yoast SEO plugin. -->","yoast_head_json":{"title":"ORDENANZA N\u00b0 2.128\/2.021 - Malarg\u00fce HCD","robots":{"index":"index","follow":"follow","max-snippet":"max-snippet:-1","max-image-preview":"max-image-preview:large","max-video-preview":"max-video-preview:-1"},"canonical":"https:\/\/hcd.malargue.gov.ar\/?p=26611","og_locale":"es_ES","og_type":"article","og_title":"ORDENANZA N\u00b0 2.128\/2.021 - Malarg\u00fce HCD","og_description":"AUTORA: CONCEJAL LUCIANA VILLEGAS BLOQUE FRENTE CAMBIA MENDOZA VISTO: El contenido del Expediente N\u00b0 4.905 HC 029 \u2013 2021. Bloque Frente Cambia Mendoza. Proyecto de Ordenanza: Creaci\u00f3n de un monumento recordatorio en memoria de las victimas fallecidas por Covid-19. Que desde el comienzo de la Pandemia Covid-19 muchos malarg\u00fcinos han sido v\u00edctimas de este virus [&hellip;]","og_url":"https:\/\/hcd.malargue.gov.ar\/?p=26611","og_site_name":"Malarg\u00fce HCD","article_published_time":"2021-10-25T15:28:41+00:00","og_image":[{"width":1280,"height":720,"url":"https:\/\/hcd.malargue.gov.ar\/wp-content\/uploads\/2021\/10\/on-2128-2021.jpg","type":"image\/jpeg"}],"author":"Belen Pedernera Ferragut","twitter_card":"summary_large_image","twitter_misc":{"Escrito por":"Belen Pedernera Ferragut","Tiempo de lectura":"2 minutos"},"schema":{"@context":"https:\/\/schema.org","@graph":[{"@type":"WebPage","@id":"https:\/\/hcd.malargue.gov.ar\/?p=26611","url":"https:\/\/hcd.malargue.gov.ar\/?p=26611","name":"ORDENANZA N\u00b0 2.128\/2.021 - Malarg\u00fce HCD","isPartOf":{"@id":"https:\/\/hcd.malargue.gov.ar\/#website"},"datePublished":"2021-10-25T15:28:41+00:00","dateModified":"2021-10-25T15:28:41+00:00","author":{"@id":"https:\/\/hcd.malargue.gov.ar\/#\/schema\/person\/3fd6bbab64edd703961b795156c955d0"},"breadcrumb":{"@id":"https:\/\/hcd.malargue.gov.ar\/?p=26611#breadcrumb"},"inLanguage":"es-AR","potentialAction":[{"@type":"ReadAction","target":["https:\/\/hcd.malargue.gov.ar\/?p=26611"]}]},{"@type":"BreadcrumbList","@id":"https:\/\/hcd.malargue.gov.ar\/?p=26611#breadcrumb","itemListElement":[{"@type":"ListItem","position":1,"name":"Inicio","item":"https:\/\/hcd.malargue.gov.ar\/"},{"@type":"ListItem","position":2,"name":"ORDENANZA N\u00b0 2.128\/2.021"}]},{"@type":"WebSite","@id":"https:\/\/hcd.malargue.gov.ar\/#website","url":"https:\/\/hcd.malargue.gov.ar\/","name":"Malarg\u00fce HCD","description":"Malarg\u00fce Mendoza Argentina","potentialAction":[{"@type":"SearchAction","target":{"@type":"EntryPoint","urlTemplate":"https:\/\/hcd.malargue.gov.ar\/?s={search_term_string}"},"query-input":"required name=search_term_string"}],"inLanguage":"es-AR"},{"@type":"Person","@id":"https:\/\/hcd.malargue.gov.ar\/#\/schema\/person\/3fd6bbab64edd703961b795156c955d0","name":"Belen Pedernera Ferragut","image":{"@type":"ImageObject","inLanguage":"es-AR","@id":"https:\/\/hcd.malargue.gov.ar\/#\/schema\/person\/image\/","url":"https:\/\/secure.gravatar.com\/avatar\/1054ffab3893de4bb3eb29bdd22f7e34b8537bf5d34d9dab311818154ad5b71f?s=96&d=mm&r=g","contentUrl":"https:\/\/secure.gravatar.com\/avatar\/1054ffab3893de4bb3eb29bdd22f7e34b8537bf5d34d9dab311818154ad5b71f?s=96&d=mm&r=g","caption":"Belen Pedernera Ferragut"},"url":"https:\/\/hcd.malargue.gov.ar\/?author=5"}]}},"_links":{"self":[{"href":"https:\/\/hcd.malargue.gov.ar\/index.php?rest_route=\/wp\/v2\/posts\/26611","targetHints":{"allow":["GET"]}}],"collection":[{"href":"https:\/\/hcd.malargue.gov.ar\/index.php?rest_route=\/wp\/v2\/posts"}],"about":[{"href":"https:\/\/hcd.malargue.gov.ar\/index.php?rest_route=\/wp\/v2\/types\/post"}],"author":[{"embeddable":true,"href":"https:\/\/hcd.malargue.gov.ar\/index.php?rest_route=\/wp\/v2\/users\/5"}],"replies":[{"embeddable":true,"href":"https:\/\/hcd.malargue.gov.ar\/index.php?rest_route=%2Fwp%2Fv2%2Fcomments&post=26611"}],"version-history":[{"count":0,"href":"https:\/\/hcd.malargue.gov.ar\/index.php?rest_route=\/wp\/v2\/posts\/26611\/revisions"}],"wp:featuredmedia":[{"embeddable":true,"href":"https:\/\/hcd.malargue.gov.ar\/index.php?rest_route=\/wp\/v2\/media\/26613"}],"wp:attachment":[{"href":"https:\/\/hcd.malargue.gov.ar\/index.php?rest_route=%2Fwp%2Fv2%2Fmedia&parent=26611"}],"wp:term":[{"taxonomy":"category","embeddable":true,"href":"https:\/\/hcd.malargue.gov.ar\/index.php?rest_route=%2Fwp%2Fv2%2Fcategories&post=26611"},{"taxonomy":"post_tag","embeddable":true,"href":"https:\/\/hcd.malargue.gov.ar\/index.php?rest_route=%2Fwp%2Fv2%2Ftags&post=26611"}],"curies":[{"name":"wp","href":"https:\/\/api.w.org\/{rel}","templated":true}]}}