{"id":26652,"date":"2021-10-27T10:32:49","date_gmt":"2021-10-27T13:32:49","guid":{"rendered":"https:\/\/hcd.malargue.gov.ar\/?p=26652"},"modified":"2021-11-03T10:29:25","modified_gmt":"2021-11-03T13:29:25","slug":"ordenanza-n-2-132-2-021","status":"publish","type":"post","link":"https:\/\/hcd.malargue.gov.ar\/?p=26652","title":{"rendered":"ORDENANZA N\u00b0 2.132\/2.021"},"content":{"rendered":"<p><strong>AUTORA:<\/strong> CONCEJAL DAIANA VARAS<\/p>\n<p data-wp-editing=\"1\">BLOQUE FRENTE CAMBIA MENDOZA <a href=\"http:\/\/hcd.malargue.gov.ar\/hcdpdf\/On%202132%202021%20Campana%20Anual%20Prevencion%20Incendios%20Forestales.pdf\"><img loading=\"lazy\" decoding=\"async\" class=\"alignright wp-image-7950\" src=\"https:\/\/hcd.malargue.gov.ar\/wp-content\/uploads\/2018\/06\/PDF-JPG-300x300.jpg\" alt=\"\" width=\"82\" height=\"82\" srcset=\"https:\/\/hcd.malargue.gov.ar\/wp-content\/uploads\/2018\/06\/PDF-JPG-300x300.jpg 300w, https:\/\/hcd.malargue.gov.ar\/wp-content\/uploads\/2018\/06\/PDF-JPG-150x150.jpg 150w, https:\/\/hcd.malargue.gov.ar\/wp-content\/uploads\/2018\/06\/PDF-JPG.jpg 512w\" sizes=\"auto, (max-width: 82px) 100vw, 82px\" \/><\/a><\/p>\n<p>VISTO: El contenido del Expediente N\u00b0 5.034 HC038 \u2013 2.021. Bloque Frente Cambia Mendoza. Proyecto de Ordenanza: Creaci\u00f3n en el Departamento de Malarg\u00fce la Campa\u00f1a Anual de Prevenci\u00f3n de Incendios Forestales.<\/p>\n<p>Que se aproxima nuevamente la temporada estival, en la que suelen producirse mayor n\u00famero de incendios forestales.<\/p>\n<p>Y;<\/p>\n<p>CONSIDERANDO: Que la Argentina transita en este momento un periodo de sequ\u00eda hist\u00f3rica que seg\u00fan las proyecciones de instituciones especializadas, se extender\u00eda hasta el a\u00f1o 2022.<\/p>\n<p>Que en este contexto, la Provincia de Mendoza va rumbo a enfrentar el duod\u00e9cimo a\u00f1o consecutivo de sequ\u00eda<\/p>\n<p>Que en lo que va del a\u00f1o, los incendios forestales en la Rep\u00fablica Argentina ya arrasaron m\u00e1s de 430 mil hect\u00e1reas en todo el territorio.<\/p>\n<p>Que los especialistas advierten desde hace tiempo sobre las consecuencias acumulativas del desastre ambiental, sosteniendo que las sequ\u00edas son producto de la deforestaci\u00f3n de a\u00f1os anteriores, lo que lleva a un pron\u00f3stico muy complicado: los incendios provocar\u00e1n nuevas sequ\u00edas que, a su vez, realimentar\u00e1n el ciclo de cat\u00e1strofes naturales.<\/p>\n<p>Que seg\u00fan el Servicio Nacional del Manejo del Fuego, el 95 % de estos incendios forestales fueron &#8220;producidos por intervenciones humanas\u201d, ya sea mediante acciones intencionales o por negligencia.<\/p>\n<p>Que seg\u00fan este mismo servicio, las causas m\u00e1s habituales de los siniestros son la preparaci\u00f3n de \u00e1reas de pastoreo con fuego, fogatas y colillas de cigarrillos mal apagadas, y el abandono de tierras.<\/p>\n<p>Que los factores clim\u00e1ticos, como la falta de precipitaciones, las temperaturas elevadas, el bajo porcentaje de humedad, las heladas constantes y los vientos fuertes inciden en la propagaci\u00f3n del fuego.<\/p>\n<p>Que en Mendoza el uso de fuego como herramienta de limpieza est\u00e1 prohibido por la Ley Provincial N\u00b0 6099 y establece multas de hasta $2.200.000.<\/p>\n<p>Que la Ley N\u00b0 26.815 de Manejo de Fuego, tambi\u00e9n proh\u00edbe la quema controlada de campos sin la autorizaci\u00f3n y supervisi\u00f3n del personal del Plan Provincial de Manejo del Fuego.<\/p>\n<p>Que el C\u00f3digo de Contravenciones de nuestra provincia establece, en el Art\u00edculo 135\u00ba, multas entre $7.600 y $47.500 o arresto de 8 a 50 d\u00edas para aquellos que, sin causar un incendio, encendieran fuego en zona urbana o rural en los caminos y en zonas de esparcimiento -p\u00fablicas o privadas-, en calles, acequias, puentes, banquinas o basurales, sea quemando hojas, ramas, madera, basura o cualquier otro material susceptible de ser incinerado, sin observar las precauciones necesarias para evitar su propagaci\u00f3n y el C\u00f3digo Penal prev\u00e9 entre 3 y 20 a\u00f1os de prisi\u00f3n dependiendo de los da\u00f1os ocasionados por incendios.<\/p>\n<p>Que en Malarg\u00fce todos los a\u00f1os tenemos episodios de incendio de campos y que, en las condiciones descriptas, y dadas las caracter\u00edsticas naturales del clima de nuestra zona los riesgos se ven incrementados cada a\u00f1o.<\/p>\n<p>Que estos incendios son causal de graves da\u00f1os ambientales por la destrucci\u00f3n de la cubierta forestal, muerte y huida de animales, p\u00e9rdida del suelos f\u00e9rtiles, aumento en las emisiones de CO2 a la atmosfera, avance de la erosi\u00f3n, desaparici\u00f3n de ecosistemas y desertificaci\u00f3n y da\u00f1os a la salud de los habitantes relacionados con el sistema respiratorio, por mencionar algunas de sus consecuencias.<\/p>\n<p>Que es preciso generar acciones desde el municipio para educar y sensibilizar a la poblaci\u00f3n respecto del riesgo de provocar incendios forestales, las medidas de prevenci\u00f3n y sobre la importancia de asumir la responsabilidad de denunciar a quienes infrinjan las leyes vigentes, como tambi\u00e9n fomentar acciones de reparaci\u00f3n de los ecosistemas afectados.<\/p>\n<p>EL HONORABLE CONCEJO DELIBERANTE DE LA MUNICIPALIDAD DE MALARG\u00dcE EN USO DE LAS FACULTADES QUE LE SON PROPIAS<\/p>\n<p>ORDENA<\/p>\n<p>ART\u00cdCULO 1\u00ba: Cr\u00e9ese en el Municipio de Malarg\u00fce la Campa\u00f1a de Prevenci\u00f3n de Incendios Forestales de car\u00e1cter anual.<\/p>\n<p>ART\u00cdCULO 2\u00ba: Establ\u00e9cese como objetivos de la mencionada campa\u00f1a:<\/p>\n<ul>\n<li>Sensibilizar, apoyar y motivar el desarrollo de actitudes preventivas por parte de los vecinos de la comunidad y de los visitantes.<\/li>\n<li>Establecer las condiciones y tomar las decisiones para instaurar, la coordinaci\u00f3n de actividades preventivas y correctivas ante la ocurrencia de incendios rurales conjugando las mismas con las pol\u00edticas nacionales y provinciales.<\/li>\n<li>Concientizar a los ciudadanos y ciudadanas sobre los factores de riesgo de producci\u00f3n de incendios, poniendo especial \u00e9nfasis en los productores rurales, establecimientos educativos y turistas.<\/li>\n<li>Fomentar la suscripci\u00f3n de convenios con instituciones p\u00fablicas y\/o privadas de los \u00e1mbitos municipal, provincial, nacional y\/o internacional que aporten al desarrollo de acciones preventivas, operativas y de capacitaci\u00f3n.<\/li>\n<li>Informar y promover procesos de recuperaci\u00f3n de \u00e1reas degradadas o destruidas en relaci\u00f3n a su funci\u00f3n, estructura, composici\u00f3n y suministro de servicios ecosist\u00e9micos, poniendo \u00e9nfasis en la importancia de la reforestaci\u00f3n de las especies nativas.<\/li>\n<li>Promover la denuncia de los siniestros o de las acciones que est\u00e9n fuera de las leyes que rigen en cuanto a la quema de campos como parte de la toma de conciencia sobre las graves consecuencias que se producen por intervenci\u00f3n humana, ya sea por acci\u00f3n u omisi\u00f3n.<\/li>\n<\/ul>\n<p>ART\u00cdCULO 3\u00ba: La Campa\u00f1a deber\u00e1 ser dise\u00f1ada y puesta en marcha de manera conjunta por las Coordinaciones de Ambiente y Defensa Civil de la Municipalidad de Malarg\u00fce a trav\u00e9s de todos los medios y estrategias comunicacionales que consideren pertinentes y eficaces, anualmente.<\/p>\n<p>ARTICULO 4\u00b0: Comun\u00edquese, reg\u00edstrese, c\u00famplase, publ\u00edquese, agr\u00e9guese copia de la presente en las actuaciones correspondientes y arch\u00edvese.<\/p>\n<p>DADA EN LA SALA DE SESIONES DR. RICARDO BALBIN DEL HONORABLE CONCEJO DELIBERANTE DE LA MUNICIPALIDAD DE MALARG\u00dcE A CATORCE D\u00cdAS DE OCTUBRE DE DOS MIL VEINTIUNO.<\/p>\n","protected":false},"excerpt":{"rendered":"<p>AUTORA: CONCEJAL DAIANA VARAS BLOQUE FRENTE CAMBIA MENDOZA VISTO: El contenido del Expediente N\u00b0 5.034 HC038 \u2013 2.021. Bloque Frente Cambia Mendoza. Proyecto de Ordenanza: Creaci\u00f3n en el Departamento de Malarg\u00fce la Campa\u00f1a Anual de Prevenci\u00f3n de Incendios Forestales. Que se aproxima nuevamente la temporada estival, en la que suelen producirse mayor n\u00famero de incendios [&hellip;]<\/p>\n","protected":false},"author":5,"featured_media":26655,"comment_status":"closed","ping_status":"closed","sticky":false,"template":"","format":"standard","meta":{"footnotes":""},"categories":[52,29,48,33],"tags":[],"class_list":["post-26652","post","type-post","status-publish","format-standard","has-post-thumbnail","hentry","category-gacetillas","category-lesgilacion","category-ordenanzas-municipales","category-prensa"],"yoast_head":"<!-- This site is optimized with the Yoast SEO plugin v19.10 - https:\/\/yoast.com\/wordpress\/plugins\/seo\/ -->\n<title>ORDENANZA N\u00b0 2.132\/2.021 - Malarg\u00fce HCD<\/title>\n<meta name=\"robots\" content=\"index, follow, max-snippet:-1, max-image-preview:large, max-video-preview:-1\" \/>\n<link rel=\"canonical\" href=\"https:\/\/hcd.malargue.gov.ar\/?p=26652\" \/>\n<meta property=\"og:locale\" content=\"es_ES\" \/>\n<meta property=\"og:type\" content=\"article\" \/>\n<meta property=\"og:title\" content=\"ORDENANZA N\u00b0 2.132\/2.021 - Malarg\u00fce HCD\" \/>\n<meta property=\"og:description\" content=\"AUTORA: CONCEJAL DAIANA VARAS BLOQUE FRENTE CAMBIA MENDOZA VISTO: El contenido del Expediente N\u00b0 5.034 HC038 \u2013 2.021. Bloque Frente Cambia Mendoza. Proyecto de Ordenanza: Creaci\u00f3n en el Departamento de Malarg\u00fce la Campa\u00f1a Anual de Prevenci\u00f3n de Incendios Forestales. Que se aproxima nuevamente la temporada estival, en la que suelen producirse mayor n\u00famero de incendios [&hellip;]\" \/>\n<meta property=\"og:url\" content=\"https:\/\/hcd.malargue.gov.ar\/?p=26652\" \/>\n<meta property=\"og:site_name\" content=\"Malarg\u00fce HCD\" \/>\n<meta property=\"article:published_time\" content=\"2021-10-27T13:32:49+00:00\" \/>\n<meta property=\"article:modified_time\" content=\"2021-11-03T13:29:25+00:00\" \/>\n<meta property=\"og:image\" content=\"https:\/\/hcd.malargue.gov.ar\/wp-content\/uploads\/2021\/10\/on-2132-2021.jpg\" \/>\n\t<meta property=\"og:image:width\" content=\"1280\" \/>\n\t<meta property=\"og:image:height\" content=\"720\" \/>\n\t<meta property=\"og:image:type\" content=\"image\/jpeg\" \/>\n<meta name=\"author\" content=\"Belen Pedernera Ferragut\" \/>\n<meta name=\"twitter:card\" content=\"summary_large_image\" \/>\n<meta name=\"twitter:label1\" content=\"Escrito por\" \/>\n\t<meta name=\"twitter:data1\" content=\"Belen Pedernera Ferragut\" \/>\n\t<meta name=\"twitter:label2\" content=\"Tiempo de lectura\" \/>\n\t<meta name=\"twitter:data2\" content=\"5 minutos\" \/>\n<script type=\"application\/ld+json\" class=\"yoast-schema-graph\">{\"@context\":\"https:\/\/schema.org\",\"@graph\":[{\"@type\":\"WebPage\",\"@id\":\"https:\/\/hcd.malargue.gov.ar\/?p=26652\",\"url\":\"https:\/\/hcd.malargue.gov.ar\/?p=26652\",\"name\":\"ORDENANZA N\u00b0 2.132\/2.021 - Malarg\u00fce HCD\",\"isPartOf\":{\"@id\":\"https:\/\/hcd.malargue.gov.ar\/#website\"},\"datePublished\":\"2021-10-27T13:32:49+00:00\",\"dateModified\":\"2021-11-03T13:29:25+00:00\",\"author\":{\"@id\":\"https:\/\/hcd.malargue.gov.ar\/#\/schema\/person\/3fd6bbab64edd703961b795156c955d0\"},\"breadcrumb\":{\"@id\":\"https:\/\/hcd.malargue.gov.ar\/?p=26652#breadcrumb\"},\"inLanguage\":\"es-AR\",\"potentialAction\":[{\"@type\":\"ReadAction\",\"target\":[\"https:\/\/hcd.malargue.gov.ar\/?p=26652\"]}]},{\"@type\":\"BreadcrumbList\",\"@id\":\"https:\/\/hcd.malargue.gov.ar\/?p=26652#breadcrumb\",\"itemListElement\":[{\"@type\":\"ListItem\",\"position\":1,\"name\":\"Inicio\",\"item\":\"https:\/\/hcd.malargue.gov.ar\/\"},{\"@type\":\"ListItem\",\"position\":2,\"name\":\"ORDENANZA N\u00b0 2.132\/2.021\"}]},{\"@type\":\"WebSite\",\"@id\":\"https:\/\/hcd.malargue.gov.ar\/#website\",\"url\":\"https:\/\/hcd.malargue.gov.ar\/\",\"name\":\"Malarg\u00fce HCD\",\"description\":\"Malarg\u00fce Mendoza Argentina\",\"potentialAction\":[{\"@type\":\"SearchAction\",\"target\":{\"@type\":\"EntryPoint\",\"urlTemplate\":\"https:\/\/hcd.malargue.gov.ar\/?s={search_term_string}\"},\"query-input\":\"required name=search_term_string\"}],\"inLanguage\":\"es-AR\"},{\"@type\":\"Person\",\"@id\":\"https:\/\/hcd.malargue.gov.ar\/#\/schema\/person\/3fd6bbab64edd703961b795156c955d0\",\"name\":\"Belen Pedernera Ferragut\",\"image\":{\"@type\":\"ImageObject\",\"inLanguage\":\"es-AR\",\"@id\":\"https:\/\/hcd.malargue.gov.ar\/#\/schema\/person\/image\/\",\"url\":\"https:\/\/secure.gravatar.com\/avatar\/1054ffab3893de4bb3eb29bdd22f7e34b8537bf5d34d9dab311818154ad5b71f?s=96&d=mm&r=g\",\"contentUrl\":\"https:\/\/secure.gravatar.com\/avatar\/1054ffab3893de4bb3eb29bdd22f7e34b8537bf5d34d9dab311818154ad5b71f?s=96&d=mm&r=g\",\"caption\":\"Belen Pedernera Ferragut\"},\"url\":\"https:\/\/hcd.malargue.gov.ar\/?author=5\"}]}<\/script>\n<!-- \/ Yoast SEO plugin. -->","yoast_head_json":{"title":"ORDENANZA N\u00b0 2.132\/2.021 - Malarg\u00fce HCD","robots":{"index":"index","follow":"follow","max-snippet":"max-snippet:-1","max-image-preview":"max-image-preview:large","max-video-preview":"max-video-preview:-1"},"canonical":"https:\/\/hcd.malargue.gov.ar\/?p=26652","og_locale":"es_ES","og_type":"article","og_title":"ORDENANZA N\u00b0 2.132\/2.021 - Malarg\u00fce HCD","og_description":"AUTORA: CONCEJAL DAIANA VARAS BLOQUE FRENTE CAMBIA MENDOZA VISTO: El contenido del Expediente N\u00b0 5.034 HC038 \u2013 2.021. Bloque Frente Cambia Mendoza. Proyecto de Ordenanza: Creaci\u00f3n en el Departamento de Malarg\u00fce la Campa\u00f1a Anual de Prevenci\u00f3n de Incendios Forestales. Que se aproxima nuevamente la temporada estival, en la que suelen producirse mayor n\u00famero de incendios [&hellip;]","og_url":"https:\/\/hcd.malargue.gov.ar\/?p=26652","og_site_name":"Malarg\u00fce HCD","article_published_time":"2021-10-27T13:32:49+00:00","article_modified_time":"2021-11-03T13:29:25+00:00","og_image":[{"width":1280,"height":720,"url":"https:\/\/hcd.malargue.gov.ar\/wp-content\/uploads\/2021\/10\/on-2132-2021.jpg","type":"image\/jpeg"}],"author":"Belen Pedernera Ferragut","twitter_card":"summary_large_image","twitter_misc":{"Escrito por":"Belen Pedernera Ferragut","Tiempo de lectura":"5 minutos"},"schema":{"@context":"https:\/\/schema.org","@graph":[{"@type":"WebPage","@id":"https:\/\/hcd.malargue.gov.ar\/?p=26652","url":"https:\/\/hcd.malargue.gov.ar\/?p=26652","name":"ORDENANZA N\u00b0 2.132\/2.021 - Malarg\u00fce HCD","isPartOf":{"@id":"https:\/\/hcd.malargue.gov.ar\/#website"},"datePublished":"2021-10-27T13:32:49+00:00","dateModified":"2021-11-03T13:29:25+00:00","author":{"@id":"https:\/\/hcd.malargue.gov.ar\/#\/schema\/person\/3fd6bbab64edd703961b795156c955d0"},"breadcrumb":{"@id":"https:\/\/hcd.malargue.gov.ar\/?p=26652#breadcrumb"},"inLanguage":"es-AR","potentialAction":[{"@type":"ReadAction","target":["https:\/\/hcd.malargue.gov.ar\/?p=26652"]}]},{"@type":"BreadcrumbList","@id":"https:\/\/hcd.malargue.gov.ar\/?p=26652#breadcrumb","itemListElement":[{"@type":"ListItem","position":1,"name":"Inicio","item":"https:\/\/hcd.malargue.gov.ar\/"},{"@type":"ListItem","position":2,"name":"ORDENANZA N\u00b0 2.132\/2.021"}]},{"@type":"WebSite","@id":"https:\/\/hcd.malargue.gov.ar\/#website","url":"https:\/\/hcd.malargue.gov.ar\/","name":"Malarg\u00fce HCD","description":"Malarg\u00fce Mendoza Argentina","potentialAction":[{"@type":"SearchAction","target":{"@type":"EntryPoint","urlTemplate":"https:\/\/hcd.malargue.gov.ar\/?s={search_term_string}"},"query-input":"required name=search_term_string"}],"inLanguage":"es-AR"},{"@type":"Person","@id":"https:\/\/hcd.malargue.gov.ar\/#\/schema\/person\/3fd6bbab64edd703961b795156c955d0","name":"Belen Pedernera Ferragut","image":{"@type":"ImageObject","inLanguage":"es-AR","@id":"https:\/\/hcd.malargue.gov.ar\/#\/schema\/person\/image\/","url":"https:\/\/secure.gravatar.com\/avatar\/1054ffab3893de4bb3eb29bdd22f7e34b8537bf5d34d9dab311818154ad5b71f?s=96&d=mm&r=g","contentUrl":"https:\/\/secure.gravatar.com\/avatar\/1054ffab3893de4bb3eb29bdd22f7e34b8537bf5d34d9dab311818154ad5b71f?s=96&d=mm&r=g","caption":"Belen Pedernera Ferragut"},"url":"https:\/\/hcd.malargue.gov.ar\/?author=5"}]}},"_links":{"self":[{"href":"https:\/\/hcd.malargue.gov.ar\/index.php?rest_route=\/wp\/v2\/posts\/26652","targetHints":{"allow":["GET"]}}],"collection":[{"href":"https:\/\/hcd.malargue.gov.ar\/index.php?rest_route=\/wp\/v2\/posts"}],"about":[{"href":"https:\/\/hcd.malargue.gov.ar\/index.php?rest_route=\/wp\/v2\/types\/post"}],"author":[{"embeddable":true,"href":"https:\/\/hcd.malargue.gov.ar\/index.php?rest_route=\/wp\/v2\/users\/5"}],"replies":[{"embeddable":true,"href":"https:\/\/hcd.malargue.gov.ar\/index.php?rest_route=%2Fwp%2Fv2%2Fcomments&post=26652"}],"version-history":[{"count":0,"href":"https:\/\/hcd.malargue.gov.ar\/index.php?rest_route=\/wp\/v2\/posts\/26652\/revisions"}],"wp:featuredmedia":[{"embeddable":true,"href":"https:\/\/hcd.malargue.gov.ar\/index.php?rest_route=\/wp\/v2\/media\/26655"}],"wp:attachment":[{"href":"https:\/\/hcd.malargue.gov.ar\/index.php?rest_route=%2Fwp%2Fv2%2Fmedia&parent=26652"}],"wp:term":[{"taxonomy":"category","embeddable":true,"href":"https:\/\/hcd.malargue.gov.ar\/index.php?rest_route=%2Fwp%2Fv2%2Fcategories&post=26652"},{"taxonomy":"post_tag","embeddable":true,"href":"https:\/\/hcd.malargue.gov.ar\/index.php?rest_route=%2Fwp%2Fv2%2Ftags&post=26652"}],"curies":[{"name":"wp","href":"https:\/\/api.w.org\/{rel}","templated":true}]}}