{"id":26827,"date":"2021-11-19T00:00:12","date_gmt":"2021-11-19T03:00:12","guid":{"rendered":"https:\/\/hcd.malargue.gov.ar\/?p=26827"},"modified":"2021-11-10T10:48:56","modified_gmt":"2021-11-10T13:48:56","slug":"dia-internacional-del-hombre","status":"publish","type":"post","link":"https:\/\/hcd.malargue.gov.ar\/?p=26827","title":{"rendered":"DIA INTERNACIONAL DEL HOMBRE"},"content":{"rendered":"<p>El <b>D\u00eda Internacional del Hombre<\/b> se conmemora cada 19 de noviembre. Fue establecido en 1992 en Estados Unidos por Tomas Oaster,\u200b director del Centro de Estudios Masculinos en la Universidad de Misuri-Kansas y popularizado desde el a\u00f1o 1999, cuando comenz\u00f3 a conmemorarse internacionalmente \u200bcon el objetivo de abordar temas como la salud masculina, resaltar el papel positivo y las contribuciones que realizan los hombres en su comunidad y en la sociedad, promover la igualdad de g\u00e9nero, la paz, la no violencia, la equidad, la tolerancia y el entendimiento.<\/p>\n<p>La OMS considera que debe incluirse la brecha de salud de varones y ni\u00f1os en la agenda global de equidad en salud y apunta que &#8220;aunque los hombres generalmente disfrutan de m\u00e1s oportunidades, privilegios y poder que las mujeres, estas m\u00faltiples ventajas no se traducen en mejores resultados de salud&#8221;.<sup id=\"cite_ref-:1_41-0\" class=\"reference separada\"><\/sup>Las tasas de supervivencia m\u00e1s bajas de los hombres, se\u00f1ala la organizaci\u00f3n, est\u00e1 reflejada por varios factores: mayores niveles de exposici\u00f3n ocupacional a peligros f\u00edsicos y qu\u00edmicos, comportamientos asociados con las normas masculinas de asunci\u00f3n de riesgos y aventuras o paradigmas de comportamiento de salud relacionados con la masculinidad. Tambi\u00e9n recuerda que seg\u00fan algunos informes &#8220;los hombres tienen menos probabilidades de visitar al m\u00e9dico cuando est\u00e1n enfermos y, cuando lo visitan, es menos probable que informen sobre los s\u00edntomas de una enfermedad o dolencia&#8221;<\/p>\n<blockquote><p>Los \u00ab6 pilares\u00bb del D\u00eda Internacional del Hombre son:<\/p>\n<ul>\n<li><b>Promover modelos masculinos positivos<\/b>; no solamente estrellas de cine y deportistas, sino tambi\u00e9n hombres de la vida cotidiana, de clase trabajadora, que viven vidas dignas y honradas.<\/li>\n<li><b>Celebrar las contribuciones positivas de los hombres a la sociedad<\/b>; a la comunidad, a la familia, al matrimonio, al cuidado de los ni\u00f1os y el medio ambiente.<\/li>\n<li><b>Centrarse en la salud y el bienestar de los varones<\/b>; en lo social, emocional, f\u00edsico y espiritual.<\/li>\n<li><b>Poner de relieve la discriminaci\u00f3n contra los hombres<\/b>; en las \u00e1reas de servicio social, en las actitudes y expectativas sociales, y la legislaci\u00f3n.<\/li>\n<li><b>Mejorar las relaciones de g\u00e9nero y promover la igualdad de g\u00e9nero<\/b>.<\/li>\n<li><b>Crear un mundo m\u00e1s seguro y mejor<\/b>, donde la gente puede estar segura y crecer para alcanzar su pleno potencial.<\/li>\n<\/ul>\n<\/blockquote>\n","protected":false},"excerpt":{"rendered":"<p>El D\u00eda Internacional del Hombre se conmemora cada 19 de noviembre. Fue establecido en 1992 en Estados Unidos por Tomas Oaster,\u200b director del Centro de Estudios Masculinos en la Universidad de Misuri-Kansas y popularizado desde el a\u00f1o 1999, cuando comenz\u00f3 a conmemorarse internacionalmente \u200bcon el objetivo de abordar temas como la salud masculina, resaltar el [&hellip;]<\/p>\n","protected":false},"author":5,"featured_media":26829,"comment_status":"closed","ping_status":"closed","sticky":false,"template":"","format":"standard","meta":{"footnotes":""},"categories":[69,52,33],"tags":[],"class_list":["post-26827","post","type-post","status-publish","format-standard","has-post-thumbnail","hentry","category-efemerides","category-gacetillas","category-prensa"],"yoast_head":"<!-- This site is optimized with the Yoast SEO plugin v19.10 - https:\/\/yoast.com\/wordpress\/plugins\/seo\/ -->\n<title>DIA INTERNACIONAL DEL HOMBRE - Malarg\u00fce HCD<\/title>\n<meta name=\"robots\" content=\"index, follow, max-snippet:-1, max-image-preview:large, max-video-preview:-1\" \/>\n<link rel=\"canonical\" href=\"https:\/\/hcd.malargue.gov.ar\/?p=26827\" \/>\n<meta property=\"og:locale\" content=\"es_ES\" \/>\n<meta property=\"og:type\" content=\"article\" \/>\n<meta property=\"og:title\" content=\"DIA INTERNACIONAL DEL HOMBRE - Malarg\u00fce HCD\" \/>\n<meta property=\"og:description\" content=\"El D\u00eda Internacional del Hombre se conmemora cada 19 de noviembre. Fue establecido en 1992 en Estados Unidos por Tomas Oaster,\u200b director del Centro de Estudios Masculinos en la Universidad de Misuri-Kansas y popularizado desde el a\u00f1o 1999, cuando comenz\u00f3 a conmemorarse internacionalmente \u200bcon el objetivo de abordar temas como la salud masculina, resaltar el [&hellip;]\" \/>\n<meta property=\"og:url\" content=\"https:\/\/hcd.malargue.gov.ar\/?p=26827\" \/>\n<meta property=\"og:site_name\" content=\"Malarg\u00fce HCD\" \/>\n<meta property=\"article:published_time\" content=\"2021-11-19T03:00:12+00:00\" \/>\n<meta property=\"article:modified_time\" content=\"2021-11-10T13:48:56+00:00\" \/>\n<meta property=\"og:image\" content=\"https:\/\/hcd.malargue.gov.ar\/wp-content\/uploads\/2021\/11\/dia-del-hombre.jpg\" \/>\n\t<meta property=\"og:image:width\" content=\"990\" \/>\n\t<meta property=\"og:image:height\" content=\"742\" \/>\n\t<meta property=\"og:image:type\" content=\"image\/jpeg\" \/>\n<meta name=\"author\" content=\"Belen Pedernera Ferragut\" \/>\n<meta name=\"twitter:card\" content=\"summary_large_image\" \/>\n<meta name=\"twitter:label1\" content=\"Escrito por\" \/>\n\t<meta name=\"twitter:data1\" content=\"Belen Pedernera Ferragut\" \/>\n\t<meta name=\"twitter:label2\" content=\"Tiempo de lectura\" \/>\n\t<meta name=\"twitter:data2\" content=\"2 minutos\" \/>\n<script type=\"application\/ld+json\" class=\"yoast-schema-graph\">{\"@context\":\"https:\/\/schema.org\",\"@graph\":[{\"@type\":\"WebPage\",\"@id\":\"https:\/\/hcd.malargue.gov.ar\/?p=26827\",\"url\":\"https:\/\/hcd.malargue.gov.ar\/?p=26827\",\"name\":\"DIA INTERNACIONAL DEL HOMBRE - Malarg\u00fce HCD\",\"isPartOf\":{\"@id\":\"https:\/\/hcd.malargue.gov.ar\/#website\"},\"datePublished\":\"2021-11-19T03:00:12+00:00\",\"dateModified\":\"2021-11-10T13:48:56+00:00\",\"author\":{\"@id\":\"https:\/\/hcd.malargue.gov.ar\/#\/schema\/person\/3fd6bbab64edd703961b795156c955d0\"},\"breadcrumb\":{\"@id\":\"https:\/\/hcd.malargue.gov.ar\/?p=26827#breadcrumb\"},\"inLanguage\":\"es-AR\",\"potentialAction\":[{\"@type\":\"ReadAction\",\"target\":[\"https:\/\/hcd.malargue.gov.ar\/?p=26827\"]}]},{\"@type\":\"BreadcrumbList\",\"@id\":\"https:\/\/hcd.malargue.gov.ar\/?p=26827#breadcrumb\",\"itemListElement\":[{\"@type\":\"ListItem\",\"position\":1,\"name\":\"Inicio\",\"item\":\"https:\/\/hcd.malargue.gov.ar\/\"},{\"@type\":\"ListItem\",\"position\":2,\"name\":\"DIA INTERNACIONAL DEL HOMBRE\"}]},{\"@type\":\"WebSite\",\"@id\":\"https:\/\/hcd.malargue.gov.ar\/#website\",\"url\":\"https:\/\/hcd.malargue.gov.ar\/\",\"name\":\"Malarg\u00fce HCD\",\"description\":\"Malarg\u00fce Mendoza Argentina\",\"potentialAction\":[{\"@type\":\"SearchAction\",\"target\":{\"@type\":\"EntryPoint\",\"urlTemplate\":\"https:\/\/hcd.malargue.gov.ar\/?s={search_term_string}\"},\"query-input\":\"required name=search_term_string\"}],\"inLanguage\":\"es-AR\"},{\"@type\":\"Person\",\"@id\":\"https:\/\/hcd.malargue.gov.ar\/#\/schema\/person\/3fd6bbab64edd703961b795156c955d0\",\"name\":\"Belen Pedernera Ferragut\",\"image\":{\"@type\":\"ImageObject\",\"inLanguage\":\"es-AR\",\"@id\":\"https:\/\/hcd.malargue.gov.ar\/#\/schema\/person\/image\/\",\"url\":\"https:\/\/secure.gravatar.com\/avatar\/1054ffab3893de4bb3eb29bdd22f7e34b8537bf5d34d9dab311818154ad5b71f?s=96&d=mm&r=g\",\"contentUrl\":\"https:\/\/secure.gravatar.com\/avatar\/1054ffab3893de4bb3eb29bdd22f7e34b8537bf5d34d9dab311818154ad5b71f?s=96&d=mm&r=g\",\"caption\":\"Belen Pedernera Ferragut\"},\"url\":\"https:\/\/hcd.malargue.gov.ar\/?author=5\"}]}<\/script>\n<!-- \/ Yoast SEO plugin. -->","yoast_head_json":{"title":"DIA INTERNACIONAL DEL HOMBRE - Malarg\u00fce HCD","robots":{"index":"index","follow":"follow","max-snippet":"max-snippet:-1","max-image-preview":"max-image-preview:large","max-video-preview":"max-video-preview:-1"},"canonical":"https:\/\/hcd.malargue.gov.ar\/?p=26827","og_locale":"es_ES","og_type":"article","og_title":"DIA INTERNACIONAL DEL HOMBRE - Malarg\u00fce HCD","og_description":"El D\u00eda Internacional del Hombre se conmemora cada 19 de noviembre. Fue establecido en 1992 en Estados Unidos por Tomas Oaster,\u200b director del Centro de Estudios Masculinos en la Universidad de Misuri-Kansas y popularizado desde el a\u00f1o 1999, cuando comenz\u00f3 a conmemorarse internacionalmente \u200bcon el objetivo de abordar temas como la salud masculina, resaltar el [&hellip;]","og_url":"https:\/\/hcd.malargue.gov.ar\/?p=26827","og_site_name":"Malarg\u00fce HCD","article_published_time":"2021-11-19T03:00:12+00:00","article_modified_time":"2021-11-10T13:48:56+00:00","og_image":[{"width":990,"height":742,"url":"https:\/\/hcd.malargue.gov.ar\/wp-content\/uploads\/2021\/11\/dia-del-hombre.jpg","type":"image\/jpeg"}],"author":"Belen Pedernera Ferragut","twitter_card":"summary_large_image","twitter_misc":{"Escrito por":"Belen Pedernera Ferragut","Tiempo de lectura":"2 minutos"},"schema":{"@context":"https:\/\/schema.org","@graph":[{"@type":"WebPage","@id":"https:\/\/hcd.malargue.gov.ar\/?p=26827","url":"https:\/\/hcd.malargue.gov.ar\/?p=26827","name":"DIA INTERNACIONAL DEL HOMBRE - Malarg\u00fce HCD","isPartOf":{"@id":"https:\/\/hcd.malargue.gov.ar\/#website"},"datePublished":"2021-11-19T03:00:12+00:00","dateModified":"2021-11-10T13:48:56+00:00","author":{"@id":"https:\/\/hcd.malargue.gov.ar\/#\/schema\/person\/3fd6bbab64edd703961b795156c955d0"},"breadcrumb":{"@id":"https:\/\/hcd.malargue.gov.ar\/?p=26827#breadcrumb"},"inLanguage":"es-AR","potentialAction":[{"@type":"ReadAction","target":["https:\/\/hcd.malargue.gov.ar\/?p=26827"]}]},{"@type":"BreadcrumbList","@id":"https:\/\/hcd.malargue.gov.ar\/?p=26827#breadcrumb","itemListElement":[{"@type":"ListItem","position":1,"name":"Inicio","item":"https:\/\/hcd.malargue.gov.ar\/"},{"@type":"ListItem","position":2,"name":"DIA INTERNACIONAL DEL HOMBRE"}]},{"@type":"WebSite","@id":"https:\/\/hcd.malargue.gov.ar\/#website","url":"https:\/\/hcd.malargue.gov.ar\/","name":"Malarg\u00fce HCD","description":"Malarg\u00fce Mendoza Argentina","potentialAction":[{"@type":"SearchAction","target":{"@type":"EntryPoint","urlTemplate":"https:\/\/hcd.malargue.gov.ar\/?s={search_term_string}"},"query-input":"required name=search_term_string"}],"inLanguage":"es-AR"},{"@type":"Person","@id":"https:\/\/hcd.malargue.gov.ar\/#\/schema\/person\/3fd6bbab64edd703961b795156c955d0","name":"Belen Pedernera Ferragut","image":{"@type":"ImageObject","inLanguage":"es-AR","@id":"https:\/\/hcd.malargue.gov.ar\/#\/schema\/person\/image\/","url":"https:\/\/secure.gravatar.com\/avatar\/1054ffab3893de4bb3eb29bdd22f7e34b8537bf5d34d9dab311818154ad5b71f?s=96&d=mm&r=g","contentUrl":"https:\/\/secure.gravatar.com\/avatar\/1054ffab3893de4bb3eb29bdd22f7e34b8537bf5d34d9dab311818154ad5b71f?s=96&d=mm&r=g","caption":"Belen Pedernera Ferragut"},"url":"https:\/\/hcd.malargue.gov.ar\/?author=5"}]}},"_links":{"self":[{"href":"https:\/\/hcd.malargue.gov.ar\/index.php?rest_route=\/wp\/v2\/posts\/26827","targetHints":{"allow":["GET"]}}],"collection":[{"href":"https:\/\/hcd.malargue.gov.ar\/index.php?rest_route=\/wp\/v2\/posts"}],"about":[{"href":"https:\/\/hcd.malargue.gov.ar\/index.php?rest_route=\/wp\/v2\/types\/post"}],"author":[{"embeddable":true,"href":"https:\/\/hcd.malargue.gov.ar\/index.php?rest_route=\/wp\/v2\/users\/5"}],"replies":[{"embeddable":true,"href":"https:\/\/hcd.malargue.gov.ar\/index.php?rest_route=%2Fwp%2Fv2%2Fcomments&post=26827"}],"version-history":[{"count":0,"href":"https:\/\/hcd.malargue.gov.ar\/index.php?rest_route=\/wp\/v2\/posts\/26827\/revisions"}],"wp:featuredmedia":[{"embeddable":true,"href":"https:\/\/hcd.malargue.gov.ar\/index.php?rest_route=\/wp\/v2\/media\/26829"}],"wp:attachment":[{"href":"https:\/\/hcd.malargue.gov.ar\/index.php?rest_route=%2Fwp%2Fv2%2Fmedia&parent=26827"}],"wp:term":[{"taxonomy":"category","embeddable":true,"href":"https:\/\/hcd.malargue.gov.ar\/index.php?rest_route=%2Fwp%2Fv2%2Fcategories&post=26827"},{"taxonomy":"post_tag","embeddable":true,"href":"https:\/\/hcd.malargue.gov.ar\/index.php?rest_route=%2Fwp%2Fv2%2Ftags&post=26827"}],"curies":[{"name":"wp","href":"https:\/\/api.w.org\/{rel}","templated":true}]}}