{"id":27194,"date":"2022-03-07T10:58:59","date_gmt":"2022-03-07T13:58:59","guid":{"rendered":"https:\/\/hcd.malargue.gov.ar\/?p=27194"},"modified":"2022-04-12T12:47:12","modified_gmt":"2022-04-12T15:47:12","slug":"resolucion-n-016-2-022","status":"publish","type":"post","link":"https:\/\/hcd.malargue.gov.ar\/?p=27194","title":{"rendered":"RESOLUCI\u00d3N N\u00b0 016\/2.022"},"content":{"rendered":"<p><strong>AUTORA:<\/strong> CONCEJAL LUCIANA VILLEGAS<\/p>\n<p data-wp-editing=\"1\">BLOQUE FRENTE CAMBIA MENDOZA <a href=\"http:\/\/hcd.malargue.gov.ar\/hcdpdf\/rn%20016%202022%20Noviembre%20Azul%20cancer%20de%20prostata.pdf\"><img loading=\"lazy\" decoding=\"async\" class=\"alignright wp-image-7950\" src=\"https:\/\/hcd.malargue.gov.ar\/wp-content\/uploads\/2018\/06\/PDF-JPG-300x300.jpg\" alt=\"\" width=\"107\" height=\"107\" srcset=\"https:\/\/hcd.malargue.gov.ar\/wp-content\/uploads\/2018\/06\/PDF-JPG-300x300.jpg 300w, https:\/\/hcd.malargue.gov.ar\/wp-content\/uploads\/2018\/06\/PDF-JPG-150x150.jpg 150w, https:\/\/hcd.malargue.gov.ar\/wp-content\/uploads\/2018\/06\/PDF-JPG.jpg 512w\" sizes=\"auto, (max-width: 107px) 100vw, 107px\" \/><\/a><\/p>\n<p>VISTO: El\u00a0 Expte. N\u00b0 5.054-HC-039-2.021. Bloque Frente Cambia Mendoza. Proyecto de Resoluci\u00f3n: Declarar \u201cNoviembre Azul\u201d al mes de noviembre para concientizar \u00a0 sobre el C\u00e1ncer de Pr\u00f3stata y la Diabetes.<\/p>\n<p>Las acciones que se llevan adelante todos los a\u00f1os en diversas partes del mundo para \u00a0\u00a0\u00a0\u00a0 combatir el C\u00e1ncer de Pr\u00f3stata y la Diabetes y su rol fundamental de la prevenci\u00f3n en la toma de conciencia y el cambio de h\u00e1bitos<\/p>\n<p>y;<\/p>\n<p>CONSIDERANDO: Que la iniciativa de designar al mes de noviembre para la \u00a0\u00a0 concientizaci\u00f3n de la poblaci\u00f3n masculina sobre la prevenci\u00f3n y diagn\u00f3stico precoz \u00a0 del c\u00e1ncer de pr\u00f3stata comenz\u00f3 en 2003 en Australia, y luego se difundi\u00f3, con \u00a0\u00a0 campa\u00f1as por todo el mundo. Por otra parte, las acciones durante el mes tambi\u00e9n\u00a0 buscan estimular los h\u00e1bitos masculinos de prestar m\u00e1s atenci\u00f3n a la salud como un todo<\/p>\n<p>Que el mes de noviembre es propicio para los profesionales de urolog\u00eda, ya que es \u00a0\u00a0\u00a0\u00a0\u00a0\u00a0\u00a0\u00a0 cuando tienen la oportunidad de captar toda la atenci\u00f3n de la sociedad sobre la \u00a0\u00a0 prevenci\u00f3n del c\u00e1ncer de pr\u00f3stata, el cual es recordado a nivel mundial el 19 de \u00a0 noviembre, con el \u201cD\u00eda Mundial de Lucha Contra el C\u00e1ncer de Pr\u00f3stata\u201d<\/p>\n<p>Que el var\u00f3n no debe esperar hasta los 40, 45 o 50 a\u00f1os para asistir a la consulta con el ur\u00f3logo; ser\u00eda ideal que acuda a revisiones desde una edad temprana; porque \u00a0\u00a0\u00a0\u00a0\u00a0 en cada franja etarea, es decir de 18 a 25 a\u00f1os o de 25 a 35, se observan otras patolog\u00edas que tambi\u00e9n son importantes y no solamente la patolog\u00eda prost\u00e1tica, que \u00a0 anteriormente era el enfoque principal de esta campa\u00f1a de noviembre azul; desde que \u00a0\u00a0 comenz\u00f3 la pandemia se ampli\u00f3 el cuidado masculino integral, que implica\u00a0 primeramente que los varones tomen conciencia sobre la importancia de cuidar su\u00a0 salud<\/p>\n<p>Que\u00a0 la recomendaci\u00f3n es, que el var\u00f3n acuda por lo menos una vez al a\u00f1o a controles \u00a0\u00a0 de rutina. De acuerdo a la necesidad, en otros casos, ser\u00e1n con m\u00e1s frecuencia, dependiendo de la enfermedad.<\/p>\n<p>Que\u00a0 el c\u00e1ncer de pr\u00f3stata es uno de los tumores malignos m\u00e1s comunes en hombres, \u00a0\u00a0\u00a0\u00a0 despu\u00e9s del c\u00e1ncer de piel. Se estima que uno de cada seis hombres desarrollar\u00e1 la \u00a0\u00a0\u00a0\u00a0 enfermedad \u00a0\u00a0\u00a0 durante su vida, especialmente los adultos de m\u00e1s de 50 a\u00f1os, ya que \u00a0\u00a0\u00a0\u00a0\u00a0\u00a0\u00a0\u00a0\u00a0 ella est\u00e1 relacionada con el envejecimiento masculino. Por este motivo, se \u00a0\u00a0\u00a0\u00a0\u00a0\u00a0\u00a0\u00a0 recomienda que todo hombre a partir de esa edad haga consultas regulares<\/p>\n<p>Que\u00a0 las estad\u00edsticas son contundentes y ponen en relieve la necesidad de incrementar \u00a0\u00a0\u00a0 las acciones preventivas de las patolog\u00edas prost\u00e1ticas, y\u00a0 que estas comiencen a ser \u00a0\u00a0\u00a0\u00a0 consideradas en las pol\u00edticas de salud p\u00fablica:<\/p>\n<ul>\n<li>El c\u00e1ncer de pr\u00f3stata es el m\u00e1s frecuente en los hombres.<\/li>\n<li>En el 50% de los casos la enfermedad se detecta cuando est\u00e1 avanzada, \u00a0\u00a0\u00a0\u00a0\u00a0\u00a0\u00a0\u00a0\u00a0\u00a0\u00a0\u00a0elevando los riesgos de mortalidad.<\/li>\n<li>1 de cada 10 hombres padece o puede padecer c\u00e1ncer de pr\u00f3stata.<\/li>\n<li>El 30% de los hombres de m\u00e1s de 50 a\u00f1os, el 40% de los mayores de 60 y hasta el 50% de los que tienen m\u00e1s de 70 a\u00f1os padecen los efectos de la \u00a0\u00a0\u00a0\u00a0\u00a0\u00a0\u00a0\u00a0\u00a0\u00a0\u00a0\u00a0\u00a0\u00a0\u00a0\u00a0\u00a0\u00a0\u00a0\u00a0\u00a0\u00a0\u00a0\u00a0\u00a0\u00a0\u00a0\u00a0\u00a0\u00a0\u00a0\u00a0\u00a0\u00a0 pr\u00f3stata agrandada.<\/li>\n<li>Es la tercera causa de muerte por c\u00e1ncer en adultos mayores de 60 a\u00f1os -dato \u00a0comparable al c\u00e1ncer de mama en la mujer- y el segundo c\u00e1ncer m\u00e1s \u00a0\u00a0\u00a0\u00a0\u00a0\u00a0\u00a0\u00a0\u00a0\u00a0\u00a0\u00a0\u00a0\u00a0\u00a0\u00a0\u00a0\u00a0\u00a0\u00a0\u00a0\u00a0\u00a0\u00a0\u00a0\u00a0\u00a0\u00a0\u00a0 \u00a0diagnosticado, luego del de piel.<\/li>\n<\/ul>\n<p>Que\u00a0 la iniciativa tendr\u00e1 dos d\u00edas importantes: la prevenci\u00f3n y control de Diabetes, \u00a0\u00a0\u00a0\u00a0\u00a0\u00a0\u00a0 que se conmemora el 14 de noviembre y el d\u00eda de la Lucha Contra el C\u00e1ncer de Pr\u00f3stata, el 17 de este mes.<\/p>\n<p>Que el D\u00eda Mundial de la Diabetes (DMD) es la campa\u00f1a de concientizaci\u00f3n sobre la \u00a0\u00a0\u00a0 enfermedad\u00a0 m\u00e1s importante en el mundo. Fue instaurado por la Federaci\u00f3n Internacional de Diabetes (FID) y la Organizaci\u00f3n Mundial de la Salud (OMS) en \u00a0 1991, como respuesta al alarmante aumento de casos de la misma \u00a0en el mundo. En \u00a0 2007, \u00a0 Naciones Unidas celebr\u00f3 por primera vez este d\u00eda tras la aprobaci\u00f3n de la \u00a0 Resoluci\u00f3n en diciembre de 2006, convirti\u00e9ndolo en un d\u00eda oficial de la salud.<\/p>\n<p>Que la diabetes es una enfermedad en la que los niveles de glucosa (az\u00facar) de la \u00a0\u00a0\u00a0\u00a0\u00a0\u00a0\u00a0\u00a0\u00a0\u00a0 sangre est\u00e1n muy altos. La glucosa proviene de los alimentos que se consume. La\u00a0 insulina es una hormona que ayuda a que la glucosa entre a las c\u00e9lulas para \u00a0 suministrarles energ\u00eda. En la diabetes tipo 1, el cuerpo no produce insulina. En la \u00a0 diabetes tipo 2, la m\u00e1s com\u00fan, el cuerpo no produce o no usa la insulina de manera\u00a0 adecuada. Sin suficiente insulina, la glucosa permanece en la sangre.<\/p>\n<p>Que con el tiempo, el exceso de glucosa en la sangre puede causar problemas serios. \u00a0\u00a0\u00a0\u00a0\u00a0 Puede da\u00f1ar los ojos, los ri\u00f1ones y los nervios. La diabetes tambi\u00e9n puede causar \u00a0\u00a0\u00a0\u00a0\u00a0\u00a0\u00a0 enfermedades card\u00edacas, derrames cerebrales y la necesidad de amputar un miembro. Las mujeres embarazadas tambi\u00e9n pueden desarrollar diabetes, llamada diabetes \u00a0\u00a0\u00a0 gestacional.<\/p>\n<p>Que\u00a0 el 14 de noviembre se conmemora el D\u00eda Mundial de la Diabetes, momento en \u00a0\u00a0\u00a0\u00a0\u00a0 el cual se pone especial y mayor \u00e9nfasis en la importancia de prevenir esta \u00a0\u00a0\u00a0\u00a0\u00a0\u00a0\u00a0\u00a0\u00a0\u00a0 enfermedad. Sin embargo, la Organizaci\u00f3n Mundial de la Salud lleva a cabo durante \u00a0\u00a0\u00a0 todo el a\u00f1o campa\u00f1as de concientizaci\u00f3n, con el fin de dar a conocer las causas, los \u00a0\u00a0\u00a0\u00a0\u00a0\u00a0\u00a0\u00a0\u00a0 s\u00edntomas, el tratamiento y las complicaciones asociadas a la misma.<\/p>\n<p>EL HONORABLE CONCEJO DELIBERANTE DE LA MUNICIPALIDAD DE MALARG\u00dcE EN USO DE LAS FACULTADES QUE LE SON PROPIAS<\/p>\n<p>RESUELVE<\/p>\n<p>ART\u00cdCULO 1\u00ba: Declarar \u201cNoviembre Azul\u201d al mes de Noviembre para concientizar sobre \u00a0\u00a0\u00a0\u00a0\u00a0\u00a0\u00a0 el C\u00e1ncer de Pr\u00f3stata y la Diabetes<\/p>\n<p>ART\u00cdCULO 2\u00ba: Durante el mes de Noviembre se deber\u00e1n establecer campa\u00f1as de difusi\u00f3n e \u00a0\u00a0\u00a0 informaci\u00f3n con el fin de crear conciencia acerca de estas enfermedades y generar \u00a0\u00a0\u00a0\u00a0\u00a0 conductas tendientes a la detecci\u00f3n temprana, control y posterior tratamiento de la \u00a0\u00a0\u00a0\u00a0\u00a0\u00a0 misma<\/p>\n<p>ART\u00cdCULO 3\u00ba: Elevar copia de la presente pieza legal a:<\/p>\n<ul>\n<li>Casa Central OSEP-Mendoza-<\/li>\n<li>Hospital Regional Malarg\u00fce<\/li>\n<li>\u00c1rea de Sanitaria Malarg\u00fce<\/li>\n<\/ul>\n<p>ART\u00cdCULO 4\u00ba: Comun\u00edquese, reg\u00edstrese, agr\u00e9guese copia de la presente en las actuaciones \u00a0\u00a0\u00a0\u00a0\u00a0\u00a0\u00a0\u00a0\u00a0\u00a0\u00a0 correspondientes y arch\u00edvese.<\/p>\n<p>DADA EN LA SALA DE SESIONES DR. RICARDO BALBIN DEL HONORABLE CONCEJO DELIBERANTE DE LA MUNICIPALIDAD DE MALARG\u00dcE A VEINTIRES D\u00cdAS DE FEBRERO DE DOS MIL VEINTIDOS<\/p>\n<p>&nbsp;<\/p>\n<p>&nbsp;<\/p>\n","protected":false},"excerpt":{"rendered":"<p>AUTORA: CONCEJAL LUCIANA VILLEGAS BLOQUE FRENTE CAMBIA MENDOZA VISTO: El\u00a0 Expte. N\u00b0 5.054-HC-039-2.021. Bloque Frente Cambia Mendoza. Proyecto de Resoluci\u00f3n: Declarar \u201cNoviembre Azul\u201d al mes de noviembre para concientizar \u00a0 sobre el C\u00e1ncer de Pr\u00f3stata y la Diabetes. Las acciones que se llevan adelante todos los a\u00f1os en diversas partes del mundo para \u00a0\u00a0\u00a0\u00a0 combatir [&hellip;]<\/p>\n","protected":false},"author":5,"featured_media":27758,"comment_status":"closed","ping_status":"closed","sticky":false,"template":"","format":"standard","meta":{"footnotes":""},"categories":[52,29,33,51],"tags":[],"class_list":["post-27194","post","type-post","status-publish","format-standard","has-post-thumbnail","hentry","category-gacetillas","category-lesgilacion","category-prensa","category-resoluciones"],"yoast_head":"<!-- This site is optimized with the Yoast SEO plugin v19.10 - https:\/\/yoast.com\/wordpress\/plugins\/seo\/ -->\n<title>RESOLUCI\u00d3N N\u00b0 016\/2.022 - Malarg\u00fce HCD<\/title>\n<meta name=\"robots\" content=\"index, follow, max-snippet:-1, max-image-preview:large, max-video-preview:-1\" \/>\n<link rel=\"canonical\" href=\"https:\/\/hcd.malargue.gov.ar\/?p=27194\" \/>\n<meta property=\"og:locale\" content=\"es_ES\" \/>\n<meta property=\"og:type\" content=\"article\" \/>\n<meta property=\"og:title\" content=\"RESOLUCI\u00d3N N\u00b0 016\/2.022 - Malarg\u00fce HCD\" \/>\n<meta property=\"og:description\" content=\"AUTORA: CONCEJAL LUCIANA VILLEGAS BLOQUE FRENTE CAMBIA MENDOZA VISTO: El\u00a0 Expte. N\u00b0 5.054-HC-039-2.021. Bloque Frente Cambia Mendoza. Proyecto de Resoluci\u00f3n: Declarar \u201cNoviembre Azul\u201d al mes de noviembre para concientizar \u00a0 sobre el C\u00e1ncer de Pr\u00f3stata y la Diabetes. Las acciones que se llevan adelante todos los a\u00f1os en diversas partes del mundo para \u00a0\u00a0\u00a0\u00a0 combatir [&hellip;]\" \/>\n<meta property=\"og:url\" content=\"https:\/\/hcd.malargue.gov.ar\/?p=27194\" \/>\n<meta property=\"og:site_name\" content=\"Malarg\u00fce HCD\" \/>\n<meta property=\"article:published_time\" content=\"2022-03-07T13:58:59+00:00\" \/>\n<meta property=\"article:modified_time\" content=\"2022-04-12T15:47:12+00:00\" \/>\n<meta property=\"og:image\" content=\"https:\/\/hcd.malargue.gov.ar\/wp-content\/uploads\/2022\/03\/rn-016-2022.jpg\" \/>\n\t<meta property=\"og:image:width\" content=\"940\" \/>\n\t<meta property=\"og:image:height\" content=\"788\" \/>\n\t<meta property=\"og:image:type\" content=\"image\/jpeg\" \/>\n<meta name=\"author\" content=\"Belen Pedernera Ferragut\" \/>\n<meta name=\"twitter:card\" content=\"summary_large_image\" \/>\n<meta name=\"twitter:label1\" content=\"Escrito por\" \/>\n\t<meta name=\"twitter:data1\" content=\"Belen Pedernera Ferragut\" \/>\n\t<meta name=\"twitter:label2\" content=\"Tiempo de lectura\" \/>\n\t<meta name=\"twitter:data2\" content=\"5 minutos\" \/>\n<script type=\"application\/ld+json\" class=\"yoast-schema-graph\">{\"@context\":\"https:\/\/schema.org\",\"@graph\":[{\"@type\":\"WebPage\",\"@id\":\"https:\/\/hcd.malargue.gov.ar\/?p=27194\",\"url\":\"https:\/\/hcd.malargue.gov.ar\/?p=27194\",\"name\":\"RESOLUCI\u00d3N N\u00b0 016\/2.022 - Malarg\u00fce HCD\",\"isPartOf\":{\"@id\":\"https:\/\/hcd.malargue.gov.ar\/#website\"},\"datePublished\":\"2022-03-07T13:58:59+00:00\",\"dateModified\":\"2022-04-12T15:47:12+00:00\",\"author\":{\"@id\":\"https:\/\/hcd.malargue.gov.ar\/#\/schema\/person\/3fd6bbab64edd703961b795156c955d0\"},\"breadcrumb\":{\"@id\":\"https:\/\/hcd.malargue.gov.ar\/?p=27194#breadcrumb\"},\"inLanguage\":\"es-AR\",\"potentialAction\":[{\"@type\":\"ReadAction\",\"target\":[\"https:\/\/hcd.malargue.gov.ar\/?p=27194\"]}]},{\"@type\":\"BreadcrumbList\",\"@id\":\"https:\/\/hcd.malargue.gov.ar\/?p=27194#breadcrumb\",\"itemListElement\":[{\"@type\":\"ListItem\",\"position\":1,\"name\":\"Inicio\",\"item\":\"https:\/\/hcd.malargue.gov.ar\/\"},{\"@type\":\"ListItem\",\"position\":2,\"name\":\"RESOLUCI\u00d3N N\u00b0 016\/2.022\"}]},{\"@type\":\"WebSite\",\"@id\":\"https:\/\/hcd.malargue.gov.ar\/#website\",\"url\":\"https:\/\/hcd.malargue.gov.ar\/\",\"name\":\"Malarg\u00fce HCD\",\"description\":\"Malarg\u00fce Mendoza Argentina\",\"potentialAction\":[{\"@type\":\"SearchAction\",\"target\":{\"@type\":\"EntryPoint\",\"urlTemplate\":\"https:\/\/hcd.malargue.gov.ar\/?s={search_term_string}\"},\"query-input\":\"required name=search_term_string\"}],\"inLanguage\":\"es-AR\"},{\"@type\":\"Person\",\"@id\":\"https:\/\/hcd.malargue.gov.ar\/#\/schema\/person\/3fd6bbab64edd703961b795156c955d0\",\"name\":\"Belen Pedernera Ferragut\",\"image\":{\"@type\":\"ImageObject\",\"inLanguage\":\"es-AR\",\"@id\":\"https:\/\/hcd.malargue.gov.ar\/#\/schema\/person\/image\/\",\"url\":\"https:\/\/secure.gravatar.com\/avatar\/1054ffab3893de4bb3eb29bdd22f7e34b8537bf5d34d9dab311818154ad5b71f?s=96&d=mm&r=g\",\"contentUrl\":\"https:\/\/secure.gravatar.com\/avatar\/1054ffab3893de4bb3eb29bdd22f7e34b8537bf5d34d9dab311818154ad5b71f?s=96&d=mm&r=g\",\"caption\":\"Belen Pedernera Ferragut\"},\"url\":\"https:\/\/hcd.malargue.gov.ar\/?author=5\"}]}<\/script>\n<!-- \/ Yoast SEO plugin. -->","yoast_head_json":{"title":"RESOLUCI\u00d3N N\u00b0 016\/2.022 - Malarg\u00fce HCD","robots":{"index":"index","follow":"follow","max-snippet":"max-snippet:-1","max-image-preview":"max-image-preview:large","max-video-preview":"max-video-preview:-1"},"canonical":"https:\/\/hcd.malargue.gov.ar\/?p=27194","og_locale":"es_ES","og_type":"article","og_title":"RESOLUCI\u00d3N N\u00b0 016\/2.022 - Malarg\u00fce HCD","og_description":"AUTORA: CONCEJAL LUCIANA VILLEGAS BLOQUE FRENTE CAMBIA MENDOZA VISTO: El\u00a0 Expte. N\u00b0 5.054-HC-039-2.021. Bloque Frente Cambia Mendoza. Proyecto de Resoluci\u00f3n: Declarar \u201cNoviembre Azul\u201d al mes de noviembre para concientizar \u00a0 sobre el C\u00e1ncer de Pr\u00f3stata y la Diabetes. Las acciones que se llevan adelante todos los a\u00f1os en diversas partes del mundo para \u00a0\u00a0\u00a0\u00a0 combatir [&hellip;]","og_url":"https:\/\/hcd.malargue.gov.ar\/?p=27194","og_site_name":"Malarg\u00fce HCD","article_published_time":"2022-03-07T13:58:59+00:00","article_modified_time":"2022-04-12T15:47:12+00:00","og_image":[{"width":940,"height":788,"url":"https:\/\/hcd.malargue.gov.ar\/wp-content\/uploads\/2022\/03\/rn-016-2022.jpg","type":"image\/jpeg"}],"author":"Belen Pedernera Ferragut","twitter_card":"summary_large_image","twitter_misc":{"Escrito por":"Belen Pedernera Ferragut","Tiempo de lectura":"5 minutos"},"schema":{"@context":"https:\/\/schema.org","@graph":[{"@type":"WebPage","@id":"https:\/\/hcd.malargue.gov.ar\/?p=27194","url":"https:\/\/hcd.malargue.gov.ar\/?p=27194","name":"RESOLUCI\u00d3N N\u00b0 016\/2.022 - Malarg\u00fce HCD","isPartOf":{"@id":"https:\/\/hcd.malargue.gov.ar\/#website"},"datePublished":"2022-03-07T13:58:59+00:00","dateModified":"2022-04-12T15:47:12+00:00","author":{"@id":"https:\/\/hcd.malargue.gov.ar\/#\/schema\/person\/3fd6bbab64edd703961b795156c955d0"},"breadcrumb":{"@id":"https:\/\/hcd.malargue.gov.ar\/?p=27194#breadcrumb"},"inLanguage":"es-AR","potentialAction":[{"@type":"ReadAction","target":["https:\/\/hcd.malargue.gov.ar\/?p=27194"]}]},{"@type":"BreadcrumbList","@id":"https:\/\/hcd.malargue.gov.ar\/?p=27194#breadcrumb","itemListElement":[{"@type":"ListItem","position":1,"name":"Inicio","item":"https:\/\/hcd.malargue.gov.ar\/"},{"@type":"ListItem","position":2,"name":"RESOLUCI\u00d3N N\u00b0 016\/2.022"}]},{"@type":"WebSite","@id":"https:\/\/hcd.malargue.gov.ar\/#website","url":"https:\/\/hcd.malargue.gov.ar\/","name":"Malarg\u00fce HCD","description":"Malarg\u00fce Mendoza Argentina","potentialAction":[{"@type":"SearchAction","target":{"@type":"EntryPoint","urlTemplate":"https:\/\/hcd.malargue.gov.ar\/?s={search_term_string}"},"query-input":"required name=search_term_string"}],"inLanguage":"es-AR"},{"@type":"Person","@id":"https:\/\/hcd.malargue.gov.ar\/#\/schema\/person\/3fd6bbab64edd703961b795156c955d0","name":"Belen Pedernera Ferragut","image":{"@type":"ImageObject","inLanguage":"es-AR","@id":"https:\/\/hcd.malargue.gov.ar\/#\/schema\/person\/image\/","url":"https:\/\/secure.gravatar.com\/avatar\/1054ffab3893de4bb3eb29bdd22f7e34b8537bf5d34d9dab311818154ad5b71f?s=96&d=mm&r=g","contentUrl":"https:\/\/secure.gravatar.com\/avatar\/1054ffab3893de4bb3eb29bdd22f7e34b8537bf5d34d9dab311818154ad5b71f?s=96&d=mm&r=g","caption":"Belen Pedernera Ferragut"},"url":"https:\/\/hcd.malargue.gov.ar\/?author=5"}]}},"_links":{"self":[{"href":"https:\/\/hcd.malargue.gov.ar\/index.php?rest_route=\/wp\/v2\/posts\/27194","targetHints":{"allow":["GET"]}}],"collection":[{"href":"https:\/\/hcd.malargue.gov.ar\/index.php?rest_route=\/wp\/v2\/posts"}],"about":[{"href":"https:\/\/hcd.malargue.gov.ar\/index.php?rest_route=\/wp\/v2\/types\/post"}],"author":[{"embeddable":true,"href":"https:\/\/hcd.malargue.gov.ar\/index.php?rest_route=\/wp\/v2\/users\/5"}],"replies":[{"embeddable":true,"href":"https:\/\/hcd.malargue.gov.ar\/index.php?rest_route=%2Fwp%2Fv2%2Fcomments&post=27194"}],"version-history":[{"count":0,"href":"https:\/\/hcd.malargue.gov.ar\/index.php?rest_route=\/wp\/v2\/posts\/27194\/revisions"}],"wp:featuredmedia":[{"embeddable":true,"href":"https:\/\/hcd.malargue.gov.ar\/index.php?rest_route=\/wp\/v2\/media\/27758"}],"wp:attachment":[{"href":"https:\/\/hcd.malargue.gov.ar\/index.php?rest_route=%2Fwp%2Fv2%2Fmedia&parent=27194"}],"wp:term":[{"taxonomy":"category","embeddable":true,"href":"https:\/\/hcd.malargue.gov.ar\/index.php?rest_route=%2Fwp%2Fv2%2Fcategories&post=27194"},{"taxonomy":"post_tag","embeddable":true,"href":"https:\/\/hcd.malargue.gov.ar\/index.php?rest_route=%2Fwp%2Fv2%2Ftags&post=27194"}],"curies":[{"name":"wp","href":"https:\/\/api.w.org\/{rel}","templated":true}]}}