{"id":27199,"date":"2022-03-07T11:08:40","date_gmt":"2022-03-07T14:08:40","guid":{"rendered":"https:\/\/hcd.malargue.gov.ar\/?p=27199"},"modified":"2022-04-12T12:51:22","modified_gmt":"2022-04-12T15:51:22","slug":"resolucion-n-018-2-022","status":"publish","type":"post","link":"https:\/\/hcd.malargue.gov.ar\/?p=27199","title":{"rendered":"RESOLUCI\u00d3N N\u00b0 018\/2.022"},"content":{"rendered":"<p><strong>AUTORA:<\/strong> CONCEJAL LUCIANA VILLEGAS<\/p>\n<p data-wp-editing=\"1\">BLOQUE FRENTE CAMBIA MENDOZA <a href=\"http:\/\/hcd.malargue.gov.ar\/hcdpdf\/rn%20018%202022%20Noviembre%20mes%20de%20la%20diabetes.pdf\"><img loading=\"lazy\" decoding=\"async\" class=\"alignright wp-image-7950\" src=\"https:\/\/hcd.malargue.gov.ar\/wp-content\/uploads\/2018\/06\/PDF-JPG-300x300.jpg\" alt=\"\" width=\"91\" height=\"91\" srcset=\"https:\/\/hcd.malargue.gov.ar\/wp-content\/uploads\/2018\/06\/PDF-JPG-300x300.jpg 300w, https:\/\/hcd.malargue.gov.ar\/wp-content\/uploads\/2018\/06\/PDF-JPG-150x150.jpg 150w, https:\/\/hcd.malargue.gov.ar\/wp-content\/uploads\/2018\/06\/PDF-JPG.jpg 512w\" sizes=\"auto, (max-width: 91px) 100vw, 91px\" \/><\/a><\/p>\n<p>VISTO: El Expte. N\u00b0 5.055-HC-039-2.021. Bloque Frente Cambia Mendoza. Proyecto de Resoluci\u00f3n: Declarar el mes de Noviembre como \u201cMes de la Diabetes\u201d en el\u00a0 Departamento de Malarg\u00fce.<\/p>\n<p>Como una oportunidad perfecta para dirigir la atenci\u00f3n del p\u00fablico hacia las causas, \u00a0 s\u00edntomas, complicaciones y tratamiento de esta grave afecci\u00f3n, que se encuentra en\u00a0\u00a0 constante aumento en todo el mundo.<\/p>\n<p>y;<\/p>\n<p>CONSIDERANDO: Que \u00a0El D\u00eda Mundial de la Diabetes se celebra cada a\u00f1o el 14 de \u00a0\u00a0 noviembre. Se escogi\u00f3 esta fecha siendo el aniversario de Frederick Banting quien,\u00a0\u00a0 junto con Charles Best, concibi\u00f3 la idea que les conducir\u00eda al descubrimiento de la\u00a0 insulina, en octubre de 1921.<\/p>\n<p>Que el D\u00eda Mundial de la Diabetes (DMD) es la campa\u00f1a de concienciaci\u00f3n m\u00e1s \u00a0 importante del mundo. Fue instaurado por la Federaci\u00f3n Internacional de Diabetes (FID) y la Organizaci\u00f3n Mundial de la Salud (OMS) en 1991, como respuesta al\u00a0 alarmante aumento de los casos de diabetes en el mundo. En 2007, Naciones Unidas\u00a0 celebr\u00f3 por primera vez este d\u00eda tras la aprobaci\u00f3n de la Resoluci\u00f3n en diciembre de \u00a0\u00a0\u00a0 2006, convirtiendo\u00a0 en un d\u00eda oficial de la salud.<\/p>\n<p>Que su prop\u00f3sito es dar a conocer las causas, los s\u00edntomas, el tratamiento y las \u00a0\u00a0 complicaciones asociadas a la enfermedad. El D\u00eda Mundial de la Diabetes nos recuerda que la incidencia de esta grave afecci\u00f3n se halla en aumento y continuar\u00e1 \u00a0 esta tendencia a no ser que emprendamos acciones desde ahora para prevenir este \u00a0 enorme crecimiento.<\/p>\n<p>Que este d\u00eda fue introducido por la Federaci\u00f3n Internacional de Diabetes (FID) y la \u00a0\u00a0\u00a0\u00a0\u00a0\u00a0 Organizaci\u00f3n Mundial de la Salud (OMS) en 1991, ante el preocupante aumento en la incidencia de la diabetes alrededor del mundo. Desde entonces, el evento ha \u00a0\u00a0\u00a0 aumentado en popularidad cada a\u00f1o<\/p>\n<p>Que la diabetes es una enfermedad cr\u00f3nica que se caracteriza por presentar niveles\u00a0 altos de az\u00facar en sangre. El az\u00facar en sangre (glucemia), cuando tiene valores por encima de lo normal, se denomina hiperglucemia, y cuando se sostiene en el tiempo \u00a0\u00a0 puede dar lugar a complicaciones en diferentes \u00f3rganos.<\/p>\n<p>Que la diabetes es una enfermedad cr\u00f3nica, esto significa que acompa\u00f1a toda la vida\u00a0 a la persona que la padece. Sin embargo, con un seguimiento y tratamiento adecuado se pueden prevenir complicaciones y llevar una vida normal.<\/p>\n<p>Que se estima que 1 de cada 10 argentinos de 18 a\u00f1os o m\u00e1s tiene diabetes y dado\u00a0\u00a0 que, por varios a\u00f1os permanece sin s\u00edntomas, aproximadamente 4 de cada 10 personas que la padecen desconocen su condici\u00f3n<\/p>\n<p>Que\u00a0 existen varios tipos de diabetes:<\/p>\n<p>*Diabetes tipo 1: el p\u00e1ncreas no produce insulina, por lo tanto, la glucosa no\u00a0 puede ingresar a las c\u00e9lulas. Generalmente comienza antes de los 30 a\u00f1os y \u00a0\u00a0 su tratamiento requiere seguir un plan de alimentaci\u00f3n adecuado y la\u00a0\u00a0 aplicaci\u00f3n de inyecciones de insulina todos los d\u00edas.<\/p>\n<p>*Diabetes tipo 2: es la forma m\u00e1s com\u00fan. Si bien existe producci\u00f3n de \u00a0 insulina, esta es insuficiente y la misma act\u00faa de forma incorrecta, de\u00a0\u00a0\u00a0 modo que el ingreso de la \u00a0 glucosa a las c\u00e9lulas se ve dificultado\u00a0 (insulinorresistencia).Si bien suele comenzar despu\u00e9s de los 40 a\u00f1os, la \u00a0 enfermedad se observa en forma cada vez m\u00e1s frecuente\u00a0 en personas m\u00e1s j\u00f3venes. Este tipo de diabetes se asocia a sobrepeso y obesidad,\u00a0 alimentaci\u00f3n inadecuada, falta de actividad f\u00edsica y antecedentes familiares\u00a0 de diabetes tipo 2.<\/p>\n<p>*Diabetes gestacional: es la glucemia alta que se inicia o se diagnostica en el \u00a0\u00a0\u00a0\u00a0\u00a0 \u00a0\u00a0\u00a0\u00a0\u00a0\u00a0\u00a0\u00a0\u00a0\u00a0\u00a0 \u00a0\u00a0embarazo.<\/p>\n<p>*Otro tipo espec\u00edfico de diabetes, menos frecuente, es la diabetes causada por otras \u00a0\u00a0\u00a0\u00a0\u00a0\u00a0\u00a0\u00a0\u00a0\u00a0\u00a0 enfermedades o medicamentos como por ejemplo enfermedades del p\u00e1ncreas.<\/p>\n<p>Que\u00a0 los s\u00edntomas de la diabetes pueden variar de intensidad en diferentes personas y seg\u00fan el tipo de diabetes.<\/p>\n<p>*La diabetes tipo 1 suele producir s\u00edntomas de forma r\u00e1pida y clara tras la falta\u00a0 de producci\u00f3n de insulina, por lo que su diagn\u00f3stico suele ser pr\u00e1cticamente inmediato tras el inicio de los s\u00edntomas.<\/p>\n<p>*En cambio, la diabetes tipo 2, es mucho m\u00e1s gradual, pueden pasar varios a\u00f1os sin que se produzcan s\u00edntomas que hagan sospechar su presencia por lo cual, el diagn\u00f3stico se puede producir al realizar un an\u00e1lisis de sangre por otro motivo.<\/p>\n<p>Los s\u00edntomas de la diabetes pueden ser:<\/p>\n<p>*Falta de energ\u00eda<\/p>\n<p>*Poliuria (orinar mucho).<\/p>\n<p>*Polifagia (aumento del apetito).<\/p>\n<p>*Polidipsia (beber mucho por sed).<\/p>\n<p>*P\u00e9rdida de peso.<\/p>\n<p>*Visi\u00f3n borrosa.<\/p>\n<p>*Infecciones urinarias a repetici\u00f3n.<\/p>\n<ul>\n<li>Infecciones cut\u00e1neas a repetici\u00f3n.<\/li>\n<li>Heridas que tardan en cicatrizar.<\/li>\n<\/ul>\n<p>Que\u00a0 su tratamiento se basa en 4 pilares:<\/p>\n<p>*Educaci\u00f3n diabetol\u00f3gica: Incorporar conocimientos acerca de la enfermedad \u00a0 y las estrategias para los cuidados cotidianos,componente esencial del\u00a0\u00a0 tratamiento de la diabetes y otras enfermedades cr\u00f3nicas.<\/p>\n<p>*Estilo de vida saludable, que comprende:<\/p>\n<p>*Plan alimentario equilibrado con porciones adecuadas que incluyan \u00a0 verduras, frutas, granos integrales, legumbres, carnes magras, l\u00e1cteos \u00a0 descremados y bajo en sodio; con reducci\u00f3n al m\u00ednimo del consumo de alcohol.<\/p>\n<p>*Actividad f\u00edsica aer\u00f3bica: antes de iniciar, consulte a su equipo de salud para elegir el tipo, la intensidad, frecuencia y duraci\u00f3n de actividad f\u00edsica que puede \u00a0 realizar seg\u00fan su edad, estado de salud y sus preferencias.<\/p>\n<p>*No fumar.<\/p>\n<p>*Tratamiento farmacol\u00f3gico: medicaci\u00f3n v\u00eda oral o inyecciones de insulina.<\/p>\n<ul>\n<li>Tratamiento de sus factores de riesgo y enfermedades asociadas: \u00a0\u00a0hipertensi\u00f3n, sobrepeso u obesidad, colesterol alto.<\/li>\n<\/ul>\n<p>Que\u00a0 las personas con diabetes pueden tener otras enfermedades cr\u00f3nicas asociadas,\u00a0 como la hipertensi\u00f3n arterial, el colesterol alto y el sobrepeso u obesidad, para prevenir las complicaciones es fundamental tratar tanto la diabetes como sus factores de riesgo y enfermedades asociadas.<\/p>\n<p>Que\u00a0 seg\u00fan las estimaciones, alrededor de 422 millones de personas sufren diabetes en el mundo. El aumento del sobrepeso y la obesidad en las \u00faltimas tres d\u00e9cadas, han \u00a0 acompa\u00f1ado el crecimiento de casos por diabetes.<\/p>\n<p>*La diabetes es una de las principales causas de mortalidad en el mundo.<\/p>\n<p>*La diabetes de tipo 2 es mucho m\u00e1s frecuente que la de tipo 1.<\/p>\n<p>*Un diagnostico e intervenci\u00f3n precoz de la diabetes, augura un buen\u00a0\u00a0 tratamiento y calidad de vida.<\/p>\n<p>*En mayor medida, la diabetes se registra en pa\u00edses de ingresos medios y\u00a0 bajos.<\/p>\n<p>*La diabetes de tipo 2 se puede prevenir llevando a cabo una alimentaci\u00f3n \u00a0 sana y la realizaci\u00f3n de actividad f\u00edsica casi todos los d\u00edas.<\/p>\n<p>*La diabetes gestacional constituye un tercer tipo, que se caracteriza por\u00a0 hiperglucemia con valores que, pese a ser superiores a los normales, son\u00a0\u00a0 inferiores a los establecidos para diagnosticar la diabetes. Este tipo de \u00a0 diabetes aparece durante el embarazo<\/p>\n<p>Que existen las Resoluciones N\u00b0 501\/2.019 y 348\/2.019 ambas peticionando especialistas\u00a0 oncol\u00f3gicos para el Departamento de Malarg\u00fce.<\/p>\n<p>EL HONORABLE CONCEJO DELIBERANTE DE LA MUNICIPALIDAD DE MALARG\u00dcE EN USO DE LAS FACULTADES QUE LE SON PROPIAS.<\/p>\n<p>RESUELVE<\/p>\n<p>ART\u00cdCULO 1\u00ba: Declarar el mes de Noviembre como \u201cMes de la Diabetes\u201d en el \u00a0\u00a0\u00a0\u00a0\u00a0\u00a0\u00a0\u00a0\u00a0\u00a0 Departamento de Malarg\u00fce<\/p>\n<p>ART\u00cdCULO 2\u00ba: Durante el mes de Noviembre se deber\u00e1n establecer campa\u00f1as de difusi\u00f3n e \u00a0\u00a0\u00a0 informaci\u00f3n con el fin de crear conciencia acerca de la enfermedad y generar \u00a0 conductas tendientes a la detecci\u00f3n temprana, control y posterior tratamiento de la misma<\/p>\n<p>ARTICULO 3\u00ba: Iluminar el frente este Honorable Concejo Deliberante e invitar a las dem\u00e1s \u00a0\u00a0\u00a0\u00a0 entidades pertenecientes a la Municipalidad de Malarg\u00fce a iluminar los frentes de los \u00a0\u00a0\u00a0\u00a0\u00a0\u00a0\u00a0 edificios de color azul cada 14 de Noviembre con motivo de conmemorar el \u201cD\u00eda\u00a0 Mundial de la Diabetes\u201d<\/p>\n<p>ART\u00cdCULO 4\u00ba: Considerar los pedidos realizados por las Resoluciones N\u00b0 501\/2.019; \u00a0 348\/2.019, en las cuales solicitan se designen m\u00e9dicos diabet\u00f3logos para el \u00a0 Departamento de Malarg\u00fce.<\/p>\n<p>ARTICULO 5\u00b0: Elevar copia de la presente pieza legal a:<\/p>\n<p>*Legisladores del Cuarto Distrito<\/p>\n<p>* Casa Central OSEP-Mendoza<\/p>\n<p>*OSEP-Malarg\u00fce<\/p>\n<p>*Hospital Regional Malarg\u00fce<\/p>\n<p>*\u00c1rea de Sanitaria Malarg\u00fce<\/p>\n<p>ARTICULO 6\u00ba: Comun\u00edquese, reg\u00edstrese, agr\u00e9guese copia de la presente en las actuaciones \u00a0\u00a0\u00a0\u00a0\u00a0\u00a0\u00a0\u00a0\u00a0\u00a0\u00a0 correspondientes y arch\u00edvese.<\/p>\n<p>DADA EN LA SALA DE SESIONES DR. RICARDO BALBIN DEL HONORABLE CONCEJO DELIBERANTE DE LA MUNICIPALIDAD DE MALARG\u00dcE A VEINTITRES D\u00cdAS DE FEBRERO DE DOS MIL VEINTIDOS<\/p>\n<p>&nbsp;<\/p>\n","protected":false},"excerpt":{"rendered":"<p>AUTORA: CONCEJAL LUCIANA VILLEGAS BLOQUE FRENTE CAMBIA MENDOZA VISTO: El Expte. N\u00b0 5.055-HC-039-2.021. Bloque Frente Cambia Mendoza. Proyecto de Resoluci\u00f3n: Declarar el mes de Noviembre como \u201cMes de la Diabetes\u201d en el\u00a0 Departamento de Malarg\u00fce. Como una oportunidad perfecta para dirigir la atenci\u00f3n del p\u00fablico hacia las causas, \u00a0 s\u00edntomas, complicaciones y tratamiento de esta [&hellip;]<\/p>\n","protected":false},"author":5,"featured_media":27759,"comment_status":"closed","ping_status":"closed","sticky":false,"template":"","format":"standard","meta":{"footnotes":""},"categories":[52,29,33,51],"tags":[],"class_list":["post-27199","post","type-post","status-publish","format-standard","has-post-thumbnail","hentry","category-gacetillas","category-lesgilacion","category-prensa","category-resoluciones"],"yoast_head":"<!-- This site is optimized with the Yoast SEO plugin v19.10 - https:\/\/yoast.com\/wordpress\/plugins\/seo\/ -->\n<title>RESOLUCI\u00d3N N\u00b0 018\/2.022 - Malarg\u00fce HCD<\/title>\n<meta name=\"robots\" content=\"index, follow, max-snippet:-1, max-image-preview:large, max-video-preview:-1\" \/>\n<link rel=\"canonical\" href=\"https:\/\/hcd.malargue.gov.ar\/?p=27199\" \/>\n<meta property=\"og:locale\" content=\"es_ES\" \/>\n<meta property=\"og:type\" content=\"article\" \/>\n<meta property=\"og:title\" content=\"RESOLUCI\u00d3N N\u00b0 018\/2.022 - Malarg\u00fce HCD\" \/>\n<meta property=\"og:description\" content=\"AUTORA: CONCEJAL LUCIANA VILLEGAS BLOQUE FRENTE CAMBIA MENDOZA VISTO: El Expte. N\u00b0 5.055-HC-039-2.021. Bloque Frente Cambia Mendoza. Proyecto de Resoluci\u00f3n: Declarar el mes de Noviembre como \u201cMes de la Diabetes\u201d en el\u00a0 Departamento de Malarg\u00fce. Como una oportunidad perfecta para dirigir la atenci\u00f3n del p\u00fablico hacia las causas, \u00a0 s\u00edntomas, complicaciones y tratamiento de esta [&hellip;]\" \/>\n<meta property=\"og:url\" content=\"https:\/\/hcd.malargue.gov.ar\/?p=27199\" \/>\n<meta property=\"og:site_name\" content=\"Malarg\u00fce HCD\" \/>\n<meta property=\"article:published_time\" content=\"2022-03-07T14:08:40+00:00\" \/>\n<meta property=\"article:modified_time\" content=\"2022-04-12T15:51:22+00:00\" \/>\n<meta property=\"og:image\" content=\"https:\/\/hcd.malargue.gov.ar\/wp-content\/uploads\/2022\/03\/rn-018-2022.jpg\" \/>\n\t<meta property=\"og:image:width\" content=\"940\" \/>\n\t<meta property=\"og:image:height\" content=\"788\" \/>\n\t<meta property=\"og:image:type\" content=\"image\/jpeg\" \/>\n<meta name=\"author\" content=\"Belen Pedernera Ferragut\" \/>\n<meta name=\"twitter:card\" content=\"summary_large_image\" \/>\n<meta name=\"twitter:label1\" content=\"Escrito por\" \/>\n\t<meta name=\"twitter:data1\" content=\"Belen Pedernera Ferragut\" \/>\n\t<meta name=\"twitter:label2\" content=\"Tiempo de lectura\" \/>\n\t<meta name=\"twitter:data2\" content=\"7 minutos\" \/>\n<script type=\"application\/ld+json\" class=\"yoast-schema-graph\">{\"@context\":\"https:\/\/schema.org\",\"@graph\":[{\"@type\":\"WebPage\",\"@id\":\"https:\/\/hcd.malargue.gov.ar\/?p=27199\",\"url\":\"https:\/\/hcd.malargue.gov.ar\/?p=27199\",\"name\":\"RESOLUCI\u00d3N N\u00b0 018\/2.022 - Malarg\u00fce HCD\",\"isPartOf\":{\"@id\":\"https:\/\/hcd.malargue.gov.ar\/#website\"},\"datePublished\":\"2022-03-07T14:08:40+00:00\",\"dateModified\":\"2022-04-12T15:51:22+00:00\",\"author\":{\"@id\":\"https:\/\/hcd.malargue.gov.ar\/#\/schema\/person\/3fd6bbab64edd703961b795156c955d0\"},\"breadcrumb\":{\"@id\":\"https:\/\/hcd.malargue.gov.ar\/?p=27199#breadcrumb\"},\"inLanguage\":\"es-AR\",\"potentialAction\":[{\"@type\":\"ReadAction\",\"target\":[\"https:\/\/hcd.malargue.gov.ar\/?p=27199\"]}]},{\"@type\":\"BreadcrumbList\",\"@id\":\"https:\/\/hcd.malargue.gov.ar\/?p=27199#breadcrumb\",\"itemListElement\":[{\"@type\":\"ListItem\",\"position\":1,\"name\":\"Inicio\",\"item\":\"https:\/\/hcd.malargue.gov.ar\/\"},{\"@type\":\"ListItem\",\"position\":2,\"name\":\"RESOLUCI\u00d3N N\u00b0 018\/2.022\"}]},{\"@type\":\"WebSite\",\"@id\":\"https:\/\/hcd.malargue.gov.ar\/#website\",\"url\":\"https:\/\/hcd.malargue.gov.ar\/\",\"name\":\"Malarg\u00fce HCD\",\"description\":\"Malarg\u00fce Mendoza Argentina\",\"potentialAction\":[{\"@type\":\"SearchAction\",\"target\":{\"@type\":\"EntryPoint\",\"urlTemplate\":\"https:\/\/hcd.malargue.gov.ar\/?s={search_term_string}\"},\"query-input\":\"required name=search_term_string\"}],\"inLanguage\":\"es-AR\"},{\"@type\":\"Person\",\"@id\":\"https:\/\/hcd.malargue.gov.ar\/#\/schema\/person\/3fd6bbab64edd703961b795156c955d0\",\"name\":\"Belen Pedernera Ferragut\",\"image\":{\"@type\":\"ImageObject\",\"inLanguage\":\"es-AR\",\"@id\":\"https:\/\/hcd.malargue.gov.ar\/#\/schema\/person\/image\/\",\"url\":\"https:\/\/secure.gravatar.com\/avatar\/1054ffab3893de4bb3eb29bdd22f7e34b8537bf5d34d9dab311818154ad5b71f?s=96&d=mm&r=g\",\"contentUrl\":\"https:\/\/secure.gravatar.com\/avatar\/1054ffab3893de4bb3eb29bdd22f7e34b8537bf5d34d9dab311818154ad5b71f?s=96&d=mm&r=g\",\"caption\":\"Belen Pedernera Ferragut\"},\"url\":\"https:\/\/hcd.malargue.gov.ar\/?author=5\"}]}<\/script>\n<!-- \/ Yoast SEO plugin. -->","yoast_head_json":{"title":"RESOLUCI\u00d3N N\u00b0 018\/2.022 - Malarg\u00fce HCD","robots":{"index":"index","follow":"follow","max-snippet":"max-snippet:-1","max-image-preview":"max-image-preview:large","max-video-preview":"max-video-preview:-1"},"canonical":"https:\/\/hcd.malargue.gov.ar\/?p=27199","og_locale":"es_ES","og_type":"article","og_title":"RESOLUCI\u00d3N N\u00b0 018\/2.022 - Malarg\u00fce HCD","og_description":"AUTORA: CONCEJAL LUCIANA VILLEGAS BLOQUE FRENTE CAMBIA MENDOZA VISTO: El Expte. N\u00b0 5.055-HC-039-2.021. Bloque Frente Cambia Mendoza. Proyecto de Resoluci\u00f3n: Declarar el mes de Noviembre como \u201cMes de la Diabetes\u201d en el\u00a0 Departamento de Malarg\u00fce. Como una oportunidad perfecta para dirigir la atenci\u00f3n del p\u00fablico hacia las causas, \u00a0 s\u00edntomas, complicaciones y tratamiento de esta [&hellip;]","og_url":"https:\/\/hcd.malargue.gov.ar\/?p=27199","og_site_name":"Malarg\u00fce HCD","article_published_time":"2022-03-07T14:08:40+00:00","article_modified_time":"2022-04-12T15:51:22+00:00","og_image":[{"width":940,"height":788,"url":"https:\/\/hcd.malargue.gov.ar\/wp-content\/uploads\/2022\/03\/rn-018-2022.jpg","type":"image\/jpeg"}],"author":"Belen Pedernera Ferragut","twitter_card":"summary_large_image","twitter_misc":{"Escrito por":"Belen Pedernera Ferragut","Tiempo de lectura":"7 minutos"},"schema":{"@context":"https:\/\/schema.org","@graph":[{"@type":"WebPage","@id":"https:\/\/hcd.malargue.gov.ar\/?p=27199","url":"https:\/\/hcd.malargue.gov.ar\/?p=27199","name":"RESOLUCI\u00d3N N\u00b0 018\/2.022 - Malarg\u00fce HCD","isPartOf":{"@id":"https:\/\/hcd.malargue.gov.ar\/#website"},"datePublished":"2022-03-07T14:08:40+00:00","dateModified":"2022-04-12T15:51:22+00:00","author":{"@id":"https:\/\/hcd.malargue.gov.ar\/#\/schema\/person\/3fd6bbab64edd703961b795156c955d0"},"breadcrumb":{"@id":"https:\/\/hcd.malargue.gov.ar\/?p=27199#breadcrumb"},"inLanguage":"es-AR","potentialAction":[{"@type":"ReadAction","target":["https:\/\/hcd.malargue.gov.ar\/?p=27199"]}]},{"@type":"BreadcrumbList","@id":"https:\/\/hcd.malargue.gov.ar\/?p=27199#breadcrumb","itemListElement":[{"@type":"ListItem","position":1,"name":"Inicio","item":"https:\/\/hcd.malargue.gov.ar\/"},{"@type":"ListItem","position":2,"name":"RESOLUCI\u00d3N N\u00b0 018\/2.022"}]},{"@type":"WebSite","@id":"https:\/\/hcd.malargue.gov.ar\/#website","url":"https:\/\/hcd.malargue.gov.ar\/","name":"Malarg\u00fce HCD","description":"Malarg\u00fce Mendoza Argentina","potentialAction":[{"@type":"SearchAction","target":{"@type":"EntryPoint","urlTemplate":"https:\/\/hcd.malargue.gov.ar\/?s={search_term_string}"},"query-input":"required name=search_term_string"}],"inLanguage":"es-AR"},{"@type":"Person","@id":"https:\/\/hcd.malargue.gov.ar\/#\/schema\/person\/3fd6bbab64edd703961b795156c955d0","name":"Belen Pedernera Ferragut","image":{"@type":"ImageObject","inLanguage":"es-AR","@id":"https:\/\/hcd.malargue.gov.ar\/#\/schema\/person\/image\/","url":"https:\/\/secure.gravatar.com\/avatar\/1054ffab3893de4bb3eb29bdd22f7e34b8537bf5d34d9dab311818154ad5b71f?s=96&d=mm&r=g","contentUrl":"https:\/\/secure.gravatar.com\/avatar\/1054ffab3893de4bb3eb29bdd22f7e34b8537bf5d34d9dab311818154ad5b71f?s=96&d=mm&r=g","caption":"Belen Pedernera Ferragut"},"url":"https:\/\/hcd.malargue.gov.ar\/?author=5"}]}},"_links":{"self":[{"href":"https:\/\/hcd.malargue.gov.ar\/index.php?rest_route=\/wp\/v2\/posts\/27199","targetHints":{"allow":["GET"]}}],"collection":[{"href":"https:\/\/hcd.malargue.gov.ar\/index.php?rest_route=\/wp\/v2\/posts"}],"about":[{"href":"https:\/\/hcd.malargue.gov.ar\/index.php?rest_route=\/wp\/v2\/types\/post"}],"author":[{"embeddable":true,"href":"https:\/\/hcd.malargue.gov.ar\/index.php?rest_route=\/wp\/v2\/users\/5"}],"replies":[{"embeddable":true,"href":"https:\/\/hcd.malargue.gov.ar\/index.php?rest_route=%2Fwp%2Fv2%2Fcomments&post=27199"}],"version-history":[{"count":0,"href":"https:\/\/hcd.malargue.gov.ar\/index.php?rest_route=\/wp\/v2\/posts\/27199\/revisions"}],"wp:featuredmedia":[{"embeddable":true,"href":"https:\/\/hcd.malargue.gov.ar\/index.php?rest_route=\/wp\/v2\/media\/27759"}],"wp:attachment":[{"href":"https:\/\/hcd.malargue.gov.ar\/index.php?rest_route=%2Fwp%2Fv2%2Fmedia&parent=27199"}],"wp:term":[{"taxonomy":"category","embeddable":true,"href":"https:\/\/hcd.malargue.gov.ar\/index.php?rest_route=%2Fwp%2Fv2%2Fcategories&post=27199"},{"taxonomy":"post_tag","embeddable":true,"href":"https:\/\/hcd.malargue.gov.ar\/index.php?rest_route=%2Fwp%2Fv2%2Ftags&post=27199"}],"curies":[{"name":"wp","href":"https:\/\/api.w.org\/{rel}","templated":true}]}}