{"id":27219,"date":"2022-03-09T12:17:18","date_gmt":"2022-03-09T15:17:18","guid":{"rendered":"https:\/\/hcd.malargue.gov.ar\/?p=27219"},"modified":"2022-04-18T09:11:42","modified_gmt":"2022-04-18T12:11:42","slug":"ordenanza-n-2-148-2-022","status":"publish","type":"post","link":"https:\/\/hcd.malargue.gov.ar\/?p=27219","title":{"rendered":"ORDENANZA N\u00b0 2.148\/2.022"},"content":{"rendered":"<p><strong>AUTORA:<\/strong> CONCEJAL PAOLA ROJO<\/p>\n<p data-wp-editing=\"1\">BLOQUE FRENTE CAMBIA MENDOZA<a href=\"http:\/\/hcd.malargue.gov.ar\/hcdpdf\/on%202148%202022%20Programa%20Conciencia%20Nativa.pdf\"><img loading=\"lazy\" decoding=\"async\" class=\"alignright wp-image-7950\" src=\"https:\/\/hcd.malargue.gov.ar\/wp-content\/uploads\/2018\/06\/PDF-JPG-300x300.jpg\" alt=\"\" width=\"92\" height=\"92\" srcset=\"https:\/\/hcd.malargue.gov.ar\/wp-content\/uploads\/2018\/06\/PDF-JPG-300x300.jpg 300w, https:\/\/hcd.malargue.gov.ar\/wp-content\/uploads\/2018\/06\/PDF-JPG-150x150.jpg 150w, https:\/\/hcd.malargue.gov.ar\/wp-content\/uploads\/2018\/06\/PDF-JPG.jpg 512w\" sizes=\"auto, (max-width: 92px) 100vw, 92px\" \/><\/a><\/p>\n<p>VISTO: El Expte. N\u00b0 5.036-HC-038-2.021. Bloque Frente Cambia Mendoza. Proyecto de Ordenanza: Crease el Programa \u201cConciencia Nativa\u201d, con el objetivo de consolidar\u00a0 un espacio de Flora Nativa en Plazas, Paseos, Espacios P\u00fablicos y Privados.<\/p>\n<p>La necesidad de sectorizar espacios verdes del Departamento con plantas nativas y\u00a0 que haya informaci\u00f3n relevante al respecto para el conocimiento y la toma de conciencia de su importancia desde el punto de vista natural, hist\u00f3rico, ambiental y social;<\/p>\n<p>y;<\/p>\n<p>CONSIDERANDO: Que \u00a0la flora urbana incluye la vegetaci\u00f3n de plazas, calles, rotondas,\u00a0 casas, paseos y otros ambientes naturales de la ciudad. Regula las variaciones clim\u00e1ticas, el flujo del agua y disminuye el nivel de ruido.<\/p>\n<p>Que \u00a0las \u00e1reas verdes urbanas brindan un espacio de esparcimiento saludable, con amplios beneficios terap\u00e9uticos, psicol\u00f3gicos y emocionales. Adem\u00e1s, tiene un papelprimordial como reservorio de biodiversidad y de corredores biol\u00f3gicos con unidades \u00a0 de conservaci\u00f3n cercanas.<\/p>\n<p>Que a nivel mundial existe un proceso de homogenizaci\u00f3n y\/o conversi\u00f3n de la\u00a0 vegetaci\u00f3n nativa por ex\u00f3tica, que impulsa la p\u00e9rdida de biodiversidad nativa del\u00a0 lugar. Numerosas especies ex\u00f3ticas utilizadas como ornamentales, actualmente son\u00a0 invasoras en \u00e1reas aleda\u00f1as.<\/p>\n<p>Que \u00a0por ello la utilizaci\u00f3n de plantas nativas en espacios p\u00fablicos, permite la conservaci\u00f3n de la biodiversidad y la valoraci\u00f3n de nuestras especies nativas, siendo espacios de educaci\u00f3n y aprendizaje tanto para estudiantes, como para vecinos y\u00a0 turistas.<\/p>\n<p>Que muchas veces los trabajos de parquizaci\u00f3n urbana se realizan con criterios\u00a0 paisajistas de otros lugares, sin considerar la biodiversidad local, as\u00ed como tampoco el paisaje natural en el que se halla inmerso. En ambientes \u00e1ridos, esto es particularmente importante dado que las especies nativas est\u00e1n adaptadas al lugar, a\u00a0 diferencia de especies ex\u00f3ticas ornamentales cuyo crecimiento suele ser limitado y adem\u00e1s requieren de pr\u00e1cticas de manejo para su control.<\/p>\n<p>Que \u00a0la jardiner\u00eda del siglo XXI plantea dise\u00f1os que tengan en cuenta las limitaciones clim\u00e1ticas y la ineludible necesidad de reducir los costos, no solo econ\u00f3micos sino tambi\u00e9n ambientales, y que al mismo tiempo conjuguen sustentabilidad, funcionalidad y est\u00e9tica.<\/p>\n<p>Que \u00a0la jardiner\u00eda de zonas \u00e1ridas implica el uso de especies nativas que est\u00e1n\u00a0 adaptadas al ambiente, a la vez que se facilita su manejo con m\u00ednimos cuidados, siendo buenas competidoras bajo las condiciones clim\u00e1ticas locales<\/p>\n<p>Que \u00a0todos los comprometidos con el medio ambiente debemos saber, hacer conocer y divulgar los m\u00faltiples beneficios que nos brinda la biodiversidad en general y la\u00a0 flora en particular. Por eso, la necesidad de exigir que la flora nativa se incluya y se\u00a0 visibilice en los espacios p\u00fablicos. El naturalista Ricardo Barbetti public\u00f3 hace unos a\u00f1os, una serie de art\u00edculos en la revista Fundaci\u00f3n Vida Silvestre Informa, bajo el t\u00edtulo \u201cLa vegetaci\u00f3n de una gran ciudad\u201d en los que dio razones sobre la conveniencia de plantar especies aut\u00f3ctonas. Entre ellas se citan:<\/p>\n<p>1) Culturales: el conocimiento de la flora aut\u00f3ctona se facilita si se ven plantas nativas en la calle, en las plazas, y en parques, jardines y maceteros. La\u00a0 individualidad de cada regi\u00f3n se debe en gran medida a la vegetaci\u00f3n nativa.<\/p>\n<p>2) Cient\u00edficas y sanitarias: comparar el crecimiento, la respiraci\u00f3n y otros procesos vitales de plantas aut\u00f3ctonas que crecen en la ciudad con los de\u00a0 ejemplares de iguales especies que crecen en lugares salvajes cercanos, da una\u00a0 medida muy \u00fatil de las alteraciones que la ciudad provoca en el ambiente.<\/p>\n<p>3) De mantenimiento: las plantas viven bien en su lugar de origen, las\u00a0 temperaturas, las lluvias, etc., son las mejores para ellas en los sitios donde son nativas como especies, porque han tenido millones de a\u00f1os para adaptarse. Las plantas nativas, una vez arraigadas, no necesitan riegos, fertilizantes ni \u00a0 fumigaciones o cuidados: s\u00f3lo hay que elegir la planta adecuada al suelo, la \u00a0 humedad y la iluminaci\u00f3n de cada lugar.<\/p>\n<p>4) Ecol\u00f3gicas: todas las plantas nativas son necesarias para el equilibrio natural en cada regi\u00f3n, porque proveen alimento, sombra o escondite para \u00a0 otros seres vivos, y protegen al suelo de la erosi\u00f3n.<\/p>\n<p>5) Est\u00e9ticas: tener en cada ciudad la flora aut\u00f3ctona del lugar o de lugares cercanos, conserva el inter\u00e9s y la individualidad t\u00edpica de la regi\u00f3n.<\/p>\n<p>EL HONORABLE CONCEJO DELIBERANTE DE LA\u00a0 MUNICIPALIDAD DE MALARG\u00dcE EN USO DE LAS FACULTADES QUE LE SON PROPIAS.<\/p>\n<p>ORDENA<\/p>\n<p>ART\u00cdCULO 1: Cr\u00e9ase el Programa \u201cConciencia Nativa\u201d, con el objetivo de consolidar un espacio de Flora Nativa en Plazas, Paseos, Espacios P\u00fablicos y Privados.<\/p>\n<p>ART\u00cdCULO 2: Invol\u00facrese a especialistas agr\u00f3nomos que orienten sobre la \u00e9poca favorable \u00a0\u00a0\u00a0\u00a0 para ser plantado cada arbusto nativo, como as\u00ed tambi\u00e9n el mejor sector conforme a\u00a0 los factores de adaptabilidad y desarrollo, del Departamento Ejecutivo, y por medio de los Convenios pertinentes: INTA; direcci\u00f3n de Recursos Naturales Renovables y al IEF N\u00b0 9-016, a cargo de la Tecnicatura en Conservaci\u00f3n de la Naturaleza de nuestro Departamento.<\/p>\n<p>ART\u00cdCULO 3: Inv\u00edtese a la Cooperativa Pay\u00fan Matr\u00fa, quien posee un vasto conocimiento\u00a0 en Resarcimiento en \u00e1reas naturales, con flora aut\u00f3ctona y\/o nativa, quien ha\u00a0 promovido la conciencia ambiental, generando nuevas experiencias de aprendizaje\u00a0 significativo y responsabilizaci\u00f3n a acompa\u00f1ar esta iniciativa, bajo el convenio \u00a0 correspondiente.<\/p>\n<p>ART\u00cdCULO 4: Encomi\u00e9ndese al sector privado, quienes brindan servicios tur\u00edsticos dentro del rubro de Hospedaje, Complejos de Caba\u00f1as, entre otros, a ornamentar sus espacios\u00a0 de recreaci\u00f3n, dispersi\u00f3n, ha\u00a0 implementar y ejecutar este programa, con\u00a0 el fin de\u00a0 conferir identidad y significado a nuestros paisajes nativos.<\/p>\n<p>ART\u00cdCULO 5: Planif\u00edquese acciones tendientes a concretar el desarrollo de este programa, \u00a0\u00a0\u00a0\u00a0\u00a0 avalado por la creaci\u00f3n de un \u201cVivero Forestal Nativo\u201d, con el fin de producir y proveer las especies aut\u00f3ctonas y\/o nativas.<\/p>\n<p>ART\u00cdCULO 6: Consid\u00e9rese lo establecido en el Art. 1\u00b0 y 5\u00b0, a la zona rural.<\/p>\n<p>ART\u00cdCULO 7: Fac\u00faltese a cargo de la implementaci\u00f3n y ejecuci\u00f3n del\u00a0 Programa a la \u00a0 Secretar\u00eda Obras, Servicios P\u00fablicos y Ambiente.<\/p>\n<p>ART\u00cdCULO 8: El\u00e9vese copia de la presente a:<\/p>\n<ul>\n<li>INTA &#8211; Delegaci\u00f3n Malarg\u00fce.<\/li>\n<li>Recursos Naturales &#8211; Delegaci\u00f3n Malarg\u00fce.<\/li>\n<li>Cooperativa Pay\u00fan Matr\u00fa<\/li>\n<li>Tecnicatura Conservaci\u00f3n de la Naturaleza.<\/li>\n<\/ul>\n<p>ART\u00cdCULO 9: Comun\u00edquese, reg\u00edstrese, c\u00famplase, publ\u00edquese, agr\u00e9guese copia de la \u00a0\u00a0 presente en las actuaciones correspondientes y arch\u00edvese.<\/p>\n<p>DADA EN LA SALA DE SESIONES DR. RICARDO BALBIN DEL HONORABLE CONCEJO DELIBERANTE DE LA MUNICIPALIDAD DE MALARG\u00dcE A VEINTITRES D\u00cdAS DE FEBRERO DE DOS MIL VEINTIDOS<\/p>\n<p>&nbsp;<\/p>\n","protected":false},"excerpt":{"rendered":"<p>AUTORA: CONCEJAL PAOLA ROJO BLOQUE FRENTE CAMBIA MENDOZA VISTO: El Expte. N\u00b0 5.036-HC-038-2.021. Bloque Frente Cambia Mendoza. Proyecto de Ordenanza: Crease el Programa \u201cConciencia Nativa\u201d, con el objetivo de consolidar\u00a0 un espacio de Flora Nativa en Plazas, Paseos, Espacios P\u00fablicos y Privados. La necesidad de sectorizar espacios verdes del Departamento con plantas nativas y\u00a0 que [&hellip;]<\/p>\n","protected":false},"author":5,"featured_media":27774,"comment_status":"closed","ping_status":"closed","sticky":false,"template":"","format":"standard","meta":{"footnotes":""},"categories":[52,29,48,33],"tags":[],"class_list":["post-27219","post","type-post","status-publish","format-standard","has-post-thumbnail","hentry","category-gacetillas","category-lesgilacion","category-ordenanzas-municipales","category-prensa"],"yoast_head":"<!-- This site is optimized with the Yoast SEO plugin v19.10 - https:\/\/yoast.com\/wordpress\/plugins\/seo\/ -->\n<title>ORDENANZA N\u00b0 2.148\/2.022 - Malarg\u00fce HCD<\/title>\n<meta name=\"robots\" content=\"index, follow, max-snippet:-1, max-image-preview:large, max-video-preview:-1\" \/>\n<link rel=\"canonical\" href=\"https:\/\/hcd.malargue.gov.ar\/?p=27219\" \/>\n<meta property=\"og:locale\" content=\"es_ES\" \/>\n<meta property=\"og:type\" content=\"article\" \/>\n<meta property=\"og:title\" content=\"ORDENANZA N\u00b0 2.148\/2.022 - Malarg\u00fce HCD\" \/>\n<meta property=\"og:description\" content=\"AUTORA: CONCEJAL PAOLA ROJO BLOQUE FRENTE CAMBIA MENDOZA VISTO: El Expte. N\u00b0 5.036-HC-038-2.021. Bloque Frente Cambia Mendoza. Proyecto de Ordenanza: Crease el Programa \u201cConciencia Nativa\u201d, con el objetivo de consolidar\u00a0 un espacio de Flora Nativa en Plazas, Paseos, Espacios P\u00fablicos y Privados. La necesidad de sectorizar espacios verdes del Departamento con plantas nativas y\u00a0 que [&hellip;]\" \/>\n<meta property=\"og:url\" content=\"https:\/\/hcd.malargue.gov.ar\/?p=27219\" \/>\n<meta property=\"og:site_name\" content=\"Malarg\u00fce HCD\" \/>\n<meta property=\"article:published_time\" content=\"2022-03-09T15:17:18+00:00\" \/>\n<meta property=\"article:modified_time\" content=\"2022-04-18T12:11:42+00:00\" \/>\n<meta property=\"og:image\" content=\"https:\/\/hcd.malargue.gov.ar\/wp-content\/uploads\/2022\/03\/on-2148-2022.jpg\" \/>\n\t<meta property=\"og:image:width\" content=\"940\" \/>\n\t<meta property=\"og:image:height\" content=\"788\" \/>\n\t<meta property=\"og:image:type\" content=\"image\/jpeg\" \/>\n<meta name=\"author\" content=\"Belen Pedernera Ferragut\" \/>\n<meta name=\"twitter:card\" content=\"summary_large_image\" \/>\n<meta name=\"twitter:label1\" content=\"Escrito por\" \/>\n\t<meta name=\"twitter:data1\" content=\"Belen Pedernera Ferragut\" \/>\n\t<meta name=\"twitter:label2\" content=\"Tiempo de lectura\" \/>\n\t<meta name=\"twitter:data2\" content=\"6 minutos\" \/>\n<script type=\"application\/ld+json\" class=\"yoast-schema-graph\">{\"@context\":\"https:\/\/schema.org\",\"@graph\":[{\"@type\":\"WebPage\",\"@id\":\"https:\/\/hcd.malargue.gov.ar\/?p=27219\",\"url\":\"https:\/\/hcd.malargue.gov.ar\/?p=27219\",\"name\":\"ORDENANZA N\u00b0 2.148\/2.022 - Malarg\u00fce HCD\",\"isPartOf\":{\"@id\":\"https:\/\/hcd.malargue.gov.ar\/#website\"},\"datePublished\":\"2022-03-09T15:17:18+00:00\",\"dateModified\":\"2022-04-18T12:11:42+00:00\",\"author\":{\"@id\":\"https:\/\/hcd.malargue.gov.ar\/#\/schema\/person\/3fd6bbab64edd703961b795156c955d0\"},\"breadcrumb\":{\"@id\":\"https:\/\/hcd.malargue.gov.ar\/?p=27219#breadcrumb\"},\"inLanguage\":\"es-AR\",\"potentialAction\":[{\"@type\":\"ReadAction\",\"target\":[\"https:\/\/hcd.malargue.gov.ar\/?p=27219\"]}]},{\"@type\":\"BreadcrumbList\",\"@id\":\"https:\/\/hcd.malargue.gov.ar\/?p=27219#breadcrumb\",\"itemListElement\":[{\"@type\":\"ListItem\",\"position\":1,\"name\":\"Inicio\",\"item\":\"https:\/\/hcd.malargue.gov.ar\/\"},{\"@type\":\"ListItem\",\"position\":2,\"name\":\"ORDENANZA N\u00b0 2.148\/2.022\"}]},{\"@type\":\"WebSite\",\"@id\":\"https:\/\/hcd.malargue.gov.ar\/#website\",\"url\":\"https:\/\/hcd.malargue.gov.ar\/\",\"name\":\"Malarg\u00fce HCD\",\"description\":\"Malarg\u00fce Mendoza Argentina\",\"potentialAction\":[{\"@type\":\"SearchAction\",\"target\":{\"@type\":\"EntryPoint\",\"urlTemplate\":\"https:\/\/hcd.malargue.gov.ar\/?s={search_term_string}\"},\"query-input\":\"required name=search_term_string\"}],\"inLanguage\":\"es-AR\"},{\"@type\":\"Person\",\"@id\":\"https:\/\/hcd.malargue.gov.ar\/#\/schema\/person\/3fd6bbab64edd703961b795156c955d0\",\"name\":\"Belen Pedernera Ferragut\",\"image\":{\"@type\":\"ImageObject\",\"inLanguage\":\"es-AR\",\"@id\":\"https:\/\/hcd.malargue.gov.ar\/#\/schema\/person\/image\/\",\"url\":\"https:\/\/secure.gravatar.com\/avatar\/1054ffab3893de4bb3eb29bdd22f7e34b8537bf5d34d9dab311818154ad5b71f?s=96&d=mm&r=g\",\"contentUrl\":\"https:\/\/secure.gravatar.com\/avatar\/1054ffab3893de4bb3eb29bdd22f7e34b8537bf5d34d9dab311818154ad5b71f?s=96&d=mm&r=g\",\"caption\":\"Belen Pedernera Ferragut\"},\"url\":\"https:\/\/hcd.malargue.gov.ar\/?author=5\"}]}<\/script>\n<!-- \/ Yoast SEO plugin. -->","yoast_head_json":{"title":"ORDENANZA N\u00b0 2.148\/2.022 - Malarg\u00fce HCD","robots":{"index":"index","follow":"follow","max-snippet":"max-snippet:-1","max-image-preview":"max-image-preview:large","max-video-preview":"max-video-preview:-1"},"canonical":"https:\/\/hcd.malargue.gov.ar\/?p=27219","og_locale":"es_ES","og_type":"article","og_title":"ORDENANZA N\u00b0 2.148\/2.022 - Malarg\u00fce HCD","og_description":"AUTORA: CONCEJAL PAOLA ROJO BLOQUE FRENTE CAMBIA MENDOZA VISTO: El Expte. N\u00b0 5.036-HC-038-2.021. Bloque Frente Cambia Mendoza. Proyecto de Ordenanza: Crease el Programa \u201cConciencia Nativa\u201d, con el objetivo de consolidar\u00a0 un espacio de Flora Nativa en Plazas, Paseos, Espacios P\u00fablicos y Privados. La necesidad de sectorizar espacios verdes del Departamento con plantas nativas y\u00a0 que [&hellip;]","og_url":"https:\/\/hcd.malargue.gov.ar\/?p=27219","og_site_name":"Malarg\u00fce HCD","article_published_time":"2022-03-09T15:17:18+00:00","article_modified_time":"2022-04-18T12:11:42+00:00","og_image":[{"width":940,"height":788,"url":"https:\/\/hcd.malargue.gov.ar\/wp-content\/uploads\/2022\/03\/on-2148-2022.jpg","type":"image\/jpeg"}],"author":"Belen Pedernera Ferragut","twitter_card":"summary_large_image","twitter_misc":{"Escrito por":"Belen Pedernera Ferragut","Tiempo de lectura":"6 minutos"},"schema":{"@context":"https:\/\/schema.org","@graph":[{"@type":"WebPage","@id":"https:\/\/hcd.malargue.gov.ar\/?p=27219","url":"https:\/\/hcd.malargue.gov.ar\/?p=27219","name":"ORDENANZA N\u00b0 2.148\/2.022 - Malarg\u00fce HCD","isPartOf":{"@id":"https:\/\/hcd.malargue.gov.ar\/#website"},"datePublished":"2022-03-09T15:17:18+00:00","dateModified":"2022-04-18T12:11:42+00:00","author":{"@id":"https:\/\/hcd.malargue.gov.ar\/#\/schema\/person\/3fd6bbab64edd703961b795156c955d0"},"breadcrumb":{"@id":"https:\/\/hcd.malargue.gov.ar\/?p=27219#breadcrumb"},"inLanguage":"es-AR","potentialAction":[{"@type":"ReadAction","target":["https:\/\/hcd.malargue.gov.ar\/?p=27219"]}]},{"@type":"BreadcrumbList","@id":"https:\/\/hcd.malargue.gov.ar\/?p=27219#breadcrumb","itemListElement":[{"@type":"ListItem","position":1,"name":"Inicio","item":"https:\/\/hcd.malargue.gov.ar\/"},{"@type":"ListItem","position":2,"name":"ORDENANZA N\u00b0 2.148\/2.022"}]},{"@type":"WebSite","@id":"https:\/\/hcd.malargue.gov.ar\/#website","url":"https:\/\/hcd.malargue.gov.ar\/","name":"Malarg\u00fce HCD","description":"Malarg\u00fce Mendoza Argentina","potentialAction":[{"@type":"SearchAction","target":{"@type":"EntryPoint","urlTemplate":"https:\/\/hcd.malargue.gov.ar\/?s={search_term_string}"},"query-input":"required name=search_term_string"}],"inLanguage":"es-AR"},{"@type":"Person","@id":"https:\/\/hcd.malargue.gov.ar\/#\/schema\/person\/3fd6bbab64edd703961b795156c955d0","name":"Belen Pedernera Ferragut","image":{"@type":"ImageObject","inLanguage":"es-AR","@id":"https:\/\/hcd.malargue.gov.ar\/#\/schema\/person\/image\/","url":"https:\/\/secure.gravatar.com\/avatar\/1054ffab3893de4bb3eb29bdd22f7e34b8537bf5d34d9dab311818154ad5b71f?s=96&d=mm&r=g","contentUrl":"https:\/\/secure.gravatar.com\/avatar\/1054ffab3893de4bb3eb29bdd22f7e34b8537bf5d34d9dab311818154ad5b71f?s=96&d=mm&r=g","caption":"Belen Pedernera Ferragut"},"url":"https:\/\/hcd.malargue.gov.ar\/?author=5"}]}},"_links":{"self":[{"href":"https:\/\/hcd.malargue.gov.ar\/index.php?rest_route=\/wp\/v2\/posts\/27219","targetHints":{"allow":["GET"]}}],"collection":[{"href":"https:\/\/hcd.malargue.gov.ar\/index.php?rest_route=\/wp\/v2\/posts"}],"about":[{"href":"https:\/\/hcd.malargue.gov.ar\/index.php?rest_route=\/wp\/v2\/types\/post"}],"author":[{"embeddable":true,"href":"https:\/\/hcd.malargue.gov.ar\/index.php?rest_route=\/wp\/v2\/users\/5"}],"replies":[{"embeddable":true,"href":"https:\/\/hcd.malargue.gov.ar\/index.php?rest_route=%2Fwp%2Fv2%2Fcomments&post=27219"}],"version-history":[{"count":0,"href":"https:\/\/hcd.malargue.gov.ar\/index.php?rest_route=\/wp\/v2\/posts\/27219\/revisions"}],"wp:featuredmedia":[{"embeddable":true,"href":"https:\/\/hcd.malargue.gov.ar\/index.php?rest_route=\/wp\/v2\/media\/27774"}],"wp:attachment":[{"href":"https:\/\/hcd.malargue.gov.ar\/index.php?rest_route=%2Fwp%2Fv2%2Fmedia&parent=27219"}],"wp:term":[{"taxonomy":"category","embeddable":true,"href":"https:\/\/hcd.malargue.gov.ar\/index.php?rest_route=%2Fwp%2Fv2%2Fcategories&post=27219"},{"taxonomy":"post_tag","embeddable":true,"href":"https:\/\/hcd.malargue.gov.ar\/index.php?rest_route=%2Fwp%2Fv2%2Ftags&post=27219"}],"curies":[{"name":"wp","href":"https:\/\/api.w.org\/{rel}","templated":true}]}}