{"id":27223,"date":"2022-03-09T12:34:31","date_gmt":"2022-03-09T15:34:31","guid":{"rendered":"https:\/\/hcd.malargue.gov.ar\/?p=27223"},"modified":"2022-04-18T09:13:32","modified_gmt":"2022-04-18T12:13:32","slug":"ordenanza-n-2-149-2-022","status":"publish","type":"post","link":"https:\/\/hcd.malargue.gov.ar\/?p=27223","title":{"rendered":"ORDENANZA N\u00b0 2.149\/2.022"},"content":{"rendered":"<p><strong>AUTORES:<\/strong> CONCEJALES PAOLA JOFRE, JOSE BARRO, ANDRES RISI Y DANIELA FAVARI<\/p>\n<p>BLOQUE FRENTE DE TODOS <a href=\"http:\/\/hcd.malargue.gov.ar\/hcdpdf\/on%202149%202022%20calle%20colonia%20hipica.pdf\"><img loading=\"lazy\" decoding=\"async\" class=\"alignright wp-image-7950\" src=\"https:\/\/hcd.malargue.gov.ar\/wp-content\/uploads\/2018\/06\/PDF-JPG-300x300.jpg\" alt=\"\" width=\"95\" height=\"95\" srcset=\"https:\/\/hcd.malargue.gov.ar\/wp-content\/uploads\/2018\/06\/PDF-JPG-300x300.jpg 300w, https:\/\/hcd.malargue.gov.ar\/wp-content\/uploads\/2018\/06\/PDF-JPG-150x150.jpg 150w, https:\/\/hcd.malargue.gov.ar\/wp-content\/uploads\/2018\/06\/PDF-JPG.jpg 512w\" sizes=\"auto, (max-width: 95px) 100vw, 95px\" \/><\/a><\/p>\n<p>VISTO: El Expte. N\u00b0 5.020-HC-037-2.021. Bloque Frente de Todos. Proyecto de Ordenanza:\u00a0 Uso de dominio p\u00fablico, denominaci\u00f3n y sentido de circulaci\u00f3n de calle que limita la\u00a0 Colonia H\u00edpica y la\u00a0 cubierta sanitaria.<\/p>\n<p>Las necesidades de los vecinos de poder acceder al uso y dominio p\u00fablico, nombre\u00a0 y nomenclador\u00a0 de la calle para poder\u00a0 acceder a los servicios p\u00fablicos b\u00e1sicos que\u00a0\u00a0 brinda el municipio como as\u00ed tambi\u00e9n a los de agua, electricidad y gas.<\/p>\n<p>y;<\/p>\n<p>CONSIDERANDO: Que\u00a0 la caracter\u00edstica esencial del dominio p\u00fablico consiste en que los\u00a0 bienes respectivos est\u00e1n afectados al uso y goce de todos los ciudadanos.<\/p>\n<p>Que\u00a0 las Empresas de servicios como EDEMSA y AySAM no extienden sus redes de \u00a0 servicios por un tema de seguridad legal en los predios que no son de uso y dominio \u00a0\u00a0\u00a0 p\u00fablico.<\/p>\n<p>Que\u00a0 resulta necesaria la urbanizaci\u00f3n para propender un crecimiento ordenado y\u00a0 acorde a la realidad para continuar con el progreso de la comunidad de Malarg\u00fce.<\/p>\n<p>EL HONORABLE CONCEJO DELIBERANTE DE LA MUNICIPALIDAD DE MALARG\u00dcE EN USO DE LAS FACULTADES QUE LE SON PROPIAS<\/p>\n<p>ORDENA<\/p>\n<p>ART\u00cdCULO 1\u00b0: Efect\u00faense los estudios necesarios para evaluar la afectaci\u00f3n al uso y\u00a0 dominio p\u00fablico de las calles\u00a0 de la zona\u00a0 que limita la Colonia H\u00edpica y a la cubierta \u00a0 sanitaria en direcci\u00f3n\u00a0 Norte-Sur y Este-Oeste, seg\u00fan croquis adjunto en el Anexo l y \u00a0\u00a0\u00a0\u00a0\u00a0\u00a0\u00a0 Anexo II.<\/p>\n<p>ART\u00cdCULO 2\u00ba: Imp\u00f3ngase el nombre que los vecinos decidan a la calle p\u00fablica enunciada \u00a0 en el Art\u00edculo 1\u00ba de la presente Ordenanza acorde a la tem\u00e1tica de las dem\u00e1s arterias\u00a0 de la zona.<\/p>\n<p>ART\u00cdCULO 3\u00b0: Solic\u00edtese al Departamento Ejecutivo Municipal, mediante el \u00c1rea que corresponda, gestione la se\u00f1al\u00e9tica correspondiente para las arterias con el nombre\u00a0 asignado por los vecinos\u00a0 y considerando el doble sentido de circulaci\u00f3n de la misma.<\/p>\n<p>ART\u00cdCULO 4\u00b0: Comisi\u00f3nese a las Direcciones de Catastro y Ordenamiento Territorial, de Obras y Servicios P\u00fablicos\u00a0 dependiente de la Secretar\u00eda de Obras, Servicios P\u00fablicos\u00a0 y Ambiente de la Municipalidad de Malarg\u00fce la elaboraci\u00f3n del plano \u00a0 correspondiente y la\u00a0 ejecuci\u00f3n de las obras necesarias para\u00a0 la adecuaci\u00f3n del terreno \u00a0\u00a0 conforme las especificaciones t\u00e9cnicas correspondientes.<\/p>\n<p>ART\u00cdCULO 5\u00b0: Col\u00f3quese, el nombre a cada arterias de la direcci\u00f3n Norte-Sur: \u201cCerro Ceferino\u201d y los de direcci\u00f3n Este-Oeste: \u201cMina La Llana, Mina Don Sixto\u201d.<\/p>\n<p>ARTICULO 6\u00b0: Af\u00e9ctense los gastos que demande\u00a0 la ejecuci\u00f3n de la presente norma a las\u00a0 partidas correspondientes del presupuesto en vigencia.<\/p>\n<p>ART\u00cdCULO 7\u00b0: Comun\u00edquese, reg\u00edstrese, c\u00famplase, publ\u00edquese, agr\u00e9guese copia de la presente en las actuaciones correspondientes y arch\u00edvese.<\/p>\n<p>DADA EN LA SALA DE SESIONES DR. RICARDO BALBIN DEL HONORABLE CONCEJO DELIBERANTE DE LA MUNICIPALIDAD DE MALARG\u00dcE A VEINTITRES D\u00cdAS DE FEBRERO DE DOS MIL VEINTIDOS<\/p>\n","protected":false},"excerpt":{"rendered":"<p>AUTORES: CONCEJALES PAOLA JOFRE, JOSE BARRO, ANDRES RISI Y DANIELA FAVARI BLOQUE FRENTE DE TODOS VISTO: El Expte. N\u00b0 5.020-HC-037-2.021. Bloque Frente de Todos. Proyecto de Ordenanza:\u00a0 Uso de dominio p\u00fablico, denominaci\u00f3n y sentido de circulaci\u00f3n de calle que limita la\u00a0 Colonia H\u00edpica y la\u00a0 cubierta sanitaria. Las necesidades de los vecinos de poder acceder [&hellip;]<\/p>\n","protected":false},"author":5,"featured_media":27776,"comment_status":"closed","ping_status":"closed","sticky":false,"template":"","format":"standard","meta":{"footnotes":""},"categories":[52,29,48,33],"tags":[],"class_list":["post-27223","post","type-post","status-publish","format-standard","has-post-thumbnail","hentry","category-gacetillas","category-lesgilacion","category-ordenanzas-municipales","category-prensa"],"yoast_head":"<!-- This site is optimized with the Yoast SEO plugin v19.10 - https:\/\/yoast.com\/wordpress\/plugins\/seo\/ -->\n<title>ORDENANZA N\u00b0 2.149\/2.022 - Malarg\u00fce HCD<\/title>\n<meta name=\"robots\" content=\"index, follow, max-snippet:-1, max-image-preview:large, max-video-preview:-1\" \/>\n<link rel=\"canonical\" href=\"https:\/\/hcd.malargue.gov.ar\/?p=27223\" \/>\n<meta property=\"og:locale\" content=\"es_ES\" \/>\n<meta property=\"og:type\" content=\"article\" \/>\n<meta property=\"og:title\" content=\"ORDENANZA N\u00b0 2.149\/2.022 - Malarg\u00fce HCD\" \/>\n<meta property=\"og:description\" content=\"AUTORES: CONCEJALES PAOLA JOFRE, JOSE BARRO, ANDRES RISI Y DANIELA FAVARI BLOQUE FRENTE DE TODOS VISTO: El Expte. N\u00b0 5.020-HC-037-2.021. Bloque Frente de Todos. Proyecto de Ordenanza:\u00a0 Uso de dominio p\u00fablico, denominaci\u00f3n y sentido de circulaci\u00f3n de calle que limita la\u00a0 Colonia H\u00edpica y la\u00a0 cubierta sanitaria. Las necesidades de los vecinos de poder acceder [&hellip;]\" \/>\n<meta property=\"og:url\" content=\"https:\/\/hcd.malargue.gov.ar\/?p=27223\" \/>\n<meta property=\"og:site_name\" content=\"Malarg\u00fce HCD\" \/>\n<meta property=\"article:published_time\" content=\"2022-03-09T15:34:31+00:00\" \/>\n<meta property=\"article:modified_time\" content=\"2022-04-18T12:13:32+00:00\" \/>\n<meta property=\"og:image\" content=\"https:\/\/hcd.malargue.gov.ar\/wp-content\/uploads\/2022\/03\/on-2149-2022.jpg\" \/>\n\t<meta property=\"og:image:width\" content=\"940\" \/>\n\t<meta property=\"og:image:height\" content=\"788\" \/>\n\t<meta property=\"og:image:type\" content=\"image\/jpeg\" \/>\n<meta name=\"author\" content=\"Belen Pedernera Ferragut\" \/>\n<meta name=\"twitter:card\" content=\"summary_large_image\" \/>\n<meta name=\"twitter:label1\" content=\"Escrito por\" \/>\n\t<meta name=\"twitter:data1\" content=\"Belen Pedernera Ferragut\" \/>\n\t<meta name=\"twitter:label2\" content=\"Tiempo de lectura\" \/>\n\t<meta name=\"twitter:data2\" content=\"2 minutos\" \/>\n<script type=\"application\/ld+json\" class=\"yoast-schema-graph\">{\"@context\":\"https:\/\/schema.org\",\"@graph\":[{\"@type\":\"WebPage\",\"@id\":\"https:\/\/hcd.malargue.gov.ar\/?p=27223\",\"url\":\"https:\/\/hcd.malargue.gov.ar\/?p=27223\",\"name\":\"ORDENANZA N\u00b0 2.149\/2.022 - Malarg\u00fce HCD\",\"isPartOf\":{\"@id\":\"https:\/\/hcd.malargue.gov.ar\/#website\"},\"datePublished\":\"2022-03-09T15:34:31+00:00\",\"dateModified\":\"2022-04-18T12:13:32+00:00\",\"author\":{\"@id\":\"https:\/\/hcd.malargue.gov.ar\/#\/schema\/person\/3fd6bbab64edd703961b795156c955d0\"},\"breadcrumb\":{\"@id\":\"https:\/\/hcd.malargue.gov.ar\/?p=27223#breadcrumb\"},\"inLanguage\":\"es-AR\",\"potentialAction\":[{\"@type\":\"ReadAction\",\"target\":[\"https:\/\/hcd.malargue.gov.ar\/?p=27223\"]}]},{\"@type\":\"BreadcrumbList\",\"@id\":\"https:\/\/hcd.malargue.gov.ar\/?p=27223#breadcrumb\",\"itemListElement\":[{\"@type\":\"ListItem\",\"position\":1,\"name\":\"Inicio\",\"item\":\"https:\/\/hcd.malargue.gov.ar\/\"},{\"@type\":\"ListItem\",\"position\":2,\"name\":\"ORDENANZA N\u00b0 2.149\/2.022\"}]},{\"@type\":\"WebSite\",\"@id\":\"https:\/\/hcd.malargue.gov.ar\/#website\",\"url\":\"https:\/\/hcd.malargue.gov.ar\/\",\"name\":\"Malarg\u00fce HCD\",\"description\":\"Malarg\u00fce Mendoza Argentina\",\"potentialAction\":[{\"@type\":\"SearchAction\",\"target\":{\"@type\":\"EntryPoint\",\"urlTemplate\":\"https:\/\/hcd.malargue.gov.ar\/?s={search_term_string}\"},\"query-input\":\"required name=search_term_string\"}],\"inLanguage\":\"es-AR\"},{\"@type\":\"Person\",\"@id\":\"https:\/\/hcd.malargue.gov.ar\/#\/schema\/person\/3fd6bbab64edd703961b795156c955d0\",\"name\":\"Belen Pedernera Ferragut\",\"image\":{\"@type\":\"ImageObject\",\"inLanguage\":\"es-AR\",\"@id\":\"https:\/\/hcd.malargue.gov.ar\/#\/schema\/person\/image\/\",\"url\":\"https:\/\/secure.gravatar.com\/avatar\/1054ffab3893de4bb3eb29bdd22f7e34b8537bf5d34d9dab311818154ad5b71f?s=96&d=mm&r=g\",\"contentUrl\":\"https:\/\/secure.gravatar.com\/avatar\/1054ffab3893de4bb3eb29bdd22f7e34b8537bf5d34d9dab311818154ad5b71f?s=96&d=mm&r=g\",\"caption\":\"Belen Pedernera Ferragut\"},\"url\":\"https:\/\/hcd.malargue.gov.ar\/?author=5\"}]}<\/script>\n<!-- \/ Yoast SEO plugin. -->","yoast_head_json":{"title":"ORDENANZA N\u00b0 2.149\/2.022 - Malarg\u00fce HCD","robots":{"index":"index","follow":"follow","max-snippet":"max-snippet:-1","max-image-preview":"max-image-preview:large","max-video-preview":"max-video-preview:-1"},"canonical":"https:\/\/hcd.malargue.gov.ar\/?p=27223","og_locale":"es_ES","og_type":"article","og_title":"ORDENANZA N\u00b0 2.149\/2.022 - Malarg\u00fce HCD","og_description":"AUTORES: CONCEJALES PAOLA JOFRE, JOSE BARRO, ANDRES RISI Y DANIELA FAVARI BLOQUE FRENTE DE TODOS VISTO: El Expte. N\u00b0 5.020-HC-037-2.021. Bloque Frente de Todos. Proyecto de Ordenanza:\u00a0 Uso de dominio p\u00fablico, denominaci\u00f3n y sentido de circulaci\u00f3n de calle que limita la\u00a0 Colonia H\u00edpica y la\u00a0 cubierta sanitaria. Las necesidades de los vecinos de poder acceder [&hellip;]","og_url":"https:\/\/hcd.malargue.gov.ar\/?p=27223","og_site_name":"Malarg\u00fce HCD","article_published_time":"2022-03-09T15:34:31+00:00","article_modified_time":"2022-04-18T12:13:32+00:00","og_image":[{"width":940,"height":788,"url":"https:\/\/hcd.malargue.gov.ar\/wp-content\/uploads\/2022\/03\/on-2149-2022.jpg","type":"image\/jpeg"}],"author":"Belen Pedernera Ferragut","twitter_card":"summary_large_image","twitter_misc":{"Escrito por":"Belen Pedernera Ferragut","Tiempo de lectura":"2 minutos"},"schema":{"@context":"https:\/\/schema.org","@graph":[{"@type":"WebPage","@id":"https:\/\/hcd.malargue.gov.ar\/?p=27223","url":"https:\/\/hcd.malargue.gov.ar\/?p=27223","name":"ORDENANZA N\u00b0 2.149\/2.022 - Malarg\u00fce HCD","isPartOf":{"@id":"https:\/\/hcd.malargue.gov.ar\/#website"},"datePublished":"2022-03-09T15:34:31+00:00","dateModified":"2022-04-18T12:13:32+00:00","author":{"@id":"https:\/\/hcd.malargue.gov.ar\/#\/schema\/person\/3fd6bbab64edd703961b795156c955d0"},"breadcrumb":{"@id":"https:\/\/hcd.malargue.gov.ar\/?p=27223#breadcrumb"},"inLanguage":"es-AR","potentialAction":[{"@type":"ReadAction","target":["https:\/\/hcd.malargue.gov.ar\/?p=27223"]}]},{"@type":"BreadcrumbList","@id":"https:\/\/hcd.malargue.gov.ar\/?p=27223#breadcrumb","itemListElement":[{"@type":"ListItem","position":1,"name":"Inicio","item":"https:\/\/hcd.malargue.gov.ar\/"},{"@type":"ListItem","position":2,"name":"ORDENANZA N\u00b0 2.149\/2.022"}]},{"@type":"WebSite","@id":"https:\/\/hcd.malargue.gov.ar\/#website","url":"https:\/\/hcd.malargue.gov.ar\/","name":"Malarg\u00fce HCD","description":"Malarg\u00fce Mendoza Argentina","potentialAction":[{"@type":"SearchAction","target":{"@type":"EntryPoint","urlTemplate":"https:\/\/hcd.malargue.gov.ar\/?s={search_term_string}"},"query-input":"required name=search_term_string"}],"inLanguage":"es-AR"},{"@type":"Person","@id":"https:\/\/hcd.malargue.gov.ar\/#\/schema\/person\/3fd6bbab64edd703961b795156c955d0","name":"Belen Pedernera Ferragut","image":{"@type":"ImageObject","inLanguage":"es-AR","@id":"https:\/\/hcd.malargue.gov.ar\/#\/schema\/person\/image\/","url":"https:\/\/secure.gravatar.com\/avatar\/1054ffab3893de4bb3eb29bdd22f7e34b8537bf5d34d9dab311818154ad5b71f?s=96&d=mm&r=g","contentUrl":"https:\/\/secure.gravatar.com\/avatar\/1054ffab3893de4bb3eb29bdd22f7e34b8537bf5d34d9dab311818154ad5b71f?s=96&d=mm&r=g","caption":"Belen Pedernera Ferragut"},"url":"https:\/\/hcd.malargue.gov.ar\/?author=5"}]}},"_links":{"self":[{"href":"https:\/\/hcd.malargue.gov.ar\/index.php?rest_route=\/wp\/v2\/posts\/27223","targetHints":{"allow":["GET"]}}],"collection":[{"href":"https:\/\/hcd.malargue.gov.ar\/index.php?rest_route=\/wp\/v2\/posts"}],"about":[{"href":"https:\/\/hcd.malargue.gov.ar\/index.php?rest_route=\/wp\/v2\/types\/post"}],"author":[{"embeddable":true,"href":"https:\/\/hcd.malargue.gov.ar\/index.php?rest_route=\/wp\/v2\/users\/5"}],"replies":[{"embeddable":true,"href":"https:\/\/hcd.malargue.gov.ar\/index.php?rest_route=%2Fwp%2Fv2%2Fcomments&post=27223"}],"version-history":[{"count":0,"href":"https:\/\/hcd.malargue.gov.ar\/index.php?rest_route=\/wp\/v2\/posts\/27223\/revisions"}],"wp:featuredmedia":[{"embeddable":true,"href":"https:\/\/hcd.malargue.gov.ar\/index.php?rest_route=\/wp\/v2\/media\/27776"}],"wp:attachment":[{"href":"https:\/\/hcd.malargue.gov.ar\/index.php?rest_route=%2Fwp%2Fv2%2Fmedia&parent=27223"}],"wp:term":[{"taxonomy":"category","embeddable":true,"href":"https:\/\/hcd.malargue.gov.ar\/index.php?rest_route=%2Fwp%2Fv2%2Fcategories&post=27223"},{"taxonomy":"post_tag","embeddable":true,"href":"https:\/\/hcd.malargue.gov.ar\/index.php?rest_route=%2Fwp%2Fv2%2Ftags&post=27223"}],"curies":[{"name":"wp","href":"https:\/\/api.w.org\/{rel}","templated":true}]}}