{"id":27327,"date":"2022-03-17T11:16:01","date_gmt":"2022-03-17T14:16:01","guid":{"rendered":"https:\/\/hcd.malargue.gov.ar\/?p=27327"},"modified":"2022-03-21T11:22:53","modified_gmt":"2022-03-21T14:22:53","slug":"el-intendente-ojeda-presento-su-informe-de-gestion-ante-los-concejales","status":"publish","type":"post","link":"https:\/\/hcd.malargue.gov.ar\/?p=27327","title":{"rendered":"EL INTENDENTE OJEDA NO CULMIN\u00d3 LA PRESENTACION DE SU INFORME EN EL HCD"},"content":{"rendered":"<h6 style=\"text-align: right;\">SESI\u00d3N ORDINARIA \u2013 17 de Marzo 2022<\/h6>\n<h6 style=\"text-align: right;\">Presidiendo la Sesi\u00f3n:\u00a0\u00a0Concejal Paola Rojo (Bloque Frente Cambia Mendoza)<\/h6>\n<h6 style=\"text-align: right;\">Concejales Presentes: Jose Barro, Daniela Favari, Andres Risi, Paola Jofre (Bloque Frente de Todos) Martin Palma, Daiana Varas, Gabriel Rosas y Luciana Villegas (Bloque Frente Cambia Mendoza).<\/h6>\n<p style=\"text-align: left;\">Pasadas las 09:00 hs, en la Sala de Sesiones Dr. Ricardo Balb\u00edn el Cuerpo Legislativo dio inicio a la <a href=\"https:\/\/hcd.malargue.gov.ar\/?p=27315\">Sesi\u00f3n Ordinaria convocada<\/a> para el d\u00eda de la fecha con el izamiento de la Bandera Nacional, seguido de la entonaci\u00f3n de las estrofas del Himno Nacional Argentino.<\/p>\n<p>Luego de la bienvenida formal brindada por la Presidenta del Cuerpo Paola Rojo y los Sres. Ediles, el Intendente Municipal Lic. Juan Manuel Ojeda no pudo culminar de brindar su Informe de Gestion del a\u00f1o 2021; esto seg\u00fan lo establece en el Art.105 Inc.12 de la Ley 1079 Org\u00e1nica de Municipalidades; debido a las manifestaci\u00f3n que llev\u00f3 a cabo la Asociaci\u00f3n de Trabajadores del Estado (ATE) junto a dem\u00e1s empleados municipales por la falta de propuestas salariales en las paritarias del presente a\u00f1o.<\/p>\n<p>Ojeda hizo saber que su informe de gesti\u00f3n fue presentado por escrito en la Oficina de Mesa de Entradas del Concejo con el objeto de que los Ediles puedan leerlo y estudiarlo.<\/p>\n<p>Debido al incensante reclamo de los trabajadores que mediante aplausos y bombos interferian en el discurso que el Mandatario tenia pensado brindar a los presentes;\u00a0 la Presidente del Cuerpo, Paola Rojo anfitriona, se acerc\u00f3 a di\u00e1logar con el titular de ATE Malarg\u00fce, Benito Mart\u00ednez, que se encontraba en la Galeria Juan Domingo Per\u00f3n solicitando que el Sr Intendente atendiera los el Gremio.<\/p>\n<figure class=\"wp-block-image size-large td-caption-align-https:\/\/seryhacerdemalargue.online\/wp-content\/uploads\/2022\/03\/ate-en-hcd.jpg\"><a class=\"td-modal-image\" href=\"https:\/\/i0.wp.com\/seryhacerdemalargue.online\/wp-content\/uploads\/2022\/03\/ate-en-hcd.jpg?ssl=1\"><img loading=\"lazy\" decoding=\"async\" class=\"wp-image-23126 td-animation-stack-type0-2\" title=\"Ca\u00f3tica sesi\u00f3n del Concejo Deliberante 3\" src=\"https:\/\/i0.wp.com\/seryhacerdemalargue.online\/wp-content\/uploads\/2022\/03\/ate-en-hcd.jpg?resize=696%2C522&amp;ssl=1\" sizes=\"auto, (max-width: 696px) 100vw, 696px\" srcset=\"https:\/\/i0.wp.com\/seryhacerdemalargue.online\/wp-content\/uploads\/2022\/03\/ate-en-hcd.jpg?resize=1024%2C768&amp;ssl=1 1024w, https:\/\/i0.wp.com\/seryhacerdemalargue.online\/wp-content\/uploads\/2022\/03\/ate-en-hcd.jpg?resize=300%2C225&amp;ssl=1 300w, https:\/\/i0.wp.com\/seryhacerdemalargue.online\/wp-content\/uploads\/2022\/03\/ate-en-hcd.jpg?resize=768%2C576&amp;ssl=1 768w, https:\/\/i0.wp.com\/seryhacerdemalargue.online\/wp-content\/uploads\/2022\/03\/ate-en-hcd.jpg?resize=1536%2C1153&amp;ssl=1 1536w, https:\/\/i0.wp.com\/seryhacerdemalargue.online\/wp-content\/uploads\/2022\/03\/ate-en-hcd.jpg?resize=696%2C522&amp;ssl=1 696w, https:\/\/i0.wp.com\/seryhacerdemalargue.online\/wp-content\/uploads\/2022\/03\/ate-en-hcd.jpg?resize=1068%2C802&amp;ssl=1 1068w, https:\/\/i0.wp.com\/seryhacerdemalargue.online\/wp-content\/uploads\/2022\/03\/ate-en-hcd.jpg?resize=560%2C420&amp;ssl=1 560w, https:\/\/i0.wp.com\/seryhacerdemalargue.online\/wp-content\/uploads\/2022\/03\/ate-en-hcd.jpg?resize=80%2C60&amp;ssl=1 80w, https:\/\/i0.wp.com\/seryhacerdemalargue.online\/wp-content\/uploads\/2022\/03\/ate-en-hcd.jpg?resize=265%2C198&amp;ssl=1 265w, https:\/\/i0.wp.com\/seryhacerdemalargue.online\/wp-content\/uploads\/2022\/03\/ate-en-hcd.jpg?w=1599&amp;ssl=1 1599w, https:\/\/i0.wp.com\/seryhacerdemalargue.online\/wp-content\/uploads\/2022\/03\/ate-en-hcd.jpg?w=1392&amp;ssl=1 1392w\" alt=\"ate en hcd\" width=\"696\" height=\"522\" data-recalc-dims=\"1\" \/><\/a><figcaption>\nLos sonidos hicieron imposible escuchar al Jefe Comunal; por lo que los Concejales solicitaron un cuarto intermedio; y \u00c9l mismo se retir\u00f3 del Recinto.-<\/p>\n<p><a href=\"https:\/\/hcd.malargue.gov.ar\/?p=27336\">Mas tarde los Ediles continuar\u00f3n el tratamiento del Orden del Dia.-<\/a><\/p>\n<\/figcaption><\/figure>\n<p>MIRA LA TRANSMISI\u00d3N EN VIVO:\u00a0 <a href=\"https:\/\/www.youtube.com\/watch?v=M1qfkdfup0g\">https:\/\/www.youtube.com\/watch?v=M1qfkdfup0g<\/a><\/p>\n<p>BELEN PEDERNERA FERRAGUT<\/p>\n","protected":false},"excerpt":{"rendered":"<p>SESI\u00d3N ORDINARIA \u2013 17 de Marzo 2022 Presidiendo la Sesi\u00f3n:\u00a0\u00a0Concejal Paola Rojo (Bloque Frente Cambia Mendoza) Concejales Presentes: Jose Barro, Daniela Favari, Andres Risi, Paola Jofre (Bloque Frente de Todos) Martin Palma, Daiana Varas, Gabriel Rosas y Luciana Villegas (Bloque Frente Cambia Mendoza). Pasadas las 09:00 hs, en la Sala de Sesiones Dr. Ricardo Balb\u00edn [&hellip;]<\/p>\n","protected":false},"author":5,"featured_media":27329,"comment_status":"closed","ping_status":"closed","sticky":false,"template":"","format":"standard","meta":{"footnotes":""},"categories":[52,58,33,36],"tags":[],"class_list":["post-27327","post","type-post","status-publish","format-standard","has-post-thumbnail","hentry","category-gacetillas","category-ordinarias","category-prensa","category-sesiones"],"yoast_head":"<!-- This site is optimized with the Yoast SEO plugin v19.10 - https:\/\/yoast.com\/wordpress\/plugins\/seo\/ -->\n<title>EL INTENDENTE OJEDA NO CULMIN\u00d3 LA PRESENTACION DE SU INFORME EN EL HCD - Malarg\u00fce HCD<\/title>\n<meta name=\"robots\" content=\"index, follow, max-snippet:-1, max-image-preview:large, max-video-preview:-1\" \/>\n<link rel=\"canonical\" href=\"https:\/\/hcd.malargue.gov.ar\/?p=27327\" \/>\n<meta property=\"og:locale\" content=\"es_ES\" \/>\n<meta property=\"og:type\" content=\"article\" \/>\n<meta property=\"og:title\" content=\"EL INTENDENTE OJEDA NO CULMIN\u00d3 LA PRESENTACION DE SU INFORME EN EL HCD - Malarg\u00fce HCD\" \/>\n<meta property=\"og:description\" content=\"SESI\u00d3N ORDINARIA \u2013 17 de Marzo 2022 Presidiendo la Sesi\u00f3n:\u00a0\u00a0Concejal Paola Rojo (Bloque Frente Cambia Mendoza) Concejales Presentes: Jose Barro, Daniela Favari, Andres Risi, Paola Jofre (Bloque Frente de Todos) Martin Palma, Daiana Varas, Gabriel Rosas y Luciana Villegas (Bloque Frente Cambia Mendoza). Pasadas las 09:00 hs, en la Sala de Sesiones Dr. Ricardo Balb\u00edn [&hellip;]\" \/>\n<meta property=\"og:url\" content=\"https:\/\/hcd.malargue.gov.ar\/?p=27327\" \/>\n<meta property=\"og:site_name\" content=\"Malarg\u00fce HCD\" \/>\n<meta property=\"article:published_time\" content=\"2022-03-17T14:16:01+00:00\" \/>\n<meta property=\"article:modified_time\" content=\"2022-03-21T14:22:53+00:00\" \/>\n<meta property=\"og:image\" content=\"https:\/\/hcd.malargue.gov.ar\/wp-content\/uploads\/2022\/03\/IMGP1995-scaled.jpg\" \/>\n\t<meta property=\"og:image:width\" content=\"2560\" \/>\n\t<meta property=\"og:image:height\" content=\"1700\" \/>\n\t<meta property=\"og:image:type\" content=\"image\/jpeg\" \/>\n<meta name=\"author\" content=\"Belen Pedernera Ferragut\" \/>\n<meta name=\"twitter:card\" content=\"summary_large_image\" \/>\n<meta name=\"twitter:label1\" content=\"Escrito por\" \/>\n\t<meta name=\"twitter:data1\" content=\"Belen Pedernera Ferragut\" \/>\n\t<meta name=\"twitter:label2\" content=\"Tiempo de lectura\" \/>\n\t<meta name=\"twitter:data2\" content=\"2 minutos\" \/>\n<script type=\"application\/ld+json\" class=\"yoast-schema-graph\">{\"@context\":\"https:\/\/schema.org\",\"@graph\":[{\"@type\":\"WebPage\",\"@id\":\"https:\/\/hcd.malargue.gov.ar\/?p=27327\",\"url\":\"https:\/\/hcd.malargue.gov.ar\/?p=27327\",\"name\":\"EL INTENDENTE OJEDA NO CULMIN\u00d3 LA PRESENTACION DE SU INFORME EN EL HCD - Malarg\u00fce HCD\",\"isPartOf\":{\"@id\":\"https:\/\/hcd.malargue.gov.ar\/#website\"},\"datePublished\":\"2022-03-17T14:16:01+00:00\",\"dateModified\":\"2022-03-21T14:22:53+00:00\",\"author\":{\"@id\":\"https:\/\/hcd.malargue.gov.ar\/#\/schema\/person\/3fd6bbab64edd703961b795156c955d0\"},\"breadcrumb\":{\"@id\":\"https:\/\/hcd.malargue.gov.ar\/?p=27327#breadcrumb\"},\"inLanguage\":\"es-AR\",\"potentialAction\":[{\"@type\":\"ReadAction\",\"target\":[\"https:\/\/hcd.malargue.gov.ar\/?p=27327\"]}]},{\"@type\":\"BreadcrumbList\",\"@id\":\"https:\/\/hcd.malargue.gov.ar\/?p=27327#breadcrumb\",\"itemListElement\":[{\"@type\":\"ListItem\",\"position\":1,\"name\":\"Inicio\",\"item\":\"https:\/\/hcd.malargue.gov.ar\/\"},{\"@type\":\"ListItem\",\"position\":2,\"name\":\"EL INTENDENTE OJEDA NO CULMIN\u00d3 LA PRESENTACION DE SU INFORME EN EL HCD\"}]},{\"@type\":\"WebSite\",\"@id\":\"https:\/\/hcd.malargue.gov.ar\/#website\",\"url\":\"https:\/\/hcd.malargue.gov.ar\/\",\"name\":\"Malarg\u00fce HCD\",\"description\":\"Malarg\u00fce Mendoza Argentina\",\"potentialAction\":[{\"@type\":\"SearchAction\",\"target\":{\"@type\":\"EntryPoint\",\"urlTemplate\":\"https:\/\/hcd.malargue.gov.ar\/?s={search_term_string}\"},\"query-input\":\"required name=search_term_string\"}],\"inLanguage\":\"es-AR\"},{\"@type\":\"Person\",\"@id\":\"https:\/\/hcd.malargue.gov.ar\/#\/schema\/person\/3fd6bbab64edd703961b795156c955d0\",\"name\":\"Belen Pedernera Ferragut\",\"image\":{\"@type\":\"ImageObject\",\"inLanguage\":\"es-AR\",\"@id\":\"https:\/\/hcd.malargue.gov.ar\/#\/schema\/person\/image\/\",\"url\":\"https:\/\/secure.gravatar.com\/avatar\/1054ffab3893de4bb3eb29bdd22f7e34b8537bf5d34d9dab311818154ad5b71f?s=96&d=mm&r=g\",\"contentUrl\":\"https:\/\/secure.gravatar.com\/avatar\/1054ffab3893de4bb3eb29bdd22f7e34b8537bf5d34d9dab311818154ad5b71f?s=96&d=mm&r=g\",\"caption\":\"Belen Pedernera Ferragut\"},\"url\":\"https:\/\/hcd.malargue.gov.ar\/?author=5\"}]}<\/script>\n<!-- \/ Yoast SEO plugin. -->","yoast_head_json":{"title":"EL INTENDENTE OJEDA NO CULMIN\u00d3 LA PRESENTACION DE SU INFORME EN EL HCD - Malarg\u00fce HCD","robots":{"index":"index","follow":"follow","max-snippet":"max-snippet:-1","max-image-preview":"max-image-preview:large","max-video-preview":"max-video-preview:-1"},"canonical":"https:\/\/hcd.malargue.gov.ar\/?p=27327","og_locale":"es_ES","og_type":"article","og_title":"EL INTENDENTE OJEDA NO CULMIN\u00d3 LA PRESENTACION DE SU INFORME EN EL HCD - Malarg\u00fce HCD","og_description":"SESI\u00d3N ORDINARIA \u2013 17 de Marzo 2022 Presidiendo la Sesi\u00f3n:\u00a0\u00a0Concejal Paola Rojo (Bloque Frente Cambia Mendoza) Concejales Presentes: Jose Barro, Daniela Favari, Andres Risi, Paola Jofre (Bloque Frente de Todos) Martin Palma, Daiana Varas, Gabriel Rosas y Luciana Villegas (Bloque Frente Cambia Mendoza). Pasadas las 09:00 hs, en la Sala de Sesiones Dr. Ricardo Balb\u00edn [&hellip;]","og_url":"https:\/\/hcd.malargue.gov.ar\/?p=27327","og_site_name":"Malarg\u00fce HCD","article_published_time":"2022-03-17T14:16:01+00:00","article_modified_time":"2022-03-21T14:22:53+00:00","og_image":[{"width":2560,"height":1700,"url":"https:\/\/hcd.malargue.gov.ar\/wp-content\/uploads\/2022\/03\/IMGP1995-scaled.jpg","type":"image\/jpeg"}],"author":"Belen Pedernera Ferragut","twitter_card":"summary_large_image","twitter_misc":{"Escrito por":"Belen Pedernera Ferragut","Tiempo de lectura":"2 minutos"},"schema":{"@context":"https:\/\/schema.org","@graph":[{"@type":"WebPage","@id":"https:\/\/hcd.malargue.gov.ar\/?p=27327","url":"https:\/\/hcd.malargue.gov.ar\/?p=27327","name":"EL INTENDENTE OJEDA NO CULMIN\u00d3 LA PRESENTACION DE SU INFORME EN EL HCD - Malarg\u00fce HCD","isPartOf":{"@id":"https:\/\/hcd.malargue.gov.ar\/#website"},"datePublished":"2022-03-17T14:16:01+00:00","dateModified":"2022-03-21T14:22:53+00:00","author":{"@id":"https:\/\/hcd.malargue.gov.ar\/#\/schema\/person\/3fd6bbab64edd703961b795156c955d0"},"breadcrumb":{"@id":"https:\/\/hcd.malargue.gov.ar\/?p=27327#breadcrumb"},"inLanguage":"es-AR","potentialAction":[{"@type":"ReadAction","target":["https:\/\/hcd.malargue.gov.ar\/?p=27327"]}]},{"@type":"BreadcrumbList","@id":"https:\/\/hcd.malargue.gov.ar\/?p=27327#breadcrumb","itemListElement":[{"@type":"ListItem","position":1,"name":"Inicio","item":"https:\/\/hcd.malargue.gov.ar\/"},{"@type":"ListItem","position":2,"name":"EL INTENDENTE OJEDA NO CULMIN\u00d3 LA PRESENTACION DE SU INFORME EN EL HCD"}]},{"@type":"WebSite","@id":"https:\/\/hcd.malargue.gov.ar\/#website","url":"https:\/\/hcd.malargue.gov.ar\/","name":"Malarg\u00fce HCD","description":"Malarg\u00fce Mendoza Argentina","potentialAction":[{"@type":"SearchAction","target":{"@type":"EntryPoint","urlTemplate":"https:\/\/hcd.malargue.gov.ar\/?s={search_term_string}"},"query-input":"required name=search_term_string"}],"inLanguage":"es-AR"},{"@type":"Person","@id":"https:\/\/hcd.malargue.gov.ar\/#\/schema\/person\/3fd6bbab64edd703961b795156c955d0","name":"Belen Pedernera Ferragut","image":{"@type":"ImageObject","inLanguage":"es-AR","@id":"https:\/\/hcd.malargue.gov.ar\/#\/schema\/person\/image\/","url":"https:\/\/secure.gravatar.com\/avatar\/1054ffab3893de4bb3eb29bdd22f7e34b8537bf5d34d9dab311818154ad5b71f?s=96&d=mm&r=g","contentUrl":"https:\/\/secure.gravatar.com\/avatar\/1054ffab3893de4bb3eb29bdd22f7e34b8537bf5d34d9dab311818154ad5b71f?s=96&d=mm&r=g","caption":"Belen Pedernera Ferragut"},"url":"https:\/\/hcd.malargue.gov.ar\/?author=5"}]}},"_links":{"self":[{"href":"https:\/\/hcd.malargue.gov.ar\/index.php?rest_route=\/wp\/v2\/posts\/27327","targetHints":{"allow":["GET"]}}],"collection":[{"href":"https:\/\/hcd.malargue.gov.ar\/index.php?rest_route=\/wp\/v2\/posts"}],"about":[{"href":"https:\/\/hcd.malargue.gov.ar\/index.php?rest_route=\/wp\/v2\/types\/post"}],"author":[{"embeddable":true,"href":"https:\/\/hcd.malargue.gov.ar\/index.php?rest_route=\/wp\/v2\/users\/5"}],"replies":[{"embeddable":true,"href":"https:\/\/hcd.malargue.gov.ar\/index.php?rest_route=%2Fwp%2Fv2%2Fcomments&post=27327"}],"version-history":[{"count":0,"href":"https:\/\/hcd.malargue.gov.ar\/index.php?rest_route=\/wp\/v2\/posts\/27327\/revisions"}],"wp:featuredmedia":[{"embeddable":true,"href":"https:\/\/hcd.malargue.gov.ar\/index.php?rest_route=\/wp\/v2\/media\/27329"}],"wp:attachment":[{"href":"https:\/\/hcd.malargue.gov.ar\/index.php?rest_route=%2Fwp%2Fv2%2Fmedia&parent=27327"}],"wp:term":[{"taxonomy":"category","embeddable":true,"href":"https:\/\/hcd.malargue.gov.ar\/index.php?rest_route=%2Fwp%2Fv2%2Fcategories&post=27327"},{"taxonomy":"post_tag","embeddable":true,"href":"https:\/\/hcd.malargue.gov.ar\/index.php?rest_route=%2Fwp%2Fv2%2Ftags&post=27327"}],"curies":[{"name":"wp","href":"https:\/\/api.w.org\/{rel}","templated":true}]}}