{"id":27701,"date":"2022-04-11T12:37:17","date_gmt":"2022-04-11T15:37:17","guid":{"rendered":"https:\/\/hcd.malargue.gov.ar\/?p=27701"},"modified":"2022-04-11T12:38:50","modified_gmt":"2022-04-11T15:38:50","slug":"resolucion-n-048-2-022","status":"publish","type":"post","link":"https:\/\/hcd.malargue.gov.ar\/?p=27701","title":{"rendered":"\u00a0RESOLUCI\u00d3N N\u00b0 048\/2.022"},"content":{"rendered":"<p><strong>AUTORA:<\/strong> CONCEJAL LUCIANA VILLEGAS<\/p>\n<p data-wp-editing=\"1\">BLOQUE FRENTE CAMBIA MENDOZA<a href=\"http:\/\/hcd.malargue.gov.ar\/hcdpdf\/Rn%20048%202022%20proyecto%20termoelectrico%20escuela%20Izsaky.pdf\"><img loading=\"lazy\" decoding=\"async\" class=\"alignright wp-image-7950\" src=\"https:\/\/hcd.malargue.gov.ar\/wp-content\/uploads\/2018\/06\/PDF-JPG-300x300.jpg\" alt=\"\" width=\"87\" height=\"87\" srcset=\"https:\/\/hcd.malargue.gov.ar\/wp-content\/uploads\/2018\/06\/PDF-JPG-300x300.jpg 300w, https:\/\/hcd.malargue.gov.ar\/wp-content\/uploads\/2018\/06\/PDF-JPG-150x150.jpg 150w, https:\/\/hcd.malargue.gov.ar\/wp-content\/uploads\/2018\/06\/PDF-JPG.jpg 512w\" sizes=\"auto, (max-width: 87px) 100vw, 87px\" \/><\/a><\/p>\n<p>VISTO: El contenido del Expediente N\u00b0 5.064 HC 040 \u2013 2.022. Bloque Frente Cambia Mendoza. Proyecto de Resoluci\u00f3n: Declarar de Inter\u00e9s Departamental, Educativo y Medio Ambiental el Proyecto Termoel\u00e9ctrico realizado por alumnos de la Escuela N\u00b0 4 \u2013 223 Ing. Eugenio Izsaky.<\/p>\n<p>Adem\u00e1s de brindar este servicio a la gente, sirve como gran aprendizaje y dando muchas iniciativas a los alumnos de cada escuela. Juntos se pueda mejorar la sociedad que con sencillos proyectos se concreten bienes sociales y todos puedan crear, aprender y multiplicar cada buena idea que tienen los alumnos<\/p>\n<p>Y;<\/p>\n<p>CONSIDERANDO: Que el Proyecto Termoel\u00e9ctrico, es un proyecto que se ha desarrollado con fines sociales y de educaci\u00f3n. Este proyecto brinda un servicio que tiene m\u00faltiples beneficios tanto aprendizaje como necesidades b\u00e1sicas y sencillas para la gente de nuestro pueblo y turistas que visitan nuestro departamento\u00a0 Consiste sobre una estructura dise\u00f1ada especialmente y con dos materiales fundamentales: \u201cPanel solar y Termo tanque solar\u201d<\/p>\n<p>Que bas\u00e1ndose en la energ\u00eda renovable, se desea obtener agua caliente y puertos USB para cargar los celulares. Se va a usar energ\u00eda solar, se utiliza un termo tanque solar y un panel solar para llevarlo a cabo. Indagando acerca de c\u00f3mo realizar las conexiones de estos aparatos<\/p>\n<p>Que es un bien social y tiene como objetivo principal el satisfacer las necesidades sociales, individuales o colectivas y pueden ser generados por empresas o por el propio Estado. Es decir, son bienes que benefician a todo el mundo, adem\u00e1s, tienen un coste marginal nulo y no es posible excluir a nadie de ellos.<\/p>\n<ul>\n<li>En primer lugar, una vez est\u00e9n a disposici\u00f3n del p\u00fablico lo estar\u00e1n para todo el mundo por igual. Por tanto, aqu\u00ed no existir\u00e1n diferencias, por ejemplo, debidas al poder adquisitivo.<\/li>\n<li>Por otro lado, no se da el \u201cprincipio de exclusi\u00f3n\u201d que caracteriza al bien privado, se puede consumir de forma simult\u00e1nea por todos.<\/li>\n<li>Adem\u00e1s, no se produce rivalidad en el uso, es decir, el consumo por parte de uno no reduce la disponibilidad para otro.<\/li>\n<li>No se puede calcular el beneficio individual, sino que este es colectivo, pero no todos lo percibir\u00edan de igual forma<\/li>\n<\/ul>\n<p>Que los bienes sociales tienen varios aspectos y son:<\/p>\n<ul>\n<li>Sanidad: En el mundo existen sistemas sanitarios para todos los gustos: p\u00fablicos, mixtos o privados. Adem\u00e1s, con independencia de las preferencias individuales, cada pa\u00eds es un mundo en cuanto a eficacia y eficiencia se refiere.<\/li>\n<li>Educaci\u00f3n: En este caso es principalmente p\u00fablica o concertada, excepto en el \u00e1mbito universitario donde lo privado es muy relevante. Hay ciertas propuestas por parte de pensadores liberales sobre los llamados \u201ccheques educativos\u201d. Estos permitir\u00edan elegir el centro al que llevar a los hijos en un mercado libre.<\/li>\n<li>Seguridad: En todos los pa\u00edses del mundo la ofrece la Administraci\u00f3n P\u00fablica, en lo que a la polic\u00eda o el ej\u00e9rcito se refiere. Con independencia de algunas teor\u00edas sobre su privatizaci\u00f3n, es un bien p\u00fablico. Eso s\u00ed, pueden darse servicios de seguridad privada pero no son bienes sociales, ya que no cumplen las condiciones expuestas con anterioridad.<\/li>\n<\/ul>\n<p>Que con este proyecto se da valor a\u00a0 las escuelas t\u00e9cnicas y que adem\u00e1s se\u00a0 los prepara para insertarlos en mercados laborales relacionados a sus conocimientos.<\/p>\n<p>Que la localizaci\u00f3n es uno de los puntos m\u00e1s importantes en este proyecto ya que al trabajar con energ\u00edas renovables (energ\u00eda solar) necesitamos un lugar estrat\u00e9gico tanto para que le d\u00e9 el mayor tiempo de sol posible y adem\u00e1s determinar el espacio correcto donde pasen la mayor cantidad de personas as\u00ed sea turistas y gente del departamento de Malarg\u00fce. Dado que en el tema de la localizaci\u00f3n necesita una corriente de agua (por ca\u00f1er\u00edas) y sol permanente, hemos estado buscando localizaciones y puntos importantes para llevar a cabo el proyecto<\/p>\n<p>Que el Termotanque Solar es un equipo pensado para generar agua caliente sanitaria usando la radiaci\u00f3n del sol. Es un equipo aut\u00f3nomo, es decir que se instala, se llena con agua y ya comienza a funcionar, generando agua caliente.<\/p>\n<p>Que hoy en d\u00eda se han empezado a utilizar mucho m\u00e1s ya que es m\u00e1s limpio y a largo plazo es m\u00e1s econ\u00f3mico.<\/p>\n<p>EL HONORABLE CONCEJO DELIBERANTE DE LA MUNICIPALIDAD DE MALARG\u00dcE EN USO DE LAS FACULTADES QUE LE SON PROPIAS.<\/p>\n<p>&nbsp;<\/p>\n<p>RESUELVE<\/p>\n<p>ART\u00cdCULO 1\u00ba: Declarar de Inter\u00e9s Departamental, Educativo y Medio Ambiental el Proyecto Termoel\u00e9ctrico realizado por alumnos egresados de la Escuela N\u00b0 4 \u2013 223 Ing. Eugenio Izsaky.<\/p>\n<p>ARTICULO 2\u00ba: Hacer entrega de un reconocimiento por parte del Honorable Concejo Deliberante a los Alumnos ejecutores del Proyecto Termoel\u00e9ctrico: Amaya Francisco, Caratti Francisco, Tiller\u00eda Brian, Corval\u00e1n Juan, Vidal Mauro, D\u00edaz Emanuel, egresados de la Escuela N\u00b0 4 \u2013 223 Ing. Eugenio Izsaky.<\/p>\n<p>ARTICULO 3\u00ba: Elevar copia de la presente pieza legal a:<\/p>\n<ul>\n<li>Direcci\u00f3n General de Escuelas Subdelegaci\u00f3n Malarg\u00fce<\/li>\n<li>Departamento Ejecutivo de la Municipalidad de Malarg\u00fce y por su intermedio a quien corresponda<\/li>\n<li>Direcci\u00f3n de Recursos Naturales Renovables de la Provincia a fin de que tome conocimiento.<\/li>\n<li>Direcci\u00f3n de la Escuela N\u00b0 4-223 Ing. Eugenio Izsaky.<\/li>\n<li>Honorable C\u00e1mara de Diputados y Senadores de la Provincia de Mendoza.<\/li>\n<\/ul>\n<p>ART\u00cdCULO 4\u00ba: Comun\u00edquese, reg\u00edstrese, agr\u00e9guese copia de la presente en las actuaciones correspondientes y arch\u00edvese.<\/p>\n<p>DADA EN LA SALA DE SESIONES DR. RICARDO BALBIN DEL HONORABLE CONCEJO DELIBERANTE DE LA MUNICIPALIDAD DE MALARG\u00dcE A TREINTA Y UN DIAS DE MARZO\u00a0 DE DOS MIL VEINTIDOS<\/p>\n<p>&nbsp;<\/p>\n","protected":false},"excerpt":{"rendered":"<p>AUTORA: CONCEJAL LUCIANA VILLEGAS BLOQUE FRENTE CAMBIA MENDOZA VISTO: El contenido del Expediente N\u00b0 5.064 HC 040 \u2013 2.022. Bloque Frente Cambia Mendoza. Proyecto de Resoluci\u00f3n: Declarar de Inter\u00e9s Departamental, Educativo y Medio Ambiental el Proyecto Termoel\u00e9ctrico realizado por alumnos de la Escuela N\u00b0 4 \u2013 223 Ing. Eugenio Izsaky. Adem\u00e1s de brindar este servicio [&hellip;]<\/p>\n","protected":false},"author":5,"featured_media":27703,"comment_status":"closed","ping_status":"closed","sticky":false,"template":"","format":"standard","meta":{"footnotes":""},"categories":[52,29,33,51],"tags":[],"class_list":["post-27701","post","type-post","status-publish","format-standard","has-post-thumbnail","hentry","category-gacetillas","category-lesgilacion","category-prensa","category-resoluciones"],"yoast_head":"<!-- This site is optimized with the Yoast SEO plugin v19.10 - https:\/\/yoast.com\/wordpress\/plugins\/seo\/ -->\n<title>\u00a0RESOLUCI\u00d3N N\u00b0 048\/2.022 - Malarg\u00fce HCD<\/title>\n<meta name=\"robots\" content=\"index, follow, max-snippet:-1, max-image-preview:large, max-video-preview:-1\" \/>\n<link rel=\"canonical\" href=\"https:\/\/hcd.malargue.gov.ar\/?p=27701\" \/>\n<meta property=\"og:locale\" content=\"es_ES\" \/>\n<meta property=\"og:type\" content=\"article\" \/>\n<meta property=\"og:title\" content=\"\u00a0RESOLUCI\u00d3N N\u00b0 048\/2.022 - Malarg\u00fce HCD\" \/>\n<meta property=\"og:description\" content=\"AUTORA: CONCEJAL LUCIANA VILLEGAS BLOQUE FRENTE CAMBIA MENDOZA VISTO: El contenido del Expediente N\u00b0 5.064 HC 040 \u2013 2.022. Bloque Frente Cambia Mendoza. Proyecto de Resoluci\u00f3n: Declarar de Inter\u00e9s Departamental, Educativo y Medio Ambiental el Proyecto Termoel\u00e9ctrico realizado por alumnos de la Escuela N\u00b0 4 \u2013 223 Ing. Eugenio Izsaky. Adem\u00e1s de brindar este servicio [&hellip;]\" \/>\n<meta property=\"og:url\" content=\"https:\/\/hcd.malargue.gov.ar\/?p=27701\" \/>\n<meta property=\"og:site_name\" content=\"Malarg\u00fce HCD\" \/>\n<meta property=\"article:published_time\" content=\"2022-04-11T15:37:17+00:00\" \/>\n<meta property=\"article:modified_time\" content=\"2022-04-11T15:38:50+00:00\" \/>\n<meta property=\"og:image\" content=\"https:\/\/hcd.malargue.gov.ar\/wp-content\/uploads\/2022\/04\/rn-48-2022.png\" \/>\n\t<meta property=\"og:image:width\" content=\"940\" \/>\n\t<meta property=\"og:image:height\" content=\"788\" \/>\n\t<meta property=\"og:image:type\" content=\"image\/png\" \/>\n<meta name=\"author\" content=\"Belen Pedernera Ferragut\" \/>\n<meta name=\"twitter:card\" content=\"summary_large_image\" \/>\n<meta name=\"twitter:label1\" content=\"Escrito por\" \/>\n\t<meta name=\"twitter:data1\" content=\"Belen Pedernera Ferragut\" \/>\n\t<meta name=\"twitter:label2\" content=\"Tiempo de lectura\" \/>\n\t<meta name=\"twitter:data2\" content=\"5 minutos\" \/>\n<script type=\"application\/ld+json\" class=\"yoast-schema-graph\">{\"@context\":\"https:\/\/schema.org\",\"@graph\":[{\"@type\":\"WebPage\",\"@id\":\"https:\/\/hcd.malargue.gov.ar\/?p=27701\",\"url\":\"https:\/\/hcd.malargue.gov.ar\/?p=27701\",\"name\":\"\u00a0RESOLUCI\u00d3N N\u00b0 048\/2.022 - Malarg\u00fce HCD\",\"isPartOf\":{\"@id\":\"https:\/\/hcd.malargue.gov.ar\/#website\"},\"datePublished\":\"2022-04-11T15:37:17+00:00\",\"dateModified\":\"2022-04-11T15:38:50+00:00\",\"author\":{\"@id\":\"https:\/\/hcd.malargue.gov.ar\/#\/schema\/person\/3fd6bbab64edd703961b795156c955d0\"},\"breadcrumb\":{\"@id\":\"https:\/\/hcd.malargue.gov.ar\/?p=27701#breadcrumb\"},\"inLanguage\":\"es-AR\",\"potentialAction\":[{\"@type\":\"ReadAction\",\"target\":[\"https:\/\/hcd.malargue.gov.ar\/?p=27701\"]}]},{\"@type\":\"BreadcrumbList\",\"@id\":\"https:\/\/hcd.malargue.gov.ar\/?p=27701#breadcrumb\",\"itemListElement\":[{\"@type\":\"ListItem\",\"position\":1,\"name\":\"Inicio\",\"item\":\"https:\/\/hcd.malargue.gov.ar\/\"},{\"@type\":\"ListItem\",\"position\":2,\"name\":\"\u00a0RESOLUCI\u00d3N N\u00b0 048\/2.022\"}]},{\"@type\":\"WebSite\",\"@id\":\"https:\/\/hcd.malargue.gov.ar\/#website\",\"url\":\"https:\/\/hcd.malargue.gov.ar\/\",\"name\":\"Malarg\u00fce HCD\",\"description\":\"Malarg\u00fce Mendoza Argentina\",\"potentialAction\":[{\"@type\":\"SearchAction\",\"target\":{\"@type\":\"EntryPoint\",\"urlTemplate\":\"https:\/\/hcd.malargue.gov.ar\/?s={search_term_string}\"},\"query-input\":\"required name=search_term_string\"}],\"inLanguage\":\"es-AR\"},{\"@type\":\"Person\",\"@id\":\"https:\/\/hcd.malargue.gov.ar\/#\/schema\/person\/3fd6bbab64edd703961b795156c955d0\",\"name\":\"Belen Pedernera Ferragut\",\"image\":{\"@type\":\"ImageObject\",\"inLanguage\":\"es-AR\",\"@id\":\"https:\/\/hcd.malargue.gov.ar\/#\/schema\/person\/image\/\",\"url\":\"https:\/\/secure.gravatar.com\/avatar\/1054ffab3893de4bb3eb29bdd22f7e34b8537bf5d34d9dab311818154ad5b71f?s=96&d=mm&r=g\",\"contentUrl\":\"https:\/\/secure.gravatar.com\/avatar\/1054ffab3893de4bb3eb29bdd22f7e34b8537bf5d34d9dab311818154ad5b71f?s=96&d=mm&r=g\",\"caption\":\"Belen Pedernera Ferragut\"},\"url\":\"https:\/\/hcd.malargue.gov.ar\/?author=5\"}]}<\/script>\n<!-- \/ Yoast SEO plugin. -->","yoast_head_json":{"title":"\u00a0RESOLUCI\u00d3N N\u00b0 048\/2.022 - Malarg\u00fce HCD","robots":{"index":"index","follow":"follow","max-snippet":"max-snippet:-1","max-image-preview":"max-image-preview:large","max-video-preview":"max-video-preview:-1"},"canonical":"https:\/\/hcd.malargue.gov.ar\/?p=27701","og_locale":"es_ES","og_type":"article","og_title":"\u00a0RESOLUCI\u00d3N N\u00b0 048\/2.022 - Malarg\u00fce HCD","og_description":"AUTORA: CONCEJAL LUCIANA VILLEGAS BLOQUE FRENTE CAMBIA MENDOZA VISTO: El contenido del Expediente N\u00b0 5.064 HC 040 \u2013 2.022. Bloque Frente Cambia Mendoza. Proyecto de Resoluci\u00f3n: Declarar de Inter\u00e9s Departamental, Educativo y Medio Ambiental el Proyecto Termoel\u00e9ctrico realizado por alumnos de la Escuela N\u00b0 4 \u2013 223 Ing. Eugenio Izsaky. Adem\u00e1s de brindar este servicio [&hellip;]","og_url":"https:\/\/hcd.malargue.gov.ar\/?p=27701","og_site_name":"Malarg\u00fce HCD","article_published_time":"2022-04-11T15:37:17+00:00","article_modified_time":"2022-04-11T15:38:50+00:00","og_image":[{"width":940,"height":788,"url":"https:\/\/hcd.malargue.gov.ar\/wp-content\/uploads\/2022\/04\/rn-48-2022.png","type":"image\/png"}],"author":"Belen Pedernera Ferragut","twitter_card":"summary_large_image","twitter_misc":{"Escrito por":"Belen Pedernera Ferragut","Tiempo de lectura":"5 minutos"},"schema":{"@context":"https:\/\/schema.org","@graph":[{"@type":"WebPage","@id":"https:\/\/hcd.malargue.gov.ar\/?p=27701","url":"https:\/\/hcd.malargue.gov.ar\/?p=27701","name":"\u00a0RESOLUCI\u00d3N N\u00b0 048\/2.022 - Malarg\u00fce HCD","isPartOf":{"@id":"https:\/\/hcd.malargue.gov.ar\/#website"},"datePublished":"2022-04-11T15:37:17+00:00","dateModified":"2022-04-11T15:38:50+00:00","author":{"@id":"https:\/\/hcd.malargue.gov.ar\/#\/schema\/person\/3fd6bbab64edd703961b795156c955d0"},"breadcrumb":{"@id":"https:\/\/hcd.malargue.gov.ar\/?p=27701#breadcrumb"},"inLanguage":"es-AR","potentialAction":[{"@type":"ReadAction","target":["https:\/\/hcd.malargue.gov.ar\/?p=27701"]}]},{"@type":"BreadcrumbList","@id":"https:\/\/hcd.malargue.gov.ar\/?p=27701#breadcrumb","itemListElement":[{"@type":"ListItem","position":1,"name":"Inicio","item":"https:\/\/hcd.malargue.gov.ar\/"},{"@type":"ListItem","position":2,"name":"\u00a0RESOLUCI\u00d3N N\u00b0 048\/2.022"}]},{"@type":"WebSite","@id":"https:\/\/hcd.malargue.gov.ar\/#website","url":"https:\/\/hcd.malargue.gov.ar\/","name":"Malarg\u00fce HCD","description":"Malarg\u00fce Mendoza Argentina","potentialAction":[{"@type":"SearchAction","target":{"@type":"EntryPoint","urlTemplate":"https:\/\/hcd.malargue.gov.ar\/?s={search_term_string}"},"query-input":"required name=search_term_string"}],"inLanguage":"es-AR"},{"@type":"Person","@id":"https:\/\/hcd.malargue.gov.ar\/#\/schema\/person\/3fd6bbab64edd703961b795156c955d0","name":"Belen Pedernera Ferragut","image":{"@type":"ImageObject","inLanguage":"es-AR","@id":"https:\/\/hcd.malargue.gov.ar\/#\/schema\/person\/image\/","url":"https:\/\/secure.gravatar.com\/avatar\/1054ffab3893de4bb3eb29bdd22f7e34b8537bf5d34d9dab311818154ad5b71f?s=96&d=mm&r=g","contentUrl":"https:\/\/secure.gravatar.com\/avatar\/1054ffab3893de4bb3eb29bdd22f7e34b8537bf5d34d9dab311818154ad5b71f?s=96&d=mm&r=g","caption":"Belen Pedernera Ferragut"},"url":"https:\/\/hcd.malargue.gov.ar\/?author=5"}]}},"_links":{"self":[{"href":"https:\/\/hcd.malargue.gov.ar\/index.php?rest_route=\/wp\/v2\/posts\/27701","targetHints":{"allow":["GET"]}}],"collection":[{"href":"https:\/\/hcd.malargue.gov.ar\/index.php?rest_route=\/wp\/v2\/posts"}],"about":[{"href":"https:\/\/hcd.malargue.gov.ar\/index.php?rest_route=\/wp\/v2\/types\/post"}],"author":[{"embeddable":true,"href":"https:\/\/hcd.malargue.gov.ar\/index.php?rest_route=\/wp\/v2\/users\/5"}],"replies":[{"embeddable":true,"href":"https:\/\/hcd.malargue.gov.ar\/index.php?rest_route=%2Fwp%2Fv2%2Fcomments&post=27701"}],"version-history":[{"count":0,"href":"https:\/\/hcd.malargue.gov.ar\/index.php?rest_route=\/wp\/v2\/posts\/27701\/revisions"}],"wp:featuredmedia":[{"embeddable":true,"href":"https:\/\/hcd.malargue.gov.ar\/index.php?rest_route=\/wp\/v2\/media\/27703"}],"wp:attachment":[{"href":"https:\/\/hcd.malargue.gov.ar\/index.php?rest_route=%2Fwp%2Fv2%2Fmedia&parent=27701"}],"wp:term":[{"taxonomy":"category","embeddable":true,"href":"https:\/\/hcd.malargue.gov.ar\/index.php?rest_route=%2Fwp%2Fv2%2Fcategories&post=27701"},{"taxonomy":"post_tag","embeddable":true,"href":"https:\/\/hcd.malargue.gov.ar\/index.php?rest_route=%2Fwp%2Fv2%2Ftags&post=27701"}],"curies":[{"name":"wp","href":"https:\/\/api.w.org\/{rel}","templated":true}]}}