{"id":27976,"date":"2022-04-29T17:49:24","date_gmt":"2022-04-29T20:49:24","guid":{"rendered":"https:\/\/hcd.malargue.gov.ar\/?p=27976"},"modified":"2022-04-30T17:33:23","modified_gmt":"2022-04-30T20:33:23","slug":"juraron-los-nuevos-concejales-de-malargue","status":"publish","type":"post","link":"https:\/\/hcd.malargue.gov.ar\/?p=27976","title":{"rendered":"JURARON LOS NUEVOS CONCEJALES DE MALARG\u00dcE"},"content":{"rendered":"<p>29-04-2022 Con un sal\u00f3n colmado en el Honorable Concejo Deliberante, la Presidente Paola Rojo junto los Ediles Paola Jofre, Daniela Favari, Silvia Correa, Andres Risi(Bloque Frente de Todos), Daiana Varas, Luciana Villegas, Martin Palma, Gabriel Rosas (Bloque Frente Cambia Mendoza) llevar\u00f3n a cabo la <a href=\"https:\/\/hcd.malargue.gov.ar\/?p=27970\">Sesi\u00f3n Especial<\/a>, donde juraron los Concejales electos en octubre de 2021.<\/p>\n<p>Estuvieron presentes las Senadoras Provinciales Gladys Mabel Ruiz, Hilda Rosa Quiroga, miembros del Gabinete Municipal, Autoridades de seguridad, medios de prensa, p\u00fablico en general.-<\/p>\n<p>La sesi\u00f3n comenz\u00f3 pasadas las 09:00, con el izamiento de la bandera por parte de la Sra Presidente del Cuerpo y la entonaci\u00f3n del Himno Nacional Argentino. Tras la lectura, consideraci\u00f3n y aprobaci\u00f3n de la Resoluci\u00f3n de Presidencia N\u00b0 23\/2022 , cada uno de los Concejales presentes realizo un sentido homenaje refiriendose a los a\u00f1os que dur\u00f3 su mandato, agradeciendo a quienes los han acompa\u00f1ado, poniendo en valor cada uno de los proyectos realizados y la labor que realiza el Concejo Deliberante. Luego, se hizo entrega de diplomas y presentes a los Concejales que culminan su mandato.<\/p>\n<div class=\"cxmmr5t8 oygrvhab hcukyx3x c1et5uql o9v6fnle ii04i59q\">\n<div dir=\"auto\">Continuando con el punto <strong><em>f) <\/em><\/strong>del Orden del Dia prestaron juramento: &#8230;&#8221;<em>por Dios, la Patria y vuestro Honor, desempe\u00f1ar debidamente el cargo de Concejal y obrar en todo de conformidad a lo que prescribe la Constituci\u00f3n Provincial y de la Naci\u00f3n. Si as\u00ed no lo hiciereis, Dios y la Patria os lo demanden&#8221;<\/em>, los Concejales:<\/div>\n<\/div>\n<div class=\"cxmmr5t8 oygrvhab hcukyx3x c1et5uql o9v6fnle ii04i59q\">\n<ul>\n<li dir=\"auto\">\n<blockquote><p>Bloque Frente Cambia Mendoza: Mart\u00edn Palma (reelecto) y Viviana Mosca<\/p><\/blockquote>\n<\/li>\n<li dir=\"auto\">\n<blockquote><p>Bloque Frente de Todos: Rodrigo Hidalgo y Silvina Camiolo<\/p><\/blockquote>\n<\/li>\n<li dir=\"auto\">\n<blockquote><p>Partido Federal: Francisco Parada<\/p><\/blockquote>\n<\/li>\n<\/ul>\n<\/div>\n<p>Quienes tendr\u00e1n mandato constitucional desde el dia 30 de abril de 2022 a la hs 24 o bien hasta la hs 0 del 1 de mayo del 2026.<\/p>\n<p>De este modo el Honorable Concejo Deliberante de la Municipalidad de Malarg\u00fce, presenta un nuevo espectro de representaci\u00f3n partidario. En total, tres son los Bloques que componen el Cuerpo: Frente de Todos (Risi, Correa, Hidalgo y Camiolo), Frente Cambia Mendoza (Varas, Rosas, Palma y Mosca), Partido Federal (Parada).<\/p>\n<p>No habiendo otros temas que tratar, la Presidenta procedi\u00f3 con el acto de arr\u00edo de la Ense\u00f1a Nacional, para dar por concluida la Sesi\u00f3n del d\u00eda de la fecha.<\/p>\n<p>MIRA LA SESION EN VIVO: <a href=\"https:\/\/www.youtube.com\/watch?v=4oL4ReH1AQ4\">https:\/\/www.youtube.com\/watch?v=4oL4ReH1AQ4<\/a><\/p>\n<p><a href=\"https:\/\/www.facebook.com\/media\/set\/?vanity=hcdmalargue&amp;set=a.305238461782049\">GALERIA DE FOTOS:\u00a0<\/a><\/p>\n<p><a href=\"https:\/\/www.facebook.com\/media\/set\/?vanity=hcdmalargue&amp;set=a.305238461782049\">https:\/\/www.facebook.com\/media\/set\/?vanity=hcdmalargue&amp;set=a.305238461782049<\/a><\/p>\n","protected":false},"excerpt":{"rendered":"<p>29-04-2022 Con un sal\u00f3n colmado en el Honorable Concejo Deliberante, la Presidente Paola Rojo junto los Ediles Paola Jofre, Daniela Favari, Silvia Correa, Andres Risi(Bloque Frente de Todos), Daiana Varas, Luciana Villegas, Martin Palma, Gabriel Rosas (Bloque Frente Cambia Mendoza) llevar\u00f3n a cabo la Sesi\u00f3n Especial, donde juraron los Concejales electos en octubre de 2021. [&hellip;]<\/p>\n","protected":false},"author":5,"featured_media":27981,"comment_status":"closed","ping_status":"closed","sticky":false,"template":"","format":"standard","meta":{"footnotes":""},"categories":[56,52,33,36],"tags":[],"class_list":["post-27976","post","type-post","status-publish","format-standard","has-post-thumbnail","hentry","category-especiales","category-gacetillas","category-prensa","category-sesiones"],"yoast_head":"<!-- This site is optimized with the Yoast SEO plugin v19.10 - https:\/\/yoast.com\/wordpress\/plugins\/seo\/ -->\n<title>JURARON LOS NUEVOS CONCEJALES DE MALARG\u00dcE - Malarg\u00fce HCD<\/title>\n<meta name=\"robots\" content=\"index, follow, max-snippet:-1, max-image-preview:large, max-video-preview:-1\" \/>\n<link rel=\"canonical\" href=\"https:\/\/hcd.malargue.gov.ar\/?p=27976\" \/>\n<meta property=\"og:locale\" content=\"es_ES\" \/>\n<meta property=\"og:type\" content=\"article\" \/>\n<meta property=\"og:title\" content=\"JURARON LOS NUEVOS CONCEJALES DE MALARG\u00dcE - Malarg\u00fce HCD\" \/>\n<meta property=\"og:description\" content=\"29-04-2022 Con un sal\u00f3n colmado en el Honorable Concejo Deliberante, la Presidente Paola Rojo junto los Ediles Paola Jofre, Daniela Favari, Silvia Correa, Andres Risi(Bloque Frente de Todos), Daiana Varas, Luciana Villegas, Martin Palma, Gabriel Rosas (Bloque Frente Cambia Mendoza) llevar\u00f3n a cabo la Sesi\u00f3n Especial, donde juraron los Concejales electos en octubre de 2021. [&hellip;]\" \/>\n<meta property=\"og:url\" content=\"https:\/\/hcd.malargue.gov.ar\/?p=27976\" \/>\n<meta property=\"og:site_name\" content=\"Malarg\u00fce HCD\" \/>\n<meta property=\"article:published_time\" content=\"2022-04-29T20:49:24+00:00\" \/>\n<meta property=\"article:modified_time\" content=\"2022-04-30T20:33:23+00:00\" \/>\n<meta property=\"og:image\" content=\"https:\/\/hcd.malargue.gov.ar\/wp-content\/uploads\/2022\/04\/IMGP2679-scaled.jpg\" \/>\n\t<meta property=\"og:image:width\" content=\"2560\" \/>\n\t<meta property=\"og:image:height\" content=\"1678\" \/>\n\t<meta property=\"og:image:type\" content=\"image\/jpeg\" \/>\n<meta name=\"author\" content=\"Belen Pedernera Ferragut\" \/>\n<meta name=\"twitter:card\" content=\"summary_large_image\" \/>\n<meta name=\"twitter:label1\" content=\"Escrito por\" \/>\n\t<meta name=\"twitter:data1\" content=\"Belen Pedernera Ferragut\" \/>\n\t<meta name=\"twitter:label2\" content=\"Tiempo de lectura\" \/>\n\t<meta name=\"twitter:data2\" content=\"2 minutos\" \/>\n<script type=\"application\/ld+json\" class=\"yoast-schema-graph\">{\"@context\":\"https:\/\/schema.org\",\"@graph\":[{\"@type\":\"WebPage\",\"@id\":\"https:\/\/hcd.malargue.gov.ar\/?p=27976\",\"url\":\"https:\/\/hcd.malargue.gov.ar\/?p=27976\",\"name\":\"JURARON LOS NUEVOS CONCEJALES DE MALARG\u00dcE - Malarg\u00fce HCD\",\"isPartOf\":{\"@id\":\"https:\/\/hcd.malargue.gov.ar\/#website\"},\"datePublished\":\"2022-04-29T20:49:24+00:00\",\"dateModified\":\"2022-04-30T20:33:23+00:00\",\"author\":{\"@id\":\"https:\/\/hcd.malargue.gov.ar\/#\/schema\/person\/3fd6bbab64edd703961b795156c955d0\"},\"breadcrumb\":{\"@id\":\"https:\/\/hcd.malargue.gov.ar\/?p=27976#breadcrumb\"},\"inLanguage\":\"es-AR\",\"potentialAction\":[{\"@type\":\"ReadAction\",\"target\":[\"https:\/\/hcd.malargue.gov.ar\/?p=27976\"]}]},{\"@type\":\"BreadcrumbList\",\"@id\":\"https:\/\/hcd.malargue.gov.ar\/?p=27976#breadcrumb\",\"itemListElement\":[{\"@type\":\"ListItem\",\"position\":1,\"name\":\"Inicio\",\"item\":\"https:\/\/hcd.malargue.gov.ar\/\"},{\"@type\":\"ListItem\",\"position\":2,\"name\":\"JURARON LOS NUEVOS CONCEJALES DE MALARG\u00dcE\"}]},{\"@type\":\"WebSite\",\"@id\":\"https:\/\/hcd.malargue.gov.ar\/#website\",\"url\":\"https:\/\/hcd.malargue.gov.ar\/\",\"name\":\"Malarg\u00fce HCD\",\"description\":\"Malarg\u00fce Mendoza Argentina\",\"potentialAction\":[{\"@type\":\"SearchAction\",\"target\":{\"@type\":\"EntryPoint\",\"urlTemplate\":\"https:\/\/hcd.malargue.gov.ar\/?s={search_term_string}\"},\"query-input\":\"required name=search_term_string\"}],\"inLanguage\":\"es-AR\"},{\"@type\":\"Person\",\"@id\":\"https:\/\/hcd.malargue.gov.ar\/#\/schema\/person\/3fd6bbab64edd703961b795156c955d0\",\"name\":\"Belen Pedernera Ferragut\",\"image\":{\"@type\":\"ImageObject\",\"inLanguage\":\"es-AR\",\"@id\":\"https:\/\/hcd.malargue.gov.ar\/#\/schema\/person\/image\/\",\"url\":\"https:\/\/secure.gravatar.com\/avatar\/1054ffab3893de4bb3eb29bdd22f7e34b8537bf5d34d9dab311818154ad5b71f?s=96&d=mm&r=g\",\"contentUrl\":\"https:\/\/secure.gravatar.com\/avatar\/1054ffab3893de4bb3eb29bdd22f7e34b8537bf5d34d9dab311818154ad5b71f?s=96&d=mm&r=g\",\"caption\":\"Belen Pedernera Ferragut\"},\"url\":\"https:\/\/hcd.malargue.gov.ar\/?author=5\"}]}<\/script>\n<!-- \/ Yoast SEO plugin. -->","yoast_head_json":{"title":"JURARON LOS NUEVOS CONCEJALES DE MALARG\u00dcE - Malarg\u00fce HCD","robots":{"index":"index","follow":"follow","max-snippet":"max-snippet:-1","max-image-preview":"max-image-preview:large","max-video-preview":"max-video-preview:-1"},"canonical":"https:\/\/hcd.malargue.gov.ar\/?p=27976","og_locale":"es_ES","og_type":"article","og_title":"JURARON LOS NUEVOS CONCEJALES DE MALARG\u00dcE - Malarg\u00fce HCD","og_description":"29-04-2022 Con un sal\u00f3n colmado en el Honorable Concejo Deliberante, la Presidente Paola Rojo junto los Ediles Paola Jofre, Daniela Favari, Silvia Correa, Andres Risi(Bloque Frente de Todos), Daiana Varas, Luciana Villegas, Martin Palma, Gabriel Rosas (Bloque Frente Cambia Mendoza) llevar\u00f3n a cabo la Sesi\u00f3n Especial, donde juraron los Concejales electos en octubre de 2021. [&hellip;]","og_url":"https:\/\/hcd.malargue.gov.ar\/?p=27976","og_site_name":"Malarg\u00fce HCD","article_published_time":"2022-04-29T20:49:24+00:00","article_modified_time":"2022-04-30T20:33:23+00:00","og_image":[{"width":2560,"height":1678,"url":"https:\/\/hcd.malargue.gov.ar\/wp-content\/uploads\/2022\/04\/IMGP2679-scaled.jpg","type":"image\/jpeg"}],"author":"Belen Pedernera Ferragut","twitter_card":"summary_large_image","twitter_misc":{"Escrito por":"Belen Pedernera Ferragut","Tiempo de lectura":"2 minutos"},"schema":{"@context":"https:\/\/schema.org","@graph":[{"@type":"WebPage","@id":"https:\/\/hcd.malargue.gov.ar\/?p=27976","url":"https:\/\/hcd.malargue.gov.ar\/?p=27976","name":"JURARON LOS NUEVOS CONCEJALES DE MALARG\u00dcE - Malarg\u00fce HCD","isPartOf":{"@id":"https:\/\/hcd.malargue.gov.ar\/#website"},"datePublished":"2022-04-29T20:49:24+00:00","dateModified":"2022-04-30T20:33:23+00:00","author":{"@id":"https:\/\/hcd.malargue.gov.ar\/#\/schema\/person\/3fd6bbab64edd703961b795156c955d0"},"breadcrumb":{"@id":"https:\/\/hcd.malargue.gov.ar\/?p=27976#breadcrumb"},"inLanguage":"es-AR","potentialAction":[{"@type":"ReadAction","target":["https:\/\/hcd.malargue.gov.ar\/?p=27976"]}]},{"@type":"BreadcrumbList","@id":"https:\/\/hcd.malargue.gov.ar\/?p=27976#breadcrumb","itemListElement":[{"@type":"ListItem","position":1,"name":"Inicio","item":"https:\/\/hcd.malargue.gov.ar\/"},{"@type":"ListItem","position":2,"name":"JURARON LOS NUEVOS CONCEJALES DE MALARG\u00dcE"}]},{"@type":"WebSite","@id":"https:\/\/hcd.malargue.gov.ar\/#website","url":"https:\/\/hcd.malargue.gov.ar\/","name":"Malarg\u00fce HCD","description":"Malarg\u00fce Mendoza Argentina","potentialAction":[{"@type":"SearchAction","target":{"@type":"EntryPoint","urlTemplate":"https:\/\/hcd.malargue.gov.ar\/?s={search_term_string}"},"query-input":"required name=search_term_string"}],"inLanguage":"es-AR"},{"@type":"Person","@id":"https:\/\/hcd.malargue.gov.ar\/#\/schema\/person\/3fd6bbab64edd703961b795156c955d0","name":"Belen Pedernera Ferragut","image":{"@type":"ImageObject","inLanguage":"es-AR","@id":"https:\/\/hcd.malargue.gov.ar\/#\/schema\/person\/image\/","url":"https:\/\/secure.gravatar.com\/avatar\/1054ffab3893de4bb3eb29bdd22f7e34b8537bf5d34d9dab311818154ad5b71f?s=96&d=mm&r=g","contentUrl":"https:\/\/secure.gravatar.com\/avatar\/1054ffab3893de4bb3eb29bdd22f7e34b8537bf5d34d9dab311818154ad5b71f?s=96&d=mm&r=g","caption":"Belen Pedernera Ferragut"},"url":"https:\/\/hcd.malargue.gov.ar\/?author=5"}]}},"_links":{"self":[{"href":"https:\/\/hcd.malargue.gov.ar\/index.php?rest_route=\/wp\/v2\/posts\/27976","targetHints":{"allow":["GET"]}}],"collection":[{"href":"https:\/\/hcd.malargue.gov.ar\/index.php?rest_route=\/wp\/v2\/posts"}],"about":[{"href":"https:\/\/hcd.malargue.gov.ar\/index.php?rest_route=\/wp\/v2\/types\/post"}],"author":[{"embeddable":true,"href":"https:\/\/hcd.malargue.gov.ar\/index.php?rest_route=\/wp\/v2\/users\/5"}],"replies":[{"embeddable":true,"href":"https:\/\/hcd.malargue.gov.ar\/index.php?rest_route=%2Fwp%2Fv2%2Fcomments&post=27976"}],"version-history":[{"count":0,"href":"https:\/\/hcd.malargue.gov.ar\/index.php?rest_route=\/wp\/v2\/posts\/27976\/revisions"}],"wp:featuredmedia":[{"embeddable":true,"href":"https:\/\/hcd.malargue.gov.ar\/index.php?rest_route=\/wp\/v2\/media\/27981"}],"wp:attachment":[{"href":"https:\/\/hcd.malargue.gov.ar\/index.php?rest_route=%2Fwp%2Fv2%2Fmedia&parent=27976"}],"wp:term":[{"taxonomy":"category","embeddable":true,"href":"https:\/\/hcd.malargue.gov.ar\/index.php?rest_route=%2Fwp%2Fv2%2Fcategories&post=27976"},{"taxonomy":"post_tag","embeddable":true,"href":"https:\/\/hcd.malargue.gov.ar\/index.php?rest_route=%2Fwp%2Fv2%2Ftags&post=27976"}],"curies":[{"name":"wp","href":"https:\/\/api.w.org\/{rel}","templated":true}]}}