{"id":28095,"date":"2022-05-09T09:31:15","date_gmt":"2022-05-09T12:31:15","guid":{"rendered":"https:\/\/hcd.malargue.gov.ar\/?p=28095"},"modified":"2022-05-09T09:31:15","modified_gmt":"2022-05-09T12:31:15","slug":"declaracion-n-293-2-022","status":"publish","type":"post","link":"https:\/\/hcd.malargue.gov.ar\/?p=28095","title":{"rendered":"DECLARACI\u00d3N N\u00b0 293\/2.022"},"content":{"rendered":"<p><strong>AUTORA:<\/strong> CONCEJAL PAOLA ROJO<\/p>\n<p data-wp-editing=\"1\">BLOQUE FRENTE CAMBIA MENDOZA <a href=\"http:\/\/hcd.malargue.gov.ar\/hcdpdf\/Decla%20293%202022%20Prende%20tu%20vida%20no%20la%20apagues.pdf\"><img loading=\"lazy\" decoding=\"async\" class=\"alignright wp-image-7950\" src=\"https:\/\/hcd.malargue.gov.ar\/wp-content\/uploads\/2018\/06\/PDF-JPG-300x300.jpg\" alt=\"\" width=\"110\" height=\"110\" srcset=\"https:\/\/hcd.malargue.gov.ar\/wp-content\/uploads\/2018\/06\/PDF-JPG-300x300.jpg 300w, https:\/\/hcd.malargue.gov.ar\/wp-content\/uploads\/2018\/06\/PDF-JPG-150x150.jpg 150w, https:\/\/hcd.malargue.gov.ar\/wp-content\/uploads\/2018\/06\/PDF-JPG.jpg 512w\" sizes=\"auto, (max-width: 110px) 100vw, 110px\" \/><\/a><\/p>\n<p>VISTO: El contenido del Expediente N\u00b0 5.075 HC 041 \u2013 2.022. Bloque Frente Cambia Mendoza. Proyecto de Declaraci\u00f3n: Declarar de Inter\u00e9s Departamental, Deportivo y de Salud la Campa\u00f1a \u201cPrende tu vida, no la apagues 12 horas de Concientizaci\u00f3n contra el Suicidio\u201d.<\/p>\n<p>Que el suicidio es un problema de salud p\u00fablica importante, pero a menudo descuidado, rodeado de estigmas, mitos y tab\u00faes. Cada caso de suicidio es una tragedia que afecta gravemente no s\u00f3lo a los individuos, sino tambi\u00e9n a las familias y las comunidades. Cada a\u00f1o, m\u00e1s de 700.000 personas se quitan la vida tras numerosos intentos de suicidio, lo que corresponde a una muerte cada 40 segundos a nivel mundial. Desde que la OMS declar\u00f3 al COVID-19 como una pandemia en marzo de 2020, m\u00e1s individuos experimentan p\u00e9rdida, sufrimiento y estr\u00e9s. Centrarse en la prevenci\u00f3n del suicidio es especialmente importante para crear v\u00ednculos sociales, promover la toma de conciencia y ofrecer esperanza.<\/p>\n<p>Y;<\/p>\n<p>CONSIDERANDO: Que en Argentina, los suicidios constituyen un tema de emergencia en materia de salud mental, adem\u00e1s representa la segunda causa de muerte en la franja de 10 a 19 a\u00f1os. En el grupo de 15 a 19 a\u00f1os, la mortalidad es m\u00e1s elevada, alcanzando una tasa de 12,7 suicidios cada 100.000 habitantes, siendo la tasa en los varones 18,2 y en las mujeres 5,9.<\/p>\n<p>Que el suicidio es uno de los padecimientos mentales que afecta a distintas personas de nuestro pa\u00eds, en diferentes franjas etarias, generando un malestar a nivel psicol\u00f3gico, concret\u00e1ndose en conductas autolesivas, intentos de suicidios y parasuicidios, que atenta contra la vida de quien lo padece y su entorno social.<\/p>\n<p>Que en nuestro pa\u00eds se sanciona en el a\u00f1o 2015, la Ley N\u00ba 27.130 \u201cLey Nacional de Prevenci\u00f3n del Suicidio\u201d, en su Art. N\u00ba 3 menciona que tiene por objeto la disminuci\u00f3n de la incidencia y prevalencia del suicidio, a trav\u00e9s de la prevenci\u00f3n, asistencia y posvenci\u00f3n.<\/p>\n<p>Que la Provincia de Mendoza, no se encuentra adherida a la Ley N\u00ba 27.130 \u201cLey Nacional de Prevenci\u00f3n del Suicidio\u201d, siendo una tem\u00e1tica de importancia para el \u00e1rea de Salud Mental a nivel departamental y provincial.<\/p>\n<p>Que este tema debe ser exclusivo tanto el trabajo de prevenci\u00f3n como el posterior en el caso de intentos fallidos, y no solo a la persona afectada sino a su entorno familiar y amistoso.<\/p>\n<p>Que siendo una cuesti\u00f3n social le cabe por tanto responsabilidad al estado como a los ciudadanos.<\/p>\n<p>Que aunque el suicidio se puede dar en cualquier etapa de la vida, es m\u00e1s com\u00fan en la etapa de la adolescencia, por ello el enfoque debe ser exclusivo en ni\u00f1os y adolescentes.<\/p>\n<p>Que se propicie el armado de redes de trabajo y de mesas intersectoriales entre organismos del Estado, Provincia y municipios del departamento. A fin de brindar, instancias de capacitaci\u00f3n de los recursos humanos en salud y educaci\u00f3n y de miembros de la comunidad para la detecci\u00f3n de las personas en situaci\u00f3n de riesgo a trav\u00e9s de una formaci\u00f3n sistem\u00e1tica y permanente.<\/p>\n<p>Que se establezca de manera articulada y consensuada rutas o protocolos sectoriales e institucionales con todos los sistemas de salud, educaci\u00f3n, fuerzas de seguridad, servicio coordinado de emergencia y los actores que intervienen en casos de suicidio (consumado o en tentativa), con el objeto de propender a la mejor atenci\u00f3n de las personas afectadas y sus familias; as\u00ed como gu\u00edas de sistematizaci\u00f3n de programas e intervenciones que permitan su monitoreo y evaluaci\u00f3n.<\/p>\n<p>Que se cree un sistema de registro que contenga informaci\u00f3n estad\u00edstica de los intentos de suicidios, suicidios cometidos, causa de los decesos, edad, sexo, evoluci\u00f3n mensual, modalidad utilizada y todo otro dato de inter\u00e9s a los fines del mejoramiento de la informaci\u00f3n estad\u00edstica, la que ser\u00e1 proporcionada por los sectores dedicados a la problem\u00e1tica del suicidio, p\u00fablicos y privados del Departamento.<\/p>\n<p>Que se desarrollen campa\u00f1as de concientizaci\u00f3n sobre factores de riesgo y de factores de protecci\u00f3n a trav\u00e9s de los medios masivos de comunicaci\u00f3n y otros alternativos, seg\u00fan lo establecido en el Art. N\u00ba 7, Ley Nacional N\u00ba 27.130.<\/p>\n<p>Que la posvenci\u00f3n son aquellas l\u00edneas de acciones e intervenciones posteriores a un evento autodestructivo destinadas a trabajar con las personas, familia o instituciones vinculadas a la persona que se quit\u00f3 la vida.<\/p>\n<p>Que los efectores de salud provincial y departamental deben ofrecer para la atenci\u00f3n del paciente con intento de suicidio un equipo interdisciplinario conformado en los t\u00e9rminos de la Ley N\u00b0 26.657 de Salud Mental, asegurando el acompa\u00f1amiento del paciente durante todas las etapas del proceso de tratamiento, rehabilitaci\u00f3n y reinserci\u00f3n social y promoviendo la integraci\u00f3n de los equipos de asistencia con miembros de la familia y la comunidad de pertenencia, por el plazo que aconseje el equipo asistencial especializado.<\/p>\n<p>Que en la Honorable C\u00e1mara de Senadores de la Provincia de Mendoza, se encuentra el Expte. N\u00b0 0000074777 \u201cProyecto de Ley, Creando el Programa Integral de Prevenci\u00f3n y Atenci\u00f3n Al Suicidio (PIPAS)\u201d, con media sanci\u00f3n por parte de la C\u00e1mara de Senadores, desde 2021.<\/p>\n<p>Que la tem\u00e1tica en relaci\u00f3n al suicidio, cuenta con una Ordenanza N\u00ba 2.012\/2.019 del Honorable Concejo Deliberante de Malarg\u00fce, Proyecto \u201cPrograma de Prevenci\u00f3n, Contenci\u00f3n y Posvenci\u00f3n del Suicidio\u201d que considera dicha problem\u00e1tica, como una instancia preocupante en nuestro departamento, debido al aumento de casos en j\u00f3venes y adolescentes de la Ciudad.<\/p>\n<p>EL HONORABLE CONCEJO DELIBERANTE DE LA MUNICIPALIDAD DE MALARG\u00dcE EN USO DE LAS FACULTADES QUE LE SON PROPIAS<\/p>\n<p>DECLARA<\/p>\n<p>ART\u00cdCULO 1\u00b0: Declarar de Inter\u00e9s Departamental Deportivo y de Salud la Campa\u00f1a \u201cPrende tu vida, no la apagues, 12 horas de Concientizaci\u00f3n contra el Suicidio\u201d.<\/p>\n<p>ART\u00cdCULO 2\u00b0: Incluir la misma en el Calendario Deportivo Municipal y \u00c1rea de Salud Mental del Hospital Regional Malarg\u00fce.<\/p>\n<p>ART\u00cdCULO 3\u00b0: Generar instancias de capacitaci\u00f3n de los Recursos Humanos en Salud, Educaci\u00f3n y miembros de la comunidad para la detecci\u00f3n de las personas en situaci\u00f3n de riesgo a trav\u00e9s de una formaci\u00f3n sistem\u00e1tica y permanente, dirigidas a las distintas Instituciones, Organizaciones, Asociaciones y\/o Uniones Vecinales involucradas en la tem\u00e1tica.<\/p>\n<p>ART\u00cdCULO 4\u00b0: Crear protocolos sectoriales e institucionales con todos los Sistemas de Salud, Educaci\u00f3n, Fuerzas de Seguridad, Servicio Coordinado de Emergencia y los actores que intervienen en casos de suicidio (consumado o en tentativa) del Departamento, con el objeto de propender a la mejor atenci\u00f3n de las personas afectadas y sus familias.<\/p>\n<p>ART\u00cdCULO 5\u00b0: Enviar copia de la siguiente pieza legal a:<\/p>\n<ul>\n<li>Legisladores Provinciales por el Cuarto Distrito.<\/li>\n<li>Hospital Regional Malarg\u00fce.<\/li>\n<li>\u00c1rea Sanitaria Malarg\u00fce.<\/li>\n<li>S.E.P \u2013 Delegaci\u00f3n Malarg\u00fce.<\/li>\n<li>Centro M\u00e9dico PIUK\u00c9.<\/li>\n<li>Malarg\u00fce Running.<\/li>\n<\/ul>\n<p>ART\u00cdCULO 6\u00ba: Comun\u00edquese, reg\u00edstrese, agr\u00e9guese copia de la presente en las actuaciones correspondientes y arch\u00edvese.<\/p>\n<p>DADA EN LA SALA DE SESIONES DR. RICARDO BALBIN DEL HONORABLE CONCEJO DELIBERANTE DE LA MUNICIPALIDAD DE MALARG\u00dcE A VEINTIOCHO DIAS DE ABRIL DE DOS MIL VEINTIDOS<\/p>\n","protected":false},"excerpt":{"rendered":"<p>AUTORA: CONCEJAL PAOLA ROJO BLOQUE FRENTE CAMBIA MENDOZA VISTO: El contenido del Expediente N\u00b0 5.075 HC 041 \u2013 2.022. Bloque Frente Cambia Mendoza. Proyecto de Declaraci\u00f3n: Declarar de Inter\u00e9s Departamental, Deportivo y de Salud la Campa\u00f1a \u201cPrende tu vida, no la apagues 12 horas de Concientizaci\u00f3n contra el Suicidio\u201d. Que el suicidio es un problema [&hellip;]<\/p>\n","protected":false},"author":5,"featured_media":28096,"comment_status":"closed","ping_status":"closed","sticky":false,"template":"","format":"standard","meta":{"footnotes":""},"categories":[46,52,29,33],"tags":[],"class_list":["post-28095","post","type-post","status-publish","format-standard","has-post-thumbnail","hentry","category-declaraciones","category-gacetillas","category-lesgilacion","category-prensa"],"yoast_head":"<!-- This site is optimized with the Yoast SEO plugin v19.10 - https:\/\/yoast.com\/wordpress\/plugins\/seo\/ -->\n<title>DECLARACI\u00d3N N\u00b0 293\/2.022 - Malarg\u00fce HCD<\/title>\n<meta name=\"robots\" content=\"index, follow, max-snippet:-1, max-image-preview:large, max-video-preview:-1\" \/>\n<link rel=\"canonical\" href=\"https:\/\/hcd.malargue.gov.ar\/?p=28095\" \/>\n<meta property=\"og:locale\" content=\"es_ES\" \/>\n<meta property=\"og:type\" content=\"article\" \/>\n<meta property=\"og:title\" content=\"DECLARACI\u00d3N N\u00b0 293\/2.022 - Malarg\u00fce HCD\" \/>\n<meta property=\"og:description\" content=\"AUTORA: CONCEJAL PAOLA ROJO BLOQUE FRENTE CAMBIA MENDOZA VISTO: El contenido del Expediente N\u00b0 5.075 HC 041 \u2013 2.022. Bloque Frente Cambia Mendoza. Proyecto de Declaraci\u00f3n: Declarar de Inter\u00e9s Departamental, Deportivo y de Salud la Campa\u00f1a \u201cPrende tu vida, no la apagues 12 horas de Concientizaci\u00f3n contra el Suicidio\u201d. Que el suicidio es un problema [&hellip;]\" \/>\n<meta property=\"og:url\" content=\"https:\/\/hcd.malargue.gov.ar\/?p=28095\" \/>\n<meta property=\"og:site_name\" content=\"Malarg\u00fce HCD\" \/>\n<meta property=\"article:published_time\" content=\"2022-05-09T12:31:15+00:00\" \/>\n<meta property=\"og:image\" content=\"https:\/\/hcd.malargue.gov.ar\/wp-content\/uploads\/2022\/05\/decla-293-2022.jpg\" \/>\n\t<meta property=\"og:image:width\" content=\"940\" \/>\n\t<meta property=\"og:image:height\" content=\"788\" \/>\n\t<meta property=\"og:image:type\" content=\"image\/jpeg\" \/>\n<meta name=\"author\" content=\"Belen Pedernera Ferragut\" \/>\n<meta name=\"twitter:card\" content=\"summary_large_image\" \/>\n<meta name=\"twitter:label1\" content=\"Escrito por\" \/>\n\t<meta name=\"twitter:data1\" content=\"Belen Pedernera Ferragut\" \/>\n\t<meta name=\"twitter:label2\" content=\"Tiempo de lectura\" \/>\n\t<meta name=\"twitter:data2\" content=\"6 minutos\" \/>\n<script type=\"application\/ld+json\" class=\"yoast-schema-graph\">{\"@context\":\"https:\/\/schema.org\",\"@graph\":[{\"@type\":\"WebPage\",\"@id\":\"https:\/\/hcd.malargue.gov.ar\/?p=28095\",\"url\":\"https:\/\/hcd.malargue.gov.ar\/?p=28095\",\"name\":\"DECLARACI\u00d3N N\u00b0 293\/2.022 - Malarg\u00fce HCD\",\"isPartOf\":{\"@id\":\"https:\/\/hcd.malargue.gov.ar\/#website\"},\"datePublished\":\"2022-05-09T12:31:15+00:00\",\"dateModified\":\"2022-05-09T12:31:15+00:00\",\"author\":{\"@id\":\"https:\/\/hcd.malargue.gov.ar\/#\/schema\/person\/3fd6bbab64edd703961b795156c955d0\"},\"breadcrumb\":{\"@id\":\"https:\/\/hcd.malargue.gov.ar\/?p=28095#breadcrumb\"},\"inLanguage\":\"es-AR\",\"potentialAction\":[{\"@type\":\"ReadAction\",\"target\":[\"https:\/\/hcd.malargue.gov.ar\/?p=28095\"]}]},{\"@type\":\"BreadcrumbList\",\"@id\":\"https:\/\/hcd.malargue.gov.ar\/?p=28095#breadcrumb\",\"itemListElement\":[{\"@type\":\"ListItem\",\"position\":1,\"name\":\"Inicio\",\"item\":\"https:\/\/hcd.malargue.gov.ar\/\"},{\"@type\":\"ListItem\",\"position\":2,\"name\":\"DECLARACI\u00d3N N\u00b0 293\/2.022\"}]},{\"@type\":\"WebSite\",\"@id\":\"https:\/\/hcd.malargue.gov.ar\/#website\",\"url\":\"https:\/\/hcd.malargue.gov.ar\/\",\"name\":\"Malarg\u00fce HCD\",\"description\":\"Malarg\u00fce Mendoza Argentina\",\"potentialAction\":[{\"@type\":\"SearchAction\",\"target\":{\"@type\":\"EntryPoint\",\"urlTemplate\":\"https:\/\/hcd.malargue.gov.ar\/?s={search_term_string}\"},\"query-input\":\"required name=search_term_string\"}],\"inLanguage\":\"es-AR\"},{\"@type\":\"Person\",\"@id\":\"https:\/\/hcd.malargue.gov.ar\/#\/schema\/person\/3fd6bbab64edd703961b795156c955d0\",\"name\":\"Belen Pedernera Ferragut\",\"image\":{\"@type\":\"ImageObject\",\"inLanguage\":\"es-AR\",\"@id\":\"https:\/\/hcd.malargue.gov.ar\/#\/schema\/person\/image\/\",\"url\":\"https:\/\/secure.gravatar.com\/avatar\/1054ffab3893de4bb3eb29bdd22f7e34b8537bf5d34d9dab311818154ad5b71f?s=96&d=mm&r=g\",\"contentUrl\":\"https:\/\/secure.gravatar.com\/avatar\/1054ffab3893de4bb3eb29bdd22f7e34b8537bf5d34d9dab311818154ad5b71f?s=96&d=mm&r=g\",\"caption\":\"Belen Pedernera Ferragut\"},\"url\":\"https:\/\/hcd.malargue.gov.ar\/?author=5\"}]}<\/script>\n<!-- \/ Yoast SEO plugin. -->","yoast_head_json":{"title":"DECLARACI\u00d3N N\u00b0 293\/2.022 - Malarg\u00fce HCD","robots":{"index":"index","follow":"follow","max-snippet":"max-snippet:-1","max-image-preview":"max-image-preview:large","max-video-preview":"max-video-preview:-1"},"canonical":"https:\/\/hcd.malargue.gov.ar\/?p=28095","og_locale":"es_ES","og_type":"article","og_title":"DECLARACI\u00d3N N\u00b0 293\/2.022 - Malarg\u00fce HCD","og_description":"AUTORA: CONCEJAL PAOLA ROJO BLOQUE FRENTE CAMBIA MENDOZA VISTO: El contenido del Expediente N\u00b0 5.075 HC 041 \u2013 2.022. Bloque Frente Cambia Mendoza. Proyecto de Declaraci\u00f3n: Declarar de Inter\u00e9s Departamental, Deportivo y de Salud la Campa\u00f1a \u201cPrende tu vida, no la apagues 12 horas de Concientizaci\u00f3n contra el Suicidio\u201d. Que el suicidio es un problema [&hellip;]","og_url":"https:\/\/hcd.malargue.gov.ar\/?p=28095","og_site_name":"Malarg\u00fce HCD","article_published_time":"2022-05-09T12:31:15+00:00","og_image":[{"width":940,"height":788,"url":"https:\/\/hcd.malargue.gov.ar\/wp-content\/uploads\/2022\/05\/decla-293-2022.jpg","type":"image\/jpeg"}],"author":"Belen Pedernera Ferragut","twitter_card":"summary_large_image","twitter_misc":{"Escrito por":"Belen Pedernera Ferragut","Tiempo de lectura":"6 minutos"},"schema":{"@context":"https:\/\/schema.org","@graph":[{"@type":"WebPage","@id":"https:\/\/hcd.malargue.gov.ar\/?p=28095","url":"https:\/\/hcd.malargue.gov.ar\/?p=28095","name":"DECLARACI\u00d3N N\u00b0 293\/2.022 - Malarg\u00fce HCD","isPartOf":{"@id":"https:\/\/hcd.malargue.gov.ar\/#website"},"datePublished":"2022-05-09T12:31:15+00:00","dateModified":"2022-05-09T12:31:15+00:00","author":{"@id":"https:\/\/hcd.malargue.gov.ar\/#\/schema\/person\/3fd6bbab64edd703961b795156c955d0"},"breadcrumb":{"@id":"https:\/\/hcd.malargue.gov.ar\/?p=28095#breadcrumb"},"inLanguage":"es-AR","potentialAction":[{"@type":"ReadAction","target":["https:\/\/hcd.malargue.gov.ar\/?p=28095"]}]},{"@type":"BreadcrumbList","@id":"https:\/\/hcd.malargue.gov.ar\/?p=28095#breadcrumb","itemListElement":[{"@type":"ListItem","position":1,"name":"Inicio","item":"https:\/\/hcd.malargue.gov.ar\/"},{"@type":"ListItem","position":2,"name":"DECLARACI\u00d3N N\u00b0 293\/2.022"}]},{"@type":"WebSite","@id":"https:\/\/hcd.malargue.gov.ar\/#website","url":"https:\/\/hcd.malargue.gov.ar\/","name":"Malarg\u00fce HCD","description":"Malarg\u00fce Mendoza Argentina","potentialAction":[{"@type":"SearchAction","target":{"@type":"EntryPoint","urlTemplate":"https:\/\/hcd.malargue.gov.ar\/?s={search_term_string}"},"query-input":"required name=search_term_string"}],"inLanguage":"es-AR"},{"@type":"Person","@id":"https:\/\/hcd.malargue.gov.ar\/#\/schema\/person\/3fd6bbab64edd703961b795156c955d0","name":"Belen Pedernera Ferragut","image":{"@type":"ImageObject","inLanguage":"es-AR","@id":"https:\/\/hcd.malargue.gov.ar\/#\/schema\/person\/image\/","url":"https:\/\/secure.gravatar.com\/avatar\/1054ffab3893de4bb3eb29bdd22f7e34b8537bf5d34d9dab311818154ad5b71f?s=96&d=mm&r=g","contentUrl":"https:\/\/secure.gravatar.com\/avatar\/1054ffab3893de4bb3eb29bdd22f7e34b8537bf5d34d9dab311818154ad5b71f?s=96&d=mm&r=g","caption":"Belen Pedernera Ferragut"},"url":"https:\/\/hcd.malargue.gov.ar\/?author=5"}]}},"_links":{"self":[{"href":"https:\/\/hcd.malargue.gov.ar\/index.php?rest_route=\/wp\/v2\/posts\/28095","targetHints":{"allow":["GET"]}}],"collection":[{"href":"https:\/\/hcd.malargue.gov.ar\/index.php?rest_route=\/wp\/v2\/posts"}],"about":[{"href":"https:\/\/hcd.malargue.gov.ar\/index.php?rest_route=\/wp\/v2\/types\/post"}],"author":[{"embeddable":true,"href":"https:\/\/hcd.malargue.gov.ar\/index.php?rest_route=\/wp\/v2\/users\/5"}],"replies":[{"embeddable":true,"href":"https:\/\/hcd.malargue.gov.ar\/index.php?rest_route=%2Fwp%2Fv2%2Fcomments&post=28095"}],"version-history":[{"count":0,"href":"https:\/\/hcd.malargue.gov.ar\/index.php?rest_route=\/wp\/v2\/posts\/28095\/revisions"}],"wp:featuredmedia":[{"embeddable":true,"href":"https:\/\/hcd.malargue.gov.ar\/index.php?rest_route=\/wp\/v2\/media\/28096"}],"wp:attachment":[{"href":"https:\/\/hcd.malargue.gov.ar\/index.php?rest_route=%2Fwp%2Fv2%2Fmedia&parent=28095"}],"wp:term":[{"taxonomy":"category","embeddable":true,"href":"https:\/\/hcd.malargue.gov.ar\/index.php?rest_route=%2Fwp%2Fv2%2Fcategories&post=28095"},{"taxonomy":"post_tag","embeddable":true,"href":"https:\/\/hcd.malargue.gov.ar\/index.php?rest_route=%2Fwp%2Fv2%2Ftags&post=28095"}],"curies":[{"name":"wp","href":"https:\/\/api.w.org\/{rel}","templated":true}]}}