{"id":28590,"date":"2022-06-01T11:28:21","date_gmt":"2022-06-01T14:28:21","guid":{"rendered":"https:\/\/hcd.malargue.gov.ar\/?p=28590"},"modified":"2022-11-22T10:36:19","modified_gmt":"2022-11-22T13:36:19","slug":"orden-del-dia-11o-sesion-ordinaria-3","status":"publish","type":"post","link":"https:\/\/hcd.malargue.gov.ar\/?p=28590","title":{"rendered":"ORDEN DEL DIA 11 SESION ORDINARIA"},"content":{"rendered":"<h5>D\u00eda \u00a0\u00a0Jueves\u00a0\u00a0 02 de Junio de 2022<\/h5>\n<h5>Hora: 08:50 <a href=\"http:\/\/hcd.malargue.gov.ar\/hcdpdf\/11%20SO%20ORDEN%2002%20de%20Junio%20de%202022.pdf\"><img loading=\"lazy\" decoding=\"async\" class=\"alignright wp-image-7950\" src=\"https:\/\/hcd.malargue.gov.ar\/wp-content\/uploads\/2018\/06\/PDF-JPG-300x300.jpg\" alt=\"\" width=\"119\" height=\"119\" srcset=\"https:\/\/hcd.malargue.gov.ar\/wp-content\/uploads\/2018\/06\/PDF-JPG-300x300.jpg 300w, https:\/\/hcd.malargue.gov.ar\/wp-content\/uploads\/2018\/06\/PDF-JPG-150x150.jpg 150w, https:\/\/hcd.malargue.gov.ar\/wp-content\/uploads\/2018\/06\/PDF-JPG.jpg 512w\" sizes=\"auto, (max-width: 119px) 100vw, 119px\" \/><\/a><\/h5>\n<p>BANCA DEL CIUDADANO:\u00a0 Sra. Daniela ROMERO (Secretaria Gral. SUTE MALARG\u00dcE)<\/p>\n<p>TEMA: \u00a0Proyecto de Ley p\/ sanear y mejorar el funcionamiento de OSEP<\/p>\n<p><strong><em>a) Acto de Izar la Ense\u00f1a Patria a cargo del Sr. \u00a0Concejal Francisco Daniel PARADA \u00a0<\/em><\/strong><\/p>\n<p><strong><em>b) Homenaje de los Se\u00f1ores Concejales.<\/em><\/strong><\/p>\n<p><strong><em>c) Lectura del detalle de la correspondencia recibida y emitida.<\/em><\/strong><\/p>\n<p><strong><em>d) Consideraci\u00f3n de los temas que ser\u00e1n incluidos en el punto Asuntos Varios y puesta a consideraci\u00f3n de mociones de tratamientos sobre tablas de diversos expedientes.<\/em><\/strong><\/p>\n<p><strong><em>e) Proyectos de los Se\u00f1ores Concejales: <\/em><\/strong><\/p>\n<ol>\n<li>Expte. N\u00ba 5.096-HC 042-2022 Proyecto de Ordenanza: Crear en el \u00e1mbito de la Municipalidad de Malarg\u00fce el Programa Anual Colonia de Verano para Adultos Mayores. (BLOQUE CAMBIA MENDOZA) Autora: Concejal Daiana Varas<\/li>\n<li>Expte. N\u00ba 5.097-HC 042-2022 Proyecto de Ordenanza: Adherir el Departamento de Malarg\u00fce a la Ley Provincial N\u00ba9.337 \u201cPrioridad en la Atenci\u00f3n de Adultos Mayores Personas Gestantes y Personas con Movilidad Reducida\u201d (BLOQUE CAMBIA MENDOZA) Autora: Concejal Daiana Varas<\/li>\n<li>Expte. N\u00ba 5.098-HC 042-2022 Proyecto de Resoluci\u00f3n: Solicitar al Departamento Ejecutivo Municipal informe\u00a0 sobre actos administrativos para la adjudicaci\u00f3n de terreno para la construcci\u00f3n de la Escuela Map\u00fa Mahuida de Bardas Blancas.(INTERBLOQUES\u00a0 FRENTE\u00a0 DE TODOS-PARTIDO FEDERAL-FRENTE CAMBIA MENDOZA Y RECONSTRUYENDO MALARG\u00dcE) Autores: Concejales Rodrigo Hidalgo, Andr\u00e9s Risi, Silvia Correa, Francisco Parada,\u00a0 Viviana Mosca, y Silvina Camiolo<\/li>\n<li>Expte. N\u00ba 5.099-HC 042-2.022 Proyecto de Resoluci\u00f3n: Solicitar al Ministerio de Salud de la Provincia de Mendoza, la construcci\u00f3n de un Centro de Salud en el B\u00ba Virgen de los Vientos. (BLOQUE CAMBIA MENDOZA) Autor: Concejal Paola Rojo.<\/li>\n<li>Expte. N\u00ba 5.100-HC 042-2.022 Proyecto de Resoluci\u00f3n: Reconocer a los Equipos de Newcom +50 y +60 del Departamento de Malarg\u00fce, que participaron en 3\u00ba Torneo Nacional en Olavarr\u00eda 2022 Provincia de Buenos Aires. (BLOQUE RECONSTRUYENDO MALARG\u00dcE) Autora: Concejal Silvina Camiolo<\/li>\n<li>Expte. N\u00ba 5.101-HC 042-2022 Proyecto de Declaraci\u00f3n: Declarar de Inter\u00e9s Educativo y Social el Proyecto La Creatividad y el Arte en la Educaci\u00f3n. (BLOQUE FRENTE DE TODOS) Autores Concejales Rodrigo Hidalgo, Andr\u00e9s Risi<\/li>\n<\/ol>\n<p><strong><em>f) Expedientes provenientes del Departamento Ejecutivo <\/em><\/strong><\/p>\n<ol>\n<li>Expte. N\u00ba 1.209\/19 -6 \u201cRecurso Jer\u00e1rquico interpuesto por el Sr. Mart\u00ednez Sebasti\u00e1n.<\/li>\n<li>Expte. N\u00ba 1.997\/2022-0 Secretar\u00eda de Gobierno. Proyecto de Ordenanza Declarar Ciudadano Ilustre al Sr. Ernesto Tito LOWESTEIN<\/li>\n<li>Expte. N\u00ba 1.100\/2022-0 H.C.D Concejal Mart\u00edn Palma Ref. Recuperar terreno ubicado en calle Rodolfo Alonso entre Cte. Rodr\u00edguez y Coscoroba destinado como espacio verde B\u00ba Llancanelo<\/li>\n<\/ol>\n<p><strong><em>g) Despachos de las Comisiones de Trabajo:<\/em><\/strong><\/p>\n<ol>\n<li>Expte. N\u00ba 5.087-HC 041-2022 Proyecto de Resoluci\u00f3n: Reconocer la trayectoria cultural y art\u00edstica del cantautor y compositor Nazareno Montes. (E.H.M.A.S Y C )<\/li>\n<\/ol>\n<p><strong>h<\/strong><strong><em>) Asuntos Varios. &#8211; <\/em><\/strong><\/p>\n<p><strong><em>i) Acto de arriar el Pabell\u00f3n Nacional a cargo del concejal que lo<\/em><\/strong><strong> iz\u00f3. &#8211;<\/strong><strong> \u00a0\u00a0\u00a0\u00a0\u00a0\u00a0\u00a0\u00a0\u00a0\u00a0\u00a0\u00a0\u00a0\u00a0\u00a0\u00a0\u00a0\u00a0\u00a0\u00a0\u00a0\u00a0\u00a0\u00a0\u00a0\u00a0\u00a0 \u00a0\u00a0\u00a0\u00a0\u00a0\u00a0\u00a0\u00a0\u00a0\u00a0\u00a0\u00a0\u00a0\u00a0\u00a0\u00a0\u00a0\u00a0\u00a0\u00a0\u00a0\u00a0\u00a0\u00a0\u00a0\u00a0\u00a0\u00a0\u00a0\u00a0\u00a0\u00a0\u00a0\u00a0\u00a0\u00a0\u00a0\u00a0\u00a0\u00a0\u00a0\u00a0\u00a0\u00a0\u00a0\u00a0\u00a0 <\/strong><\/p>\n<p><strong>\u00a0\u00a0\u00a0\u00a0\u00a0\u00a0\u00a0\u00a0\u00a0\u00a0\u00a0\u00a0\u00a0\u00a0\u00a0\u00a0\u00a0\u00a0\u00a0\u00a0\u00a0\u00a0\u00a0\u00a0\u00a0\u00a0\u00a0\u00a0\u00a0\u00a0\u00a0\u00a0\u00a0\u00a0\u00a0\u00a0\u00a0\u00a0\u00a0\u00a0\u00a0\u00a0\u00a0\u00a0\u00a0\u00a0\u00a0\u00a0\u00a0\u00a0\u00a0\u00a0\u00a0\u00a0\u00a0\u00a0\u00a0\u00a0\u00a0\u00a0\u00a0\u00a0\u00a0\u00a0\u00a0\u00a0\u00a0\u00a0\u00a0\u00a0\u00a0\u00a0\u00a0\u00a0\u00a0\u00a0\u00a0\u00a0\u00a0\u00a0\u00a0\u00a0\u00a0\u00a0\u00a0\u00a0\u00a0\u00a0\u00a0 Presidencia H.C.D 31 \u00a0de Mayo \u00a0\u00a0de 2022.-<\/strong><\/p>\n<p><strong>CORRESPONDENCIA\u00a0 RECIBIDA PARA LA SESI\u00d3N<\/strong><\/p>\n<p><strong>\u00a0del d\u00eda Jueves 02 de Junio de 2.022<\/strong><\/p>\n<p><strong>NOTAS INGRESADAS<\/strong><\/p>\n<ol>\n<li>Honorable C\u00e1mara de Senadores, Senadora Natalia Eisenchlas, env\u00eda Resoluci\u00f3n N\u00ba 038\/2.022\u00a0 Declarar de Inter\u00e9s el curso \u201cMicrolearning o micro aprendizaje como propuesta did\u00e1ctica\u201d por su aporte social y tecnol\u00f3gico. (autor\u00eda de la Senadora Jesica Laferte)<\/li>\n<li>Departamento Ejecutivo eleva de Decreto Municipal Marzo 2.022.<\/li>\n<li>Esteban Bravo, solicita tener una reuni\u00f3n con la Comisi\u00f3n de Obras P\u00fablicas, Turismo y Recursos Naturales, problem\u00e1tica servicio el\u00e9ctrico Barrio Pehuenche.<\/li>\n<li>Franco Letelier, en representaci\u00f3n de adjudicatarios de pr\u00e9stamos UVA, informa problem\u00e1tica que tienen con el Ente que otorga los mismos por el incremento de cuotas que vienen sufriendo en el \u00faltimo a\u00f1o.<\/li>\n<li>Patricia Espinoza, solicita ser recibida por la Comisi\u00f3n Hacienda, Presupuesto, Legislaci\u00f3n y Asuntos Constitucionales, para exponer situaci\u00f3n importante en campos Ca\u00f1ada Colorada.<\/li>\n<li>Cabrera Pablo, Coordinador Centro de Fronteras Pehuenche, con el fin de informar falta de combustible en grupos generadores del Paraje Las Loicas.<\/li>\n<li>C\u00e1mara de Comercio, reitera inter\u00e9s en participar en las reuniones de la Comisiones HPLAC para estar al tanto del tema: Tarifarias.<\/li>\n<li>Roque Alberto V\u00e1zquez, Jefe del Aeropuerto Argentina 2.000 Malarg\u00fce, Administraci\u00f3n Nacional Aviaci\u00f3n civil, env\u00eda respuesta a nota fechada del d\u00eda 26 de mayo de 2022, relacionada con Resoluci\u00f3n 124\/2022.<\/li>\n<\/ol>\n<p><strong>NOTAS ENVIADAS<\/strong><\/p>\n<ol>\n<li>A la Sra. Daniela Romero, Secretaria General SUTE Malarg\u00fce, a efectos de informarle que podr\u00e1 hacer uso de la Banca del Ciudadano para la Sesi\u00f3n del d\u00eda 02 de Junio del corriente a\u00f1o.<\/li>\n<li>Al Sr. Roque Alberto V\u00e1zquez, Jefe del Aeropuerto Argentina 2.000 Malarg\u00fce, A los legisladores del cuarto distrito electoral, a efectos de remitir copia Resoluci\u00f3n N\u00ba 124\/2.022.<\/li>\n<li>A los legisladores del cuarto distrito electoral, Secretario de Transporte Gobierno de la Provincia a efecto de remitirles copia de la Resoluci\u00f3n N\u00ba 126\/2.022.<\/li>\n<li>Sr. Leandro J. D\u00edaz, Secretario General de ATE, a efectos de informar fecha para reuni\u00f3n con ediles del Cuerpo.<\/li>\n<\/ol>\n","protected":false},"excerpt":{"rendered":"<p>D\u00eda \u00a0\u00a0Jueves\u00a0\u00a0 02 de Junio de 2022 Hora: 08:50 BANCA DEL CIUDADANO:\u00a0 Sra. Daniela ROMERO (Secretaria Gral. SUTE MALARG\u00dcE) TEMA: \u00a0Proyecto de Ley p\/ sanear y mejorar el funcionamiento de OSEP a) Acto de Izar la Ense\u00f1a Patria a cargo del Sr. \u00a0Concejal Francisco Daniel PARADA \u00a0 b) Homenaje de los Se\u00f1ores Concejales. c) Lectura [&hellip;]<\/p>\n","protected":false},"author":5,"featured_media":28036,"comment_status":"closed","ping_status":"closed","sticky":false,"template":"","format":"standard","meta":{"footnotes":""},"categories":[52,58,33,36],"tags":[],"class_list":["post-28590","post","type-post","status-publish","format-standard","has-post-thumbnail","hentry","category-gacetillas","category-ordinarias","category-prensa","category-sesiones"],"yoast_head":"<!-- This site is optimized with the Yoast SEO plugin v19.10 - https:\/\/yoast.com\/wordpress\/plugins\/seo\/ -->\n<title>ORDEN DEL DIA 11 SESION ORDINARIA - Malarg\u00fce HCD<\/title>\n<meta name=\"robots\" content=\"index, follow, max-snippet:-1, max-image-preview:large, max-video-preview:-1\" \/>\n<link rel=\"canonical\" href=\"https:\/\/hcd.malargue.gov.ar\/?p=28590\" \/>\n<meta property=\"og:locale\" content=\"es_ES\" \/>\n<meta property=\"og:type\" content=\"article\" \/>\n<meta property=\"og:title\" content=\"ORDEN DEL DIA 11 SESION ORDINARIA - Malarg\u00fce HCD\" \/>\n<meta property=\"og:description\" content=\"D\u00eda \u00a0\u00a0Jueves\u00a0\u00a0 02 de Junio de 2022 Hora: 08:50 BANCA DEL CIUDADANO:\u00a0 Sra. Daniela ROMERO (Secretaria Gral. SUTE MALARG\u00dcE) TEMA: \u00a0Proyecto de Ley p\/ sanear y mejorar el funcionamiento de OSEP a) Acto de Izar la Ense\u00f1a Patria a cargo del Sr. \u00a0Concejal Francisco Daniel PARADA \u00a0 b) Homenaje de los Se\u00f1ores Concejales. c) Lectura [&hellip;]\" \/>\n<meta property=\"og:url\" content=\"https:\/\/hcd.malargue.gov.ar\/?p=28590\" \/>\n<meta property=\"og:site_name\" content=\"Malarg\u00fce HCD\" \/>\n<meta property=\"article:published_time\" content=\"2022-06-01T14:28:21+00:00\" \/>\n<meta property=\"article:modified_time\" content=\"2022-11-22T13:36:19+00:00\" \/>\n<meta property=\"og:image\" content=\"https:\/\/hcd.malargue.gov.ar\/wp-content\/uploads\/2022\/05\/IMGP2574-scaled.jpg\" \/>\n\t<meta property=\"og:image:width\" content=\"2560\" \/>\n\t<meta property=\"og:image:height\" content=\"1700\" \/>\n\t<meta property=\"og:image:type\" content=\"image\/jpeg\" \/>\n<meta name=\"author\" content=\"Belen Pedernera Ferragut\" \/>\n<meta name=\"twitter:card\" content=\"summary_large_image\" \/>\n<meta name=\"twitter:label1\" content=\"Escrito por\" \/>\n\t<meta name=\"twitter:data1\" content=\"Belen Pedernera Ferragut\" \/>\n\t<meta name=\"twitter:label2\" content=\"Tiempo de lectura\" \/>\n\t<meta name=\"twitter:data2\" content=\"4 minutos\" \/>\n<script type=\"application\/ld+json\" class=\"yoast-schema-graph\">{\"@context\":\"https:\/\/schema.org\",\"@graph\":[{\"@type\":\"WebPage\",\"@id\":\"https:\/\/hcd.malargue.gov.ar\/?p=28590\",\"url\":\"https:\/\/hcd.malargue.gov.ar\/?p=28590\",\"name\":\"ORDEN DEL DIA 11 SESION ORDINARIA - Malarg\u00fce HCD\",\"isPartOf\":{\"@id\":\"https:\/\/hcd.malargue.gov.ar\/#website\"},\"datePublished\":\"2022-06-01T14:28:21+00:00\",\"dateModified\":\"2022-11-22T13:36:19+00:00\",\"author\":{\"@id\":\"https:\/\/hcd.malargue.gov.ar\/#\/schema\/person\/3fd6bbab64edd703961b795156c955d0\"},\"breadcrumb\":{\"@id\":\"https:\/\/hcd.malargue.gov.ar\/?p=28590#breadcrumb\"},\"inLanguage\":\"es-AR\",\"potentialAction\":[{\"@type\":\"ReadAction\",\"target\":[\"https:\/\/hcd.malargue.gov.ar\/?p=28590\"]}]},{\"@type\":\"BreadcrumbList\",\"@id\":\"https:\/\/hcd.malargue.gov.ar\/?p=28590#breadcrumb\",\"itemListElement\":[{\"@type\":\"ListItem\",\"position\":1,\"name\":\"Inicio\",\"item\":\"https:\/\/hcd.malargue.gov.ar\/\"},{\"@type\":\"ListItem\",\"position\":2,\"name\":\"ORDEN DEL DIA 11\u00ba SESION ORDINARIA\"}]},{\"@type\":\"WebSite\",\"@id\":\"https:\/\/hcd.malargue.gov.ar\/#website\",\"url\":\"https:\/\/hcd.malargue.gov.ar\/\",\"name\":\"Malarg\u00fce HCD\",\"description\":\"Malarg\u00fce Mendoza Argentina\",\"potentialAction\":[{\"@type\":\"SearchAction\",\"target\":{\"@type\":\"EntryPoint\",\"urlTemplate\":\"https:\/\/hcd.malargue.gov.ar\/?s={search_term_string}\"},\"query-input\":\"required name=search_term_string\"}],\"inLanguage\":\"es-AR\"},{\"@type\":\"Person\",\"@id\":\"https:\/\/hcd.malargue.gov.ar\/#\/schema\/person\/3fd6bbab64edd703961b795156c955d0\",\"name\":\"Belen Pedernera Ferragut\",\"image\":{\"@type\":\"ImageObject\",\"inLanguage\":\"es-AR\",\"@id\":\"https:\/\/hcd.malargue.gov.ar\/#\/schema\/person\/image\/\",\"url\":\"https:\/\/secure.gravatar.com\/avatar\/1054ffab3893de4bb3eb29bdd22f7e34b8537bf5d34d9dab311818154ad5b71f?s=96&d=mm&r=g\",\"contentUrl\":\"https:\/\/secure.gravatar.com\/avatar\/1054ffab3893de4bb3eb29bdd22f7e34b8537bf5d34d9dab311818154ad5b71f?s=96&d=mm&r=g\",\"caption\":\"Belen Pedernera Ferragut\"},\"url\":\"https:\/\/hcd.malargue.gov.ar\/?author=5\"}]}<\/script>\n<!-- \/ Yoast SEO plugin. -->","yoast_head_json":{"title":"ORDEN DEL DIA 11 SESION ORDINARIA - Malarg\u00fce HCD","robots":{"index":"index","follow":"follow","max-snippet":"max-snippet:-1","max-image-preview":"max-image-preview:large","max-video-preview":"max-video-preview:-1"},"canonical":"https:\/\/hcd.malargue.gov.ar\/?p=28590","og_locale":"es_ES","og_type":"article","og_title":"ORDEN DEL DIA 11 SESION ORDINARIA - Malarg\u00fce HCD","og_description":"D\u00eda \u00a0\u00a0Jueves\u00a0\u00a0 02 de Junio de 2022 Hora: 08:50 BANCA DEL CIUDADANO:\u00a0 Sra. Daniela ROMERO (Secretaria Gral. SUTE MALARG\u00dcE) TEMA: \u00a0Proyecto de Ley p\/ sanear y mejorar el funcionamiento de OSEP a) Acto de Izar la Ense\u00f1a Patria a cargo del Sr. \u00a0Concejal Francisco Daniel PARADA \u00a0 b) Homenaje de los Se\u00f1ores Concejales. c) Lectura [&hellip;]","og_url":"https:\/\/hcd.malargue.gov.ar\/?p=28590","og_site_name":"Malarg\u00fce HCD","article_published_time":"2022-06-01T14:28:21+00:00","article_modified_time":"2022-11-22T13:36:19+00:00","og_image":[{"width":2560,"height":1700,"url":"https:\/\/hcd.malargue.gov.ar\/wp-content\/uploads\/2022\/05\/IMGP2574-scaled.jpg","type":"image\/jpeg"}],"author":"Belen Pedernera Ferragut","twitter_card":"summary_large_image","twitter_misc":{"Escrito por":"Belen Pedernera Ferragut","Tiempo de lectura":"4 minutos"},"schema":{"@context":"https:\/\/schema.org","@graph":[{"@type":"WebPage","@id":"https:\/\/hcd.malargue.gov.ar\/?p=28590","url":"https:\/\/hcd.malargue.gov.ar\/?p=28590","name":"ORDEN DEL DIA 11 SESION ORDINARIA - Malarg\u00fce HCD","isPartOf":{"@id":"https:\/\/hcd.malargue.gov.ar\/#website"},"datePublished":"2022-06-01T14:28:21+00:00","dateModified":"2022-11-22T13:36:19+00:00","author":{"@id":"https:\/\/hcd.malargue.gov.ar\/#\/schema\/person\/3fd6bbab64edd703961b795156c955d0"},"breadcrumb":{"@id":"https:\/\/hcd.malargue.gov.ar\/?p=28590#breadcrumb"},"inLanguage":"es-AR","potentialAction":[{"@type":"ReadAction","target":["https:\/\/hcd.malargue.gov.ar\/?p=28590"]}]},{"@type":"BreadcrumbList","@id":"https:\/\/hcd.malargue.gov.ar\/?p=28590#breadcrumb","itemListElement":[{"@type":"ListItem","position":1,"name":"Inicio","item":"https:\/\/hcd.malargue.gov.ar\/"},{"@type":"ListItem","position":2,"name":"ORDEN DEL DIA 11\u00ba SESION ORDINARIA"}]},{"@type":"WebSite","@id":"https:\/\/hcd.malargue.gov.ar\/#website","url":"https:\/\/hcd.malargue.gov.ar\/","name":"Malarg\u00fce HCD","description":"Malarg\u00fce Mendoza Argentina","potentialAction":[{"@type":"SearchAction","target":{"@type":"EntryPoint","urlTemplate":"https:\/\/hcd.malargue.gov.ar\/?s={search_term_string}"},"query-input":"required name=search_term_string"}],"inLanguage":"es-AR"},{"@type":"Person","@id":"https:\/\/hcd.malargue.gov.ar\/#\/schema\/person\/3fd6bbab64edd703961b795156c955d0","name":"Belen Pedernera Ferragut","image":{"@type":"ImageObject","inLanguage":"es-AR","@id":"https:\/\/hcd.malargue.gov.ar\/#\/schema\/person\/image\/","url":"https:\/\/secure.gravatar.com\/avatar\/1054ffab3893de4bb3eb29bdd22f7e34b8537bf5d34d9dab311818154ad5b71f?s=96&d=mm&r=g","contentUrl":"https:\/\/secure.gravatar.com\/avatar\/1054ffab3893de4bb3eb29bdd22f7e34b8537bf5d34d9dab311818154ad5b71f?s=96&d=mm&r=g","caption":"Belen Pedernera Ferragut"},"url":"https:\/\/hcd.malargue.gov.ar\/?author=5"}]}},"_links":{"self":[{"href":"https:\/\/hcd.malargue.gov.ar\/index.php?rest_route=\/wp\/v2\/posts\/28590","targetHints":{"allow":["GET"]}}],"collection":[{"href":"https:\/\/hcd.malargue.gov.ar\/index.php?rest_route=\/wp\/v2\/posts"}],"about":[{"href":"https:\/\/hcd.malargue.gov.ar\/index.php?rest_route=\/wp\/v2\/types\/post"}],"author":[{"embeddable":true,"href":"https:\/\/hcd.malargue.gov.ar\/index.php?rest_route=\/wp\/v2\/users\/5"}],"replies":[{"embeddable":true,"href":"https:\/\/hcd.malargue.gov.ar\/index.php?rest_route=%2Fwp%2Fv2%2Fcomments&post=28590"}],"version-history":[{"count":1,"href":"https:\/\/hcd.malargue.gov.ar\/index.php?rest_route=\/wp\/v2\/posts\/28590\/revisions"}],"predecessor-version":[{"id":32443,"href":"https:\/\/hcd.malargue.gov.ar\/index.php?rest_route=\/wp\/v2\/posts\/28590\/revisions\/32443"}],"wp:featuredmedia":[{"embeddable":true,"href":"https:\/\/hcd.malargue.gov.ar\/index.php?rest_route=\/wp\/v2\/media\/28036"}],"wp:attachment":[{"href":"https:\/\/hcd.malargue.gov.ar\/index.php?rest_route=%2Fwp%2Fv2%2Fmedia&parent=28590"}],"wp:term":[{"taxonomy":"category","embeddable":true,"href":"https:\/\/hcd.malargue.gov.ar\/index.php?rest_route=%2Fwp%2Fv2%2Fcategories&post=28590"},{"taxonomy":"post_tag","embeddable":true,"href":"https:\/\/hcd.malargue.gov.ar\/index.php?rest_route=%2Fwp%2Fv2%2Ftags&post=28590"}],"curies":[{"name":"wp","href":"https:\/\/api.w.org\/{rel}","templated":true}]}}