{"id":28823,"date":"2022-06-15T12:28:46","date_gmt":"2022-06-15T15:28:46","guid":{"rendered":"https:\/\/hcd.malargue.gov.ar\/?p=28823"},"modified":"2023-03-21T12:19:22","modified_gmt":"2023-03-21T15:19:22","slug":"orden-del-dia-13o-sesion-ordinaria-3","status":"publish","type":"post","link":"https:\/\/hcd.malargue.gov.ar\/?p=28823","title":{"rendered":"ORDEN DEL DIA 13 SESION ORDINARIA"},"content":{"rendered":"<h5>D\u00eda &nbsp;&nbsp;Jueves&nbsp; 16 de Junio de 2022<\/h5>\n<h5>Hora: 08:50 <a href=\"http:\/\/hcd.malargue.gov.ar\/hcdpdf\/13%20ORDEN%2016%20de%20Junio%20de%202022.pdf\"><img loading=\"lazy\" decoding=\"async\" class=\"alignright wp-image-7950\" src=\"https:\/\/hcd.malargue.gov.ar\/wp-content\/uploads\/2018\/06\/PDF-JPG-300x300.jpg\" alt=\"\" width=\"82\" height=\"82\" srcset=\"https:\/\/hcd.malargue.gov.ar\/wp-content\/uploads\/2018\/06\/PDF-JPG-300x300.jpg 300w, https:\/\/hcd.malargue.gov.ar\/wp-content\/uploads\/2018\/06\/PDF-JPG-150x150.jpg 150w, https:\/\/hcd.malargue.gov.ar\/wp-content\/uploads\/2018\/06\/PDF-JPG.jpg 512w\" sizes=\"auto, (max-width: 82px) 100vw, 82px\" \/><\/a><\/h5>\n<p>BANCA DEL CIUDADANO:&nbsp; Sra. Noelia Bel\u00e9n REVECO Presidente AVECOBAM MALARG\u00dcE<\/p>\n<p>TEMA: &nbsp;Fondos que se destinan al \u00c1rea de Zoonosis de la Municipalidad de Malarg\u00fce (Problem\u00e1tica sobrepoblaci\u00f3n animales dom\u00e9sticos)<\/p>\n<p><strong><em>a) Acto de Izar la Ense\u00f1a Patria a cargo del Sr. &nbsp;Concejal Gabriel Eduardo ROSAS <\/em><\/strong><\/p>\n<p><strong><em>b) Homenaje de los Se\u00f1ores Concejales.<\/em><\/strong><\/p>\n<p><strong><em>c) Consideraci\u00f3n Acta Sesi\u00f3n Ordinaria N\u00b01095-\u201cO\u201d-2022 <\/em><\/strong><\/p>\n<p><strong><em>d) Lectura del detalle de la correspondencia recibida y emitida.<\/em><\/strong><\/p>\n<p><strong><em>e) Consideraci\u00f3n de los temas que ser\u00e1n incluidos en el punto Asuntos Varios y puesta a consideraci\u00f3n de mociones de tratamientos sobre tablas de diversos expedientes.<\/em><\/strong><\/p>\n<p><strong><em>f) Proyectos de los Se\u00f1ores Concejales: <\/em><\/strong><\/p>\n<ol>\n<li>Expte. N\u00ba 5.112-HC 043-2022 Proyecto de Resoluci\u00f3n: Solicitar al Departamento Ejecutivo Municipal informe a este H.C.D. la condici\u00f3n actual ,en que se encuentran las instalaciones y el funcionamiento del Complejo Planetario Malarg\u00fce. (BLOQUE RECONSTRUYENDO MALARG\u00dcE) Autora: Concejal Silvina Camiolo<\/li>\n<li>Expte. N\u00ba 5.113-HC 043-2022 Proyecto de Resoluci\u00f3n: Solicitar al Departamento Ejecutivo Municipal env\u00ede&nbsp; a este H.C.D.&nbsp;&nbsp; de forma urgente el organigrama del gabinete municipal actual (BLOQUE RECONSTRUYENDO MALARG\u00dcE) Autora: Concejal Silvina Camiolo<\/li>\n<li>Expte. N\u00ba5.114-HC 043-2022 Proyecto de Resoluci\u00f3n: Solicitar al Departamento Ejecutivo Municipal env\u00ede&nbsp; a este H.C.D.&nbsp; la n\u00f3mina de Personas F\u00edsicas y Jur\u00eddicas que han sido contratadas bajo la figura jur\u00eddica de Locaci\u00f3n de Servicio &nbsp;(BLOQUE RECONSTRUYENDO MALARG\u00dcE) Autora:&nbsp; Concejal Silvina Camiolo<\/li>\n<li>Expte. N\u00ba 5.115-HC 043-2.022 Proyecto de Ordenanza: Creaci\u00f3n del \u201cPrograma Mi Casa Segura\u201d y el marco normativo para la entrega de planos municipales, reglamentaci\u00f3n de direcci\u00f3n t\u00e9cnica de los mismos y actualizaci\u00f3n de documentaci\u00f3n t\u00e9cnica&nbsp; (BLOQUE FRENTE DE TODOS) Autores: Concejales Rodrigo Hidalgo, Silvia Correa, y Andr\u00e9s Risi<\/li>\n<li>Expte. N\u00ba 5.116 -HC 043-2.022 Proyecto de Ordenanza: Adecuar la Ciudad de Malarg\u00fce bajo el concepto de \u201cCiudad Accesible\u201d (BLOQUE FRENTE DE TODOS ) Autores: Concejales Rodrigo Hidalgo, Silvia Correa, y Andr\u00e9s Risi<\/li>\n<li>Expte. N\u00b05.117-HC 043-2022 Proyecto de Resoluci\u00f3n: Solicitar a Direcci\u00f3n de Vialidad Nacional la disposici\u00f3n de Puestos de Socorro, sobre Ruta Nacional N\u00b040 tramo El Sosneado Pareditas y El Sosneado Ranquil Norte (BLOQUE FRENTE CAMBIA MENDOZA) Autor: Concejal Mart\u00edn Palma<\/li>\n<li>Expte. N\u00ba 5.118-HC 043-2022 Proyecto de Resoluci\u00f3n: Declarar Hu\u00e9sped de Honor&nbsp; al Sr Ernesto \u201cTito\u201d Lowestein (BLOQUE FRENTE CAMBIA&nbsp; MENDOZA) Autor: Concejal Mart\u00edn Palma<\/li>\n<\/ol>\n<p><strong><em>g) Expedientes provenientes del Departamento Ejecutivo <\/em><\/strong><\/p>\n<ol>\n<li>Expte. N\u00ba 3.689\/2021-0 Departamento Ejecutivo: Secretar\u00eda de Obras y Servicios P\u00fablicos Ref. Infraestructura en la V\u00eda P\u00fablica<\/li>\n<li>Expte. N\u00b0 2.200\/2022-0 Empresa Mendocina de Energ\u00eda S.A. REF. Pedido de Constituci\u00f3n de compromiso irrevocable de usufructo Proyecto \u201cParque Solar Malarg\u00fce\u201d<\/li>\n<\/ol>\n<p><strong><em>Despachos de las Comisiones de Trabajo:<\/em><\/strong><\/p>\n<ol>\n<li>Expte. N\u00ba 5.098-HC 042-2022 Proyecto de Resoluci\u00f3n: Solicitar al Departamento Ejecutivo&nbsp; Municipal informe sobre actos administrativos para la adjudicaci\u00f3n de terrenos para la construcci\u00f3n&nbsp; de la Escuela Mapu Mahuida de Bardas Blancas. (O.P.T Y R. N)<\/li>\n<li>Expte. N\u00b05.072-HC 040-2022 Proyecto de Resoluci\u00f3n : Solicitar al Departamento Ejecutivo adecuaci\u00f3n de la carteler\u00eda &nbsp;en calle Comandante Salas Oeste entre Esquivel Aldao y Villa del Milagro \u2013 Ordenanza N\u00b01.512\/2010 (O.P.T Y R. N&nbsp; y H.P.L.A.C.) &#8211;<\/li>\n<li>Expte. N\u00b0 1.143\/2022-0 Departamento Ejecutivo: I.N.T.A. Malarg\u00fce Solicita renovaci\u00f3n del Convenio marco entre la Municipalidad de Malarg\u00fce y el Instituto Nacional de Tecnolog\u00eda Agropecuaria. (H.P.L.A.C.)<\/li>\n<li>Expte. N\u00b05.097-HC 042-2022 Proyecto de Ordenanza: Adherir el Departamento de Malarg\u00fce a la Ley Provincial N\u00b0 9.337 \u201cPrioridad en la Atenci\u00f3n de Adultos Mayores, Personas Gestantes y Personas con Movilidad Reducida \u201d ( H.P.L.A.C.)<\/li>\n<li>Expte. N\u00b0 5.048-HC 039-2021 Proyecto de Ordenanza: Crear el Programa Municipal de Capacitaci\u00f3n Obligatoria con perspectiva en Discapacidad (E.H.M.A.S Y C y H.P.L.A.C.)<\/li>\n<\/ol>\n<p><strong>i<\/strong><strong><em>) Asuntos Varios. &#8211; <\/em><\/strong><\/p>\n<p><strong><em>j) Acto de arriar el Pabell\u00f3n Nacional a cargo del concejal que lo<\/em><\/strong><strong> iz\u00f3. &#8211; <\/strong><\/p>\n<p style=\"text-align: right;\"><strong>&nbsp;&nbsp;&nbsp;&nbsp;&nbsp;&nbsp;&nbsp;&nbsp;&nbsp;&nbsp;&nbsp;&nbsp;&nbsp;&nbsp;&nbsp;&nbsp;&nbsp;&nbsp;&nbsp;&nbsp;&nbsp;&nbsp;&nbsp;&nbsp;&nbsp;&nbsp;&nbsp;&nbsp;&nbsp;&nbsp;&nbsp;&nbsp;&nbsp;&nbsp;&nbsp;&nbsp;&nbsp;&nbsp;&nbsp;&nbsp;&nbsp;&nbsp;&nbsp;&nbsp;&nbsp;&nbsp;&nbsp;&nbsp;&nbsp;&nbsp;&nbsp;&nbsp;&nbsp;&nbsp;&nbsp;&nbsp;&nbsp;&nbsp;&nbsp;&nbsp;&nbsp;&nbsp;&nbsp;&nbsp;&nbsp;&nbsp;&nbsp;&nbsp;&nbsp;&nbsp;&nbsp;&nbsp;&nbsp;&nbsp;&nbsp;&nbsp;&nbsp;&nbsp;&nbsp;&nbsp; Presidencia H.C.D &nbsp;14 de Junio de 2022.-<\/strong><\/p>\n<p>&nbsp;<\/p>\n<p><strong>CORRESPONDENCIA&nbsp; RECIBIDA PARA LA SESI\u00d3N<\/strong><\/p>\n<p><strong>del d\u00eda Jueves 16 de Junio de 2.022<\/strong><\/p>\n<p><strong>&nbsp;<\/strong><strong>NOTAS INGRESADAS<\/strong><\/p>\n<ol>\n<li>Cooperativa KUME MATRU CABRA ANDINA, invita a los Sres. ediles a participar a la inauguraci\u00f3n de la Fabrica Artesanal de Alimentos con carne caprina el d\u00eda jueves 23 de junio del corriente.<\/li>\n<li>Pablo Cabrera, Coordinador Centro de Frontera Pehuenche DNATF-MI, remite respuesta a Nota Resoluci\u00f3n N\u00ba 57\/2.022.<\/li>\n<li>Departamento Ejecutivo, remite informe solicitado mediante Resoluci\u00f3n N\u00ba 124\/2.022, sobre habilitaci\u00f3n Complejo Tur\u00edstico El Azufre, para conocimiento y consideraci\u00f3n.<\/li>\n<li>Presidencia del Honorable Concejo Deliberante, Brom. Paola Rojo, remite copia del Contrato \u201cConvenio Macro de Cooperaci\u00f3n mutua entre los Concejos Deliberantes de la Ciudad de Rinc\u00f3n de los Sauces y de la Ciudad de Malarg\u00fce.<\/li>\n<li>Horacio Marinaro, eleva copia de la nota enviada a la Contadora de la Municipalidad de Malarg\u00fce, Tema: Solicitud de informaci\u00f3n P\u00fablica bajo Ley N\u00ba 9.070.<\/li>\n<\/ol>\n<p><strong>NOTAS ENVIADAS<\/strong><\/p>\n<ol>\n<li>A la Srta. Noelia Reveco, Presidente de Avecobam Malarg\u00fce, a efectos de informarle que podr\u00e1 hacer uso de la Banca del Ciudadano para la Sesi\u00f3n del d\u00eda 16 de Junio del corriente a\u00f1o.<\/li>\n<li>A los Sres. Secretario de Obras P\u00fablicas y al Director de Espacios Verdes de la Municipalidad de Malarg\u00fce, remitiendo copia de la Resoluci\u00f3n N\u00ba 163\/2.022, mediante el cual se solicita Parquizar espacios verdes p\u00fablicos en los ingresos norte y sur de nuestro Departamento.<\/li>\n<li>A los Sres. Legisladores del IV Distrito Electoral, al Ministro de Salud de la Provincia, al Coordinador del \u00c1rea Sanitaria Malarg\u00fce, y al Presidente de la Uni\u00f3n Vecinal del Barrio Virgen de los Vientos, remitiendo copia de la Resoluci\u00f3n N\u00ba 166\/2.022, mediante el cual se le solicita al Ministerio de Salud de la Provincia de Mendoza la construcci\u00f3n de un Centro de Salud en el B\u00ba Virgen de los Vientos de nuestro Departamento.<\/li>\n<\/ol>\n","protected":false},"excerpt":{"rendered":"<p>D\u00eda &nbsp;&nbsp;Jueves&nbsp; 16 de Junio de 2022 Hora: 08:50 BANCA DEL CIUDADANO:&nbsp; Sra. Noelia Bel\u00e9n REVECO Presidente AVECOBAM MALARG\u00dcE TEMA: &nbsp;Fondos que se destinan al \u00c1rea de Zoonosis de la Municipalidad de Malarg\u00fce (Problem\u00e1tica sobrepoblaci\u00f3n animales dom\u00e9sticos) a) Acto de Izar la Ense\u00f1a Patria a cargo del Sr. &nbsp;Concejal Gabriel Eduardo ROSAS b) Homenaje de [&hellip;]<\/p>\n","protected":false},"author":5,"featured_media":23974,"comment_status":"closed","ping_status":"closed","sticky":false,"template":"","format":"standard","meta":{"footnotes":""},"categories":[52,84,58,33,36],"tags":[],"class_list":["post-28823","post","type-post","status-publish","format-standard","has-post-thumbnail","hentry","category-gacetillas","category-orden-del-dia","category-ordinarias","category-prensa","category-sesiones"],"yoast_head":"<!-- This site is optimized with the Yoast SEO plugin v19.10 - https:\/\/yoast.com\/wordpress\/plugins\/seo\/ -->\n<title>ORDEN DEL DIA 13 SESION ORDINARIA - Malarg\u00fce HCD<\/title>\n<meta name=\"robots\" content=\"index, follow, max-snippet:-1, max-image-preview:large, max-video-preview:-1\" \/>\n<link rel=\"canonical\" href=\"https:\/\/hcd.malargue.gov.ar\/?p=28823\" \/>\n<meta property=\"og:locale\" content=\"es_ES\" \/>\n<meta property=\"og:type\" content=\"article\" \/>\n<meta property=\"og:title\" content=\"ORDEN DEL DIA 13 SESION ORDINARIA - Malarg\u00fce HCD\" \/>\n<meta property=\"og:description\" content=\"D\u00eda &nbsp;&nbsp;Jueves&nbsp; 16 de Junio de 2022 Hora: 08:50 BANCA DEL CIUDADANO:&nbsp; Sra. Noelia Bel\u00e9n REVECO Presidente AVECOBAM MALARG\u00dcE TEMA: &nbsp;Fondos que se destinan al \u00c1rea de Zoonosis de la Municipalidad de Malarg\u00fce (Problem\u00e1tica sobrepoblaci\u00f3n animales dom\u00e9sticos) a) Acto de Izar la Ense\u00f1a Patria a cargo del Sr. &nbsp;Concejal Gabriel Eduardo ROSAS b) Homenaje de [&hellip;]\" \/>\n<meta property=\"og:url\" content=\"https:\/\/hcd.malargue.gov.ar\/?p=28823\" \/>\n<meta property=\"og:site_name\" content=\"Malarg\u00fce HCD\" \/>\n<meta property=\"article:published_time\" content=\"2022-06-15T15:28:46+00:00\" \/>\n<meta property=\"article:modified_time\" content=\"2023-03-21T15:19:22+00:00\" \/>\n<meta name=\"author\" content=\"Belen Pedernera Ferragut\" \/>\n<meta name=\"twitter:card\" content=\"summary_large_image\" \/>\n<meta name=\"twitter:image\" content=\"https:\/\/hcd.malargue.gov.ar\/wp-content\/uploads\/2021\/04\/ROSAS-Bandera-2-scaled.jpg\" \/>\n<meta name=\"twitter:label1\" content=\"Escrito por\" \/>\n\t<meta name=\"twitter:data1\" content=\"Belen Pedernera Ferragut\" \/>\n\t<meta name=\"twitter:label2\" content=\"Tiempo de lectura\" \/>\n\t<meta name=\"twitter:data2\" content=\"5 minutos\" \/>\n<script type=\"application\/ld+json\" class=\"yoast-schema-graph\">{\"@context\":\"https:\/\/schema.org\",\"@graph\":[{\"@type\":\"WebPage\",\"@id\":\"https:\/\/hcd.malargue.gov.ar\/?p=28823\",\"url\":\"https:\/\/hcd.malargue.gov.ar\/?p=28823\",\"name\":\"ORDEN DEL DIA 13 SESION ORDINARIA - Malarg\u00fce HCD\",\"isPartOf\":{\"@id\":\"https:\/\/hcd.malargue.gov.ar\/#website\"},\"datePublished\":\"2022-06-15T15:28:46+00:00\",\"dateModified\":\"2023-03-21T15:19:22+00:00\",\"author\":{\"@id\":\"https:\/\/hcd.malargue.gov.ar\/#\/schema\/person\/3fd6bbab64edd703961b795156c955d0\"},\"breadcrumb\":{\"@id\":\"https:\/\/hcd.malargue.gov.ar\/?p=28823#breadcrumb\"},\"inLanguage\":\"es-AR\",\"potentialAction\":[{\"@type\":\"ReadAction\",\"target\":[\"https:\/\/hcd.malargue.gov.ar\/?p=28823\"]}]},{\"@type\":\"BreadcrumbList\",\"@id\":\"https:\/\/hcd.malargue.gov.ar\/?p=28823#breadcrumb\",\"itemListElement\":[{\"@type\":\"ListItem\",\"position\":1,\"name\":\"Inicio\",\"item\":\"https:\/\/hcd.malargue.gov.ar\/\"},{\"@type\":\"ListItem\",\"position\":2,\"name\":\"ORDEN DEL DIA 13 SESION ORDINARIA\"}]},{\"@type\":\"WebSite\",\"@id\":\"https:\/\/hcd.malargue.gov.ar\/#website\",\"url\":\"https:\/\/hcd.malargue.gov.ar\/\",\"name\":\"Malarg\u00fce HCD\",\"description\":\"Malarg\u00fce Mendoza Argentina\",\"potentialAction\":[{\"@type\":\"SearchAction\",\"target\":{\"@type\":\"EntryPoint\",\"urlTemplate\":\"https:\/\/hcd.malargue.gov.ar\/?s={search_term_string}\"},\"query-input\":\"required name=search_term_string\"}],\"inLanguage\":\"es-AR\"},{\"@type\":\"Person\",\"@id\":\"https:\/\/hcd.malargue.gov.ar\/#\/schema\/person\/3fd6bbab64edd703961b795156c955d0\",\"name\":\"Belen Pedernera Ferragut\",\"image\":{\"@type\":\"ImageObject\",\"inLanguage\":\"es-AR\",\"@id\":\"https:\/\/hcd.malargue.gov.ar\/#\/schema\/person\/image\/\",\"url\":\"https:\/\/secure.gravatar.com\/avatar\/1054ffab3893de4bb3eb29bdd22f7e34b8537bf5d34d9dab311818154ad5b71f?s=96&d=mm&r=g\",\"contentUrl\":\"https:\/\/secure.gravatar.com\/avatar\/1054ffab3893de4bb3eb29bdd22f7e34b8537bf5d34d9dab311818154ad5b71f?s=96&d=mm&r=g\",\"caption\":\"Belen Pedernera Ferragut\"},\"url\":\"https:\/\/hcd.malargue.gov.ar\/?author=5\"}]}<\/script>\n<!-- \/ Yoast SEO plugin. -->","yoast_head_json":{"title":"ORDEN DEL DIA 13 SESION ORDINARIA - Malarg\u00fce HCD","robots":{"index":"index","follow":"follow","max-snippet":"max-snippet:-1","max-image-preview":"max-image-preview:large","max-video-preview":"max-video-preview:-1"},"canonical":"https:\/\/hcd.malargue.gov.ar\/?p=28823","og_locale":"es_ES","og_type":"article","og_title":"ORDEN DEL DIA 13 SESION ORDINARIA - Malarg\u00fce HCD","og_description":"D\u00eda &nbsp;&nbsp;Jueves&nbsp; 16 de Junio de 2022 Hora: 08:50 BANCA DEL CIUDADANO:&nbsp; Sra. Noelia Bel\u00e9n REVECO Presidente AVECOBAM MALARG\u00dcE TEMA: &nbsp;Fondos que se destinan al \u00c1rea de Zoonosis de la Municipalidad de Malarg\u00fce (Problem\u00e1tica sobrepoblaci\u00f3n animales dom\u00e9sticos) a) Acto de Izar la Ense\u00f1a Patria a cargo del Sr. &nbsp;Concejal Gabriel Eduardo ROSAS b) Homenaje de [&hellip;]","og_url":"https:\/\/hcd.malargue.gov.ar\/?p=28823","og_site_name":"Malarg\u00fce HCD","article_published_time":"2022-06-15T15:28:46+00:00","article_modified_time":"2023-03-21T15:19:22+00:00","author":"Belen Pedernera Ferragut","twitter_card":"summary_large_image","twitter_image":"https:\/\/hcd.malargue.gov.ar\/wp-content\/uploads\/2021\/04\/ROSAS-Bandera-2-scaled.jpg","twitter_misc":{"Escrito por":"Belen Pedernera Ferragut","Tiempo de lectura":"5 minutos"},"schema":{"@context":"https:\/\/schema.org","@graph":[{"@type":"WebPage","@id":"https:\/\/hcd.malargue.gov.ar\/?p=28823","url":"https:\/\/hcd.malargue.gov.ar\/?p=28823","name":"ORDEN DEL DIA 13 SESION ORDINARIA - Malarg\u00fce HCD","isPartOf":{"@id":"https:\/\/hcd.malargue.gov.ar\/#website"},"datePublished":"2022-06-15T15:28:46+00:00","dateModified":"2023-03-21T15:19:22+00:00","author":{"@id":"https:\/\/hcd.malargue.gov.ar\/#\/schema\/person\/3fd6bbab64edd703961b795156c955d0"},"breadcrumb":{"@id":"https:\/\/hcd.malargue.gov.ar\/?p=28823#breadcrumb"},"inLanguage":"es-AR","potentialAction":[{"@type":"ReadAction","target":["https:\/\/hcd.malargue.gov.ar\/?p=28823"]}]},{"@type":"BreadcrumbList","@id":"https:\/\/hcd.malargue.gov.ar\/?p=28823#breadcrumb","itemListElement":[{"@type":"ListItem","position":1,"name":"Inicio","item":"https:\/\/hcd.malargue.gov.ar\/"},{"@type":"ListItem","position":2,"name":"ORDEN DEL DIA 13 SESION ORDINARIA"}]},{"@type":"WebSite","@id":"https:\/\/hcd.malargue.gov.ar\/#website","url":"https:\/\/hcd.malargue.gov.ar\/","name":"Malarg\u00fce HCD","description":"Malarg\u00fce Mendoza Argentina","potentialAction":[{"@type":"SearchAction","target":{"@type":"EntryPoint","urlTemplate":"https:\/\/hcd.malargue.gov.ar\/?s={search_term_string}"},"query-input":"required name=search_term_string"}],"inLanguage":"es-AR"},{"@type":"Person","@id":"https:\/\/hcd.malargue.gov.ar\/#\/schema\/person\/3fd6bbab64edd703961b795156c955d0","name":"Belen Pedernera Ferragut","image":{"@type":"ImageObject","inLanguage":"es-AR","@id":"https:\/\/hcd.malargue.gov.ar\/#\/schema\/person\/image\/","url":"https:\/\/secure.gravatar.com\/avatar\/1054ffab3893de4bb3eb29bdd22f7e34b8537bf5d34d9dab311818154ad5b71f?s=96&d=mm&r=g","contentUrl":"https:\/\/secure.gravatar.com\/avatar\/1054ffab3893de4bb3eb29bdd22f7e34b8537bf5d34d9dab311818154ad5b71f?s=96&d=mm&r=g","caption":"Belen Pedernera Ferragut"},"url":"https:\/\/hcd.malargue.gov.ar\/?author=5"}]}},"_links":{"self":[{"href":"https:\/\/hcd.malargue.gov.ar\/index.php?rest_route=\/wp\/v2\/posts\/28823","targetHints":{"allow":["GET"]}}],"collection":[{"href":"https:\/\/hcd.malargue.gov.ar\/index.php?rest_route=\/wp\/v2\/posts"}],"about":[{"href":"https:\/\/hcd.malargue.gov.ar\/index.php?rest_route=\/wp\/v2\/types\/post"}],"author":[{"embeddable":true,"href":"https:\/\/hcd.malargue.gov.ar\/index.php?rest_route=\/wp\/v2\/users\/5"}],"replies":[{"embeddable":true,"href":"https:\/\/hcd.malargue.gov.ar\/index.php?rest_route=%2Fwp%2Fv2%2Fcomments&post=28823"}],"version-history":[{"count":1,"href":"https:\/\/hcd.malargue.gov.ar\/index.php?rest_route=\/wp\/v2\/posts\/28823\/revisions"}],"predecessor-version":[{"id":32439,"href":"https:\/\/hcd.malargue.gov.ar\/index.php?rest_route=\/wp\/v2\/posts\/28823\/revisions\/32439"}],"wp:featuredmedia":[{"embeddable":true,"href":"https:\/\/hcd.malargue.gov.ar\/index.php?rest_route=\/wp\/v2\/media\/23974"}],"wp:attachment":[{"href":"https:\/\/hcd.malargue.gov.ar\/index.php?rest_route=%2Fwp%2Fv2%2Fmedia&parent=28823"}],"wp:term":[{"taxonomy":"category","embeddable":true,"href":"https:\/\/hcd.malargue.gov.ar\/index.php?rest_route=%2Fwp%2Fv2%2Fcategories&post=28823"},{"taxonomy":"post_tag","embeddable":true,"href":"https:\/\/hcd.malargue.gov.ar\/index.php?rest_route=%2Fwp%2Fv2%2Ftags&post=28823"}],"curies":[{"name":"wp","href":"https:\/\/api.w.org\/{rel}","templated":true}]}}