{"id":28909,"date":"2022-06-22T12:55:58","date_gmt":"2022-06-22T15:55:58","guid":{"rendered":"https:\/\/hcd.malargue.gov.ar\/?p=28909"},"modified":"2022-06-22T13:02:37","modified_gmt":"2022-06-22T16:02:37","slug":"ordenanza-n-2-167-2-022","status":"publish","type":"post","link":"https:\/\/hcd.malargue.gov.ar\/?p=28909","title":{"rendered":"ORDENANZA N\u00b0 2.167\/2.022"},"content":{"rendered":"<p><strong>AUTORES:<\/strong> CONCEJALES ANDRES RISI, SILVIA CORREA Y CONCEJALES MANDATO CUMPLIDO PAOLA JOFRE, DANIELA FAVARI Y JOSE BARRO<\/p>\n<p data-wp-editing=\"1\">BLOQUE FRENTE DE TODOS <a href=\"http:\/\/hcd.malargue.gov.ar\/hcdpdf\/On%202167%202022%20Creacion%20Programa%20Municipal%20Capacitacion%20Obligatoria%20Perspectiva%20Discapacidad.pdf\"><img loading=\"lazy\" decoding=\"async\" class=\"alignright wp-image-7950\" src=\"https:\/\/hcd.malargue.gov.ar\/wp-content\/uploads\/2018\/06\/PDF-JPG-300x300.jpg\" alt=\"\" width=\"94\" height=\"94\" srcset=\"https:\/\/hcd.malargue.gov.ar\/wp-content\/uploads\/2018\/06\/PDF-JPG-300x300.jpg 300w, https:\/\/hcd.malargue.gov.ar\/wp-content\/uploads\/2018\/06\/PDF-JPG-150x150.jpg 150w, https:\/\/hcd.malargue.gov.ar\/wp-content\/uploads\/2018\/06\/PDF-JPG.jpg 512w\" sizes=\"auto, (max-width: 94px) 100vw, 94px\" \/><\/a><\/p>\n<p>VISTO: El contenido del Expediente N\u00b0 5.048 HC 039 \u2013 2.021. Bloque Frente de Todos.\u00a0 \u201cCreaci\u00f3n del Programa Municipal de Capacitaci\u00f3n Obligatoria con Perspectiva en Discapacidad\u201d.<\/p>\n<p>La necesidad de implementar espacios de formaci\u00f3n, debido a\u00a0 falta de perspectiva en discapacidad de las personas que forman parte del Estado Municipal.<\/p>\n<p>y;<\/p>\n<p>CONSIDERANDO: Que es necesario crear espacios donde se informe y se genere\u00a0 sensibilidad ante la tem\u00e1tica de discapacidad.<\/p>\n<p>Que las personas con discapacidad tienen derechos que se deben garantizar, para que puedan desarrollarse en igualdad y de manera integral.<\/p>\n<p>Que todas las personas\u00a0 nos desarrollamos de distinta manera pero debemos tener igualdad de oportunidades.<\/p>\n<p>Que las leyes que brindan protecci\u00f3n a los y las ciudadanas con discapacidad tienen que ser difundidas, para alcanzar a la mayor cantidad de habitantes, y as\u00ed\u00a0 fortalecer desde una mirada emp\u00e1tica la perspectiva en discapacidad.<\/p>\n<p>Que el Estado es el primer garante de los derechos de cada habitante y en el caso de personas con alg\u00fan tipo de discapacidad que se desarrollen laboralmente en cualquier Poder deben sentirse seguros, para desenvolverse libremente.<\/p>\n<p>Que la Convenci\u00f3n sobre los Derechos de las Personas con Discapacidad, ratificada en nuestro pa\u00eds en el 2008 mediante la Ley N\u00b0 26.378, representa un cambio total de paradigma al cuestionar la perspectiva asistencialista propia del modelo m\u00e9dico, que reproduce una visi\u00f3n parcial y estigmatizante de las Personas con Discapacidad, dando lugar al modelo social de la discapacidad que reconoce a \u00e9stas\u00a0 como sujetos de derechos y al contexto social como un factor clave para determinar el grado de participaci\u00f3n del colectivo en la sociedad. En este sentido, el Pre\u00e1mbulo de la Convenci\u00f3n se\u00f1ala que \u201cla discapacidad es un concepto que evoluciona y que resulta de la interacci\u00f3n entre las personas con deficiencias y las barreras debidas a la actitud y el entorno que evitan su participaci\u00f3n plena y efectiva en la sociedad, en igualdad de condiciones que los dem\u00e1s\u201d.<\/p>\n<p>Que seg\u00fan Decreto Reglamentario Ley N\u00b0 24901, ANEXO I en su art\u00edculo 1\u00ba determina que el Sistema de Prestaciones B\u00e1sicas de Atenci\u00f3n Integral a favor de las Personas con discapacidad tiene como objeto garantizar la universalidad de la atenci\u00f3n de dichas personas mediante la integraci\u00f3n de pol\u00edticas, recursos institucionales y econ\u00f3micos afectados a dicha tem\u00e1tica.<\/p>\n<p>Que el acceso al trabajo tambi\u00e9n es un Derecho adquirido, que debe ser respetado y garantizado por el Estado, que adem\u00e1s tiene que generar herramientas y contextos adecuados para su plena realizaci\u00f3n en lo laboral.<\/p>\n<p>EL HONORABLE CONCEJO DELIBERANTE DE LA MUNICIPALIDAD DE MALARGUE EN USO DE LAS FACULTADES QUE LE SON PROPIAS<\/p>\n<p>ORDENA<\/p>\n<p>ART\u00cdCULO 1\u00ba: Cr\u00e9ase en el \u00e1mbito de la\u00a0 Municipalidad\u00a0 de Malarg\u00fce el Programa de Capacitaci\u00f3n Obligatorio con Perspectiva en Discapacidad para todo el personal y ejec\u00fatese a trav\u00e9s del \u00c1rea de Discapacidad en conjunto con las que considere necesarias para su aplicaci\u00f3n integral.<\/p>\n<p>ART\u00cdCULO 2\u00ba: Autor\u00edcese al Departamento Ejecutivo a realizar los convenios necesarios tanto con efectores de salud, como con el Ministerio Salud,\u00a0Desarrollo Social\u00a0y\u00a0Deportes de la Provincia de Mendoza y\/o cualquier otra Instituci\u00f3n p\u00fablica o Privada que permitan la formaci\u00f3n, concientizaci\u00f3n en discapacidad, recomendando que dentro de las capacitaciones se genere una instancia abordada por personas con discapacidad para hacer cumplir la Convenci\u00f3n.<\/p>\n<p>ART\u00cdCULO 3\u00ba: Real\u00edcese una Campa\u00f1a de Concientizaci\u00f3n que permita conocer los derechos que se deben garantizar a las personas con discapacidad dentro y fuera de los \u00e1mbitos laborales.<\/p>\n<p>ART\u00cdCULO 4\u00ba: Inv\u00edtese a la Comunidad de Malarg\u00fce a participar de un concurso para elegir un logo que indique que el Municipio promueve y respeta los derechos de las personas con discapacidad y que deber\u00e1 ser colocado en toda dependencia u oficina que realicen las capacitaciones y que deber\u00e1n ser certificadas por el \u00c1rea de Recursos Humanos del Municipio.<\/p>\n<p>ART\u00cdCULO 5\u00ba: Des\u00edgnese a una comisi\u00f3n destinada a reglamentar el concurso conformada por un concejal representando cada Bloque del Cuerpo Deliberativo, un representante del Departamento Ejecutivo, Directores de las Escuelas N\u00b0 \u00a02 &#8211; 030 Dr. Juan Maurin Navarro y N\u00b0 7 &#8211; 009 Dr. Roberto Ordenes y de las Instituciones Privadas Consultorios Integrados, Colores y\u00a0 Centro de D\u00eda Recrear.<\/p>\n<p>ART\u00cdCULO 6\u00ba: El\u00e9vese copia de la presente pieza legal a todas las organizaciones e\u00a0 instituciones que trabajen con la tem\u00e1tica de discapacidad, uniones vecinales y legisladores malarg\u00fcinos por el 4\u00ba distrito para su conocimiento y efectos que estimen corresponder.<\/p>\n<p>ART\u00cdCULO 7\u00ba: Comun\u00edquese, reg\u00edstrese, c\u00famplase, publ\u00edquese, agr\u00e9guese copia de la presente en las actuaciones correspondientes y arch\u00edvese.<\/p>\n<p>DADA EN LA SALA DE SESIONES DR. RICARDO BALBIN DEL HONORABLE CONCEJO DELIBERANTE DE LA MUNICIPALIDAD DE MALARG\u00dcE A DIECISEIS D\u00cdAS DE JUNIO DE DOS MIL VEINTIDOS.<\/p>\n","protected":false},"excerpt":{"rendered":"<p>AUTORES: CONCEJALES ANDRES RISI, SILVIA CORREA Y CONCEJALES MANDATO CUMPLIDO PAOLA JOFRE, DANIELA FAVARI Y JOSE BARRO BLOQUE FRENTE DE TODOS VISTO: El contenido del Expediente N\u00b0 5.048 HC 039 \u2013 2.021. Bloque Frente de Todos.\u00a0 \u201cCreaci\u00f3n del Programa Municipal de Capacitaci\u00f3n Obligatoria con Perspectiva en Discapacidad\u201d. La necesidad de implementar espacios de formaci\u00f3n, debido [&hellip;]<\/p>\n","protected":false},"author":5,"featured_media":28912,"comment_status":"closed","ping_status":"closed","sticky":false,"template":"","format":"standard","meta":{"footnotes":""},"categories":[52,29,48,33],"tags":[],"class_list":["post-28909","post","type-post","status-publish","format-standard","has-post-thumbnail","hentry","category-gacetillas","category-lesgilacion","category-ordenanzas-municipales","category-prensa"],"yoast_head":"<!-- This site is optimized with the Yoast SEO plugin v19.10 - https:\/\/yoast.com\/wordpress\/plugins\/seo\/ -->\n<title>ORDENANZA N\u00b0 2.167\/2.022 - Malarg\u00fce HCD<\/title>\n<meta name=\"robots\" content=\"index, follow, max-snippet:-1, max-image-preview:large, max-video-preview:-1\" \/>\n<link rel=\"canonical\" href=\"https:\/\/hcd.malargue.gov.ar\/?p=28909\" \/>\n<meta property=\"og:locale\" content=\"es_ES\" \/>\n<meta property=\"og:type\" content=\"article\" \/>\n<meta property=\"og:title\" content=\"ORDENANZA N\u00b0 2.167\/2.022 - Malarg\u00fce HCD\" \/>\n<meta property=\"og:description\" content=\"AUTORES: CONCEJALES ANDRES RISI, SILVIA CORREA Y CONCEJALES MANDATO CUMPLIDO PAOLA JOFRE, DANIELA FAVARI Y JOSE BARRO BLOQUE FRENTE DE TODOS VISTO: El contenido del Expediente N\u00b0 5.048 HC 039 \u2013 2.021. Bloque Frente de Todos.\u00a0 \u201cCreaci\u00f3n del Programa Municipal de Capacitaci\u00f3n Obligatoria con Perspectiva en Discapacidad\u201d. La necesidad de implementar espacios de formaci\u00f3n, debido [&hellip;]\" \/>\n<meta property=\"og:url\" content=\"https:\/\/hcd.malargue.gov.ar\/?p=28909\" \/>\n<meta property=\"og:site_name\" content=\"Malarg\u00fce HCD\" \/>\n<meta property=\"article:published_time\" content=\"2022-06-22T15:55:58+00:00\" \/>\n<meta property=\"article:modified_time\" content=\"2022-06-22T16:02:37+00:00\" \/>\n<meta property=\"og:image\" content=\"https:\/\/hcd.malargue.gov.ar\/wp-content\/uploads\/2022\/06\/ON-2167-2022-1.jpg\" \/>\n\t<meta property=\"og:image:width\" content=\"940\" \/>\n\t<meta property=\"og:image:height\" content=\"788\" \/>\n\t<meta property=\"og:image:type\" content=\"image\/jpeg\" \/>\n<meta name=\"author\" content=\"Belen Pedernera Ferragut\" \/>\n<meta name=\"twitter:card\" content=\"summary_large_image\" \/>\n<meta name=\"twitter:label1\" content=\"Escrito por\" \/>\n\t<meta name=\"twitter:data1\" content=\"Belen Pedernera Ferragut\" \/>\n\t<meta name=\"twitter:label2\" content=\"Tiempo de lectura\" \/>\n\t<meta name=\"twitter:data2\" content=\"4 minutos\" \/>\n<script type=\"application\/ld+json\" class=\"yoast-schema-graph\">{\"@context\":\"https:\/\/schema.org\",\"@graph\":[{\"@type\":\"WebPage\",\"@id\":\"https:\/\/hcd.malargue.gov.ar\/?p=28909\",\"url\":\"https:\/\/hcd.malargue.gov.ar\/?p=28909\",\"name\":\"ORDENANZA N\u00b0 2.167\/2.022 - Malarg\u00fce HCD\",\"isPartOf\":{\"@id\":\"https:\/\/hcd.malargue.gov.ar\/#website\"},\"datePublished\":\"2022-06-22T15:55:58+00:00\",\"dateModified\":\"2022-06-22T16:02:37+00:00\",\"author\":{\"@id\":\"https:\/\/hcd.malargue.gov.ar\/#\/schema\/person\/3fd6bbab64edd703961b795156c955d0\"},\"breadcrumb\":{\"@id\":\"https:\/\/hcd.malargue.gov.ar\/?p=28909#breadcrumb\"},\"inLanguage\":\"es-AR\",\"potentialAction\":[{\"@type\":\"ReadAction\",\"target\":[\"https:\/\/hcd.malargue.gov.ar\/?p=28909\"]}]},{\"@type\":\"BreadcrumbList\",\"@id\":\"https:\/\/hcd.malargue.gov.ar\/?p=28909#breadcrumb\",\"itemListElement\":[{\"@type\":\"ListItem\",\"position\":1,\"name\":\"Inicio\",\"item\":\"https:\/\/hcd.malargue.gov.ar\/\"},{\"@type\":\"ListItem\",\"position\":2,\"name\":\"ORDENANZA N\u00b0 2.167\/2.022\"}]},{\"@type\":\"WebSite\",\"@id\":\"https:\/\/hcd.malargue.gov.ar\/#website\",\"url\":\"https:\/\/hcd.malargue.gov.ar\/\",\"name\":\"Malarg\u00fce HCD\",\"description\":\"Malarg\u00fce Mendoza Argentina\",\"potentialAction\":[{\"@type\":\"SearchAction\",\"target\":{\"@type\":\"EntryPoint\",\"urlTemplate\":\"https:\/\/hcd.malargue.gov.ar\/?s={search_term_string}\"},\"query-input\":\"required name=search_term_string\"}],\"inLanguage\":\"es-AR\"},{\"@type\":\"Person\",\"@id\":\"https:\/\/hcd.malargue.gov.ar\/#\/schema\/person\/3fd6bbab64edd703961b795156c955d0\",\"name\":\"Belen Pedernera Ferragut\",\"image\":{\"@type\":\"ImageObject\",\"inLanguage\":\"es-AR\",\"@id\":\"https:\/\/hcd.malargue.gov.ar\/#\/schema\/person\/image\/\",\"url\":\"https:\/\/secure.gravatar.com\/avatar\/1054ffab3893de4bb3eb29bdd22f7e34b8537bf5d34d9dab311818154ad5b71f?s=96&d=mm&r=g\",\"contentUrl\":\"https:\/\/secure.gravatar.com\/avatar\/1054ffab3893de4bb3eb29bdd22f7e34b8537bf5d34d9dab311818154ad5b71f?s=96&d=mm&r=g\",\"caption\":\"Belen Pedernera Ferragut\"},\"url\":\"https:\/\/hcd.malargue.gov.ar\/?author=5\"}]}<\/script>\n<!-- \/ Yoast SEO plugin. -->","yoast_head_json":{"title":"ORDENANZA N\u00b0 2.167\/2.022 - Malarg\u00fce HCD","robots":{"index":"index","follow":"follow","max-snippet":"max-snippet:-1","max-image-preview":"max-image-preview:large","max-video-preview":"max-video-preview:-1"},"canonical":"https:\/\/hcd.malargue.gov.ar\/?p=28909","og_locale":"es_ES","og_type":"article","og_title":"ORDENANZA N\u00b0 2.167\/2.022 - Malarg\u00fce HCD","og_description":"AUTORES: CONCEJALES ANDRES RISI, SILVIA CORREA Y CONCEJALES MANDATO CUMPLIDO PAOLA JOFRE, DANIELA FAVARI Y JOSE BARRO BLOQUE FRENTE DE TODOS VISTO: El contenido del Expediente N\u00b0 5.048 HC 039 \u2013 2.021. Bloque Frente de Todos.\u00a0 \u201cCreaci\u00f3n del Programa Municipal de Capacitaci\u00f3n Obligatoria con Perspectiva en Discapacidad\u201d. La necesidad de implementar espacios de formaci\u00f3n, debido [&hellip;]","og_url":"https:\/\/hcd.malargue.gov.ar\/?p=28909","og_site_name":"Malarg\u00fce HCD","article_published_time":"2022-06-22T15:55:58+00:00","article_modified_time":"2022-06-22T16:02:37+00:00","og_image":[{"width":940,"height":788,"url":"https:\/\/hcd.malargue.gov.ar\/wp-content\/uploads\/2022\/06\/ON-2167-2022-1.jpg","type":"image\/jpeg"}],"author":"Belen Pedernera Ferragut","twitter_card":"summary_large_image","twitter_misc":{"Escrito por":"Belen Pedernera Ferragut","Tiempo de lectura":"4 minutos"},"schema":{"@context":"https:\/\/schema.org","@graph":[{"@type":"WebPage","@id":"https:\/\/hcd.malargue.gov.ar\/?p=28909","url":"https:\/\/hcd.malargue.gov.ar\/?p=28909","name":"ORDENANZA N\u00b0 2.167\/2.022 - Malarg\u00fce HCD","isPartOf":{"@id":"https:\/\/hcd.malargue.gov.ar\/#website"},"datePublished":"2022-06-22T15:55:58+00:00","dateModified":"2022-06-22T16:02:37+00:00","author":{"@id":"https:\/\/hcd.malargue.gov.ar\/#\/schema\/person\/3fd6bbab64edd703961b795156c955d0"},"breadcrumb":{"@id":"https:\/\/hcd.malargue.gov.ar\/?p=28909#breadcrumb"},"inLanguage":"es-AR","potentialAction":[{"@type":"ReadAction","target":["https:\/\/hcd.malargue.gov.ar\/?p=28909"]}]},{"@type":"BreadcrumbList","@id":"https:\/\/hcd.malargue.gov.ar\/?p=28909#breadcrumb","itemListElement":[{"@type":"ListItem","position":1,"name":"Inicio","item":"https:\/\/hcd.malargue.gov.ar\/"},{"@type":"ListItem","position":2,"name":"ORDENANZA N\u00b0 2.167\/2.022"}]},{"@type":"WebSite","@id":"https:\/\/hcd.malargue.gov.ar\/#website","url":"https:\/\/hcd.malargue.gov.ar\/","name":"Malarg\u00fce HCD","description":"Malarg\u00fce Mendoza Argentina","potentialAction":[{"@type":"SearchAction","target":{"@type":"EntryPoint","urlTemplate":"https:\/\/hcd.malargue.gov.ar\/?s={search_term_string}"},"query-input":"required name=search_term_string"}],"inLanguage":"es-AR"},{"@type":"Person","@id":"https:\/\/hcd.malargue.gov.ar\/#\/schema\/person\/3fd6bbab64edd703961b795156c955d0","name":"Belen Pedernera Ferragut","image":{"@type":"ImageObject","inLanguage":"es-AR","@id":"https:\/\/hcd.malargue.gov.ar\/#\/schema\/person\/image\/","url":"https:\/\/secure.gravatar.com\/avatar\/1054ffab3893de4bb3eb29bdd22f7e34b8537bf5d34d9dab311818154ad5b71f?s=96&d=mm&r=g","contentUrl":"https:\/\/secure.gravatar.com\/avatar\/1054ffab3893de4bb3eb29bdd22f7e34b8537bf5d34d9dab311818154ad5b71f?s=96&d=mm&r=g","caption":"Belen Pedernera Ferragut"},"url":"https:\/\/hcd.malargue.gov.ar\/?author=5"}]}},"_links":{"self":[{"href":"https:\/\/hcd.malargue.gov.ar\/index.php?rest_route=\/wp\/v2\/posts\/28909","targetHints":{"allow":["GET"]}}],"collection":[{"href":"https:\/\/hcd.malargue.gov.ar\/index.php?rest_route=\/wp\/v2\/posts"}],"about":[{"href":"https:\/\/hcd.malargue.gov.ar\/index.php?rest_route=\/wp\/v2\/types\/post"}],"author":[{"embeddable":true,"href":"https:\/\/hcd.malargue.gov.ar\/index.php?rest_route=\/wp\/v2\/users\/5"}],"replies":[{"embeddable":true,"href":"https:\/\/hcd.malargue.gov.ar\/index.php?rest_route=%2Fwp%2Fv2%2Fcomments&post=28909"}],"version-history":[{"count":0,"href":"https:\/\/hcd.malargue.gov.ar\/index.php?rest_route=\/wp\/v2\/posts\/28909\/revisions"}],"wp:featuredmedia":[{"embeddable":true,"href":"https:\/\/hcd.malargue.gov.ar\/index.php?rest_route=\/wp\/v2\/media\/28912"}],"wp:attachment":[{"href":"https:\/\/hcd.malargue.gov.ar\/index.php?rest_route=%2Fwp%2Fv2%2Fmedia&parent=28909"}],"wp:term":[{"taxonomy":"category","embeddable":true,"href":"https:\/\/hcd.malargue.gov.ar\/index.php?rest_route=%2Fwp%2Fv2%2Fcategories&post=28909"},{"taxonomy":"post_tag","embeddable":true,"href":"https:\/\/hcd.malargue.gov.ar\/index.php?rest_route=%2Fwp%2Fv2%2Ftags&post=28909"}],"curies":[{"name":"wp","href":"https:\/\/api.w.org\/{rel}","templated":true}]}}