{"id":28956,"date":"2022-06-27T08:56:59","date_gmt":"2022-06-27T11:56:59","guid":{"rendered":"https:\/\/hcd.malargue.gov.ar\/?p=28956"},"modified":"2022-06-27T08:56:59","modified_gmt":"2022-06-27T11:56:59","slug":"ordenanza-n-2-169-2-022","status":"publish","type":"post","link":"https:\/\/hcd.malargue.gov.ar\/?p=28956","title":{"rendered":"ORDENANZA N\u00b0 2.169\/2.022"},"content":{"rendered":"<p><strong>AUTORA:<\/strong> CONCEJALA DAIANA VARAS<a href=\"http:\/\/hcd.malargue.gov.ar\/hcdpdf\/On%202169%202022%20Prioridad%20Atencion%20Adultos%20Mayores.pdf\"><img loading=\"lazy\" decoding=\"async\" class=\"alignright wp-image-7950\" src=\"https:\/\/hcd.malargue.gov.ar\/wp-content\/uploads\/2018\/06\/PDF-JPG-300x300.jpg\" alt=\"\" width=\"99\" height=\"99\" srcset=\"https:\/\/hcd.malargue.gov.ar\/wp-content\/uploads\/2018\/06\/PDF-JPG-300x300.jpg 300w, https:\/\/hcd.malargue.gov.ar\/wp-content\/uploads\/2018\/06\/PDF-JPG-150x150.jpg 150w, https:\/\/hcd.malargue.gov.ar\/wp-content\/uploads\/2018\/06\/PDF-JPG.jpg 512w\" sizes=\"auto, (max-width: 99px) 100vw, 99px\" \/><\/a><\/p>\n<p data-wp-editing=\"1\">BLOQUE FRENTE CAMBIA MENDOZA<\/p>\n<p>VISTO: El contenido del Expediente N\u00b0 5.097 HC 042 \u2013 2.022. Bloque Frente Cambia Mendoza. Proyecto de Ordenanza: Adherir el Departamento de Malarg\u00fce, a la Ley Provincial N\u00b0 9.337 \u201cPrioridad en la Atenci\u00f3n de Adultos Mayores, Personas Gestantes y Personas con Movilidad Reducida\u201d.<\/p>\n<p>Que en la provincia de Mendoza existe desde el a\u00f1o 2021 una Ley que establece en qu\u00e9 casos e instituciones se debe asegurar la prioridad de atenci\u00f3n a diferentes grupos de personas.<\/p>\n<p>Y;<\/p>\n<p>CONSIDERANDO: Que la norma determina las condiciones bajo las cuales se aplicar\u00e1 dicha obligatoriedad, sus alcances y las sanciones aplicables en caso de incumplimiento.<\/p>\n<p>Que en su Art\u00edculo 10\u00b0 la mencionada norma expresa: \u201cInv\u00edtese a los Municipios, en el \u00e1mbito de sus respectivas competencias administrativas, a adherir a la presente Ley.\u201d<\/p>\n<p>Que en nuestro Departamento hay diversas Instituciones P\u00fablicas y Privadas que atienden a una gran cantidad de p\u00fablico y que no en todas se prioriza a las personas con necesidades especiales.<\/p>\n<p>Que es preciso que las instituciones tomen las medidas necesarias para que los ciudadanos que se encuentren en una situaci\u00f3n de desventaja, de car\u00e1cter transitorio o definitivo,\u00a0 puedan realizar sus tr\u00e1mites o actividades contando con ciertas consideraciones que faciliten los mismos y que el Honorable Concejo Deliberante puede, a trav\u00e9s de la presente adhesi\u00f3n, aportar el marco legal.<\/p>\n<p>EL HONORABLE CONCEJO DELIBERANTE DE LA MUNICIPALIDAD DE MALARG\u00dcE EN USO DE LAS FACULTADES QUE LE SON PROPIAS<\/p>\n<p>ORDENA<\/p>\n<p>ART\u00cdCULO 1\u00ba: Adhi\u00e9rase, el Departamento de Malarg\u00fce, a la Ley Provincial N\u00b0 9.337 \u201cPrioridad en la Atenci\u00f3n de Adultos Mayores, Personas Gestantes y Personas con Movilidad Reducida\u201d.<\/p>\n<p>ART\u00cdCULO 2\u00b0: Solic\u00edtese al Departamento Ejecutivo Municipal la realizaci\u00f3n de una campa\u00f1a de informaci\u00f3n y concientizaci\u00f3n dirigida a instituciones, comercios y poblaci\u00f3n en general, a trav\u00e9s de los medios de que considere pertinentes, en los t\u00e9rminos que establece el Art\u00edculo 6\u00ba de la mencionada Ley: \u201cTodas las reparticiones y establecimientos p\u00fablicos y privados comprendidas en la presente Ley, deber\u00e1n obligatoriamente realizar campa\u00f1as de concientizaci\u00f3n arbitrando los medios necesarios a fin de propiciar una adecuada difusi\u00f3n de esta norma y exhibir la carteler\u00eda que indique que el lugar brinda atenci\u00f3n a las personas pertenecientes a estos grupos mencionados, a trav\u00e9s de indicadores ubicados en lugares visibles de acceso p\u00fablico, todo lo cual ser\u00e1 determinado por el Departamento Ejecutivo mediante reglamentaci\u00f3n\u201d.<\/p>\n<p>ART\u00cdCULO 3\u00ba: Env\u00edese copia de la presente a:<\/p>\n<ul>\n<li>Oficina de Defensa del Consumidor.<\/li>\n<li>C\u00e1mara de Comercio, Industria, Miner\u00eda, Agricultura, Ganader\u00eda y Turismo.<\/li>\n<li>Asociaciones de Jubilados y Pensionados.<\/li>\n<li>Consejo de Adultos Mayores.<\/li>\n<\/ul>\n<p>ART\u00cdCULO 4\u00ba: Comun\u00edquese, reg\u00edstrese, c\u00famplase, publ\u00edquese, agr\u00e9guese copia de la presente en las actuaciones correspondientes y arch\u00edvese.<\/p>\n<p>DADA EN LA SALA DE SESIONES DR. RICARDO BALBIN DEL HONORABLE CONCEJO DELIBERANTE DE LA MUNICIPALIDAD DE MALARG\u00dcE A DIECISEIS D\u00cdAS DE JUNIO DE DOS MIL VEINTIDOS.<\/p>\n<p>&nbsp;<\/p>\n","protected":false},"excerpt":{"rendered":"<p>AUTORA: CONCEJALA DAIANA VARAS BLOQUE FRENTE CAMBIA MENDOZA VISTO: El contenido del Expediente N\u00b0 5.097 HC 042 \u2013 2.022. Bloque Frente Cambia Mendoza. Proyecto de Ordenanza: Adherir el Departamento de Malarg\u00fce, a la Ley Provincial N\u00b0 9.337 \u201cPrioridad en la Atenci\u00f3n de Adultos Mayores, Personas Gestantes y Personas con Movilidad Reducida\u201d. Que en la provincia [&hellip;]<\/p>\n","protected":false},"author":5,"featured_media":28957,"comment_status":"closed","ping_status":"closed","sticky":false,"template":"","format":"standard","meta":{"footnotes":""},"categories":[52,29,48,33],"tags":[],"class_list":["post-28956","post","type-post","status-publish","format-standard","has-post-thumbnail","hentry","category-gacetillas","category-lesgilacion","category-ordenanzas-municipales","category-prensa"],"yoast_head":"<!-- This site is optimized with the Yoast SEO plugin v19.10 - https:\/\/yoast.com\/wordpress\/plugins\/seo\/ -->\n<title>ORDENANZA N\u00b0 2.169\/2.022 - Malarg\u00fce HCD<\/title>\n<meta name=\"robots\" content=\"index, follow, max-snippet:-1, max-image-preview:large, max-video-preview:-1\" \/>\n<link rel=\"canonical\" href=\"https:\/\/hcd.malargue.gov.ar\/?p=28956\" \/>\n<meta property=\"og:locale\" content=\"es_ES\" \/>\n<meta property=\"og:type\" content=\"article\" \/>\n<meta property=\"og:title\" content=\"ORDENANZA N\u00b0 2.169\/2.022 - Malarg\u00fce HCD\" \/>\n<meta property=\"og:description\" content=\"AUTORA: CONCEJALA DAIANA VARAS BLOQUE FRENTE CAMBIA MENDOZA VISTO: El contenido del Expediente N\u00b0 5.097 HC 042 \u2013 2.022. Bloque Frente Cambia Mendoza. Proyecto de Ordenanza: Adherir el Departamento de Malarg\u00fce, a la Ley Provincial N\u00b0 9.337 \u201cPrioridad en la Atenci\u00f3n de Adultos Mayores, Personas Gestantes y Personas con Movilidad Reducida\u201d. Que en la provincia [&hellip;]\" \/>\n<meta property=\"og:url\" content=\"https:\/\/hcd.malargue.gov.ar\/?p=28956\" \/>\n<meta property=\"og:site_name\" content=\"Malarg\u00fce HCD\" \/>\n<meta property=\"article:published_time\" content=\"2022-06-27T11:56:59+00:00\" \/>\n<meta property=\"og:image\" content=\"https:\/\/hcd.malargue.gov.ar\/wp-content\/uploads\/2022\/06\/on-2169-2022.jpg\" \/>\n\t<meta property=\"og:image:width\" content=\"940\" \/>\n\t<meta property=\"og:image:height\" content=\"788\" \/>\n\t<meta property=\"og:image:type\" content=\"image\/jpeg\" \/>\n<meta name=\"author\" content=\"Belen Pedernera Ferragut\" \/>\n<meta name=\"twitter:card\" content=\"summary_large_image\" \/>\n<meta name=\"twitter:label1\" content=\"Escrito por\" \/>\n\t<meta name=\"twitter:data1\" content=\"Belen Pedernera Ferragut\" \/>\n\t<meta name=\"twitter:label2\" content=\"Tiempo de lectura\" \/>\n\t<meta name=\"twitter:data2\" content=\"3 minutos\" \/>\n<script type=\"application\/ld+json\" class=\"yoast-schema-graph\">{\"@context\":\"https:\/\/schema.org\",\"@graph\":[{\"@type\":\"WebPage\",\"@id\":\"https:\/\/hcd.malargue.gov.ar\/?p=28956\",\"url\":\"https:\/\/hcd.malargue.gov.ar\/?p=28956\",\"name\":\"ORDENANZA N\u00b0 2.169\/2.022 - Malarg\u00fce HCD\",\"isPartOf\":{\"@id\":\"https:\/\/hcd.malargue.gov.ar\/#website\"},\"datePublished\":\"2022-06-27T11:56:59+00:00\",\"dateModified\":\"2022-06-27T11:56:59+00:00\",\"author\":{\"@id\":\"https:\/\/hcd.malargue.gov.ar\/#\/schema\/person\/3fd6bbab64edd703961b795156c955d0\"},\"breadcrumb\":{\"@id\":\"https:\/\/hcd.malargue.gov.ar\/?p=28956#breadcrumb\"},\"inLanguage\":\"es-AR\",\"potentialAction\":[{\"@type\":\"ReadAction\",\"target\":[\"https:\/\/hcd.malargue.gov.ar\/?p=28956\"]}]},{\"@type\":\"BreadcrumbList\",\"@id\":\"https:\/\/hcd.malargue.gov.ar\/?p=28956#breadcrumb\",\"itemListElement\":[{\"@type\":\"ListItem\",\"position\":1,\"name\":\"Inicio\",\"item\":\"https:\/\/hcd.malargue.gov.ar\/\"},{\"@type\":\"ListItem\",\"position\":2,\"name\":\"ORDENANZA N\u00b0 2.169\/2.022\"}]},{\"@type\":\"WebSite\",\"@id\":\"https:\/\/hcd.malargue.gov.ar\/#website\",\"url\":\"https:\/\/hcd.malargue.gov.ar\/\",\"name\":\"Malarg\u00fce HCD\",\"description\":\"Malarg\u00fce Mendoza Argentina\",\"potentialAction\":[{\"@type\":\"SearchAction\",\"target\":{\"@type\":\"EntryPoint\",\"urlTemplate\":\"https:\/\/hcd.malargue.gov.ar\/?s={search_term_string}\"},\"query-input\":\"required name=search_term_string\"}],\"inLanguage\":\"es-AR\"},{\"@type\":\"Person\",\"@id\":\"https:\/\/hcd.malargue.gov.ar\/#\/schema\/person\/3fd6bbab64edd703961b795156c955d0\",\"name\":\"Belen Pedernera Ferragut\",\"image\":{\"@type\":\"ImageObject\",\"inLanguage\":\"es-AR\",\"@id\":\"https:\/\/hcd.malargue.gov.ar\/#\/schema\/person\/image\/\",\"url\":\"https:\/\/secure.gravatar.com\/avatar\/1054ffab3893de4bb3eb29bdd22f7e34b8537bf5d34d9dab311818154ad5b71f?s=96&d=mm&r=g\",\"contentUrl\":\"https:\/\/secure.gravatar.com\/avatar\/1054ffab3893de4bb3eb29bdd22f7e34b8537bf5d34d9dab311818154ad5b71f?s=96&d=mm&r=g\",\"caption\":\"Belen Pedernera Ferragut\"},\"url\":\"https:\/\/hcd.malargue.gov.ar\/?author=5\"}]}<\/script>\n<!-- \/ Yoast SEO plugin. -->","yoast_head_json":{"title":"ORDENANZA N\u00b0 2.169\/2.022 - Malarg\u00fce HCD","robots":{"index":"index","follow":"follow","max-snippet":"max-snippet:-1","max-image-preview":"max-image-preview:large","max-video-preview":"max-video-preview:-1"},"canonical":"https:\/\/hcd.malargue.gov.ar\/?p=28956","og_locale":"es_ES","og_type":"article","og_title":"ORDENANZA N\u00b0 2.169\/2.022 - Malarg\u00fce HCD","og_description":"AUTORA: CONCEJALA DAIANA VARAS BLOQUE FRENTE CAMBIA MENDOZA VISTO: El contenido del Expediente N\u00b0 5.097 HC 042 \u2013 2.022. Bloque Frente Cambia Mendoza. Proyecto de Ordenanza: Adherir el Departamento de Malarg\u00fce, a la Ley Provincial N\u00b0 9.337 \u201cPrioridad en la Atenci\u00f3n de Adultos Mayores, Personas Gestantes y Personas con Movilidad Reducida\u201d. Que en la provincia [&hellip;]","og_url":"https:\/\/hcd.malargue.gov.ar\/?p=28956","og_site_name":"Malarg\u00fce HCD","article_published_time":"2022-06-27T11:56:59+00:00","og_image":[{"width":940,"height":788,"url":"https:\/\/hcd.malargue.gov.ar\/wp-content\/uploads\/2022\/06\/on-2169-2022.jpg","type":"image\/jpeg"}],"author":"Belen Pedernera Ferragut","twitter_card":"summary_large_image","twitter_misc":{"Escrito por":"Belen Pedernera Ferragut","Tiempo de lectura":"3 minutos"},"schema":{"@context":"https:\/\/schema.org","@graph":[{"@type":"WebPage","@id":"https:\/\/hcd.malargue.gov.ar\/?p=28956","url":"https:\/\/hcd.malargue.gov.ar\/?p=28956","name":"ORDENANZA N\u00b0 2.169\/2.022 - Malarg\u00fce HCD","isPartOf":{"@id":"https:\/\/hcd.malargue.gov.ar\/#website"},"datePublished":"2022-06-27T11:56:59+00:00","dateModified":"2022-06-27T11:56:59+00:00","author":{"@id":"https:\/\/hcd.malargue.gov.ar\/#\/schema\/person\/3fd6bbab64edd703961b795156c955d0"},"breadcrumb":{"@id":"https:\/\/hcd.malargue.gov.ar\/?p=28956#breadcrumb"},"inLanguage":"es-AR","potentialAction":[{"@type":"ReadAction","target":["https:\/\/hcd.malargue.gov.ar\/?p=28956"]}]},{"@type":"BreadcrumbList","@id":"https:\/\/hcd.malargue.gov.ar\/?p=28956#breadcrumb","itemListElement":[{"@type":"ListItem","position":1,"name":"Inicio","item":"https:\/\/hcd.malargue.gov.ar\/"},{"@type":"ListItem","position":2,"name":"ORDENANZA N\u00b0 2.169\/2.022"}]},{"@type":"WebSite","@id":"https:\/\/hcd.malargue.gov.ar\/#website","url":"https:\/\/hcd.malargue.gov.ar\/","name":"Malarg\u00fce HCD","description":"Malarg\u00fce Mendoza Argentina","potentialAction":[{"@type":"SearchAction","target":{"@type":"EntryPoint","urlTemplate":"https:\/\/hcd.malargue.gov.ar\/?s={search_term_string}"},"query-input":"required name=search_term_string"}],"inLanguage":"es-AR"},{"@type":"Person","@id":"https:\/\/hcd.malargue.gov.ar\/#\/schema\/person\/3fd6bbab64edd703961b795156c955d0","name":"Belen Pedernera Ferragut","image":{"@type":"ImageObject","inLanguage":"es-AR","@id":"https:\/\/hcd.malargue.gov.ar\/#\/schema\/person\/image\/","url":"https:\/\/secure.gravatar.com\/avatar\/1054ffab3893de4bb3eb29bdd22f7e34b8537bf5d34d9dab311818154ad5b71f?s=96&d=mm&r=g","contentUrl":"https:\/\/secure.gravatar.com\/avatar\/1054ffab3893de4bb3eb29bdd22f7e34b8537bf5d34d9dab311818154ad5b71f?s=96&d=mm&r=g","caption":"Belen Pedernera Ferragut"},"url":"https:\/\/hcd.malargue.gov.ar\/?author=5"}]}},"_links":{"self":[{"href":"https:\/\/hcd.malargue.gov.ar\/index.php?rest_route=\/wp\/v2\/posts\/28956","targetHints":{"allow":["GET"]}}],"collection":[{"href":"https:\/\/hcd.malargue.gov.ar\/index.php?rest_route=\/wp\/v2\/posts"}],"about":[{"href":"https:\/\/hcd.malargue.gov.ar\/index.php?rest_route=\/wp\/v2\/types\/post"}],"author":[{"embeddable":true,"href":"https:\/\/hcd.malargue.gov.ar\/index.php?rest_route=\/wp\/v2\/users\/5"}],"replies":[{"embeddable":true,"href":"https:\/\/hcd.malargue.gov.ar\/index.php?rest_route=%2Fwp%2Fv2%2Fcomments&post=28956"}],"version-history":[{"count":0,"href":"https:\/\/hcd.malargue.gov.ar\/index.php?rest_route=\/wp\/v2\/posts\/28956\/revisions"}],"wp:featuredmedia":[{"embeddable":true,"href":"https:\/\/hcd.malargue.gov.ar\/index.php?rest_route=\/wp\/v2\/media\/28957"}],"wp:attachment":[{"href":"https:\/\/hcd.malargue.gov.ar\/index.php?rest_route=%2Fwp%2Fv2%2Fmedia&parent=28956"}],"wp:term":[{"taxonomy":"category","embeddable":true,"href":"https:\/\/hcd.malargue.gov.ar\/index.php?rest_route=%2Fwp%2Fv2%2Fcategories&post=28956"},{"taxonomy":"post_tag","embeddable":true,"href":"https:\/\/hcd.malargue.gov.ar\/index.php?rest_route=%2Fwp%2Fv2%2Ftags&post=28956"}],"curies":[{"name":"wp","href":"https:\/\/api.w.org\/{rel}","templated":true}]}}