{"id":29071,"date":"2022-07-04T09:40:53","date_gmt":"2022-07-04T12:40:53","guid":{"rendered":"https:\/\/hcd.malargue.gov.ar\/?p=29071"},"modified":"2022-07-04T09:40:53","modified_gmt":"2022-07-04T12:40:53","slug":"resolucion-n-201-2-022","status":"publish","type":"post","link":"https:\/\/hcd.malargue.gov.ar\/?p=29071","title":{"rendered":"RESOLUCI\u00d3N N\u00b0 201\/2.022"},"content":{"rendered":"<p><strong>AUTORES:<\/strong> CONCEJALES ANDRES RISI, RODRIGO HIDALGO, SILVIA CORREA Y FRANCISCO PARADA<a href=\"http:\/\/hcd.malargue.gov.ar\/hcdpdf\/Rn%20201%202022%20Incorporacion%20Personas%20Discapacidad%20Administracion%20Publica%20Municipal.pdf\"><img loading=\"lazy\" decoding=\"async\" class=\"alignright wp-image-7950\" src=\"https:\/\/hcd.malargue.gov.ar\/wp-content\/uploads\/2018\/06\/PDF-JPG-300x300.jpg\" alt=\"\" width=\"90\" height=\"90\" srcset=\"https:\/\/hcd.malargue.gov.ar\/wp-content\/uploads\/2018\/06\/PDF-JPG-300x300.jpg 300w, https:\/\/hcd.malargue.gov.ar\/wp-content\/uploads\/2018\/06\/PDF-JPG-150x150.jpg 150w, https:\/\/hcd.malargue.gov.ar\/wp-content\/uploads\/2018\/06\/PDF-JPG.jpg 512w\" sizes=\"auto, (max-width: 90px) 100vw, 90px\" \/><\/a><\/p>\n<p data-wp-editing=\"1\">INTER BLOQUE FRENTE DE TODOS Y PARTIDO FEDERAL<\/p>\n<p>VISTO: El contenido del Expediente N\u00b0 5.111 HC 043 \u2013 2.022. Interbloque Frente de Todos \u2013 Partido Federal. Proyecto de Resoluci\u00f3n: Solicitar al Departamento Ejecutivo el cumplimiento de la Ordenanza N\u00ba 1.557\/2.011 Incorporaci\u00f3n de Personas con Discapacidad a la Administraci\u00f3n P\u00fablica Municipal.<\/p>\n<p>El contenido de la Ley Nacional N\u00ba 22.431 que establece un cupo laboral del 4% \u00a0para personas con discapacidad del total de empleados del Estado Nacional.<\/p>\n<p>Y;<\/p>\n<p>CONSIDERANDO: Que la Ordenanza N\u00ba 1.557\/2011 emanada de este Concejo Deliberante obliga la incorporaci\u00f3n de personas con discapacidad a la Administraci\u00f3n P\u00fablica Municipal en una proporci\u00f3n no inferior al 4 % de la totalidad de su personal con el objeto de promover la igualdad de oportunidades e inclusi\u00f3n de discapacidad para su desempe\u00f1o eficaz en la sociedad mediante la adecuada integraci\u00f3n social y laboral.<\/p>\n<p>Que en la Provincia de Mendoza se dict\u00f3 la Ley N\u00b0 5.041 el 19 de Septiembre de 1985 que estableci\u00f3 un r\u00e9gimen de protecci\u00f3n de las personas con discapacidad que ten\u00eda por finalidad asegurar la organizaci\u00f3n del sistema de protecci\u00f3n, la atenci\u00f3n m\u00e9dica, educaci\u00f3n, seguridad social, aprovechamiento del tiempo libre; y la igualdad de oportunidades para su desempe\u00f1o eficaz en la sociedad.<\/p>\n<p>Que actualmente esto ha resultado poco preciso y las personas con discapacidad, se ven atrapadas en expedientes que nunca se resuelven en b\u00fasqueda de certificados, becas, recursos que necesitan por su condici\u00f3n y fundamentalmente, trabajo.<\/p>\n<p>Que la Ley Integral de Discapacidad es un avance cuali y cuantitativo en el acceso de las personas con discapacidad a la educaci\u00f3n, la salud, la inserci\u00f3n laboral, deporte, transporte, cultura y entretenimiento, etc.<\/p>\n<p>Que el objeto de la Ordenanza Municipal N\u00ba 1.557\/2011 es incorporar en una proporci\u00f3n no inferior al cuatro (4) % a Personas con Discapacidad a la Administraci\u00f3n P\u00fablica Municipal, al fin de dar cumplimiento a lo dispuesto en el Art\u00edculo 13\u00ba de la Ley N\u00ba 5.041 de la Provincia de Mendoza.<\/p>\n<p>Que el informe enviado por la Municipalidad de Malarg\u00fce a trav\u00e9s del ticket\u00a0N\u00ba\u00a02529006, \u00a0Ley N\u00b0 9070 de Acceso a la Informaci\u00f3n P\u00fablica, indica que s\u00f3lo 25 agentes representan el cupo laboral por discapacidad y que representar\u00eda el 4% de una planta total de 625 empleados, considerablemente menor a la planta que actualmente posee el Municipio de Malarg\u00fce.<\/p>\n<p>EL HONORABLE CONCEJO DELIBERANTE DE LA MUNICIPALIDAD DE MALARGUE EN USO DE LAS FACULTADES QUE LE SON PROPIAS<\/p>\n<p>RESUELVE<\/p>\n<p>ART\u00cdCULO 1\u00ba: Solicitar al Departamento Ejecutivo Municipal el estricto cumplimiento de la Ordenanza N\u00ba 1.557\/2011 sobre la incorporaci\u00f3n de Personas con Discapacidad a la Administraci\u00f3n P\u00fablica Municipal en una proporci\u00f3n no inferior al 4 % de la totalidad de su personal con el objeto de promover la igualdad de oportunidades e inclusi\u00f3n de discapacidad para su desempe\u00f1o eficaz en la sociedad mediante la adecuada integraci\u00f3n social y laboral.<\/p>\n<p>ART\u00cdCULO 2\u00ba: Remitir trimestralmente a este Honorable Concejo Deliberante el listado de personas alcanzadas por lo determinado\u00a0 en\u00a0 la Ordenanza N\u00ba 1.557\/2011 hasta cumplir los objetivos de la misma.<\/p>\n<p>ART\u00cdCULO 3\u00ba: Comun\u00edquese, reg\u00edstrese, agr\u00e9guese copia de la presente en las actuaciones correspondientes y arch\u00edvese.<\/p>\n<p>DADA EN LA SALA DE SESIONES DR. RICARDO BALBIN DEL HONORABLE CONCEJO DELIBERANTE DE LA MUNICIPALIDAD DE MALARG\u00dcE A VEINTITRES DIAS DE JUNIO DE DOS MIL VEINTIDOS.<\/p>\n","protected":false},"excerpt":{"rendered":"<p>AUTORES: CONCEJALES ANDRES RISI, RODRIGO HIDALGO, SILVIA CORREA Y FRANCISCO PARADA INTER BLOQUE FRENTE DE TODOS Y PARTIDO FEDERAL VISTO: El contenido del Expediente N\u00b0 5.111 HC 043 \u2013 2.022. Interbloque Frente de Todos \u2013 Partido Federal. Proyecto de Resoluci\u00f3n: Solicitar al Departamento Ejecutivo el cumplimiento de la Ordenanza N\u00ba 1.557\/2.011 Incorporaci\u00f3n de Personas con [&hellip;]<\/p>\n","protected":false},"author":5,"featured_media":29072,"comment_status":"closed","ping_status":"closed","sticky":false,"template":"","format":"standard","meta":{"footnotes":""},"categories":[52,29,33,51],"tags":[],"class_list":["post-29071","post","type-post","status-publish","format-standard","has-post-thumbnail","hentry","category-gacetillas","category-lesgilacion","category-prensa","category-resoluciones"],"yoast_head":"<!-- This site is optimized with the Yoast SEO plugin v19.10 - https:\/\/yoast.com\/wordpress\/plugins\/seo\/ -->\n<title>RESOLUCI\u00d3N N\u00b0 201\/2.022 - Malarg\u00fce HCD<\/title>\n<meta name=\"robots\" content=\"index, follow, max-snippet:-1, max-image-preview:large, max-video-preview:-1\" \/>\n<link rel=\"canonical\" href=\"https:\/\/hcd.malargue.gov.ar\/?p=29071\" \/>\n<meta property=\"og:locale\" content=\"es_ES\" \/>\n<meta property=\"og:type\" content=\"article\" \/>\n<meta property=\"og:title\" content=\"RESOLUCI\u00d3N N\u00b0 201\/2.022 - Malarg\u00fce HCD\" \/>\n<meta property=\"og:description\" content=\"AUTORES: CONCEJALES ANDRES RISI, RODRIGO HIDALGO, SILVIA CORREA Y FRANCISCO PARADA INTER BLOQUE FRENTE DE TODOS Y PARTIDO FEDERAL VISTO: El contenido del Expediente N\u00b0 5.111 HC 043 \u2013 2.022. Interbloque Frente de Todos \u2013 Partido Federal. Proyecto de Resoluci\u00f3n: Solicitar al Departamento Ejecutivo el cumplimiento de la Ordenanza N\u00ba 1.557\/2.011 Incorporaci\u00f3n de Personas con [&hellip;]\" \/>\n<meta property=\"og:url\" content=\"https:\/\/hcd.malargue.gov.ar\/?p=29071\" \/>\n<meta property=\"og:site_name\" content=\"Malarg\u00fce HCD\" \/>\n<meta property=\"article:published_time\" content=\"2022-07-04T12:40:53+00:00\" \/>\n<meta property=\"og:image\" content=\"https:\/\/hcd.malargue.gov.ar\/wp-content\/uploads\/2022\/07\/RN-201-2022.jpg\" \/>\n\t<meta property=\"og:image:width\" content=\"940\" \/>\n\t<meta property=\"og:image:height\" content=\"788\" \/>\n\t<meta property=\"og:image:type\" content=\"image\/jpeg\" \/>\n<meta name=\"author\" content=\"Belen Pedernera Ferragut\" \/>\n<meta name=\"twitter:card\" content=\"summary_large_image\" \/>\n<meta name=\"twitter:label1\" content=\"Escrito por\" \/>\n\t<meta name=\"twitter:data1\" content=\"Belen Pedernera Ferragut\" \/>\n\t<meta name=\"twitter:label2\" content=\"Tiempo de lectura\" \/>\n\t<meta name=\"twitter:data2\" content=\"3 minutos\" \/>\n<script type=\"application\/ld+json\" class=\"yoast-schema-graph\">{\"@context\":\"https:\/\/schema.org\",\"@graph\":[{\"@type\":\"WebPage\",\"@id\":\"https:\/\/hcd.malargue.gov.ar\/?p=29071\",\"url\":\"https:\/\/hcd.malargue.gov.ar\/?p=29071\",\"name\":\"RESOLUCI\u00d3N N\u00b0 201\/2.022 - Malarg\u00fce HCD\",\"isPartOf\":{\"@id\":\"https:\/\/hcd.malargue.gov.ar\/#website\"},\"datePublished\":\"2022-07-04T12:40:53+00:00\",\"dateModified\":\"2022-07-04T12:40:53+00:00\",\"author\":{\"@id\":\"https:\/\/hcd.malargue.gov.ar\/#\/schema\/person\/3fd6bbab64edd703961b795156c955d0\"},\"breadcrumb\":{\"@id\":\"https:\/\/hcd.malargue.gov.ar\/?p=29071#breadcrumb\"},\"inLanguage\":\"es-AR\",\"potentialAction\":[{\"@type\":\"ReadAction\",\"target\":[\"https:\/\/hcd.malargue.gov.ar\/?p=29071\"]}]},{\"@type\":\"BreadcrumbList\",\"@id\":\"https:\/\/hcd.malargue.gov.ar\/?p=29071#breadcrumb\",\"itemListElement\":[{\"@type\":\"ListItem\",\"position\":1,\"name\":\"Inicio\",\"item\":\"https:\/\/hcd.malargue.gov.ar\/\"},{\"@type\":\"ListItem\",\"position\":2,\"name\":\"RESOLUCI\u00d3N N\u00b0 201\/2.022\"}]},{\"@type\":\"WebSite\",\"@id\":\"https:\/\/hcd.malargue.gov.ar\/#website\",\"url\":\"https:\/\/hcd.malargue.gov.ar\/\",\"name\":\"Malarg\u00fce HCD\",\"description\":\"Malarg\u00fce Mendoza Argentina\",\"potentialAction\":[{\"@type\":\"SearchAction\",\"target\":{\"@type\":\"EntryPoint\",\"urlTemplate\":\"https:\/\/hcd.malargue.gov.ar\/?s={search_term_string}\"},\"query-input\":\"required name=search_term_string\"}],\"inLanguage\":\"es-AR\"},{\"@type\":\"Person\",\"@id\":\"https:\/\/hcd.malargue.gov.ar\/#\/schema\/person\/3fd6bbab64edd703961b795156c955d0\",\"name\":\"Belen Pedernera Ferragut\",\"image\":{\"@type\":\"ImageObject\",\"inLanguage\":\"es-AR\",\"@id\":\"https:\/\/hcd.malargue.gov.ar\/#\/schema\/person\/image\/\",\"url\":\"https:\/\/secure.gravatar.com\/avatar\/1054ffab3893de4bb3eb29bdd22f7e34b8537bf5d34d9dab311818154ad5b71f?s=96&d=mm&r=g\",\"contentUrl\":\"https:\/\/secure.gravatar.com\/avatar\/1054ffab3893de4bb3eb29bdd22f7e34b8537bf5d34d9dab311818154ad5b71f?s=96&d=mm&r=g\",\"caption\":\"Belen Pedernera Ferragut\"},\"url\":\"https:\/\/hcd.malargue.gov.ar\/?author=5\"}]}<\/script>\n<!-- \/ Yoast SEO plugin. -->","yoast_head_json":{"title":"RESOLUCI\u00d3N N\u00b0 201\/2.022 - Malarg\u00fce HCD","robots":{"index":"index","follow":"follow","max-snippet":"max-snippet:-1","max-image-preview":"max-image-preview:large","max-video-preview":"max-video-preview:-1"},"canonical":"https:\/\/hcd.malargue.gov.ar\/?p=29071","og_locale":"es_ES","og_type":"article","og_title":"RESOLUCI\u00d3N N\u00b0 201\/2.022 - Malarg\u00fce HCD","og_description":"AUTORES: CONCEJALES ANDRES RISI, RODRIGO HIDALGO, SILVIA CORREA Y FRANCISCO PARADA INTER BLOQUE FRENTE DE TODOS Y PARTIDO FEDERAL VISTO: El contenido del Expediente N\u00b0 5.111 HC 043 \u2013 2.022. Interbloque Frente de Todos \u2013 Partido Federal. Proyecto de Resoluci\u00f3n: Solicitar al Departamento Ejecutivo el cumplimiento de la Ordenanza N\u00ba 1.557\/2.011 Incorporaci\u00f3n de Personas con [&hellip;]","og_url":"https:\/\/hcd.malargue.gov.ar\/?p=29071","og_site_name":"Malarg\u00fce HCD","article_published_time":"2022-07-04T12:40:53+00:00","og_image":[{"width":940,"height":788,"url":"https:\/\/hcd.malargue.gov.ar\/wp-content\/uploads\/2022\/07\/RN-201-2022.jpg","type":"image\/jpeg"}],"author":"Belen Pedernera Ferragut","twitter_card":"summary_large_image","twitter_misc":{"Escrito por":"Belen Pedernera Ferragut","Tiempo de lectura":"3 minutos"},"schema":{"@context":"https:\/\/schema.org","@graph":[{"@type":"WebPage","@id":"https:\/\/hcd.malargue.gov.ar\/?p=29071","url":"https:\/\/hcd.malargue.gov.ar\/?p=29071","name":"RESOLUCI\u00d3N N\u00b0 201\/2.022 - Malarg\u00fce HCD","isPartOf":{"@id":"https:\/\/hcd.malargue.gov.ar\/#website"},"datePublished":"2022-07-04T12:40:53+00:00","dateModified":"2022-07-04T12:40:53+00:00","author":{"@id":"https:\/\/hcd.malargue.gov.ar\/#\/schema\/person\/3fd6bbab64edd703961b795156c955d0"},"breadcrumb":{"@id":"https:\/\/hcd.malargue.gov.ar\/?p=29071#breadcrumb"},"inLanguage":"es-AR","potentialAction":[{"@type":"ReadAction","target":["https:\/\/hcd.malargue.gov.ar\/?p=29071"]}]},{"@type":"BreadcrumbList","@id":"https:\/\/hcd.malargue.gov.ar\/?p=29071#breadcrumb","itemListElement":[{"@type":"ListItem","position":1,"name":"Inicio","item":"https:\/\/hcd.malargue.gov.ar\/"},{"@type":"ListItem","position":2,"name":"RESOLUCI\u00d3N N\u00b0 201\/2.022"}]},{"@type":"WebSite","@id":"https:\/\/hcd.malargue.gov.ar\/#website","url":"https:\/\/hcd.malargue.gov.ar\/","name":"Malarg\u00fce HCD","description":"Malarg\u00fce Mendoza Argentina","potentialAction":[{"@type":"SearchAction","target":{"@type":"EntryPoint","urlTemplate":"https:\/\/hcd.malargue.gov.ar\/?s={search_term_string}"},"query-input":"required name=search_term_string"}],"inLanguage":"es-AR"},{"@type":"Person","@id":"https:\/\/hcd.malargue.gov.ar\/#\/schema\/person\/3fd6bbab64edd703961b795156c955d0","name":"Belen Pedernera Ferragut","image":{"@type":"ImageObject","inLanguage":"es-AR","@id":"https:\/\/hcd.malargue.gov.ar\/#\/schema\/person\/image\/","url":"https:\/\/secure.gravatar.com\/avatar\/1054ffab3893de4bb3eb29bdd22f7e34b8537bf5d34d9dab311818154ad5b71f?s=96&d=mm&r=g","contentUrl":"https:\/\/secure.gravatar.com\/avatar\/1054ffab3893de4bb3eb29bdd22f7e34b8537bf5d34d9dab311818154ad5b71f?s=96&d=mm&r=g","caption":"Belen Pedernera Ferragut"},"url":"https:\/\/hcd.malargue.gov.ar\/?author=5"}]}},"_links":{"self":[{"href":"https:\/\/hcd.malargue.gov.ar\/index.php?rest_route=\/wp\/v2\/posts\/29071","targetHints":{"allow":["GET"]}}],"collection":[{"href":"https:\/\/hcd.malargue.gov.ar\/index.php?rest_route=\/wp\/v2\/posts"}],"about":[{"href":"https:\/\/hcd.malargue.gov.ar\/index.php?rest_route=\/wp\/v2\/types\/post"}],"author":[{"embeddable":true,"href":"https:\/\/hcd.malargue.gov.ar\/index.php?rest_route=\/wp\/v2\/users\/5"}],"replies":[{"embeddable":true,"href":"https:\/\/hcd.malargue.gov.ar\/index.php?rest_route=%2Fwp%2Fv2%2Fcomments&post=29071"}],"version-history":[{"count":0,"href":"https:\/\/hcd.malargue.gov.ar\/index.php?rest_route=\/wp\/v2\/posts\/29071\/revisions"}],"wp:featuredmedia":[{"embeddable":true,"href":"https:\/\/hcd.malargue.gov.ar\/index.php?rest_route=\/wp\/v2\/media\/29072"}],"wp:attachment":[{"href":"https:\/\/hcd.malargue.gov.ar\/index.php?rest_route=%2Fwp%2Fv2%2Fmedia&parent=29071"}],"wp:term":[{"taxonomy":"category","embeddable":true,"href":"https:\/\/hcd.malargue.gov.ar\/index.php?rest_route=%2Fwp%2Fv2%2Fcategories&post=29071"},{"taxonomy":"post_tag","embeddable":true,"href":"https:\/\/hcd.malargue.gov.ar\/index.php?rest_route=%2Fwp%2Fv2%2Ftags&post=29071"}],"curies":[{"name":"wp","href":"https:\/\/api.w.org\/{rel}","templated":true}]}}