{"id":29168,"date":"2022-07-08T09:21:01","date_gmt":"2022-07-08T12:21:01","guid":{"rendered":"https:\/\/hcd.malargue.gov.ar\/?p=29168"},"modified":"2022-07-08T09:21:01","modified_gmt":"2022-07-08T12:21:01","slug":"comunicacion-n-477-2-022","status":"publish","type":"post","link":"https:\/\/hcd.malargue.gov.ar\/?p=29168","title":{"rendered":"COMUNICACI\u00d3N N\u00b0 477\/2.022"},"content":{"rendered":"<p><strong>AUTORES:<\/strong> CONCEJALES ANDRES RISI, RODRIGO HIDALGO, SILVIA CORREA<\/p>\n<p data-wp-editing=\"1\">BLOQUE FRENTE DE TODOS <a href=\"http:\/\/hcd.malargue.gov.ar\/hcdpdf\/Com%20477%202022%20nomina%20Barrios%20Populares%20malargue.pdf\"><img loading=\"lazy\" decoding=\"async\" class=\"alignright wp-image-7950\" src=\"https:\/\/hcd.malargue.gov.ar\/wp-content\/uploads\/2018\/06\/PDF-JPG-300x300.jpg\" alt=\"\" width=\"96\" height=\"96\" srcset=\"https:\/\/hcd.malargue.gov.ar\/wp-content\/uploads\/2018\/06\/PDF-JPG-300x300.jpg 300w, https:\/\/hcd.malargue.gov.ar\/wp-content\/uploads\/2018\/06\/PDF-JPG-150x150.jpg 150w, https:\/\/hcd.malargue.gov.ar\/wp-content\/uploads\/2018\/06\/PDF-JPG.jpg 512w\" sizes=\"auto, (max-width: 96px) 100vw, 96px\" \/><\/a><\/p>\n<p>VISTO: El contenido del Expediente N\u00b0 5.091 HC 042 \u2013 2.022. Bloque Frente de Todos. Proyecto de Comunicaci\u00f3n: Comunicar al Departamento Ejecutivo, Entes Reguladores de la Provincia y Empresas Prestadoras de Servicios la n\u00f3mina de Barrios Populares reconocidos en el Departamento de Malarg\u00fce, seg\u00fan la \u00faltima actualizaci\u00f3n del Registro Nacional de Barrios Populares.<\/p>\n<p>Y;<\/p>\n<p>CONSIDERANDO: Que el 10 de octubre de 2.018 se sanciona\u00a0 la Ley N\u00b0 27453 de R\u00e9gimen de Regularizaci\u00f3n Dominial para la Integraci\u00f3n Socio-Urbana y se publica en el Bolet\u00edn Nacional el 29 de Octubre de ese mismo a\u00f1o.<\/p>\n<p>Que dicha norma fomenta un conjunto de acciones para mejorar y ampliar el equipamiento social y de la infraestructura, el acceso a los servicios, el tratamiento de los espacios libres y p\u00fablicos, la eliminaci\u00f3n de barreras urbanas; la accesibilidad y la conectividad, el saneamiento ambiental; el fortalecimiento de las actividades econ\u00f3micas familiares, el redimensionamiento parcelario, la seguridad en la tenencia de los terrenos y las viviendas y la regularizaci\u00f3n del dominio de los terrenos y viviendas.<\/p>\n<p>Que la Ley alcanza a hogares de\u00a0 barrios populares identificados en el Registro Nacional de Barrios Populares en Proceso de Integraci\u00f3n Urbana (Re.Na.Ba.P.) en todo el pa\u00eds.<\/p>\n<p>Que a partir de esta Ley, el Estado Nacional debe expropiar esos terrenos para que pasen a su patrimonio. De esa manera, el Estado Nacional luego puede entregar el dominio de cada vivienda a los habitantes de los barrios populares que sean sus leg\u00edtimos ocupantes y cuya finalidad del inmueble debe ser la vivienda \u00fanica, familiar y de ocupaci\u00f3n permanente.<\/p>\n<p>Que el Registro de Barrios Populares permite que sus habitantes tengan Certificado de Vivienda Familiar y puedan probar su domicilio, tener cobertura de salud y conectarse a servicios p\u00fablicos sin el requisito de planos de construcci\u00f3n y cuando la vivienda lo permita, entre otros beneficios.<\/p>\n<p>Que la \u00faltima actualizaci\u00f3n del Registro Nacional de Barrios Populares contiene 5.687 barrios populares ubicados en 949 localidades en las 24 provincias de nuestro pa\u00eds, estos barrios abarcan 590 km2 y alojan a m\u00e1s de un mill\u00f3n de familias.<\/p>\n<p>Que en dicho trabajo de reajuste se realizaron m\u00e1s de 4 mil cambios geom\u00e9tricos nuevos, (ampliaciones, divisiones, unificaciones, ajustes varios, etc.), visitando el a\u00f1o pasado a\u00a0 1.373 localidades en todo el pa\u00eds para verificar las caracter\u00edsticas de los barrios, analizando m\u00e1s\u00a0 de 3 mil propuestas que llegaron v\u00eda formulario de gobiernos municipales y provinciales, otras \u00e1reas de naci\u00f3n, organizaciones sociales y vecinas de barrios populares.<\/p>\n<p>Que por su parte Malarg\u00fce, incorpor\u00f3 dos barrios al registro, correspondientes al Barrio Virgen de los Vientos (s\u00f3lo un tramo donde se ubican 12 familias) quien a partir de ahora lleva el ID 5486, Barrio Pequenco (lo que se conoce como Cortina Forestal y que alberga a 70 familias malarg\u00fcinas) con n\u00famero de ID 5845 y se aprob\u00f3 la ampliaci\u00f3n de pol\u00edgono de la Colonia H\u00edpica (cubriendo ahora a 250 familias) conservando su ID 3420.<\/p>\n<p>Que de acuerdo a este \u00faltimo informe, Malarg\u00fce cuenta con 5 pol\u00edgonos inscriptos en el Re.Na.Ba.P, que acceder\u00edan a todos los beneficios que la Ley de R\u00e9gimen de Regularizaci\u00f3n Dominial para la Integraci\u00f3n Socio-Urbana alcanza.<\/p>\n<p>EL HONORABLE CONCEJO DELIBERANTE DE LA MUNICIPALIDAD DE MALARGUE EN USO DE LAS FACULTADES QUE LE SON PROPIAS<\/p>\n<p>COMUNICA<\/p>\n<p>ART\u00cdCULO 1\u00ba: Que ver\u00eda con agrado que el Departamento Ejecutivo Municipal tome conocimiento de los Barrios alcanzados por la Ley N\u00b0 27.453 de R\u00e9gimen de Regularizaci\u00f3n Dominial para la Integraci\u00f3n Socio-Urbana a los pol\u00edgonos inscriptos en el Registro Nacional de Barrios Populares en Proceso de Integraci\u00f3n Socio \u2013 Urbana (Re.Na.Ba.P. ), cuyos croquis se adjuntan en el Anexo l y que alcanzan a casi 480 familias de los Barrios Carbometal ID.3407, Colonia H\u00edpica ID.3420, Nueva Esperanza ID.3455, Pequenco ID.5485 y Virgen de Los Vientos ID.5486.<\/p>\n<p>ART\u00cdCULO 2\u00ba: Elevar copia de la presente pieza legal a:<\/p>\n<ul>\n<li>Ente Provincial del Agua y Saneamiento (E.P.A.S.)<\/li>\n<li>Ente Provincial Regulador El\u00e9ctrico (E.Pr.E.)<\/li>\n<li>Agua y Saneamiento Mendoza (A.y Sa.M)<\/li>\n<li>Distribuidora de Gas Cuyana S.A. (Ecogas)<\/li>\n<li>Empresa Distribuidora de Electricidad Mendoza S.A. (E.D.E.M.S.A.)<\/li>\n<\/ul>\n<p>ART\u00cdCULO 2\u00ba: Comun\u00edquese, reg\u00edstrese, agr\u00e9guese copia de la presente en las actuaciones correspondientes y arch\u00edvese.<\/p>\n<p>DADA EN LA SALA DE SESIONES DR. RICARDO BALBIN DEL HONORABLE CONCEJO DELIBERANTE DE LA MUNICIPALIDAD DE MALARG\u00dcE A TREINTA DIAS DE JUNIO DE DOS MIL VEINTIDOS.<\/p>\n<p>&nbsp;<\/p>\n<p>&nbsp;<\/p>\n","protected":false},"excerpt":{"rendered":"<p>AUTORES: CONCEJALES ANDRES RISI, RODRIGO HIDALGO, SILVIA CORREA BLOQUE FRENTE DE TODOS VISTO: El contenido del Expediente N\u00b0 5.091 HC 042 \u2013 2.022. Bloque Frente de Todos. Proyecto de Comunicaci\u00f3n: Comunicar al Departamento Ejecutivo, Entes Reguladores de la Provincia y Empresas Prestadoras de Servicios la n\u00f3mina de Barrios Populares reconocidos en el Departamento de Malarg\u00fce, [&hellip;]<\/p>\n","protected":false},"author":5,"featured_media":29169,"comment_status":"closed","ping_status":"closed","sticky":false,"template":"","format":"standard","meta":{"footnotes":""},"categories":[47,52,29,33],"tags":[],"class_list":["post-29168","post","type-post","status-publish","format-standard","has-post-thumbnail","hentry","category-comunicaciones","category-gacetillas","category-lesgilacion","category-prensa"],"yoast_head":"<!-- This site is optimized with the Yoast SEO plugin v19.10 - https:\/\/yoast.com\/wordpress\/plugins\/seo\/ -->\n<title>COMUNICACI\u00d3N N\u00b0 477\/2.022 - Malarg\u00fce HCD<\/title>\n<meta name=\"robots\" content=\"index, follow, max-snippet:-1, max-image-preview:large, max-video-preview:-1\" \/>\n<link rel=\"canonical\" href=\"https:\/\/hcd.malargue.gov.ar\/?p=29168\" \/>\n<meta property=\"og:locale\" content=\"es_ES\" \/>\n<meta property=\"og:type\" content=\"article\" \/>\n<meta property=\"og:title\" content=\"COMUNICACI\u00d3N N\u00b0 477\/2.022 - Malarg\u00fce HCD\" \/>\n<meta property=\"og:description\" content=\"AUTORES: CONCEJALES ANDRES RISI, RODRIGO HIDALGO, SILVIA CORREA BLOQUE FRENTE DE TODOS VISTO: El contenido del Expediente N\u00b0 5.091 HC 042 \u2013 2.022. Bloque Frente de Todos. Proyecto de Comunicaci\u00f3n: Comunicar al Departamento Ejecutivo, Entes Reguladores de la Provincia y Empresas Prestadoras de Servicios la n\u00f3mina de Barrios Populares reconocidos en el Departamento de Malarg\u00fce, [&hellip;]\" \/>\n<meta property=\"og:url\" content=\"https:\/\/hcd.malargue.gov.ar\/?p=29168\" \/>\n<meta property=\"og:site_name\" content=\"Malarg\u00fce HCD\" \/>\n<meta property=\"article:published_time\" content=\"2022-07-08T12:21:01+00:00\" \/>\n<meta property=\"og:image\" content=\"https:\/\/hcd.malargue.gov.ar\/wp-content\/uploads\/2022\/07\/COMUNICACION-477-2022.jpg\" \/>\n\t<meta property=\"og:image:width\" content=\"940\" \/>\n\t<meta property=\"og:image:height\" content=\"788\" \/>\n\t<meta property=\"og:image:type\" content=\"image\/jpeg\" \/>\n<meta name=\"author\" content=\"Belen Pedernera Ferragut\" \/>\n<meta name=\"twitter:card\" content=\"summary_large_image\" \/>\n<meta name=\"twitter:label1\" content=\"Escrito por\" \/>\n\t<meta name=\"twitter:data1\" content=\"Belen Pedernera Ferragut\" \/>\n\t<meta name=\"twitter:label2\" content=\"Tiempo de lectura\" \/>\n\t<meta name=\"twitter:data2\" content=\"4 minutos\" \/>\n<script type=\"application\/ld+json\" class=\"yoast-schema-graph\">{\"@context\":\"https:\/\/schema.org\",\"@graph\":[{\"@type\":\"WebPage\",\"@id\":\"https:\/\/hcd.malargue.gov.ar\/?p=29168\",\"url\":\"https:\/\/hcd.malargue.gov.ar\/?p=29168\",\"name\":\"COMUNICACI\u00d3N N\u00b0 477\/2.022 - Malarg\u00fce HCD\",\"isPartOf\":{\"@id\":\"https:\/\/hcd.malargue.gov.ar\/#website\"},\"datePublished\":\"2022-07-08T12:21:01+00:00\",\"dateModified\":\"2022-07-08T12:21:01+00:00\",\"author\":{\"@id\":\"https:\/\/hcd.malargue.gov.ar\/#\/schema\/person\/3fd6bbab64edd703961b795156c955d0\"},\"breadcrumb\":{\"@id\":\"https:\/\/hcd.malargue.gov.ar\/?p=29168#breadcrumb\"},\"inLanguage\":\"es-AR\",\"potentialAction\":[{\"@type\":\"ReadAction\",\"target\":[\"https:\/\/hcd.malargue.gov.ar\/?p=29168\"]}]},{\"@type\":\"BreadcrumbList\",\"@id\":\"https:\/\/hcd.malargue.gov.ar\/?p=29168#breadcrumb\",\"itemListElement\":[{\"@type\":\"ListItem\",\"position\":1,\"name\":\"Inicio\",\"item\":\"https:\/\/hcd.malargue.gov.ar\/\"},{\"@type\":\"ListItem\",\"position\":2,\"name\":\"COMUNICACI\u00d3N N\u00b0 477\/2.022\"}]},{\"@type\":\"WebSite\",\"@id\":\"https:\/\/hcd.malargue.gov.ar\/#website\",\"url\":\"https:\/\/hcd.malargue.gov.ar\/\",\"name\":\"Malarg\u00fce HCD\",\"description\":\"Malarg\u00fce Mendoza Argentina\",\"potentialAction\":[{\"@type\":\"SearchAction\",\"target\":{\"@type\":\"EntryPoint\",\"urlTemplate\":\"https:\/\/hcd.malargue.gov.ar\/?s={search_term_string}\"},\"query-input\":\"required name=search_term_string\"}],\"inLanguage\":\"es-AR\"},{\"@type\":\"Person\",\"@id\":\"https:\/\/hcd.malargue.gov.ar\/#\/schema\/person\/3fd6bbab64edd703961b795156c955d0\",\"name\":\"Belen Pedernera Ferragut\",\"image\":{\"@type\":\"ImageObject\",\"inLanguage\":\"es-AR\",\"@id\":\"https:\/\/hcd.malargue.gov.ar\/#\/schema\/person\/image\/\",\"url\":\"https:\/\/secure.gravatar.com\/avatar\/1054ffab3893de4bb3eb29bdd22f7e34b8537bf5d34d9dab311818154ad5b71f?s=96&d=mm&r=g\",\"contentUrl\":\"https:\/\/secure.gravatar.com\/avatar\/1054ffab3893de4bb3eb29bdd22f7e34b8537bf5d34d9dab311818154ad5b71f?s=96&d=mm&r=g\",\"caption\":\"Belen Pedernera Ferragut\"},\"url\":\"https:\/\/hcd.malargue.gov.ar\/?author=5\"}]}<\/script>\n<!-- \/ Yoast SEO plugin. -->","yoast_head_json":{"title":"COMUNICACI\u00d3N N\u00b0 477\/2.022 - Malarg\u00fce HCD","robots":{"index":"index","follow":"follow","max-snippet":"max-snippet:-1","max-image-preview":"max-image-preview:large","max-video-preview":"max-video-preview:-1"},"canonical":"https:\/\/hcd.malargue.gov.ar\/?p=29168","og_locale":"es_ES","og_type":"article","og_title":"COMUNICACI\u00d3N N\u00b0 477\/2.022 - Malarg\u00fce HCD","og_description":"AUTORES: CONCEJALES ANDRES RISI, RODRIGO HIDALGO, SILVIA CORREA BLOQUE FRENTE DE TODOS VISTO: El contenido del Expediente N\u00b0 5.091 HC 042 \u2013 2.022. Bloque Frente de Todos. Proyecto de Comunicaci\u00f3n: Comunicar al Departamento Ejecutivo, Entes Reguladores de la Provincia y Empresas Prestadoras de Servicios la n\u00f3mina de Barrios Populares reconocidos en el Departamento de Malarg\u00fce, [&hellip;]","og_url":"https:\/\/hcd.malargue.gov.ar\/?p=29168","og_site_name":"Malarg\u00fce HCD","article_published_time":"2022-07-08T12:21:01+00:00","og_image":[{"width":940,"height":788,"url":"https:\/\/hcd.malargue.gov.ar\/wp-content\/uploads\/2022\/07\/COMUNICACION-477-2022.jpg","type":"image\/jpeg"}],"author":"Belen Pedernera Ferragut","twitter_card":"summary_large_image","twitter_misc":{"Escrito por":"Belen Pedernera Ferragut","Tiempo de lectura":"4 minutos"},"schema":{"@context":"https:\/\/schema.org","@graph":[{"@type":"WebPage","@id":"https:\/\/hcd.malargue.gov.ar\/?p=29168","url":"https:\/\/hcd.malargue.gov.ar\/?p=29168","name":"COMUNICACI\u00d3N N\u00b0 477\/2.022 - Malarg\u00fce HCD","isPartOf":{"@id":"https:\/\/hcd.malargue.gov.ar\/#website"},"datePublished":"2022-07-08T12:21:01+00:00","dateModified":"2022-07-08T12:21:01+00:00","author":{"@id":"https:\/\/hcd.malargue.gov.ar\/#\/schema\/person\/3fd6bbab64edd703961b795156c955d0"},"breadcrumb":{"@id":"https:\/\/hcd.malargue.gov.ar\/?p=29168#breadcrumb"},"inLanguage":"es-AR","potentialAction":[{"@type":"ReadAction","target":["https:\/\/hcd.malargue.gov.ar\/?p=29168"]}]},{"@type":"BreadcrumbList","@id":"https:\/\/hcd.malargue.gov.ar\/?p=29168#breadcrumb","itemListElement":[{"@type":"ListItem","position":1,"name":"Inicio","item":"https:\/\/hcd.malargue.gov.ar\/"},{"@type":"ListItem","position":2,"name":"COMUNICACI\u00d3N N\u00b0 477\/2.022"}]},{"@type":"WebSite","@id":"https:\/\/hcd.malargue.gov.ar\/#website","url":"https:\/\/hcd.malargue.gov.ar\/","name":"Malarg\u00fce HCD","description":"Malarg\u00fce Mendoza Argentina","potentialAction":[{"@type":"SearchAction","target":{"@type":"EntryPoint","urlTemplate":"https:\/\/hcd.malargue.gov.ar\/?s={search_term_string}"},"query-input":"required name=search_term_string"}],"inLanguage":"es-AR"},{"@type":"Person","@id":"https:\/\/hcd.malargue.gov.ar\/#\/schema\/person\/3fd6bbab64edd703961b795156c955d0","name":"Belen Pedernera Ferragut","image":{"@type":"ImageObject","inLanguage":"es-AR","@id":"https:\/\/hcd.malargue.gov.ar\/#\/schema\/person\/image\/","url":"https:\/\/secure.gravatar.com\/avatar\/1054ffab3893de4bb3eb29bdd22f7e34b8537bf5d34d9dab311818154ad5b71f?s=96&d=mm&r=g","contentUrl":"https:\/\/secure.gravatar.com\/avatar\/1054ffab3893de4bb3eb29bdd22f7e34b8537bf5d34d9dab311818154ad5b71f?s=96&d=mm&r=g","caption":"Belen Pedernera Ferragut"},"url":"https:\/\/hcd.malargue.gov.ar\/?author=5"}]}},"_links":{"self":[{"href":"https:\/\/hcd.malargue.gov.ar\/index.php?rest_route=\/wp\/v2\/posts\/29168","targetHints":{"allow":["GET"]}}],"collection":[{"href":"https:\/\/hcd.malargue.gov.ar\/index.php?rest_route=\/wp\/v2\/posts"}],"about":[{"href":"https:\/\/hcd.malargue.gov.ar\/index.php?rest_route=\/wp\/v2\/types\/post"}],"author":[{"embeddable":true,"href":"https:\/\/hcd.malargue.gov.ar\/index.php?rest_route=\/wp\/v2\/users\/5"}],"replies":[{"embeddable":true,"href":"https:\/\/hcd.malargue.gov.ar\/index.php?rest_route=%2Fwp%2Fv2%2Fcomments&post=29168"}],"version-history":[{"count":0,"href":"https:\/\/hcd.malargue.gov.ar\/index.php?rest_route=\/wp\/v2\/posts\/29168\/revisions"}],"wp:featuredmedia":[{"embeddable":true,"href":"https:\/\/hcd.malargue.gov.ar\/index.php?rest_route=\/wp\/v2\/media\/29169"}],"wp:attachment":[{"href":"https:\/\/hcd.malargue.gov.ar\/index.php?rest_route=%2Fwp%2Fv2%2Fmedia&parent=29168"}],"wp:term":[{"taxonomy":"category","embeddable":true,"href":"https:\/\/hcd.malargue.gov.ar\/index.php?rest_route=%2Fwp%2Fv2%2Fcategories&post=29168"},{"taxonomy":"post_tag","embeddable":true,"href":"https:\/\/hcd.malargue.gov.ar\/index.php?rest_route=%2Fwp%2Fv2%2Ftags&post=29168"}],"curies":[{"name":"wp","href":"https:\/\/api.w.org\/{rel}","templated":true}]}}