{"id":29202,"date":"2022-07-08T12:55:46","date_gmt":"2022-07-08T15:55:46","guid":{"rendered":"https:\/\/hcd.malargue.gov.ar\/?p=29202"},"modified":"2022-07-08T12:55:46","modified_gmt":"2022-07-08T15:55:46","slug":"ordenanza-n-2-173-2-022","status":"publish","type":"post","link":"https:\/\/hcd.malargue.gov.ar\/?p=29202","title":{"rendered":"ORDENANZA N\u00b0 2.173\/2.022"},"content":{"rendered":"<p><strong>AUTORES:<\/strong> CONCEJALES ANDRES RISI, SILVIA CORREA Y CONCEJALES ANDATO CUMPLIDO JIOSE BARRO Y PAOLA JOFRE<\/p>\n<p data-wp-editing=\"1\">BLOQUE FRENTE DE TODOS <a href=\"http:\/\/hcd.malargue.gov.ar\/hcdpdf\/On%202173%202022%20subsidios%20nivel%20secundario.pdf\"><img loading=\"lazy\" decoding=\"async\" class=\"alignright wp-image-7950\" src=\"https:\/\/hcd.malargue.gov.ar\/wp-content\/uploads\/2018\/06\/PDF-JPG-300x300.jpg\" alt=\"\" width=\"90\" height=\"90\" srcset=\"https:\/\/hcd.malargue.gov.ar\/wp-content\/uploads\/2018\/06\/PDF-JPG-300x300.jpg 300w, https:\/\/hcd.malargue.gov.ar\/wp-content\/uploads\/2018\/06\/PDF-JPG-150x150.jpg 150w, https:\/\/hcd.malargue.gov.ar\/wp-content\/uploads\/2018\/06\/PDF-JPG.jpg 512w\" sizes=\"auto, (max-width: 90px) 100vw, 90px\" \/><\/a><\/p>\n<p>VISTO: El contenido del Expediente N\u00b0 4.872 HC 026 \u2013 2.022. Bloque Frente de Todos. Proyecto de Ordenanza: Subsidio a Establecimientos Educativos P\u00fablicos o Privados, de nivel secundario por proyectos institucionales de car\u00e1cter social, deportivo, cultural y educativo.<\/p>\n<p>Los distintos proyectos llevados adelante por las diferentes Instituciones Educativas de Nivel secundario en nuestro Departamento.<\/p>\n<p>Y;<\/p>\n<p>CONSIDERANDO: Que los proyectos educativos persiguen objetivos de formaci\u00f3n y aprendizaje en un contexto determinado, que pueden ir de lo m\u00e1s tradicional a lo m\u00e1s innovador.<\/p>\n<p>Que los eventos convocan adem\u00e1s de la comunidad educativa organizadora, la familia, los vecinos, las autoridades y otras Instituciones Educativas fomentando la integraci\u00f3n de todos los actores.<\/p>\n<p>Que las estrategias de aprendizaje l\u00fadicas y reflexivas como las que proponen en estas actividades se encuentran lejos de la arbitrariedad de los condicionamientos socioecon\u00f3micos.<\/p>\n<p>Que estos trabajos institucionales propician un espacio de aprendizaje, fomentando la capacidad creativa que fortalece el desarrollo de capacidades interdisciplinarias como tambi\u00e9n la interiorizaci\u00f3n de habilidades necesarias para la vida social e institucional de los j\u00f3venes.<\/p>\n<p>Que los estudiantes consiguen un sentido de pertenencia y les permite reconocer y abordar distintas problem\u00e1ticas sociales y de inter\u00e9s favoreciendo el desarrollo comunicativo asertivo en la resoluci\u00f3n de problemas.<\/p>\n<p>Que es deber del Estado propiciar las condiciones para que se desarrollen las buenas pr\u00e1cticas docentes con iniciativas que trascienden lo estrictamente curricular.<\/p>\n<p>Que cada a\u00f1o estudiantes, docentes y autoridades de las escuelas recorren innumerables sectores gubernamentales y privados para conseguir apoyo para la realizaci\u00f3n de diferentes actividades.<\/p>\n<p>Que es imprescindible por lo tanto generar una colaboraci\u00f3n permanente que trascienda los espacios pol\u00edticos y las personas que temporalmente ocupan un cargo electivo o designado.<\/p>\n<p>Que el monto requerido no implica un gasto oneroso para el municipio pero resuelve y asegura la concreci\u00f3n de una actividad que repercute en toda la comunidad e incluso trasciende el Departamento.<\/p>\n<p>EL HONORABLE CONCEJO DELIBERANTE DE LA MUNICIPALIDAD DE MALARG\u00dcE EN USO DE LAS FACULTADES QUE LE SON PROPIAS<\/p>\n<p>ORDENA<\/p>\n<p>ART\u00cdCULO 1\u00b0: Ot\u00f3rguese un Subsidio anual \u00fanico a cada Instituci\u00f3n Educativa de Nivel Secundario P\u00fablico o Privado reconocido por la Direcci\u00f3n General de Escuelas, que lo soliciten oportunamente, en la suma en pesos equivalente a 500 litros de nafta de mayor octanaje para la realizaci\u00f3n de los distintos proyectos de car\u00e1cter social, deportivo, cultural y educativo.<\/p>\n<p>ART\u00cdCULO 2\u00b0: Reglam\u00e9ntese por la Secretaria de Gobierno de la Municipalidad de Malarg\u00fce los requisitos a cumplir por las Instituciones beneficiadas por los alcances de la presente pieza legal.<\/p>\n<p>ART\u00cdCULO 3\u00b0: Imp\u00fatese el gasto de la presente norma al Presupuesto 2.023 y a\u00f1os subsiguientes.<\/p>\n<p>ART\u00cdCULO 4\u00ba: Comun\u00edquese, reg\u00edstrese, c\u00famplase, publ\u00edquese, agr\u00e9guese copia de la presente en las actuaciones correspondientes y arch\u00edvese.<\/p>\n<p>DADA EN LA SALA DE SESIONES DR. RICARDO BALBIN DEL HONORABLE CONCEJO DELIBERANTE DE LA MUNICIPALIDAD DE MALARG\u00dcE A SIETE D\u00cdAS DE JULIO DE DOS MIL VEINTIDOS.<\/p>\n<p>&nbsp;<\/p>\n","protected":false},"excerpt":{"rendered":"<p>AUTORES: CONCEJALES ANDRES RISI, SILVIA CORREA Y CONCEJALES ANDATO CUMPLIDO JIOSE BARRO Y PAOLA JOFRE BLOQUE FRENTE DE TODOS VISTO: El contenido del Expediente N\u00b0 4.872 HC 026 \u2013 2.022. Bloque Frente de Todos. Proyecto de Ordenanza: Subsidio a Establecimientos Educativos P\u00fablicos o Privados, de nivel secundario por proyectos institucionales de car\u00e1cter social, deportivo, cultural [&hellip;]<\/p>\n","protected":false},"author":5,"featured_media":29203,"comment_status":"closed","ping_status":"closed","sticky":false,"template":"","format":"standard","meta":{"footnotes":""},"categories":[52,29,48,33],"tags":[],"class_list":["post-29202","post","type-post","status-publish","format-standard","has-post-thumbnail","hentry","category-gacetillas","category-lesgilacion","category-ordenanzas-municipales","category-prensa"],"yoast_head":"<!-- This site is optimized with the Yoast SEO plugin v19.10 - https:\/\/yoast.com\/wordpress\/plugins\/seo\/ -->\n<title>ORDENANZA N\u00b0 2.173\/2.022 - Malarg\u00fce HCD<\/title>\n<meta name=\"robots\" content=\"index, follow, max-snippet:-1, max-image-preview:large, max-video-preview:-1\" \/>\n<link rel=\"canonical\" href=\"https:\/\/hcd.malargue.gov.ar\/?p=29202\" \/>\n<meta property=\"og:locale\" content=\"es_ES\" \/>\n<meta property=\"og:type\" content=\"article\" \/>\n<meta property=\"og:title\" content=\"ORDENANZA N\u00b0 2.173\/2.022 - Malarg\u00fce HCD\" \/>\n<meta property=\"og:description\" content=\"AUTORES: CONCEJALES ANDRES RISI, SILVIA CORREA Y CONCEJALES ANDATO CUMPLIDO JIOSE BARRO Y PAOLA JOFRE BLOQUE FRENTE DE TODOS VISTO: El contenido del Expediente N\u00b0 4.872 HC 026 \u2013 2.022. Bloque Frente de Todos. Proyecto de Ordenanza: Subsidio a Establecimientos Educativos P\u00fablicos o Privados, de nivel secundario por proyectos institucionales de car\u00e1cter social, deportivo, cultural [&hellip;]\" \/>\n<meta property=\"og:url\" content=\"https:\/\/hcd.malargue.gov.ar\/?p=29202\" \/>\n<meta property=\"og:site_name\" content=\"Malarg\u00fce HCD\" \/>\n<meta property=\"article:published_time\" content=\"2022-07-08T15:55:46+00:00\" \/>\n<meta property=\"og:image\" content=\"https:\/\/hcd.malargue.gov.ar\/wp-content\/uploads\/2022\/07\/on-2173-2022.jpg\" \/>\n\t<meta property=\"og:image:width\" content=\"940\" \/>\n\t<meta property=\"og:image:height\" content=\"788\" \/>\n\t<meta property=\"og:image:type\" content=\"image\/jpeg\" \/>\n<meta name=\"author\" content=\"Belen Pedernera Ferragut\" \/>\n<meta name=\"twitter:card\" content=\"summary_large_image\" \/>\n<meta name=\"twitter:label1\" content=\"Escrito por\" \/>\n\t<meta name=\"twitter:data1\" content=\"Belen Pedernera Ferragut\" \/>\n\t<meta name=\"twitter:label2\" content=\"Tiempo de lectura\" \/>\n\t<meta name=\"twitter:data2\" content=\"3 minutos\" \/>\n<script type=\"application\/ld+json\" class=\"yoast-schema-graph\">{\"@context\":\"https:\/\/schema.org\",\"@graph\":[{\"@type\":\"WebPage\",\"@id\":\"https:\/\/hcd.malargue.gov.ar\/?p=29202\",\"url\":\"https:\/\/hcd.malargue.gov.ar\/?p=29202\",\"name\":\"ORDENANZA N\u00b0 2.173\/2.022 - Malarg\u00fce HCD\",\"isPartOf\":{\"@id\":\"https:\/\/hcd.malargue.gov.ar\/#website\"},\"datePublished\":\"2022-07-08T15:55:46+00:00\",\"dateModified\":\"2022-07-08T15:55:46+00:00\",\"author\":{\"@id\":\"https:\/\/hcd.malargue.gov.ar\/#\/schema\/person\/3fd6bbab64edd703961b795156c955d0\"},\"breadcrumb\":{\"@id\":\"https:\/\/hcd.malargue.gov.ar\/?p=29202#breadcrumb\"},\"inLanguage\":\"es-AR\",\"potentialAction\":[{\"@type\":\"ReadAction\",\"target\":[\"https:\/\/hcd.malargue.gov.ar\/?p=29202\"]}]},{\"@type\":\"BreadcrumbList\",\"@id\":\"https:\/\/hcd.malargue.gov.ar\/?p=29202#breadcrumb\",\"itemListElement\":[{\"@type\":\"ListItem\",\"position\":1,\"name\":\"Inicio\",\"item\":\"https:\/\/hcd.malargue.gov.ar\/\"},{\"@type\":\"ListItem\",\"position\":2,\"name\":\"ORDENANZA N\u00b0 2.173\/2.022\"}]},{\"@type\":\"WebSite\",\"@id\":\"https:\/\/hcd.malargue.gov.ar\/#website\",\"url\":\"https:\/\/hcd.malargue.gov.ar\/\",\"name\":\"Malarg\u00fce HCD\",\"description\":\"Malarg\u00fce Mendoza Argentina\",\"potentialAction\":[{\"@type\":\"SearchAction\",\"target\":{\"@type\":\"EntryPoint\",\"urlTemplate\":\"https:\/\/hcd.malargue.gov.ar\/?s={search_term_string}\"},\"query-input\":\"required name=search_term_string\"}],\"inLanguage\":\"es-AR\"},{\"@type\":\"Person\",\"@id\":\"https:\/\/hcd.malargue.gov.ar\/#\/schema\/person\/3fd6bbab64edd703961b795156c955d0\",\"name\":\"Belen Pedernera Ferragut\",\"image\":{\"@type\":\"ImageObject\",\"inLanguage\":\"es-AR\",\"@id\":\"https:\/\/hcd.malargue.gov.ar\/#\/schema\/person\/image\/\",\"url\":\"https:\/\/secure.gravatar.com\/avatar\/1054ffab3893de4bb3eb29bdd22f7e34b8537bf5d34d9dab311818154ad5b71f?s=96&d=mm&r=g\",\"contentUrl\":\"https:\/\/secure.gravatar.com\/avatar\/1054ffab3893de4bb3eb29bdd22f7e34b8537bf5d34d9dab311818154ad5b71f?s=96&d=mm&r=g\",\"caption\":\"Belen Pedernera Ferragut\"},\"url\":\"https:\/\/hcd.malargue.gov.ar\/?author=5\"}]}<\/script>\n<!-- \/ Yoast SEO plugin. -->","yoast_head_json":{"title":"ORDENANZA N\u00b0 2.173\/2.022 - Malarg\u00fce HCD","robots":{"index":"index","follow":"follow","max-snippet":"max-snippet:-1","max-image-preview":"max-image-preview:large","max-video-preview":"max-video-preview:-1"},"canonical":"https:\/\/hcd.malargue.gov.ar\/?p=29202","og_locale":"es_ES","og_type":"article","og_title":"ORDENANZA N\u00b0 2.173\/2.022 - Malarg\u00fce HCD","og_description":"AUTORES: CONCEJALES ANDRES RISI, SILVIA CORREA Y CONCEJALES ANDATO CUMPLIDO JIOSE BARRO Y PAOLA JOFRE BLOQUE FRENTE DE TODOS VISTO: El contenido del Expediente N\u00b0 4.872 HC 026 \u2013 2.022. Bloque Frente de Todos. Proyecto de Ordenanza: Subsidio a Establecimientos Educativos P\u00fablicos o Privados, de nivel secundario por proyectos institucionales de car\u00e1cter social, deportivo, cultural [&hellip;]","og_url":"https:\/\/hcd.malargue.gov.ar\/?p=29202","og_site_name":"Malarg\u00fce HCD","article_published_time":"2022-07-08T15:55:46+00:00","og_image":[{"width":940,"height":788,"url":"https:\/\/hcd.malargue.gov.ar\/wp-content\/uploads\/2022\/07\/on-2173-2022.jpg","type":"image\/jpeg"}],"author":"Belen Pedernera Ferragut","twitter_card":"summary_large_image","twitter_misc":{"Escrito por":"Belen Pedernera Ferragut","Tiempo de lectura":"3 minutos"},"schema":{"@context":"https:\/\/schema.org","@graph":[{"@type":"WebPage","@id":"https:\/\/hcd.malargue.gov.ar\/?p=29202","url":"https:\/\/hcd.malargue.gov.ar\/?p=29202","name":"ORDENANZA N\u00b0 2.173\/2.022 - Malarg\u00fce HCD","isPartOf":{"@id":"https:\/\/hcd.malargue.gov.ar\/#website"},"datePublished":"2022-07-08T15:55:46+00:00","dateModified":"2022-07-08T15:55:46+00:00","author":{"@id":"https:\/\/hcd.malargue.gov.ar\/#\/schema\/person\/3fd6bbab64edd703961b795156c955d0"},"breadcrumb":{"@id":"https:\/\/hcd.malargue.gov.ar\/?p=29202#breadcrumb"},"inLanguage":"es-AR","potentialAction":[{"@type":"ReadAction","target":["https:\/\/hcd.malargue.gov.ar\/?p=29202"]}]},{"@type":"BreadcrumbList","@id":"https:\/\/hcd.malargue.gov.ar\/?p=29202#breadcrumb","itemListElement":[{"@type":"ListItem","position":1,"name":"Inicio","item":"https:\/\/hcd.malargue.gov.ar\/"},{"@type":"ListItem","position":2,"name":"ORDENANZA N\u00b0 2.173\/2.022"}]},{"@type":"WebSite","@id":"https:\/\/hcd.malargue.gov.ar\/#website","url":"https:\/\/hcd.malargue.gov.ar\/","name":"Malarg\u00fce HCD","description":"Malarg\u00fce Mendoza Argentina","potentialAction":[{"@type":"SearchAction","target":{"@type":"EntryPoint","urlTemplate":"https:\/\/hcd.malargue.gov.ar\/?s={search_term_string}"},"query-input":"required name=search_term_string"}],"inLanguage":"es-AR"},{"@type":"Person","@id":"https:\/\/hcd.malargue.gov.ar\/#\/schema\/person\/3fd6bbab64edd703961b795156c955d0","name":"Belen Pedernera Ferragut","image":{"@type":"ImageObject","inLanguage":"es-AR","@id":"https:\/\/hcd.malargue.gov.ar\/#\/schema\/person\/image\/","url":"https:\/\/secure.gravatar.com\/avatar\/1054ffab3893de4bb3eb29bdd22f7e34b8537bf5d34d9dab311818154ad5b71f?s=96&d=mm&r=g","contentUrl":"https:\/\/secure.gravatar.com\/avatar\/1054ffab3893de4bb3eb29bdd22f7e34b8537bf5d34d9dab311818154ad5b71f?s=96&d=mm&r=g","caption":"Belen Pedernera Ferragut"},"url":"https:\/\/hcd.malargue.gov.ar\/?author=5"}]}},"_links":{"self":[{"href":"https:\/\/hcd.malargue.gov.ar\/index.php?rest_route=\/wp\/v2\/posts\/29202","targetHints":{"allow":["GET"]}}],"collection":[{"href":"https:\/\/hcd.malargue.gov.ar\/index.php?rest_route=\/wp\/v2\/posts"}],"about":[{"href":"https:\/\/hcd.malargue.gov.ar\/index.php?rest_route=\/wp\/v2\/types\/post"}],"author":[{"embeddable":true,"href":"https:\/\/hcd.malargue.gov.ar\/index.php?rest_route=\/wp\/v2\/users\/5"}],"replies":[{"embeddable":true,"href":"https:\/\/hcd.malargue.gov.ar\/index.php?rest_route=%2Fwp%2Fv2%2Fcomments&post=29202"}],"version-history":[{"count":0,"href":"https:\/\/hcd.malargue.gov.ar\/index.php?rest_route=\/wp\/v2\/posts\/29202\/revisions"}],"wp:featuredmedia":[{"embeddable":true,"href":"https:\/\/hcd.malargue.gov.ar\/index.php?rest_route=\/wp\/v2\/media\/29203"}],"wp:attachment":[{"href":"https:\/\/hcd.malargue.gov.ar\/index.php?rest_route=%2Fwp%2Fv2%2Fmedia&parent=29202"}],"wp:term":[{"taxonomy":"category","embeddable":true,"href":"https:\/\/hcd.malargue.gov.ar\/index.php?rest_route=%2Fwp%2Fv2%2Fcategories&post=29202"},{"taxonomy":"post_tag","embeddable":true,"href":"https:\/\/hcd.malargue.gov.ar\/index.php?rest_route=%2Fwp%2Fv2%2Ftags&post=29202"}],"curies":[{"name":"wp","href":"https:\/\/api.w.org\/{rel}","templated":true}]}}