{"id":29342,"date":"2022-07-13T08:39:12","date_gmt":"2022-07-13T11:39:12","guid":{"rendered":"https:\/\/hcd.malargue.gov.ar\/?p=29342"},"modified":"2023-03-21T12:16:55","modified_gmt":"2023-03-21T15:16:55","slug":"29342","status":"publish","type":"post","link":"https:\/\/hcd.malargue.gov.ar\/?p=29342","title":{"rendered":"ORDEN DEL DIA 17 SESION ORDINARIA"},"content":{"rendered":"<h5>D\u00eda &nbsp;&nbsp;Jueves&nbsp;&nbsp; 14 de Julio de 2022<\/h5>\n<h5>Hora: 08:50<img loading=\"lazy\" decoding=\"async\" class=\" wp-image-7950 alignright\" src=\"https:\/\/hcd.malargue.gov.ar\/wp-content\/uploads\/2018\/06\/PDF-JPG-300x300.jpg\" alt=\"\" width=\"94\" height=\"94\" srcset=\"https:\/\/hcd.malargue.gov.ar\/wp-content\/uploads\/2018\/06\/PDF-JPG-300x300.jpg 300w, https:\/\/hcd.malargue.gov.ar\/wp-content\/uploads\/2018\/06\/PDF-JPG-150x150.jpg 150w, https:\/\/hcd.malargue.gov.ar\/wp-content\/uploads\/2018\/06\/PDF-JPG.jpg 512w\" sizes=\"auto, (max-width: 94px) 100vw, 94px\" \/><\/h5>\n<p>BANCA DEL CIUDADANO:&nbsp; Sra. Vanesa CABRERA<\/p>\n<p>TEMA: &nbsp;Campos Ca\u00f1ada Colorada- Pequenco<\/p>\n<p><strong><em>a) Acto de Izar la Ense\u00f1a Patria a cargo de la Sra. &nbsp;Concejal Viviana Alejandra MOSCA<\/em><\/strong><\/p>\n<p><strong><em>b) Homenaje de los Se\u00f1ores Concejales.<\/em><\/strong><\/p>\n<p><strong><em>c) Consideraci\u00f3n Acta Sesi\u00f3n Ordinaria N\u00b01099- \u201cO\u201d-2022 <\/em><\/strong><\/p>\n<p><strong><em>d) Lectura del detalle de la correspondencia recibida y emitida.<\/em><\/strong><\/p>\n<p><strong><em>e) Consideraci\u00f3n de los temas que ser\u00e1n incluidos en el punto Asuntos Varios y puesta a consideraci\u00f3n de mociones de tratamientos sobre tablas de diversos expedientes.<\/em><\/strong><\/p>\n<p><strong><em>f) Proyectos de los Se\u00f1ores Concejales: <\/em><\/strong><\/p>\n<ol>\n<li>Expte. N\u00ba 5.135-HC 045-2.022 Proyecto de Resoluci\u00f3n: Pedido de Informe al Departamento Ejecutivo por entrega de permisos de ocupaci\u00f3n en terrenos de Ca\u00f1ada Colorada. (INTERBLOQUE FRENTE DE TODOS- RECONSTRUYENDO MALARG\u00dcE; PARTIDO FEDERAL) Autores: Concejales Rodrigo Hidalgo, Silvina Camiolo, Andr\u00e9s Risi, Silvia Correa y Francisco Parada.<\/li>\n<li>Expte. N\u00ba 5.136-HC 045-2.022 Proyecto de Resoluci\u00f3n: Solicitar a Escriban\u00eda General de Gobierno pronta expedici\u00f3n de documentaci\u00f3n del terreno de la Escuela N\u00b04-228 Eugenio Izsaky para construcci\u00f3n de edificio propio (BLOQUE FRENTE DE TODOS) Autores: Concejales Silvia&nbsp; Correa , Rodrigo Hidalgo y Andr\u00e9s Risi<\/li>\n<li>Expte. N\u00ba5.137-HC 045-2.022 Proyecto de Resoluci\u00f3n: Declarar de Inter\u00e9s Legislativo Departamental el \u201cX Aniversario de la sanci\u00f3n de la Ley Provincial de Promoci\u00f3n de la Econom\u00eda Social y Solidaria\u201d (BLOQUE FRENTE DE TODOS) Autores: Concejales Andr\u00e9s Risi, Silvia Correa y Rodrigo Hidalgo<\/li>\n<li>Expte. N\u00b05.138-HC 045-2022 Proyecto de Ordenanza : Establecer el sentido \u00fanico de circulaci\u00f3n Este-Oeste de calle Cdte Salas entre Bardas Blancas y Francisco \u00c1lvarez (BLOQUE FRENTE CAMBIA MENDOZA) Autor: Concejal Daiana Varas Castro<\/li>\n<li>Expte. N\u00ba 5.139-HC 045-2.022 Proyecto de Resoluci\u00f3n: Proyectar la construcci\u00f3n de un natatorio municipal en el predio de Centro Cultural y Deportivo Malal-Hue (BLOQUE FRENTE CAMBIA MENDOZA) Autor: Concejal &nbsp;Paola Rojo<\/li>\n<li>Expte. N\u00ba 5.140 -HC 045-2.022 Proyecto de Resoluci\u00f3n: Crear el \u00c1rea de Capitalizaci\u00f3n del Recurso Humano en el Honorable Concejo Deliberante (BLOQUE CAMBIA MENDOZA) Autor: Concejal Paola Rojo<\/li>\n<\/ol>\n<p><strong><em>g) Expedientes provenientes del Departamento Ejecutivo <\/em><\/strong><\/p>\n<p>&#8211; No Ingresados-<\/p>\n<p><strong><em>h) Despachos de las Comisiones de Trabajo:<\/em><\/strong><\/p>\n<ul>\n<li>Nota HC-274\/2.022 Sra. Rosario Cabrera en representaci\u00f3n de la Oficina de Personas con Discapacidad, solicita Registro actualizado de personas que residen en el Departamento de Malarg\u00fce, con discapacidad y su estado. (E.H.M.A.S Y C)<\/li>\n<li>Nota HC-273\/2.022 Sra. Rosario Cabrera, en representaci\u00f3n de Oficina de Personas con Discapacidad Solicita informe de la utilizaci\u00f3n de movilidad para personas con discapacidad (E.H.M.A.S Y C)<\/li>\n<\/ul>\n<p><strong>i<\/strong><strong><em>) Asuntos Varios. &#8211; <\/em><\/strong><\/p>\n<p><strong><em>j) Acto de arriar el Pabell\u00f3n Nacional a cargo de la concejal que lo<\/em><\/strong><strong> iz\u00f3. &#8211; <\/strong><\/p>\n<p style=\"text-align: right;\"><strong>&nbsp;&nbsp;&nbsp;&nbsp;&nbsp;&nbsp;&nbsp;&nbsp;&nbsp;&nbsp;&nbsp;&nbsp;&nbsp;&nbsp;&nbsp;&nbsp;&nbsp;&nbsp;&nbsp;&nbsp;&nbsp;&nbsp;&nbsp;&nbsp;&nbsp;&nbsp;&nbsp;&nbsp;&nbsp;&nbsp;&nbsp;&nbsp;&nbsp;&nbsp;&nbsp;&nbsp;&nbsp;&nbsp;&nbsp;&nbsp;&nbsp;&nbsp;&nbsp;&nbsp;&nbsp;&nbsp;&nbsp;&nbsp;&nbsp;&nbsp;&nbsp;&nbsp;&nbsp;&nbsp;&nbsp;&nbsp;&nbsp;&nbsp;&nbsp;&nbsp;&nbsp;&nbsp;&nbsp;&nbsp;&nbsp;&nbsp;&nbsp;&nbsp;&nbsp;&nbsp;&nbsp;&nbsp;&nbsp;&nbsp;&nbsp;&nbsp;&nbsp;&nbsp;&nbsp;&nbsp;&nbsp;&nbsp;&nbsp;&nbsp;&nbsp;&nbsp;&nbsp;&nbsp;&nbsp; Presidencia H.C.D. 12 &nbsp;&nbsp;&nbsp;de Julio &nbsp;&nbsp;&nbsp;de 2022.-<\/strong><\/p>\n<p style=\"text-align: left;\"><strong>CORRESPONDENCIA&nbsp; RECIBIDA PARA LA SESI\u00d3N<\/strong><\/p>\n<p><strong>&nbsp;del d\u00eda Jueves 14 de Julio de 2.022<\/strong><\/p>\n<p><strong>NOTAS INGRESADAS<\/strong><\/p>\n<ol>\n<li>Marcelo F. Ovalle, Secretario Gremial ATE&nbsp; Malarg\u00fce informa resultado de elecci\u00f3n de Delegado Gremial.<\/li>\n<li>Colectivo de Personas con Discapacidad y sus familias, solicitan apertura de Sala de Multidiscapacidad en Escuela N\u00ba 2-709 Dr. Roberto Ordenes.<\/li>\n<li>Gabriel Perez, Gerente General de Malal S.A.S, eleva proyecto de Seguridad Preventiva para productores y crianceros de Malarg\u00fce, para consideraci\u00f3n.<\/li>\n<li>Maria Soledad Garcia, Presidenta del Colegio de Profesionales de Trabajo Social, eleva proyecto de Ordenanza de adhesi\u00f3n a la Ley Federal de Trabajo Social&nbsp; N\u00ba 27072\/2014.<\/li>\n<li>Bruno Gutierrez, Socio Gerente de Carbones y Carburantes Malarg\u00fce SRL, pone en conocimiento consumo de energ\u00eda el\u00e9ctrica de la Escuela Sargento Baigorria, Barrio Grassi y dem\u00e1s galpones del predio, para conocimiento y an\u00e1lisis de situaci\u00f3n.<\/li>\n<li>Jorge Armando Dris, solicita Banca del Ciudadano a fin de exponer sobre la problem\u00e1tica del aumento de tasas municipales.<\/li>\n<li>Mariela Andrea Garcia, Notaria, solicita modificaci\u00f3n de Ordenanza N\u00ba 2.074\/2020, a fin de brindar claridad y seguridad jur\u00eddica a clientes.<\/li>\n<\/ol>\n<p><strong>NOTAS EMITIDAS &nbsp;&nbsp;&nbsp;&nbsp;&nbsp;&nbsp;&nbsp;&nbsp;&nbsp;&nbsp; <\/strong><\/p>\n<ol>\n<li>A la Sra. Delegada de Direcci\u00f3n Gral. de Escuelas elevando respuesta en relaci\u00f3n a solicitud de terreno para Escuela N\u00ba 4-228 Ing. Eugenio Izsaky.<\/li>\n<li>Al Sr. Responsable de ECOGAS,&nbsp; Responsable de Defensa al Consumidor remitiendo copia de Resoluci\u00f3n N\u00ba 232\/2.022 solicitando la revisi\u00f3n de la concesi\u00f3n de ECOGAS Malarg\u00fce.<\/li>\n<li>Al Sr. Director de Catastro y Obras Privadas remitiendo copia de Resoluci\u00f3n N\u00ba 222\/2.022 solicitando informe sobre situaci\u00f3n Dominial de las parcelas\/lotes de Parajes y Localidades de la zona rural.<\/li>\n<li>A EPRE, EPAS, AySAM,&nbsp; Oficina Comercial de EDEMSA y ECOGAS Malarg\u00fce, remitiendo copia de Comunicaci\u00f3n N\u00ba 477\/2.022 a fin de tomar conocimiento de los alcances de la Ley N\u00ba 27.453.<\/li>\n<li>A Direcci\u00f3n Nacional y&nbsp; Provincial de Vialidad y Legisladores Provinciales por el 4\u00ba Distrito Electoral, remitiendo copia de Resoluci\u00f3n N\u00ba 224\/2.022, solicitando la disposici\u00f3n de postes S.O.S en el trazo de la Ruta 40 tramo Pareditas &#8211;&nbsp; El Sosneado \u2013 Ranquil Norte.<\/li>\n<li>A&nbsp; la Sra. Secretaria de Gobierno, remitiendo nota HC 291\/2022 Club deportivo Malarg\u00fce solicitud de ayuda econ\u00f3mica para realizaci\u00f3n de estudio t\u00e9cnico de seguridad del complejo deportivo.<\/li>\n<li>Al Secretario General de ATE Malarg\u00fce, remitiendo copia de Comunicaci\u00f3n N\u00ba 478\/2022, para conocimiento.<\/li>\n<li>A la Sra. Vanesa Cabrera,&nbsp; informando que podr\u00e1 hacer uso de la Banca del Ciudadano<\/li>\n<\/ol>\n","protected":false},"excerpt":{"rendered":"<p>D\u00eda &nbsp;&nbsp;Jueves&nbsp;&nbsp; 14 de Julio de 2022 Hora: 08:50 BANCA DEL CIUDADANO:&nbsp; Sra. Vanesa CABRERA TEMA: &nbsp;Campos Ca\u00f1ada Colorada- Pequenco a) Acto de Izar la Ense\u00f1a Patria a cargo de la Sra. &nbsp;Concejal Viviana Alejandra MOSCA b) Homenaje de los Se\u00f1ores Concejales. c) Consideraci\u00f3n Acta Sesi\u00f3n Ordinaria N\u00b01099- \u201cO\u201d-2022 d) Lectura del detalle de la [&hellip;]<\/p>\n","protected":false},"author":5,"featured_media":29345,"comment_status":"closed","ping_status":"closed","sticky":false,"template":"","format":"standard","meta":{"footnotes":""},"categories":[52,84,58,33,36],"tags":[],"class_list":["post-29342","post","type-post","status-publish","format-standard","has-post-thumbnail","hentry","category-gacetillas","category-orden-del-dia","category-ordinarias","category-prensa","category-sesiones"],"yoast_head":"<!-- This site is optimized with the Yoast SEO plugin v19.10 - https:\/\/yoast.com\/wordpress\/plugins\/seo\/ -->\n<title>ORDEN DEL DIA 17 SESION ORDINARIA - Malarg\u00fce HCD<\/title>\n<meta name=\"robots\" content=\"index, follow, max-snippet:-1, max-image-preview:large, max-video-preview:-1\" \/>\n<link rel=\"canonical\" href=\"https:\/\/hcd.malargue.gov.ar\/?p=29342\" \/>\n<meta property=\"og:locale\" content=\"es_ES\" \/>\n<meta property=\"og:type\" content=\"article\" \/>\n<meta property=\"og:title\" content=\"ORDEN DEL DIA 17 SESION ORDINARIA - Malarg\u00fce HCD\" \/>\n<meta property=\"og:description\" content=\"D\u00eda &nbsp;&nbsp;Jueves&nbsp;&nbsp; 14 de Julio de 2022 Hora: 08:50 BANCA DEL CIUDADANO:&nbsp; Sra. Vanesa CABRERA TEMA: &nbsp;Campos Ca\u00f1ada Colorada- Pequenco a) Acto de Izar la Ense\u00f1a Patria a cargo de la Sra. &nbsp;Concejal Viviana Alejandra MOSCA b) Homenaje de los Se\u00f1ores Concejales. c) Consideraci\u00f3n Acta Sesi\u00f3n Ordinaria N\u00b01099- \u201cO\u201d-2022 d) Lectura del detalle de la [&hellip;]\" \/>\n<meta property=\"og:url\" content=\"https:\/\/hcd.malargue.gov.ar\/?p=29342\" \/>\n<meta property=\"og:site_name\" content=\"Malarg\u00fce HCD\" \/>\n<meta property=\"article:published_time\" content=\"2022-07-13T11:39:12+00:00\" \/>\n<meta property=\"article:modified_time\" content=\"2023-03-21T15:16:55+00:00\" \/>\n<meta property=\"og:image\" content=\"https:\/\/hcd.malargue.gov.ar\/wp-content\/uploads\/2022\/07\/MOSCA-Bandera-scaled.jpg\" \/>\n\t<meta property=\"og:image:width\" content=\"2560\" \/>\n\t<meta property=\"og:image:height\" content=\"1763\" \/>\n\t<meta property=\"og:image:type\" content=\"image\/jpeg\" \/>\n<meta name=\"author\" content=\"Belen Pedernera Ferragut\" \/>\n<meta name=\"twitter:card\" content=\"summary_large_image\" \/>\n<meta name=\"twitter:label1\" content=\"Escrito por\" \/>\n\t<meta name=\"twitter:data1\" content=\"Belen Pedernera Ferragut\" \/>\n\t<meta name=\"twitter:label2\" content=\"Tiempo de lectura\" \/>\n\t<meta name=\"twitter:data2\" content=\"4 minutos\" \/>\n<script type=\"application\/ld+json\" class=\"yoast-schema-graph\">{\"@context\":\"https:\/\/schema.org\",\"@graph\":[{\"@type\":\"WebPage\",\"@id\":\"https:\/\/hcd.malargue.gov.ar\/?p=29342\",\"url\":\"https:\/\/hcd.malargue.gov.ar\/?p=29342\",\"name\":\"ORDEN DEL DIA 17 SESION ORDINARIA - Malarg\u00fce HCD\",\"isPartOf\":{\"@id\":\"https:\/\/hcd.malargue.gov.ar\/#website\"},\"datePublished\":\"2022-07-13T11:39:12+00:00\",\"dateModified\":\"2023-03-21T15:16:55+00:00\",\"author\":{\"@id\":\"https:\/\/hcd.malargue.gov.ar\/#\/schema\/person\/3fd6bbab64edd703961b795156c955d0\"},\"breadcrumb\":{\"@id\":\"https:\/\/hcd.malargue.gov.ar\/?p=29342#breadcrumb\"},\"inLanguage\":\"es-AR\",\"potentialAction\":[{\"@type\":\"ReadAction\",\"target\":[\"https:\/\/hcd.malargue.gov.ar\/?p=29342\"]}]},{\"@type\":\"BreadcrumbList\",\"@id\":\"https:\/\/hcd.malargue.gov.ar\/?p=29342#breadcrumb\",\"itemListElement\":[{\"@type\":\"ListItem\",\"position\":1,\"name\":\"Inicio\",\"item\":\"https:\/\/hcd.malargue.gov.ar\/\"},{\"@type\":\"ListItem\",\"position\":2,\"name\":\"ORDEN DEL DIA 17 SESION ORDINARIA\"}]},{\"@type\":\"WebSite\",\"@id\":\"https:\/\/hcd.malargue.gov.ar\/#website\",\"url\":\"https:\/\/hcd.malargue.gov.ar\/\",\"name\":\"Malarg\u00fce HCD\",\"description\":\"Malarg\u00fce Mendoza Argentina\",\"potentialAction\":[{\"@type\":\"SearchAction\",\"target\":{\"@type\":\"EntryPoint\",\"urlTemplate\":\"https:\/\/hcd.malargue.gov.ar\/?s={search_term_string}\"},\"query-input\":\"required name=search_term_string\"}],\"inLanguage\":\"es-AR\"},{\"@type\":\"Person\",\"@id\":\"https:\/\/hcd.malargue.gov.ar\/#\/schema\/person\/3fd6bbab64edd703961b795156c955d0\",\"name\":\"Belen Pedernera Ferragut\",\"image\":{\"@type\":\"ImageObject\",\"inLanguage\":\"es-AR\",\"@id\":\"https:\/\/hcd.malargue.gov.ar\/#\/schema\/person\/image\/\",\"url\":\"https:\/\/secure.gravatar.com\/avatar\/1054ffab3893de4bb3eb29bdd22f7e34b8537bf5d34d9dab311818154ad5b71f?s=96&d=mm&r=g\",\"contentUrl\":\"https:\/\/secure.gravatar.com\/avatar\/1054ffab3893de4bb3eb29bdd22f7e34b8537bf5d34d9dab311818154ad5b71f?s=96&d=mm&r=g\",\"caption\":\"Belen Pedernera Ferragut\"},\"url\":\"https:\/\/hcd.malargue.gov.ar\/?author=5\"}]}<\/script>\n<!-- \/ Yoast SEO plugin. -->","yoast_head_json":{"title":"ORDEN DEL DIA 17 SESION ORDINARIA - Malarg\u00fce HCD","robots":{"index":"index","follow":"follow","max-snippet":"max-snippet:-1","max-image-preview":"max-image-preview:large","max-video-preview":"max-video-preview:-1"},"canonical":"https:\/\/hcd.malargue.gov.ar\/?p=29342","og_locale":"es_ES","og_type":"article","og_title":"ORDEN DEL DIA 17 SESION ORDINARIA - Malarg\u00fce HCD","og_description":"D\u00eda &nbsp;&nbsp;Jueves&nbsp;&nbsp; 14 de Julio de 2022 Hora: 08:50 BANCA DEL CIUDADANO:&nbsp; Sra. Vanesa CABRERA TEMA: &nbsp;Campos Ca\u00f1ada Colorada- Pequenco a) Acto de Izar la Ense\u00f1a Patria a cargo de la Sra. &nbsp;Concejal Viviana Alejandra MOSCA b) Homenaje de los Se\u00f1ores Concejales. c) Consideraci\u00f3n Acta Sesi\u00f3n Ordinaria N\u00b01099- \u201cO\u201d-2022 d) Lectura del detalle de la [&hellip;]","og_url":"https:\/\/hcd.malargue.gov.ar\/?p=29342","og_site_name":"Malarg\u00fce HCD","article_published_time":"2022-07-13T11:39:12+00:00","article_modified_time":"2023-03-21T15:16:55+00:00","og_image":[{"width":2560,"height":1763,"url":"https:\/\/hcd.malargue.gov.ar\/wp-content\/uploads\/2022\/07\/MOSCA-Bandera-scaled.jpg","type":"image\/jpeg"}],"author":"Belen Pedernera Ferragut","twitter_card":"summary_large_image","twitter_misc":{"Escrito por":"Belen Pedernera Ferragut","Tiempo de lectura":"4 minutos"},"schema":{"@context":"https:\/\/schema.org","@graph":[{"@type":"WebPage","@id":"https:\/\/hcd.malargue.gov.ar\/?p=29342","url":"https:\/\/hcd.malargue.gov.ar\/?p=29342","name":"ORDEN DEL DIA 17 SESION ORDINARIA - Malarg\u00fce HCD","isPartOf":{"@id":"https:\/\/hcd.malargue.gov.ar\/#website"},"datePublished":"2022-07-13T11:39:12+00:00","dateModified":"2023-03-21T15:16:55+00:00","author":{"@id":"https:\/\/hcd.malargue.gov.ar\/#\/schema\/person\/3fd6bbab64edd703961b795156c955d0"},"breadcrumb":{"@id":"https:\/\/hcd.malargue.gov.ar\/?p=29342#breadcrumb"},"inLanguage":"es-AR","potentialAction":[{"@type":"ReadAction","target":["https:\/\/hcd.malargue.gov.ar\/?p=29342"]}]},{"@type":"BreadcrumbList","@id":"https:\/\/hcd.malargue.gov.ar\/?p=29342#breadcrumb","itemListElement":[{"@type":"ListItem","position":1,"name":"Inicio","item":"https:\/\/hcd.malargue.gov.ar\/"},{"@type":"ListItem","position":2,"name":"ORDEN DEL DIA 17 SESION ORDINARIA"}]},{"@type":"WebSite","@id":"https:\/\/hcd.malargue.gov.ar\/#website","url":"https:\/\/hcd.malargue.gov.ar\/","name":"Malarg\u00fce HCD","description":"Malarg\u00fce Mendoza Argentina","potentialAction":[{"@type":"SearchAction","target":{"@type":"EntryPoint","urlTemplate":"https:\/\/hcd.malargue.gov.ar\/?s={search_term_string}"},"query-input":"required name=search_term_string"}],"inLanguage":"es-AR"},{"@type":"Person","@id":"https:\/\/hcd.malargue.gov.ar\/#\/schema\/person\/3fd6bbab64edd703961b795156c955d0","name":"Belen Pedernera Ferragut","image":{"@type":"ImageObject","inLanguage":"es-AR","@id":"https:\/\/hcd.malargue.gov.ar\/#\/schema\/person\/image\/","url":"https:\/\/secure.gravatar.com\/avatar\/1054ffab3893de4bb3eb29bdd22f7e34b8537bf5d34d9dab311818154ad5b71f?s=96&d=mm&r=g","contentUrl":"https:\/\/secure.gravatar.com\/avatar\/1054ffab3893de4bb3eb29bdd22f7e34b8537bf5d34d9dab311818154ad5b71f?s=96&d=mm&r=g","caption":"Belen Pedernera Ferragut"},"url":"https:\/\/hcd.malargue.gov.ar\/?author=5"}]}},"_links":{"self":[{"href":"https:\/\/hcd.malargue.gov.ar\/index.php?rest_route=\/wp\/v2\/posts\/29342","targetHints":{"allow":["GET"]}}],"collection":[{"href":"https:\/\/hcd.malargue.gov.ar\/index.php?rest_route=\/wp\/v2\/posts"}],"about":[{"href":"https:\/\/hcd.malargue.gov.ar\/index.php?rest_route=\/wp\/v2\/types\/post"}],"author":[{"embeddable":true,"href":"https:\/\/hcd.malargue.gov.ar\/index.php?rest_route=\/wp\/v2\/users\/5"}],"replies":[{"embeddable":true,"href":"https:\/\/hcd.malargue.gov.ar\/index.php?rest_route=%2Fwp%2Fv2%2Fcomments&post=29342"}],"version-history":[{"count":1,"href":"https:\/\/hcd.malargue.gov.ar\/index.php?rest_route=\/wp\/v2\/posts\/29342\/revisions"}],"predecessor-version":[{"id":32361,"href":"https:\/\/hcd.malargue.gov.ar\/index.php?rest_route=\/wp\/v2\/posts\/29342\/revisions\/32361"}],"wp:featuredmedia":[{"embeddable":true,"href":"https:\/\/hcd.malargue.gov.ar\/index.php?rest_route=\/wp\/v2\/media\/29345"}],"wp:attachment":[{"href":"https:\/\/hcd.malargue.gov.ar\/index.php?rest_route=%2Fwp%2Fv2%2Fmedia&parent=29342"}],"wp:term":[{"taxonomy":"category","embeddable":true,"href":"https:\/\/hcd.malargue.gov.ar\/index.php?rest_route=%2Fwp%2Fv2%2Fcategories&post=29342"},{"taxonomy":"post_tag","embeddable":true,"href":"https:\/\/hcd.malargue.gov.ar\/index.php?rest_route=%2Fwp%2Fv2%2Ftags&post=29342"}],"curies":[{"name":"wp","href":"https:\/\/api.w.org\/{rel}","templated":true}]}}