{"id":29384,"date":"2022-07-21T11:25:11","date_gmt":"2022-07-21T14:25:11","guid":{"rendered":"https:\/\/hcd.malargue.gov.ar\/?p=29384"},"modified":"2022-07-21T12:58:31","modified_gmt":"2022-07-21T15:58:31","slug":"en-sesion-especial-los-ediles-aprobaron-una-resolucion","status":"publish","type":"post","link":"https:\/\/hcd.malargue.gov.ar\/?p=29384","title":{"rendered":"EN SESI\u00d3N ESPECIAL LOS EDILES APROBARON UNA RESOLUCI\u00d3N"},"content":{"rendered":"<h6 style=\"text-align: right;\">SESI\u00d3N ESPECIAL\u2013 20 de JULIO de 2022<\/h6>\n<h6 style=\"text-align: right;\">Presidiendo la Sesi\u00f3n:\u00a0\u00a0Concejal Andres Risi (Bloque Frente de Todos)<\/h6>\n<h6 style=\"text-align: right;\">Concejales Presentes: Silvia Correa, Rodrigo Hidalgo,\u00a0 (Bloque Frente de Todos), Silvina Camiolo (Reconstruyendo Malarg\u00fce), Gabriel Rosas, Martin Palma (Bloque Frente Cambia Mendoza), Francisco Parada (Bloque Partido Federal)<\/h6>\n<p>A las 12:00 hs del miercoles 20 de julio, dio inici\u00f3 el <a href=\"https:\/\/hcd.malargue.gov.ar\/?p=29376\">Orden del Dia de la Sesi\u00f3n convocada.<\/a><\/p>\n<p>Se di\u00f3 lectura a la <strong>Resoluci\u00f3n de Presidencia N\u00ba O40\/2022<\/strong>; y al <strong>Acta Reuni\u00f3n Parlamentaria solicitada por los Sres. concejales Silvina Camiolo, Rodrigo Hidalgo, y\u00a0 Francisco\u00a0 Parada.<\/strong> Luego el Cuerpo se constituy\u00f2 en Comisi\u00f3n para el tratamiento de <strong>Nota HC 318-2022 (Acta de Tenencia Precaria 13-08-2021)<\/strong>; y se redactaron 2 Despachos; resultando aprobada por mayoria (Voto Afirmativo Ediles Risi, Hidalgo, Correa, Camiolo y Parada y Voto Negativo Ediles Rosas, Varas, Palma y Mosca) la <strong>Resoluci\u00f3n N\u00ba258\/2022<\/strong> mediante la cual se elevo la documentaci\u00f3n obrante en el Expte Interno N\u00ba 2942\/2022-0 a: Fiscalia de Estado de la Provincia de Mendoza, Oficina de Etica Publica de Mendoza, Tribunal de Cuentas de la Provincia de Mendoza.-<\/p>\n<p>VER LA SESI\u00d3N EN VIVO:<a href=\"https:\/\/www.youtube.com\/watch?v=4Y2mAZuej5s\">https:\/\/www.youtube.com\/watch?v=4Y2mAZuej5s<\/a><\/p>\n","protected":false},"excerpt":{"rendered":"<p>SESI\u00d3N ESPECIAL\u2013 20 de JULIO de 2022 Presidiendo la Sesi\u00f3n:\u00a0\u00a0Concejal Andres Risi (Bloque Frente de Todos) Concejales Presentes: Silvia Correa, Rodrigo Hidalgo,\u00a0 (Bloque Frente de Todos), Silvina Camiolo (Reconstruyendo Malarg\u00fce), Gabriel Rosas, Martin Palma (Bloque Frente Cambia Mendoza), Francisco Parada (Bloque Partido Federal) A las 12:00 hs del miercoles 20 de julio, dio inici\u00f3 el [&hellip;]<\/p>\n","protected":false},"author":5,"featured_media":29385,"comment_status":"closed","ping_status":"closed","sticky":false,"template":"","format":"standard","meta":{"footnotes":""},"categories":[56,52,33,36],"tags":[],"class_list":["post-29384","post","type-post","status-publish","format-standard","has-post-thumbnail","hentry","category-especiales","category-gacetillas","category-prensa","category-sesiones"],"yoast_head":"<!-- This site is optimized with the Yoast SEO plugin v19.10 - https:\/\/yoast.com\/wordpress\/plugins\/seo\/ -->\n<title>EN SESI\u00d3N ESPECIAL LOS EDILES APROBARON UNA RESOLUCI\u00d3N - Malarg\u00fce HCD<\/title>\n<meta name=\"robots\" content=\"index, follow, max-snippet:-1, max-image-preview:large, max-video-preview:-1\" \/>\n<link rel=\"canonical\" href=\"https:\/\/hcd.malargue.gov.ar\/?p=29384\" \/>\n<meta property=\"og:locale\" content=\"es_ES\" \/>\n<meta property=\"og:type\" content=\"article\" \/>\n<meta property=\"og:title\" content=\"EN SESI\u00d3N ESPECIAL LOS EDILES APROBARON UNA RESOLUCI\u00d3N - Malarg\u00fce HCD\" \/>\n<meta property=\"og:description\" content=\"SESI\u00d3N ESPECIAL\u2013 20 de JULIO de 2022 Presidiendo la Sesi\u00f3n:\u00a0\u00a0Concejal Andres Risi (Bloque Frente de Todos) Concejales Presentes: Silvia Correa, Rodrigo Hidalgo,\u00a0 (Bloque Frente de Todos), Silvina Camiolo (Reconstruyendo Malarg\u00fce), Gabriel Rosas, Martin Palma (Bloque Frente Cambia Mendoza), Francisco Parada (Bloque Partido Federal) A las 12:00 hs del miercoles 20 de julio, dio inici\u00f3 el [&hellip;]\" \/>\n<meta property=\"og:url\" content=\"https:\/\/hcd.malargue.gov.ar\/?p=29384\" \/>\n<meta property=\"og:site_name\" content=\"Malarg\u00fce HCD\" \/>\n<meta property=\"article:published_time\" content=\"2022-07-21T14:25:11+00:00\" \/>\n<meta property=\"article:modified_time\" content=\"2022-07-21T15:58:31+00:00\" \/>\n<meta property=\"og:image\" content=\"https:\/\/hcd.malargue.gov.ar\/wp-content\/uploads\/2022\/07\/WhatsApp-Image-2022-07-21-at-10.44.10-AM.jpeg\" \/>\n\t<meta property=\"og:image:width\" content=\"1599\" \/>\n\t<meta property=\"og:image:height\" content=\"900\" \/>\n\t<meta property=\"og:image:type\" content=\"image\/jpeg\" \/>\n<meta name=\"author\" content=\"Belen Pedernera Ferragut\" \/>\n<meta name=\"twitter:card\" content=\"summary_large_image\" \/>\n<meta name=\"twitter:label1\" content=\"Escrito por\" \/>\n\t<meta name=\"twitter:data1\" content=\"Belen Pedernera Ferragut\" \/>\n\t<meta name=\"twitter:label2\" content=\"Tiempo de lectura\" \/>\n\t<meta name=\"twitter:data2\" content=\"1 minuto\" \/>\n<script type=\"application\/ld+json\" class=\"yoast-schema-graph\">{\"@context\":\"https:\/\/schema.org\",\"@graph\":[{\"@type\":\"WebPage\",\"@id\":\"https:\/\/hcd.malargue.gov.ar\/?p=29384\",\"url\":\"https:\/\/hcd.malargue.gov.ar\/?p=29384\",\"name\":\"EN SESI\u00d3N ESPECIAL LOS EDILES APROBARON UNA RESOLUCI\u00d3N - Malarg\u00fce HCD\",\"isPartOf\":{\"@id\":\"https:\/\/hcd.malargue.gov.ar\/#website\"},\"datePublished\":\"2022-07-21T14:25:11+00:00\",\"dateModified\":\"2022-07-21T15:58:31+00:00\",\"author\":{\"@id\":\"https:\/\/hcd.malargue.gov.ar\/#\/schema\/person\/3fd6bbab64edd703961b795156c955d0\"},\"breadcrumb\":{\"@id\":\"https:\/\/hcd.malargue.gov.ar\/?p=29384#breadcrumb\"},\"inLanguage\":\"es-AR\",\"potentialAction\":[{\"@type\":\"ReadAction\",\"target\":[\"https:\/\/hcd.malargue.gov.ar\/?p=29384\"]}]},{\"@type\":\"BreadcrumbList\",\"@id\":\"https:\/\/hcd.malargue.gov.ar\/?p=29384#breadcrumb\",\"itemListElement\":[{\"@type\":\"ListItem\",\"position\":1,\"name\":\"Inicio\",\"item\":\"https:\/\/hcd.malargue.gov.ar\/\"},{\"@type\":\"ListItem\",\"position\":2,\"name\":\"EN SESI\u00d3N ESPECIAL LOS EDILES APROBARON UNA RESOLUCI\u00d3N\"}]},{\"@type\":\"WebSite\",\"@id\":\"https:\/\/hcd.malargue.gov.ar\/#website\",\"url\":\"https:\/\/hcd.malargue.gov.ar\/\",\"name\":\"Malarg\u00fce HCD\",\"description\":\"Malarg\u00fce Mendoza Argentina\",\"potentialAction\":[{\"@type\":\"SearchAction\",\"target\":{\"@type\":\"EntryPoint\",\"urlTemplate\":\"https:\/\/hcd.malargue.gov.ar\/?s={search_term_string}\"},\"query-input\":\"required name=search_term_string\"}],\"inLanguage\":\"es-AR\"},{\"@type\":\"Person\",\"@id\":\"https:\/\/hcd.malargue.gov.ar\/#\/schema\/person\/3fd6bbab64edd703961b795156c955d0\",\"name\":\"Belen Pedernera Ferragut\",\"image\":{\"@type\":\"ImageObject\",\"inLanguage\":\"es-AR\",\"@id\":\"https:\/\/hcd.malargue.gov.ar\/#\/schema\/person\/image\/\",\"url\":\"https:\/\/secure.gravatar.com\/avatar\/1054ffab3893de4bb3eb29bdd22f7e34b8537bf5d34d9dab311818154ad5b71f?s=96&d=mm&r=g\",\"contentUrl\":\"https:\/\/secure.gravatar.com\/avatar\/1054ffab3893de4bb3eb29bdd22f7e34b8537bf5d34d9dab311818154ad5b71f?s=96&d=mm&r=g\",\"caption\":\"Belen Pedernera Ferragut\"},\"url\":\"https:\/\/hcd.malargue.gov.ar\/?author=5\"}]}<\/script>\n<!-- \/ Yoast SEO plugin. -->","yoast_head_json":{"title":"EN SESI\u00d3N ESPECIAL LOS EDILES APROBARON UNA RESOLUCI\u00d3N - Malarg\u00fce HCD","robots":{"index":"index","follow":"follow","max-snippet":"max-snippet:-1","max-image-preview":"max-image-preview:large","max-video-preview":"max-video-preview:-1"},"canonical":"https:\/\/hcd.malargue.gov.ar\/?p=29384","og_locale":"es_ES","og_type":"article","og_title":"EN SESI\u00d3N ESPECIAL LOS EDILES APROBARON UNA RESOLUCI\u00d3N - Malarg\u00fce HCD","og_description":"SESI\u00d3N ESPECIAL\u2013 20 de JULIO de 2022 Presidiendo la Sesi\u00f3n:\u00a0\u00a0Concejal Andres Risi (Bloque Frente de Todos) Concejales Presentes: Silvia Correa, Rodrigo Hidalgo,\u00a0 (Bloque Frente de Todos), Silvina Camiolo (Reconstruyendo Malarg\u00fce), Gabriel Rosas, Martin Palma (Bloque Frente Cambia Mendoza), Francisco Parada (Bloque Partido Federal) A las 12:00 hs del miercoles 20 de julio, dio inici\u00f3 el [&hellip;]","og_url":"https:\/\/hcd.malargue.gov.ar\/?p=29384","og_site_name":"Malarg\u00fce HCD","article_published_time":"2022-07-21T14:25:11+00:00","article_modified_time":"2022-07-21T15:58:31+00:00","og_image":[{"width":1599,"height":900,"url":"https:\/\/hcd.malargue.gov.ar\/wp-content\/uploads\/2022\/07\/WhatsApp-Image-2022-07-21-at-10.44.10-AM.jpeg","type":"image\/jpeg"}],"author":"Belen Pedernera Ferragut","twitter_card":"summary_large_image","twitter_misc":{"Escrito por":"Belen Pedernera Ferragut","Tiempo de lectura":"1 minuto"},"schema":{"@context":"https:\/\/schema.org","@graph":[{"@type":"WebPage","@id":"https:\/\/hcd.malargue.gov.ar\/?p=29384","url":"https:\/\/hcd.malargue.gov.ar\/?p=29384","name":"EN SESI\u00d3N ESPECIAL LOS EDILES APROBARON UNA RESOLUCI\u00d3N - Malarg\u00fce HCD","isPartOf":{"@id":"https:\/\/hcd.malargue.gov.ar\/#website"},"datePublished":"2022-07-21T14:25:11+00:00","dateModified":"2022-07-21T15:58:31+00:00","author":{"@id":"https:\/\/hcd.malargue.gov.ar\/#\/schema\/person\/3fd6bbab64edd703961b795156c955d0"},"breadcrumb":{"@id":"https:\/\/hcd.malargue.gov.ar\/?p=29384#breadcrumb"},"inLanguage":"es-AR","potentialAction":[{"@type":"ReadAction","target":["https:\/\/hcd.malargue.gov.ar\/?p=29384"]}]},{"@type":"BreadcrumbList","@id":"https:\/\/hcd.malargue.gov.ar\/?p=29384#breadcrumb","itemListElement":[{"@type":"ListItem","position":1,"name":"Inicio","item":"https:\/\/hcd.malargue.gov.ar\/"},{"@type":"ListItem","position":2,"name":"EN SESI\u00d3N ESPECIAL LOS EDILES APROBARON UNA RESOLUCI\u00d3N"}]},{"@type":"WebSite","@id":"https:\/\/hcd.malargue.gov.ar\/#website","url":"https:\/\/hcd.malargue.gov.ar\/","name":"Malarg\u00fce HCD","description":"Malarg\u00fce Mendoza Argentina","potentialAction":[{"@type":"SearchAction","target":{"@type":"EntryPoint","urlTemplate":"https:\/\/hcd.malargue.gov.ar\/?s={search_term_string}"},"query-input":"required name=search_term_string"}],"inLanguage":"es-AR"},{"@type":"Person","@id":"https:\/\/hcd.malargue.gov.ar\/#\/schema\/person\/3fd6bbab64edd703961b795156c955d0","name":"Belen Pedernera Ferragut","image":{"@type":"ImageObject","inLanguage":"es-AR","@id":"https:\/\/hcd.malargue.gov.ar\/#\/schema\/person\/image\/","url":"https:\/\/secure.gravatar.com\/avatar\/1054ffab3893de4bb3eb29bdd22f7e34b8537bf5d34d9dab311818154ad5b71f?s=96&d=mm&r=g","contentUrl":"https:\/\/secure.gravatar.com\/avatar\/1054ffab3893de4bb3eb29bdd22f7e34b8537bf5d34d9dab311818154ad5b71f?s=96&d=mm&r=g","caption":"Belen Pedernera Ferragut"},"url":"https:\/\/hcd.malargue.gov.ar\/?author=5"}]}},"_links":{"self":[{"href":"https:\/\/hcd.malargue.gov.ar\/index.php?rest_route=\/wp\/v2\/posts\/29384","targetHints":{"allow":["GET"]}}],"collection":[{"href":"https:\/\/hcd.malargue.gov.ar\/index.php?rest_route=\/wp\/v2\/posts"}],"about":[{"href":"https:\/\/hcd.malargue.gov.ar\/index.php?rest_route=\/wp\/v2\/types\/post"}],"author":[{"embeddable":true,"href":"https:\/\/hcd.malargue.gov.ar\/index.php?rest_route=\/wp\/v2\/users\/5"}],"replies":[{"embeddable":true,"href":"https:\/\/hcd.malargue.gov.ar\/index.php?rest_route=%2Fwp%2Fv2%2Fcomments&post=29384"}],"version-history":[{"count":0,"href":"https:\/\/hcd.malargue.gov.ar\/index.php?rest_route=\/wp\/v2\/posts\/29384\/revisions"}],"wp:featuredmedia":[{"embeddable":true,"href":"https:\/\/hcd.malargue.gov.ar\/index.php?rest_route=\/wp\/v2\/media\/29385"}],"wp:attachment":[{"href":"https:\/\/hcd.malargue.gov.ar\/index.php?rest_route=%2Fwp%2Fv2%2Fmedia&parent=29384"}],"wp:term":[{"taxonomy":"category","embeddable":true,"href":"https:\/\/hcd.malargue.gov.ar\/index.php?rest_route=%2Fwp%2Fv2%2Fcategories&post=29384"},{"taxonomy":"post_tag","embeddable":true,"href":"https:\/\/hcd.malargue.gov.ar\/index.php?rest_route=%2Fwp%2Fv2%2Ftags&post=29384"}],"curies":[{"name":"wp","href":"https:\/\/api.w.org\/{rel}","templated":true}]}}