{"id":29758,"date":"2022-08-19T12:52:20","date_gmt":"2022-08-19T15:52:20","guid":{"rendered":"https:\/\/hcd.malargue.gov.ar\/?p=29758"},"modified":"2022-11-18T10:08:52","modified_gmt":"2022-11-18T13:08:52","slug":"el-hcd-llevo-a-cabo-la-22o-sesion-ordinaria-aprobando-la-tarifaria-2022","status":"publish","type":"post","link":"https:\/\/hcd.malargue.gov.ar\/?p=29758","title":{"rendered":"EL HCD LLEV\u00d3 A CABO LA 22 SESI\u00d3N ORDINARIA APROBANDO LA TARIFARIA 2022"},"content":{"rendered":"<h6 style=\"text-align: right;\">SESI\u00d3N ORDINARIA \u2013\u00a0 18 de agosto del 2022<\/h6>\n<h6 style=\"text-align: right;\">Presidiendo la Sesi\u00f3n:\u00a0\u00a0Concejal Paola Rojo (Bloque Frente Cambia Mendoza)<\/h6>\n<h6 style=\"text-align: right;\">Concejales Presentes: Andres Risi, Silvia Correa, Rodrigo Hidalgo,\u00a0 (Bloque Frente de Todos), Silvina Camiolo (Reconstruyendo Malarg\u00fce), Daiana Varas, Gabriel Rosas, Martin Palma, Viviana Mosca (Bloque Frente Cambia Mendoza), Francisco Parada (Bloque Partido Federal)<\/h6>\n<p>A las 8:50 de este d\u00eda jueves 18 de agosto en la 22\u00ba Sesi\u00f3n Ordinaria del a\u00f1o en curso, los Ediles recibieron al Sr. Jos\u00e9 Daniel Barros, quien en el marco de la Resoluci\u00f3n N\u00ba 2.109\/94, hizo uso de la Banca del Ciudadano para exponer sobre Arroyo Pequenco \u2013 Ocupaci\u00f3n terreno en inmediaciones de su casa, el tema fue elevado a la Comisi\u00f3n de HPLAC.<\/p>\n<p>Continuando con el cumplimiento del <a href=\"https:\/\/hcd.malargue.gov.ar\/?p=29753\">Orden del D\u00eda<\/a> elevaron 4 Proyectos de los Sres Concejales a las distintas comisiones de trabajo para su correspondiente tratamiento. Detalle:<\/p>\n<blockquote><p><strong><em>La COMISI\u00d3N DE EDUCACI\u00d3N, HIGIENE, MORALIDAD, ACCI\u00d3N SOCIAL Y CULTURA (EHMASyC) recepcionar\u00e1 2 proyectos:\u00a0<\/em><\/strong><\/p>\n<ul>\n<li>Expte. N\u00b05.163-HC 047-2.022 Proyecto de Resoluci\u00f3n: Implementar en Supermercados del Departamento la \u201cHora Respetuosa\u201d para asistencia de personas con Trastorno del Espectro Autista (TEA) (BLOQUE RECONSTRUYENDO MALARG\u00dcE) Autora: Concejal Silvina Camiolo (Tras el an\u00e1lisis en la Comisi\u00f3n de Educaci\u00f3n, pasa a la Comisi\u00f3n de Hacienda).<\/li>\n<li>Expte. N\u00b05.164-HC 047-2.022 Proyecto de Declaraci\u00f3n: Declarar \u201cEmbajadores Folcl\u00f3ricos\u201d los grupos Malarg\u00fcinos Las Voces del Salitral, Malarg\u00fce D\u00fao y Hermanos Cara. (BLOQUE PARTIDO FEDERAL) Autor: Concejal Francisco Parada<\/li>\n<\/ul>\n<p><strong><em>La COMISI\u00d3N DE HACIENDA PRESUPUESTO LEGISLACI\u00d3N Y ASUNTOS CONSTITUCIONALES (HPLAC) recepcionar\u00e1 1 proyecto:<\/em><\/strong><\/p>\n<ul>\n<li>TRATAMIENTO PREFERENCIAL- Expte. N\u00ba5.161-HC 046-2.022 Proyecto de Resoluci\u00f3n: Establecer doble conducci\u00f3n en veh\u00edculos oficiales del Honorable Concejo Deliberante en distancias superiores a 1000km. (BLOQUE FRENTE CAMBIA MENDOZA) Autora: Concejal Paola Rojo<\/li>\n<\/ul>\n<p><em><b>La COMISI\u00d3N DE OBRAS P\u00daBLICAS, TURISMO Y RECURSOS NATURALES (OPTyRN) recepcionar\u00e1 1 <strong>proyecto:\u00a0<\/strong><\/b><\/em><\/p>\n<ul>\n<li>Expte. N\u00b05.162-HC047-2022 Proyecto de Ordenanza: Disponer de \u00e1reas denominadas \u201cEspacio del Adulto Mayor\u201d en plazas p\u00fablicas urbanas y rurales (BLOQUE FRENTE CAMBIA MENDOZA) Autora: Concejal Paola Rojo (Tras el an\u00e1lisis en la Comisi\u00f3n de Obras Publicas, pasa a la Comisi\u00f3n de Hacienda)<\/li>\n<\/ul>\n<\/blockquote>\n<p>En el punto <em><strong>h)<\/strong><\/em> se aprobaron\u00a0 2 Piezas Legales, detalle:<\/p>\n<p><strong>Ordenanza:<\/strong> Establecer sentido \u00fanico de circulaci\u00f3n y estacionamiento en calle Jos\u00e9 Mar\u00eda Dom\u00ednguez. (Expte. N\u00b05.152-HC 046-2.022)<\/p>\n<p><strong>Ordenanza:<\/strong> Manual de uso y alquiler del Centro de Convenciones y Exposiciones Thesaurus\u00a0\u00a0 (Expte. N\u00b04.947-HC 031-2.021)<\/p>\n<p>En el punto<em><strong> i), <\/strong><\/em>el Concejal Risi mocion\u00f3 por la desafectaci\u00f3n de Expte. N\u00ba 6322\/2021-0 Departamento Ejecutivo: Departamento Ejecutivo: Agencia de Planificaci\u00f3n. Eleva Proyecto de Ordenanza Tarifaria 2022, y luego que el Cuerpo se constituyera en Comisi\u00f3n y saliera ; se aprob\u00f3 una <strong>Ordenanza<\/strong>.<\/p>\n<p>Por otra parte tambien se desafecto el Expte. N\u00b0 2.999\/2021-0 Departamento Ejecutivo: ROCA Juan Miguel Ref. Solicitud de canteras en Campo Ca\u00f1ada Colorada Sup. Total 29 Has. del cual se aprob\u00f3 un Ordenanza.<\/p>\n<p>Suman en toral 4 Piezas Legales las aprobadas por el Cuerpo.<\/p>\n<p>Sin m\u00e1s que tratar, la Presidenta del Cuerpo Deliberativo dio por finalizada la Sesi\u00f3n.<\/p>\n<p>Bel\u00e9n Pedernera Ferragut \/ Prensa HCD<\/p>\n<p>VER LA SESI\u00d3N EN VIVO:<\/p>\n<p><a href=\"https:\/\/www.youtube.com\/watch?v=8luP0U-lwKw\">1RA PARTE https:\/\/www.youtube.com\/watch?v=8luP0U-lwKw<\/a><\/p>\n<p><a href=\"https:\/\/www.facebook.com\/hcdmalargue\/\">2DA PARTE https:\/\/www.facebook.com\/hcdmalargue\/<\/a><\/p>\n<p>GALERIA DE FOTOS:<\/p>\n<div id='gallery-1' class='gallery galleryid-29758 gallery-columns-7 gallery-size-thumbnail'><figure class='gallery-item'>\n\t\t\t<div class='gallery-icon landscape'>\n\t\t\t\t<a href='https:\/\/hcd.malargue.gov.ar\/wp-content\/uploads\/2022\/08\/IMGP4207-2-scaled.jpg'><img loading=\"lazy\" decoding=\"async\" width=\"150\" height=\"150\" src=\"https:\/\/hcd.malargue.gov.ar\/wp-content\/uploads\/2022\/08\/IMGP4207-2-150x150.jpg\" class=\"attachment-thumbnail size-thumbnail\" alt=\"\" \/><\/a>\n\t\t\t<\/div><\/figure><figure class='gallery-item'>\n\t\t\t<div class='gallery-icon landscape'>\n\t\t\t\t<a href='https:\/\/hcd.malargue.gov.ar\/wp-content\/uploads\/2022\/08\/IMGP4209-scaled.jpg'><img loading=\"lazy\" decoding=\"async\" width=\"150\" height=\"150\" src=\"https:\/\/hcd.malargue.gov.ar\/wp-content\/uploads\/2022\/08\/IMGP4209-150x150.jpg\" class=\"attachment-thumbnail size-thumbnail\" alt=\"\" \/><\/a>\n\t\t\t<\/div><\/figure><figure class='gallery-item'>\n\t\t\t<div class='gallery-icon landscape'>\n\t\t\t\t<a href='https:\/\/hcd.malargue.gov.ar\/wp-content\/uploads\/2022\/08\/IMGP4211-scaled.jpg'><img loading=\"lazy\" decoding=\"async\" width=\"150\" height=\"150\" src=\"https:\/\/hcd.malargue.gov.ar\/wp-content\/uploads\/2022\/08\/IMGP4211-150x150.jpg\" class=\"attachment-thumbnail size-thumbnail\" alt=\"\" \/><\/a>\n\t\t\t<\/div><\/figure><figure class='gallery-item'>\n\t\t\t<div class='gallery-icon landscape'>\n\t\t\t\t<a href='https:\/\/hcd.malargue.gov.ar\/wp-content\/uploads\/2022\/08\/IMGP4214-scaled.jpg'><img loading=\"lazy\" decoding=\"async\" width=\"150\" height=\"150\" src=\"https:\/\/hcd.malargue.gov.ar\/wp-content\/uploads\/2022\/08\/IMGP4214-150x150.jpg\" class=\"attachment-thumbnail size-thumbnail\" alt=\"\" \/><\/a>\n\t\t\t<\/div><\/figure><figure class='gallery-item'>\n\t\t\t<div class='gallery-icon portrait'>\n\t\t\t\t<a href='https:\/\/hcd.malargue.gov.ar\/wp-content\/uploads\/2022\/08\/IMGP4215-2-scaled.jpg'><img loading=\"lazy\" decoding=\"async\" width=\"150\" height=\"150\" src=\"https:\/\/hcd.malargue.gov.ar\/wp-content\/uploads\/2022\/08\/IMGP4215-2-150x150.jpg\" class=\"attachment-thumbnail size-thumbnail\" alt=\"\" \/><\/a>\n\t\t\t<\/div><\/figure><figure class='gallery-item'>\n\t\t\t<div class='gallery-icon portrait'>\n\t\t\t\t<a href='https:\/\/hcd.malargue.gov.ar\/wp-content\/uploads\/2022\/08\/IMGP4216-scaled.jpg'><img loading=\"lazy\" decoding=\"async\" width=\"150\" height=\"150\" src=\"https:\/\/hcd.malargue.gov.ar\/wp-content\/uploads\/2022\/08\/IMGP4216-150x150.jpg\" class=\"attachment-thumbnail size-thumbnail\" alt=\"\" \/><\/a>\n\t\t\t<\/div><\/figure><figure class='gallery-item'>\n\t\t\t<div class='gallery-icon portrait'>\n\t\t\t\t<a href='https:\/\/hcd.malargue.gov.ar\/wp-content\/uploads\/2022\/08\/IMGP4218-scaled.jpg'><img loading=\"lazy\" decoding=\"async\" width=\"150\" height=\"150\" src=\"https:\/\/hcd.malargue.gov.ar\/wp-content\/uploads\/2022\/08\/IMGP4218-150x150.jpg\" class=\"attachment-thumbnail size-thumbnail\" alt=\"\" \/><\/a>\n\t\t\t<\/div><\/figure><figure class='gallery-item'>\n\t\t\t<div class='gallery-icon landscape'>\n\t\t\t\t<a href='https:\/\/hcd.malargue.gov.ar\/wp-content\/uploads\/2022\/08\/IMGP4219-scaled.jpg'><img loading=\"lazy\" decoding=\"async\" width=\"150\" height=\"150\" src=\"https:\/\/hcd.malargue.gov.ar\/wp-content\/uploads\/2022\/08\/IMGP4219-150x150.jpg\" class=\"attachment-thumbnail size-thumbnail\" alt=\"\" \/><\/a>\n\t\t\t<\/div><\/figure><figure class='gallery-item'>\n\t\t\t<div class='gallery-icon portrait'>\n\t\t\t\t<a href='https:\/\/hcd.malargue.gov.ar\/wp-content\/uploads\/2022\/08\/IMGP4220-scaled.jpg'><img loading=\"lazy\" decoding=\"async\" width=\"150\" height=\"150\" src=\"https:\/\/hcd.malargue.gov.ar\/wp-content\/uploads\/2022\/08\/IMGP4220-150x150.jpg\" class=\"attachment-thumbnail size-thumbnail\" alt=\"\" \/><\/a>\n\t\t\t<\/div><\/figure><figure class='gallery-item'>\n\t\t\t<div class='gallery-icon portrait'>\n\t\t\t\t<a href='https:\/\/hcd.malargue.gov.ar\/wp-content\/uploads\/2022\/08\/IMGP4224-scaled.jpg'><img loading=\"lazy\" decoding=\"async\" width=\"150\" height=\"150\" src=\"https:\/\/hcd.malargue.gov.ar\/wp-content\/uploads\/2022\/08\/IMGP4224-150x150.jpg\" class=\"attachment-thumbnail size-thumbnail\" alt=\"\" \/><\/a>\n\t\t\t<\/div><\/figure><figure class='gallery-item'>\n\t\t\t<div class='gallery-icon portrait'>\n\t\t\t\t<a href='https:\/\/hcd.malargue.gov.ar\/wp-content\/uploads\/2022\/08\/IMGP4226-scaled.jpg'><img loading=\"lazy\" decoding=\"async\" width=\"150\" height=\"150\" src=\"https:\/\/hcd.malargue.gov.ar\/wp-content\/uploads\/2022\/08\/IMGP4226-150x150.jpg\" class=\"attachment-thumbnail size-thumbnail\" alt=\"\" \/><\/a>\n\t\t\t<\/div><\/figure><figure class='gallery-item'>\n\t\t\t<div class='gallery-icon landscape'>\n\t\t\t\t<a href='https:\/\/hcd.malargue.gov.ar\/wp-content\/uploads\/2022\/08\/IMGP4227-scaled.jpg'><img loading=\"lazy\" decoding=\"async\" width=\"150\" height=\"150\" src=\"https:\/\/hcd.malargue.gov.ar\/wp-content\/uploads\/2022\/08\/IMGP4227-150x150.jpg\" class=\"attachment-thumbnail size-thumbnail\" alt=\"\" \/><\/a>\n\t\t\t<\/div><\/figure><figure class='gallery-item'>\n\t\t\t<div class='gallery-icon portrait'>\n\t\t\t\t<a href='https:\/\/hcd.malargue.gov.ar\/wp-content\/uploads\/2022\/08\/IMGP4229-2-scaled.jpg'><img loading=\"lazy\" decoding=\"async\" width=\"150\" height=\"150\" src=\"https:\/\/hcd.malargue.gov.ar\/wp-content\/uploads\/2022\/08\/IMGP4229-2-150x150.jpg\" class=\"attachment-thumbnail size-thumbnail\" alt=\"\" \/><\/a>\n\t\t\t<\/div><\/figure><figure class='gallery-item'>\n\t\t\t<div class='gallery-icon landscape'>\n\t\t\t\t<a href='https:\/\/hcd.malargue.gov.ar\/wp-content\/uploads\/2022\/08\/IMGP4231-scaled.jpg'><img loading=\"lazy\" decoding=\"async\" width=\"150\" height=\"150\" src=\"https:\/\/hcd.malargue.gov.ar\/wp-content\/uploads\/2022\/08\/IMGP4231-150x150.jpg\" class=\"attachment-thumbnail size-thumbnail\" alt=\"\" \/><\/a>\n\t\t\t<\/div><\/figure><figure class='gallery-item'>\n\t\t\t<div class='gallery-icon landscape'>\n\t\t\t\t<a href='https:\/\/hcd.malargue.gov.ar\/wp-content\/uploads\/2022\/08\/IMGP4232-scaled.jpg'><img loading=\"lazy\" decoding=\"async\" width=\"150\" height=\"150\" src=\"https:\/\/hcd.malargue.gov.ar\/wp-content\/uploads\/2022\/08\/IMGP4232-150x150.jpg\" class=\"attachment-thumbnail size-thumbnail\" alt=\"\" \/><\/a>\n\t\t\t<\/div><\/figure><figure class='gallery-item'>\n\t\t\t<div class='gallery-icon portrait'>\n\t\t\t\t<a href='https:\/\/hcd.malargue.gov.ar\/wp-content\/uploads\/2022\/08\/IMGP4234-scaled.jpg'><img loading=\"lazy\" decoding=\"async\" width=\"150\" height=\"150\" src=\"https:\/\/hcd.malargue.gov.ar\/wp-content\/uploads\/2022\/08\/IMGP4234-150x150.jpg\" class=\"attachment-thumbnail size-thumbnail\" alt=\"\" \/><\/a>\n\t\t\t<\/div><\/figure><figure class='gallery-item'>\n\t\t\t<div class='gallery-icon portrait'>\n\t\t\t\t<a href='https:\/\/hcd.malargue.gov.ar\/wp-content\/uploads\/2022\/08\/IMGP4235-scaled.jpg'><img loading=\"lazy\" decoding=\"async\" width=\"150\" height=\"150\" src=\"https:\/\/hcd.malargue.gov.ar\/wp-content\/uploads\/2022\/08\/IMGP4235-150x150.jpg\" class=\"attachment-thumbnail size-thumbnail\" alt=\"\" \/><\/a>\n\t\t\t<\/div><\/figure><figure class='gallery-item'>\n\t\t\t<div class='gallery-icon portrait'>\n\t\t\t\t<a href='https:\/\/hcd.malargue.gov.ar\/wp-content\/uploads\/2022\/08\/IMGP4236-scaled.jpg'><img loading=\"lazy\" decoding=\"async\" width=\"150\" height=\"150\" src=\"https:\/\/hcd.malargue.gov.ar\/wp-content\/uploads\/2022\/08\/IMGP4236-150x150.jpg\" class=\"attachment-thumbnail size-thumbnail\" alt=\"\" \/><\/a>\n\t\t\t<\/div><\/figure><figure class='gallery-item'>\n\t\t\t<div class='gallery-icon landscape'>\n\t\t\t\t<a href='https:\/\/hcd.malargue.gov.ar\/wp-content\/uploads\/2022\/08\/IMGP4239-scaled.jpg'><img loading=\"lazy\" decoding=\"async\" width=\"150\" height=\"150\" src=\"https:\/\/hcd.malargue.gov.ar\/wp-content\/uploads\/2022\/08\/IMGP4239-150x150.jpg\" class=\"attachment-thumbnail size-thumbnail\" alt=\"\" \/><\/a>\n\t\t\t<\/div><\/figure>\n\t\t<\/div>\n\n","protected":false},"excerpt":{"rendered":"<p>SESI\u00d3N ORDINARIA \u2013\u00a0 18 de agosto del 2022 Presidiendo la Sesi\u00f3n:\u00a0\u00a0Concejal Paola Rojo (Bloque Frente Cambia Mendoza) Concejales Presentes: Andres Risi, Silvia Correa, Rodrigo Hidalgo,\u00a0 (Bloque Frente de Todos), Silvina Camiolo (Reconstruyendo Malarg\u00fce), Daiana Varas, Gabriel Rosas, Martin Palma, Viviana Mosca (Bloque Frente Cambia Mendoza), Francisco Parada (Bloque Partido Federal) A las 8:50 de este [&hellip;]<\/p>\n","protected":false},"author":5,"featured_media":29764,"comment_status":"closed","ping_status":"closed","sticky":false,"template":"","format":"standard","meta":{"footnotes":""},"categories":[83,52,58,33,36],"tags":[],"class_list":["post-29758","post","type-post","status-publish","format-standard","has-post-thumbnail","hentry","category-banca-del-ciudadano","category-gacetillas","category-ordinarias","category-prensa","category-sesiones"],"yoast_head":"<!-- This site is optimized with the Yoast SEO plugin v19.10 - https:\/\/yoast.com\/wordpress\/plugins\/seo\/ -->\n<title>EL HCD LLEV\u00d3 A CABO LA 22 SESI\u00d3N ORDINARIA APROBANDO LA TARIFARIA 2022 - Malarg\u00fce HCD<\/title>\n<meta name=\"robots\" content=\"index, follow, max-snippet:-1, max-image-preview:large, max-video-preview:-1\" \/>\n<link rel=\"canonical\" href=\"https:\/\/hcd.malargue.gov.ar\/?p=29758\" \/>\n<meta property=\"og:locale\" content=\"es_ES\" \/>\n<meta property=\"og:type\" content=\"article\" \/>\n<meta property=\"og:title\" content=\"EL HCD LLEV\u00d3 A CABO LA 22 SESI\u00d3N ORDINARIA APROBANDO LA TARIFARIA 2022 - Malarg\u00fce HCD\" \/>\n<meta property=\"og:description\" content=\"SESI\u00d3N ORDINARIA \u2013\u00a0 18 de agosto del 2022 Presidiendo la Sesi\u00f3n:\u00a0\u00a0Concejal Paola Rojo (Bloque Frente Cambia Mendoza) Concejales Presentes: Andres Risi, Silvia Correa, Rodrigo Hidalgo,\u00a0 (Bloque Frente de Todos), Silvina Camiolo (Reconstruyendo Malarg\u00fce), Daiana Varas, Gabriel Rosas, Martin Palma, Viviana Mosca (Bloque Frente Cambia Mendoza), Francisco Parada (Bloque Partido Federal) A las 8:50 de este [&hellip;]\" \/>\n<meta property=\"og:url\" content=\"https:\/\/hcd.malargue.gov.ar\/?p=29758\" \/>\n<meta property=\"og:site_name\" content=\"Malarg\u00fce HCD\" \/>\n<meta property=\"article:published_time\" content=\"2022-08-19T15:52:20+00:00\" \/>\n<meta property=\"article:modified_time\" content=\"2022-11-18T13:08:52+00:00\" \/>\n<meta property=\"og:image\" content=\"https:\/\/hcd.malargue.gov.ar\/wp-content\/uploads\/2022\/08\/IMGP4230-scaled.jpg\" \/>\n\t<meta property=\"og:image:width\" content=\"2560\" \/>\n\t<meta property=\"og:image:height\" content=\"1613\" \/>\n\t<meta property=\"og:image:type\" content=\"image\/jpeg\" \/>\n<meta name=\"author\" content=\"Belen Pedernera Ferragut\" \/>\n<meta name=\"twitter:card\" content=\"summary_large_image\" \/>\n<meta name=\"twitter:label1\" content=\"Escrito por\" \/>\n\t<meta name=\"twitter:data1\" content=\"Belen Pedernera Ferragut\" \/>\n\t<meta name=\"twitter:label2\" content=\"Tiempo de lectura\" \/>\n\t<meta name=\"twitter:data2\" content=\"3 minutos\" \/>\n<script type=\"application\/ld+json\" class=\"yoast-schema-graph\">{\"@context\":\"https:\/\/schema.org\",\"@graph\":[{\"@type\":\"WebPage\",\"@id\":\"https:\/\/hcd.malargue.gov.ar\/?p=29758\",\"url\":\"https:\/\/hcd.malargue.gov.ar\/?p=29758\",\"name\":\"EL HCD LLEV\u00d3 A CABO LA 22 SESI\u00d3N ORDINARIA APROBANDO LA TARIFARIA 2022 - Malarg\u00fce HCD\",\"isPartOf\":{\"@id\":\"https:\/\/hcd.malargue.gov.ar\/#website\"},\"datePublished\":\"2022-08-19T15:52:20+00:00\",\"dateModified\":\"2022-11-18T13:08:52+00:00\",\"author\":{\"@id\":\"https:\/\/hcd.malargue.gov.ar\/#\/schema\/person\/3fd6bbab64edd703961b795156c955d0\"},\"breadcrumb\":{\"@id\":\"https:\/\/hcd.malargue.gov.ar\/?p=29758#breadcrumb\"},\"inLanguage\":\"es-AR\",\"potentialAction\":[{\"@type\":\"ReadAction\",\"target\":[\"https:\/\/hcd.malargue.gov.ar\/?p=29758\"]}]},{\"@type\":\"BreadcrumbList\",\"@id\":\"https:\/\/hcd.malargue.gov.ar\/?p=29758#breadcrumb\",\"itemListElement\":[{\"@type\":\"ListItem\",\"position\":1,\"name\":\"Inicio\",\"item\":\"https:\/\/hcd.malargue.gov.ar\/\"},{\"@type\":\"ListItem\",\"position\":2,\"name\":\"EL HCD LLEV\u00d3 A CABO LA 22\u00ba SESI\u00d3N ORDINARIA APROBANDO LA TARIFARIA 2022\"}]},{\"@type\":\"WebSite\",\"@id\":\"https:\/\/hcd.malargue.gov.ar\/#website\",\"url\":\"https:\/\/hcd.malargue.gov.ar\/\",\"name\":\"Malarg\u00fce HCD\",\"description\":\"Malarg\u00fce Mendoza Argentina\",\"potentialAction\":[{\"@type\":\"SearchAction\",\"target\":{\"@type\":\"EntryPoint\",\"urlTemplate\":\"https:\/\/hcd.malargue.gov.ar\/?s={search_term_string}\"},\"query-input\":\"required name=search_term_string\"}],\"inLanguage\":\"es-AR\"},{\"@type\":\"Person\",\"@id\":\"https:\/\/hcd.malargue.gov.ar\/#\/schema\/person\/3fd6bbab64edd703961b795156c955d0\",\"name\":\"Belen Pedernera Ferragut\",\"image\":{\"@type\":\"ImageObject\",\"inLanguage\":\"es-AR\",\"@id\":\"https:\/\/hcd.malargue.gov.ar\/#\/schema\/person\/image\/\",\"url\":\"https:\/\/secure.gravatar.com\/avatar\/1054ffab3893de4bb3eb29bdd22f7e34b8537bf5d34d9dab311818154ad5b71f?s=96&d=mm&r=g\",\"contentUrl\":\"https:\/\/secure.gravatar.com\/avatar\/1054ffab3893de4bb3eb29bdd22f7e34b8537bf5d34d9dab311818154ad5b71f?s=96&d=mm&r=g\",\"caption\":\"Belen Pedernera Ferragut\"},\"url\":\"https:\/\/hcd.malargue.gov.ar\/?author=5\"}]}<\/script>\n<!-- \/ Yoast SEO plugin. -->","yoast_head_json":{"title":"EL HCD LLEV\u00d3 A CABO LA 22 SESI\u00d3N ORDINARIA APROBANDO LA TARIFARIA 2022 - Malarg\u00fce HCD","robots":{"index":"index","follow":"follow","max-snippet":"max-snippet:-1","max-image-preview":"max-image-preview:large","max-video-preview":"max-video-preview:-1"},"canonical":"https:\/\/hcd.malargue.gov.ar\/?p=29758","og_locale":"es_ES","og_type":"article","og_title":"EL HCD LLEV\u00d3 A CABO LA 22 SESI\u00d3N ORDINARIA APROBANDO LA TARIFARIA 2022 - Malarg\u00fce HCD","og_description":"SESI\u00d3N ORDINARIA \u2013\u00a0 18 de agosto del 2022 Presidiendo la Sesi\u00f3n:\u00a0\u00a0Concejal Paola Rojo (Bloque Frente Cambia Mendoza) Concejales Presentes: Andres Risi, Silvia Correa, Rodrigo Hidalgo,\u00a0 (Bloque Frente de Todos), Silvina Camiolo (Reconstruyendo Malarg\u00fce), Daiana Varas, Gabriel Rosas, Martin Palma, Viviana Mosca (Bloque Frente Cambia Mendoza), Francisco Parada (Bloque Partido Federal) A las 8:50 de este [&hellip;]","og_url":"https:\/\/hcd.malargue.gov.ar\/?p=29758","og_site_name":"Malarg\u00fce HCD","article_published_time":"2022-08-19T15:52:20+00:00","article_modified_time":"2022-11-18T13:08:52+00:00","og_image":[{"width":2560,"height":1613,"url":"https:\/\/hcd.malargue.gov.ar\/wp-content\/uploads\/2022\/08\/IMGP4230-scaled.jpg","type":"image\/jpeg"}],"author":"Belen Pedernera Ferragut","twitter_card":"summary_large_image","twitter_misc":{"Escrito por":"Belen Pedernera Ferragut","Tiempo de lectura":"3 minutos"},"schema":{"@context":"https:\/\/schema.org","@graph":[{"@type":"WebPage","@id":"https:\/\/hcd.malargue.gov.ar\/?p=29758","url":"https:\/\/hcd.malargue.gov.ar\/?p=29758","name":"EL HCD LLEV\u00d3 A CABO LA 22 SESI\u00d3N ORDINARIA APROBANDO LA TARIFARIA 2022 - Malarg\u00fce HCD","isPartOf":{"@id":"https:\/\/hcd.malargue.gov.ar\/#website"},"datePublished":"2022-08-19T15:52:20+00:00","dateModified":"2022-11-18T13:08:52+00:00","author":{"@id":"https:\/\/hcd.malargue.gov.ar\/#\/schema\/person\/3fd6bbab64edd703961b795156c955d0"},"breadcrumb":{"@id":"https:\/\/hcd.malargue.gov.ar\/?p=29758#breadcrumb"},"inLanguage":"es-AR","potentialAction":[{"@type":"ReadAction","target":["https:\/\/hcd.malargue.gov.ar\/?p=29758"]}]},{"@type":"BreadcrumbList","@id":"https:\/\/hcd.malargue.gov.ar\/?p=29758#breadcrumb","itemListElement":[{"@type":"ListItem","position":1,"name":"Inicio","item":"https:\/\/hcd.malargue.gov.ar\/"},{"@type":"ListItem","position":2,"name":"EL HCD LLEV\u00d3 A CABO LA 22\u00ba SESI\u00d3N ORDINARIA APROBANDO LA TARIFARIA 2022"}]},{"@type":"WebSite","@id":"https:\/\/hcd.malargue.gov.ar\/#website","url":"https:\/\/hcd.malargue.gov.ar\/","name":"Malarg\u00fce HCD","description":"Malarg\u00fce Mendoza Argentina","potentialAction":[{"@type":"SearchAction","target":{"@type":"EntryPoint","urlTemplate":"https:\/\/hcd.malargue.gov.ar\/?s={search_term_string}"},"query-input":"required name=search_term_string"}],"inLanguage":"es-AR"},{"@type":"Person","@id":"https:\/\/hcd.malargue.gov.ar\/#\/schema\/person\/3fd6bbab64edd703961b795156c955d0","name":"Belen Pedernera Ferragut","image":{"@type":"ImageObject","inLanguage":"es-AR","@id":"https:\/\/hcd.malargue.gov.ar\/#\/schema\/person\/image\/","url":"https:\/\/secure.gravatar.com\/avatar\/1054ffab3893de4bb3eb29bdd22f7e34b8537bf5d34d9dab311818154ad5b71f?s=96&d=mm&r=g","contentUrl":"https:\/\/secure.gravatar.com\/avatar\/1054ffab3893de4bb3eb29bdd22f7e34b8537bf5d34d9dab311818154ad5b71f?s=96&d=mm&r=g","caption":"Belen Pedernera Ferragut"},"url":"https:\/\/hcd.malargue.gov.ar\/?author=5"}]}},"_links":{"self":[{"href":"https:\/\/hcd.malargue.gov.ar\/index.php?rest_route=\/wp\/v2\/posts\/29758","targetHints":{"allow":["GET"]}}],"collection":[{"href":"https:\/\/hcd.malargue.gov.ar\/index.php?rest_route=\/wp\/v2\/posts"}],"about":[{"href":"https:\/\/hcd.malargue.gov.ar\/index.php?rest_route=\/wp\/v2\/types\/post"}],"author":[{"embeddable":true,"href":"https:\/\/hcd.malargue.gov.ar\/index.php?rest_route=\/wp\/v2\/users\/5"}],"replies":[{"embeddable":true,"href":"https:\/\/hcd.malargue.gov.ar\/index.php?rest_route=%2Fwp%2Fv2%2Fcomments&post=29758"}],"version-history":[{"count":1,"href":"https:\/\/hcd.malargue.gov.ar\/index.php?rest_route=\/wp\/v2\/posts\/29758\/revisions"}],"predecessor-version":[{"id":32349,"href":"https:\/\/hcd.malargue.gov.ar\/index.php?rest_route=\/wp\/v2\/posts\/29758\/revisions\/32349"}],"wp:featuredmedia":[{"embeddable":true,"href":"https:\/\/hcd.malargue.gov.ar\/index.php?rest_route=\/wp\/v2\/media\/29764"}],"wp:attachment":[{"href":"https:\/\/hcd.malargue.gov.ar\/index.php?rest_route=%2Fwp%2Fv2%2Fmedia&parent=29758"}],"wp:term":[{"taxonomy":"category","embeddable":true,"href":"https:\/\/hcd.malargue.gov.ar\/index.php?rest_route=%2Fwp%2Fv2%2Fcategories&post=29758"},{"taxonomy":"post_tag","embeddable":true,"href":"https:\/\/hcd.malargue.gov.ar\/index.php?rest_route=%2Fwp%2Fv2%2Ftags&post=29758"}],"curies":[{"name":"wp","href":"https:\/\/api.w.org\/{rel}","templated":true}]}}