{"id":29990,"date":"2022-08-30T09:39:03","date_gmt":"2022-08-30T12:39:03","guid":{"rendered":"https:\/\/hcd.malargue.gov.ar\/?p=29990"},"modified":"2022-08-30T09:39:03","modified_gmt":"2022-08-30T12:39:03","slug":"ordenanza-n-2-187-2-022","status":"publish","type":"post","link":"https:\/\/hcd.malargue.gov.ar\/?p=29990","title":{"rendered":"ORDENANZA N\u00b0 2.187\/2.022"},"content":{"rendered":"<p><strong>AUTORES: <\/strong>CONCEJALES FRANCISCO PARADA Y MARTIN PALMA<\/p>\n<p>INTERBLOQUE PARTIDO FEDERAL- FRENTE CAMBIA MENDOZA<a href=\"http:\/\/hcd.malargue.gov.ar\/hcdpdf\/On%202187%202022%20%20Imponer%20nombre%20Jose%20Alejandro%20Cortez%20predio%20destrezas%20gauchas%20Ranquil%20Norte.pdf\"><img loading=\"lazy\" decoding=\"async\" class=\"alignright wp-image-7950\" src=\"https:\/\/hcd.malargue.gov.ar\/wp-content\/uploads\/2018\/06\/PDF-JPG-300x300.jpg\" alt=\"\" width=\"87\" height=\"87\" srcset=\"https:\/\/hcd.malargue.gov.ar\/wp-content\/uploads\/2018\/06\/PDF-JPG-300x300.jpg 300w, https:\/\/hcd.malargue.gov.ar\/wp-content\/uploads\/2018\/06\/PDF-JPG-150x150.jpg 150w, https:\/\/hcd.malargue.gov.ar\/wp-content\/uploads\/2018\/06\/PDF-JPG.jpg 512w\" sizes=\"auto, (max-width: 87px) 100vw, 87px\" \/><\/a><\/p>\n<p>VISTO: El contenido del Expediente N\u00b0 5.168-HC 047 &#8211; 2.022. Interbloque Partido Federal &#8211; Frente Cambia Mendoza. Proyecto de Ordenanza: Imponer el nombre \u201cJos\u00e9 Alejandro Cortez\u201d al predio de destrezas gauchas y actividades culturales en el Paraje Ranquil Norte.<\/p>\n<p>La importancia de asignarle al predio, el nombre de un referente significativo del lugar quien promovi\u00f3 las actividades tradicionales y costumbristas.<\/p>\n<p>Y;<\/p>\n<p>CONSIDERANDO: Que el se\u00f1or Jos\u00e9 Alejandro Cortez naci\u00f3 el 13 de Mayo de 1.965 en el Paraje Ranquil Norte. Hijo de Don Humberto Alejo Cortez (fallecido) y Do\u00f1a Delia Hidalgo, quien actualmente vive en la Localidad de Barrancas.<\/p>\n<p>Que formo su familia junto a Miriam V\u00e1zquez, esposa y madre de sus dos hijas.<\/p>\n<p>Que vivi\u00f3 junto a su familia en los puestos de la zona como El Coyocho y El Batro.<\/p>\n<p>Qu\u00e9 curso sus estudios primarios en la Escuela Albergue N\u00ba 8 &#8211; 443<em> \u201c<\/em>Profesor H\u00e9ctor Alfredo Cubo\u201d de Ranquil Norte.<\/p>\n<p>Que desde sus comienzos su trabajo diario fue totalmente dedicado a la actividad criancera y rural, donde se desempe\u00f1o como cuidador de caballos de carrera y fue un aficionado en promocionar las cuadreras.<\/p>\n<p>Que se destaco c\u00f3mo Jockey, participando en distintos eventos h\u00edpicos realizados en el Sur Mendocino, como tambi\u00e9n en el Norte Neuquino<\/p>\n<p>Que sus ideales por la Tradici\u00f3n lo llevaron a que en el a\u00f1o 1.997 promoviera a la creaci\u00f3n de\u00a0 un Centro Tradicionalista, en el que ocup\u00f3 el cargo de Vicepresidente y el que le permiti\u00f3, acompa\u00f1ado por un grupo de j\u00f3venes de la zona, llevar a cabo la primera muestra de\u00a0 destrezas criollas, asistiendo ese a\u00f1o al Desfile del Aniversario Departamental el 16 de Noviembre.<\/p>\n<p>Que Don Jos\u00e9 Alejandro Cortez, falleci\u00f3 el 22 de Agosto del a\u00f1o 2.002 y por lo expuesto y a pedido de vecinos y comisiones del lugar, se considera oportuno nombrar al predio de destrezas gauchas y actividades culturales de Ranquil Norte con su nombre.<\/p>\n<p>Que el lugar se utilizar\u00e1 no solo para realizar destrezas gauchas, sino que adem\u00e1s para actividades de \u00edndole social o cultural.<\/p>\n<p>EL HONORABLE CONCEJO DELIBERANTE DE LA MUNICIPALIDAD DE MALARGUE EN USO DE LAS FACULTADES QUE LE SON PROPIAS<\/p>\n<p>ORDENA<\/p>\n<p>ART\u00cdCULO 1\u00ba: Imp\u00f3ngase el nombre \u201cJos\u00e9 Alejandro Cortez\u201d al predio de destrezas gauchas y actividades culturales de Ranquil Norte.<\/p>\n<p>ART\u00cdCULO 2\u00ba: El\u00e9vese copia de la siguiente pieza legal, a miembros de\u00a0 las Comisiones Vecinales de Ranquil Norte y a su hija Evelyn Cortez por continuar con las tradiciones de su padre.<\/p>\n<p>ART\u00cdCULO 3\u00ba: Consid\u00e9rese como Anexo I a la presente Ordenanza el mapa de ubicaci\u00f3n geogr\u00e1fica del predio a denominar.<\/p>\n<p>ART\u00cdCULO 4\u00ba: Comun\u00edquese, reg\u00edstrese, c\u00famplase, publ\u00edquese, agr\u00e9guese copia de la presente en las actuaciones correspondientes y arch\u00edvese.<\/p>\n<p>DADA EN LA SALA DE SESIONES DR. RICARDO BALBIN DEL HONORABLE CONCEJO DELIBERANTE DE LA MUNICIPALIDAD DE MALARG\u00dcE A VEINTICINCO DIAS DE AGOSTO DE DOS MIL VEINTIDOS<\/p>\n","protected":false},"excerpt":{"rendered":"<p>AUTORES: CONCEJALES FRANCISCO PARADA Y MARTIN PALMA INTERBLOQUE PARTIDO FEDERAL- FRENTE CAMBIA MENDOZA VISTO: El contenido del Expediente N\u00b0 5.168-HC 047 &#8211; 2.022. Interbloque Partido Federal &#8211; Frente Cambia Mendoza. Proyecto de Ordenanza: Imponer el nombre \u201cJos\u00e9 Alejandro Cortez\u201d al predio de destrezas gauchas y actividades culturales en el Paraje Ranquil Norte. La importancia de [&hellip;]<\/p>\n","protected":false},"author":5,"featured_media":29991,"comment_status":"closed","ping_status":"closed","sticky":false,"template":"","format":"standard","meta":{"footnotes":""},"categories":[52,29,48,33],"tags":[],"class_list":["post-29990","post","type-post","status-publish","format-standard","has-post-thumbnail","hentry","category-gacetillas","category-lesgilacion","category-ordenanzas-municipales","category-prensa"],"yoast_head":"<!-- This site is optimized with the Yoast SEO plugin v19.10 - https:\/\/yoast.com\/wordpress\/plugins\/seo\/ -->\n<title>ORDENANZA N\u00b0 2.187\/2.022 - Malarg\u00fce HCD<\/title>\n<meta name=\"robots\" content=\"index, follow, max-snippet:-1, max-image-preview:large, max-video-preview:-1\" \/>\n<link rel=\"canonical\" href=\"https:\/\/hcd.malargue.gov.ar\/?p=29990\" \/>\n<meta property=\"og:locale\" content=\"es_ES\" \/>\n<meta property=\"og:type\" content=\"article\" \/>\n<meta property=\"og:title\" content=\"ORDENANZA N\u00b0 2.187\/2.022 - Malarg\u00fce HCD\" \/>\n<meta property=\"og:description\" content=\"AUTORES: CONCEJALES FRANCISCO PARADA Y MARTIN PALMA INTERBLOQUE PARTIDO FEDERAL- FRENTE CAMBIA MENDOZA VISTO: El contenido del Expediente N\u00b0 5.168-HC 047 &#8211; 2.022. Interbloque Partido Federal &#8211; Frente Cambia Mendoza. Proyecto de Ordenanza: Imponer el nombre \u201cJos\u00e9 Alejandro Cortez\u201d al predio de destrezas gauchas y actividades culturales en el Paraje Ranquil Norte. La importancia de [&hellip;]\" \/>\n<meta property=\"og:url\" content=\"https:\/\/hcd.malargue.gov.ar\/?p=29990\" \/>\n<meta property=\"og:site_name\" content=\"Malarg\u00fce HCD\" \/>\n<meta property=\"article:published_time\" content=\"2022-08-30T12:39:03+00:00\" \/>\n<meta property=\"og:image\" content=\"https:\/\/hcd.malargue.gov.ar\/wp-content\/uploads\/2022\/08\/ON-2187-2022.jpg\" \/>\n\t<meta property=\"og:image:width\" content=\"940\" \/>\n\t<meta property=\"og:image:height\" content=\"788\" \/>\n\t<meta property=\"og:image:type\" content=\"image\/jpeg\" \/>\n<meta name=\"author\" content=\"Belen Pedernera Ferragut\" \/>\n<meta name=\"twitter:card\" content=\"summary_large_image\" \/>\n<meta name=\"twitter:label1\" content=\"Escrito por\" \/>\n\t<meta name=\"twitter:data1\" content=\"Belen Pedernera Ferragut\" \/>\n\t<meta name=\"twitter:label2\" content=\"Tiempo de lectura\" \/>\n\t<meta name=\"twitter:data2\" content=\"3 minutos\" \/>\n<script type=\"application\/ld+json\" class=\"yoast-schema-graph\">{\"@context\":\"https:\/\/schema.org\",\"@graph\":[{\"@type\":\"WebPage\",\"@id\":\"https:\/\/hcd.malargue.gov.ar\/?p=29990\",\"url\":\"https:\/\/hcd.malargue.gov.ar\/?p=29990\",\"name\":\"ORDENANZA N\u00b0 2.187\/2.022 - Malarg\u00fce HCD\",\"isPartOf\":{\"@id\":\"https:\/\/hcd.malargue.gov.ar\/#website\"},\"datePublished\":\"2022-08-30T12:39:03+00:00\",\"dateModified\":\"2022-08-30T12:39:03+00:00\",\"author\":{\"@id\":\"https:\/\/hcd.malargue.gov.ar\/#\/schema\/person\/3fd6bbab64edd703961b795156c955d0\"},\"breadcrumb\":{\"@id\":\"https:\/\/hcd.malargue.gov.ar\/?p=29990#breadcrumb\"},\"inLanguage\":\"es-AR\",\"potentialAction\":[{\"@type\":\"ReadAction\",\"target\":[\"https:\/\/hcd.malargue.gov.ar\/?p=29990\"]}]},{\"@type\":\"BreadcrumbList\",\"@id\":\"https:\/\/hcd.malargue.gov.ar\/?p=29990#breadcrumb\",\"itemListElement\":[{\"@type\":\"ListItem\",\"position\":1,\"name\":\"Inicio\",\"item\":\"https:\/\/hcd.malargue.gov.ar\/\"},{\"@type\":\"ListItem\",\"position\":2,\"name\":\"ORDENANZA N\u00b0 2.187\/2.022\"}]},{\"@type\":\"WebSite\",\"@id\":\"https:\/\/hcd.malargue.gov.ar\/#website\",\"url\":\"https:\/\/hcd.malargue.gov.ar\/\",\"name\":\"Malarg\u00fce HCD\",\"description\":\"Malarg\u00fce Mendoza Argentina\",\"potentialAction\":[{\"@type\":\"SearchAction\",\"target\":{\"@type\":\"EntryPoint\",\"urlTemplate\":\"https:\/\/hcd.malargue.gov.ar\/?s={search_term_string}\"},\"query-input\":\"required name=search_term_string\"}],\"inLanguage\":\"es-AR\"},{\"@type\":\"Person\",\"@id\":\"https:\/\/hcd.malargue.gov.ar\/#\/schema\/person\/3fd6bbab64edd703961b795156c955d0\",\"name\":\"Belen Pedernera Ferragut\",\"image\":{\"@type\":\"ImageObject\",\"inLanguage\":\"es-AR\",\"@id\":\"https:\/\/hcd.malargue.gov.ar\/#\/schema\/person\/image\/\",\"url\":\"https:\/\/secure.gravatar.com\/avatar\/1054ffab3893de4bb3eb29bdd22f7e34b8537bf5d34d9dab311818154ad5b71f?s=96&d=mm&r=g\",\"contentUrl\":\"https:\/\/secure.gravatar.com\/avatar\/1054ffab3893de4bb3eb29bdd22f7e34b8537bf5d34d9dab311818154ad5b71f?s=96&d=mm&r=g\",\"caption\":\"Belen Pedernera Ferragut\"},\"url\":\"https:\/\/hcd.malargue.gov.ar\/?author=5\"}]}<\/script>\n<!-- \/ Yoast SEO plugin. -->","yoast_head_json":{"title":"ORDENANZA N\u00b0 2.187\/2.022 - Malarg\u00fce HCD","robots":{"index":"index","follow":"follow","max-snippet":"max-snippet:-1","max-image-preview":"max-image-preview:large","max-video-preview":"max-video-preview:-1"},"canonical":"https:\/\/hcd.malargue.gov.ar\/?p=29990","og_locale":"es_ES","og_type":"article","og_title":"ORDENANZA N\u00b0 2.187\/2.022 - Malarg\u00fce HCD","og_description":"AUTORES: CONCEJALES FRANCISCO PARADA Y MARTIN PALMA INTERBLOQUE PARTIDO FEDERAL- FRENTE CAMBIA MENDOZA VISTO: El contenido del Expediente N\u00b0 5.168-HC 047 &#8211; 2.022. Interbloque Partido Federal &#8211; Frente Cambia Mendoza. Proyecto de Ordenanza: Imponer el nombre \u201cJos\u00e9 Alejandro Cortez\u201d al predio de destrezas gauchas y actividades culturales en el Paraje Ranquil Norte. La importancia de [&hellip;]","og_url":"https:\/\/hcd.malargue.gov.ar\/?p=29990","og_site_name":"Malarg\u00fce HCD","article_published_time":"2022-08-30T12:39:03+00:00","og_image":[{"width":940,"height":788,"url":"https:\/\/hcd.malargue.gov.ar\/wp-content\/uploads\/2022\/08\/ON-2187-2022.jpg","type":"image\/jpeg"}],"author":"Belen Pedernera Ferragut","twitter_card":"summary_large_image","twitter_misc":{"Escrito por":"Belen Pedernera Ferragut","Tiempo de lectura":"3 minutos"},"schema":{"@context":"https:\/\/schema.org","@graph":[{"@type":"WebPage","@id":"https:\/\/hcd.malargue.gov.ar\/?p=29990","url":"https:\/\/hcd.malargue.gov.ar\/?p=29990","name":"ORDENANZA N\u00b0 2.187\/2.022 - Malarg\u00fce HCD","isPartOf":{"@id":"https:\/\/hcd.malargue.gov.ar\/#website"},"datePublished":"2022-08-30T12:39:03+00:00","dateModified":"2022-08-30T12:39:03+00:00","author":{"@id":"https:\/\/hcd.malargue.gov.ar\/#\/schema\/person\/3fd6bbab64edd703961b795156c955d0"},"breadcrumb":{"@id":"https:\/\/hcd.malargue.gov.ar\/?p=29990#breadcrumb"},"inLanguage":"es-AR","potentialAction":[{"@type":"ReadAction","target":["https:\/\/hcd.malargue.gov.ar\/?p=29990"]}]},{"@type":"BreadcrumbList","@id":"https:\/\/hcd.malargue.gov.ar\/?p=29990#breadcrumb","itemListElement":[{"@type":"ListItem","position":1,"name":"Inicio","item":"https:\/\/hcd.malargue.gov.ar\/"},{"@type":"ListItem","position":2,"name":"ORDENANZA N\u00b0 2.187\/2.022"}]},{"@type":"WebSite","@id":"https:\/\/hcd.malargue.gov.ar\/#website","url":"https:\/\/hcd.malargue.gov.ar\/","name":"Malarg\u00fce HCD","description":"Malarg\u00fce Mendoza Argentina","potentialAction":[{"@type":"SearchAction","target":{"@type":"EntryPoint","urlTemplate":"https:\/\/hcd.malargue.gov.ar\/?s={search_term_string}"},"query-input":"required name=search_term_string"}],"inLanguage":"es-AR"},{"@type":"Person","@id":"https:\/\/hcd.malargue.gov.ar\/#\/schema\/person\/3fd6bbab64edd703961b795156c955d0","name":"Belen Pedernera Ferragut","image":{"@type":"ImageObject","inLanguage":"es-AR","@id":"https:\/\/hcd.malargue.gov.ar\/#\/schema\/person\/image\/","url":"https:\/\/secure.gravatar.com\/avatar\/1054ffab3893de4bb3eb29bdd22f7e34b8537bf5d34d9dab311818154ad5b71f?s=96&d=mm&r=g","contentUrl":"https:\/\/secure.gravatar.com\/avatar\/1054ffab3893de4bb3eb29bdd22f7e34b8537bf5d34d9dab311818154ad5b71f?s=96&d=mm&r=g","caption":"Belen Pedernera Ferragut"},"url":"https:\/\/hcd.malargue.gov.ar\/?author=5"}]}},"_links":{"self":[{"href":"https:\/\/hcd.malargue.gov.ar\/index.php?rest_route=\/wp\/v2\/posts\/29990","targetHints":{"allow":["GET"]}}],"collection":[{"href":"https:\/\/hcd.malargue.gov.ar\/index.php?rest_route=\/wp\/v2\/posts"}],"about":[{"href":"https:\/\/hcd.malargue.gov.ar\/index.php?rest_route=\/wp\/v2\/types\/post"}],"author":[{"embeddable":true,"href":"https:\/\/hcd.malargue.gov.ar\/index.php?rest_route=\/wp\/v2\/users\/5"}],"replies":[{"embeddable":true,"href":"https:\/\/hcd.malargue.gov.ar\/index.php?rest_route=%2Fwp%2Fv2%2Fcomments&post=29990"}],"version-history":[{"count":0,"href":"https:\/\/hcd.malargue.gov.ar\/index.php?rest_route=\/wp\/v2\/posts\/29990\/revisions"}],"wp:featuredmedia":[{"embeddable":true,"href":"https:\/\/hcd.malargue.gov.ar\/index.php?rest_route=\/wp\/v2\/media\/29991"}],"wp:attachment":[{"href":"https:\/\/hcd.malargue.gov.ar\/index.php?rest_route=%2Fwp%2Fv2%2Fmedia&parent=29990"}],"wp:term":[{"taxonomy":"category","embeddable":true,"href":"https:\/\/hcd.malargue.gov.ar\/index.php?rest_route=%2Fwp%2Fv2%2Fcategories&post=29990"},{"taxonomy":"post_tag","embeddable":true,"href":"https:\/\/hcd.malargue.gov.ar\/index.php?rest_route=%2Fwp%2Fv2%2Ftags&post=29990"}],"curies":[{"name":"wp","href":"https:\/\/api.w.org\/{rel}","templated":true}]}}