{"id":30171,"date":"2022-09-14T09:25:44","date_gmt":"2022-09-14T12:25:44","guid":{"rendered":"https:\/\/hcd.malargue.gov.ar\/?p=30171"},"modified":"2022-09-14T09:25:44","modified_gmt":"2022-09-14T12:25:44","slug":"ordenanza-n-2-193-2-022","status":"publish","type":"post","link":"https:\/\/hcd.malargue.gov.ar\/?p=30171","title":{"rendered":"ORDENANZA N\u00b0 2.193\/2.022"},"content":{"rendered":"<p><strong>AUTORA:<\/strong> CONCEJALA DAIANA VARAS<\/p>\n<p data-wp-editing=\"1\">BLOQUE FRENTE CAMBIA MENDOZA<a href=\"http:\/\/hcd.malargue.gov.ar\/hcdpdf\/On%202193%202022%20carteleria%20derechos%20del%20nino.pdf\"><img loading=\"lazy\" decoding=\"async\" class=\"alignright wp-image-7950\" src=\"https:\/\/hcd.malargue.gov.ar\/wp-content\/uploads\/2018\/06\/PDF-JPG-300x300.jpg\" alt=\"\" width=\"86\" height=\"86\" srcset=\"https:\/\/hcd.malargue.gov.ar\/wp-content\/uploads\/2018\/06\/PDF-JPG-300x300.jpg 300w, https:\/\/hcd.malargue.gov.ar\/wp-content\/uploads\/2018\/06\/PDF-JPG-150x150.jpg 150w, https:\/\/hcd.malargue.gov.ar\/wp-content\/uploads\/2018\/06\/PDF-JPG.jpg 512w\" sizes=\"auto, (max-width: 86px) 100vw, 86px\" \/><\/a><\/p>\n<p>VISTO: El contenido del Expediente N\u00b05.144 HC 045 &#8211; 2.022. Bloque Frente Cambia Mendoza. Proyecto de Ordenanza: Elaboraci\u00f3n y colocaci\u00f3n de carteler\u00eda difundiendo los \u201c10 Derechos fundamentales de ni\u00f1os, ni\u00f1as y adolescentes\u201d y la importancia de su promoci\u00f3n.<\/p>\n<p>Y;<\/p>\n<p>CONSIDERANDO: Que la convenci\u00f3n de los Derechos de Ni\u00f1os, Ni\u00f1as y Adolescentes es un tratado internacional adoptado por la Asamblea General de Naciones Unidas el 20 de Noviembre de 1.989, que reconoce los Derechos Humanos de todos los ni\u00f1os, ni\u00f1as y adolescentes.<\/p>\n<p>Que dicha convenci\u00f3n establece que los Estados que lo ratifiquen deben asegurar de manera obligatoria que todos los menores de dieciocho a\u00f1os gocen de los derechos contenidos en \u00e9l sin distinci\u00f3n de raza, color, idioma, nacimiento o cualquier otra condici\u00f3n del ni\u00f1o\/a, de sus padres o de sus representantes legales.<\/p>\n<p>Que Argentina es uno de los pa\u00edses que ratific\u00f3 el documento.<\/p>\n<p>Que la promoci\u00f3n de derechos (enti\u00e9ndase por promoci\u00f3n a las acciones organizadas y planificadas orientadas a cambiar las formas de pensar y actuar de las personas respecto de los derechos, incluyen difusi\u00f3n, sensibilizaci\u00f3n y educaci\u00f3n) contribuye en la prevenci\u00f3n de situaciones que vulneren los Derechos de todos los ni\u00f1os, ni\u00f1as y adolescentes.<\/p>\n<p>Que otro de los beneficios de promocionar los Derechos es que refuerza y desarrolla habilidades sociales y personales de los propios ni\u00f1os, ni\u00f1as y adolescentes de manera que puedan ejercer la defensa de sus Derechos y el cumplimiento de sus deberes.<\/p>\n<p>Que la promoci\u00f3n en plazas y espacios de recreaci\u00f3n asegura que estas acciones lleguen a diversos p\u00fablicos, pero especialmente a aquellos que se relacionan de manera m\u00e1s directa con los ni\u00f1os, ni\u00f1as y adolescentes.<\/p>\n<p>Que si bien los Derechos fundamentales de los ni\u00f1os, ni\u00f1as y adolescentes son reconocidos desde hace m\u00e1s de treinta a\u00f1os, a diario podemos ver que son vulnerados por otros ni\u00f1os, adultos e instituciones.<\/p>\n<p>Que desde este Cuerpo Deliberativo intentamos colaborar con herramientas sencillas que aporten a la promoci\u00f3n de los Derechos de todas las personas, entendiendo que la difusi\u00f3n y educaci\u00f3n de la poblaci\u00f3n para que puedan practicar su ejercicio y defensa, es una de ellas.<\/p>\n<p>EL HONORABLE CONCEJO DELIBERANTE DE LA MUNICIPALIDAD DE MALARG\u00dcE EN USO DE LAS FACULTADES QUE LE SON PROPIAS<\/p>\n<p>ORDENA<\/p>\n<p>ART\u00cdCULO 1\u00ba: Encomi\u00e9ndese al Departamento Ejecutivo Municipal, la elaboraci\u00f3n y colocaci\u00f3n de carteler\u00eda difundiendo los \u201c10 Derechos fundamentales de ni\u00f1os, ni\u00f1as y adolescentes\u201d, mencionados en la Convenci\u00f3n de los Derechos del Ni\u00f1o en las plazas y plazoletas de la Ciudad y de la Zona Rural.<\/p>\n<p>ART\u00cdCULO 2\u00b0: Disp\u00f3ngase que ser\u00e1n difundidos los \u201c10 Derechos fundamentales de ni\u00f1os, ni\u00f1as y adolescentes\u201d, como se detallan a continuaci\u00f3n:<\/p>\n<ol>\n<li>Derecho a la igualdad, sin distinci\u00f3n de raza, religi\u00f3n o nacionalidad.<\/li>\n<li>Derecho a una protecci\u00f3n especial para que puedan crecer f\u00edsica, mental y socialmente sanos y libres.<\/li>\n<li>Derecho a tener un nombre y nacionalidad.<\/li>\n<li>Derecho a una alimentaci\u00f3n, vivienda y atenci\u00f3n m\u00e9dica adecuada.<\/li>\n<li>Derecho a la educaci\u00f3n y atenciones especiales para los ni\u00f1os y ni\u00f1as con discapacidad.<\/li>\n<li>Derecho a comprensi\u00f3n y amor, por parte de las familias y la sociedad.<\/li>\n<li>Derecho a educaci\u00f3n gratuita. Derecho a divertirse y jugar.<\/li>\n<li>Derecho a atenci\u00f3n y ayuda preferente en caso de peligro.<\/li>\n<li>Derecho a ser protegido contra el abandono y el trabajo infantil.<\/li>\n<li>Derecho a recibir una educaci\u00f3n que fomente la solidaridad, la amistad y la justicia entre todo el mundo.<\/li>\n<\/ol>\n<p>ART\u00cdCULO 3\u00b0: Acomp\u00e1\u00f1ese la colocaci\u00f3n de la carteler\u00eda con otras acciones de difusi\u00f3n y sensibilizaci\u00f3n por parte del \u00c1rea Integral de Familia.<\/p>\n<p>ART\u00cdCULO 4\u00b0: Imp\u00fatese la Partida Presupuestaria correspondiente en el Presupuesto General de Gastos y C\u00e1lculo de Recursos de la Municipalidad de Malarg\u00fce para el ejercicio 2.023.<\/p>\n<p>ART\u00cdCULO 5\u00ba: Comun\u00edquese, reg\u00edstrese, c\u00famplase, publ\u00edquese, agr\u00e9guese copia de la presente en las actuaciones correspondientes y arch\u00edvese.<\/p>\n<p>DADA EN LA SALA DE SESIONES DR. RICARDO BALBIN DEL HONORABLE CONCEJO DELIBERANTE DE LA MUNICIPALIDAD DE MALARG\u00dcE A OCHO DIAS DE SETIEMBRE \u00a0DE DOS MIL VEINTIDOS.<\/p>\n<p>&nbsp;<\/p>\n","protected":false},"excerpt":{"rendered":"<p>AUTORA: CONCEJALA DAIANA VARAS BLOQUE FRENTE CAMBIA MENDOZA VISTO: El contenido del Expediente N\u00b05.144 HC 045 &#8211; 2.022. Bloque Frente Cambia Mendoza. Proyecto de Ordenanza: Elaboraci\u00f3n y colocaci\u00f3n de carteler\u00eda difundiendo los \u201c10 Derechos fundamentales de ni\u00f1os, ni\u00f1as y adolescentes\u201d y la importancia de su promoci\u00f3n. Y; CONSIDERANDO: Que la convenci\u00f3n de los Derechos de [&hellip;]<\/p>\n","protected":false},"author":5,"featured_media":30172,"comment_status":"closed","ping_status":"closed","sticky":false,"template":"","format":"standard","meta":{"footnotes":""},"categories":[52,29,48,33],"tags":[],"class_list":["post-30171","post","type-post","status-publish","format-standard","has-post-thumbnail","hentry","category-gacetillas","category-lesgilacion","category-ordenanzas-municipales","category-prensa"],"yoast_head":"<!-- This site is optimized with the Yoast SEO plugin v19.10 - https:\/\/yoast.com\/wordpress\/plugins\/seo\/ -->\n<title>ORDENANZA N\u00b0 2.193\/2.022 - Malarg\u00fce HCD<\/title>\n<meta name=\"robots\" content=\"index, follow, max-snippet:-1, max-image-preview:large, max-video-preview:-1\" \/>\n<link rel=\"canonical\" href=\"https:\/\/hcd.malargue.gov.ar\/?p=30171\" \/>\n<meta property=\"og:locale\" content=\"es_ES\" \/>\n<meta property=\"og:type\" content=\"article\" \/>\n<meta property=\"og:title\" content=\"ORDENANZA N\u00b0 2.193\/2.022 - Malarg\u00fce HCD\" \/>\n<meta property=\"og:description\" content=\"AUTORA: CONCEJALA DAIANA VARAS BLOQUE FRENTE CAMBIA MENDOZA VISTO: El contenido del Expediente N\u00b05.144 HC 045 &#8211; 2.022. Bloque Frente Cambia Mendoza. Proyecto de Ordenanza: Elaboraci\u00f3n y colocaci\u00f3n de carteler\u00eda difundiendo los \u201c10 Derechos fundamentales de ni\u00f1os, ni\u00f1as y adolescentes\u201d y la importancia de su promoci\u00f3n. Y; CONSIDERANDO: Que la convenci\u00f3n de los Derechos de [&hellip;]\" \/>\n<meta property=\"og:url\" content=\"https:\/\/hcd.malargue.gov.ar\/?p=30171\" \/>\n<meta property=\"og:site_name\" content=\"Malarg\u00fce HCD\" \/>\n<meta property=\"article:published_time\" content=\"2022-09-14T12:25:44+00:00\" \/>\n<meta property=\"og:image\" content=\"https:\/\/hcd.malargue.gov.ar\/wp-content\/uploads\/2022\/09\/on-2193-2022.jpg\" \/>\n\t<meta property=\"og:image:width\" content=\"940\" \/>\n\t<meta property=\"og:image:height\" content=\"788\" \/>\n\t<meta property=\"og:image:type\" content=\"image\/jpeg\" \/>\n<meta name=\"author\" content=\"Belen Pedernera Ferragut\" \/>\n<meta name=\"twitter:card\" content=\"summary_large_image\" \/>\n<meta name=\"twitter:label1\" content=\"Escrito por\" \/>\n\t<meta name=\"twitter:data1\" content=\"Belen Pedernera Ferragut\" \/>\n\t<meta name=\"twitter:label2\" content=\"Tiempo de lectura\" \/>\n\t<meta name=\"twitter:data2\" content=\"4 minutos\" \/>\n<script type=\"application\/ld+json\" class=\"yoast-schema-graph\">{\"@context\":\"https:\/\/schema.org\",\"@graph\":[{\"@type\":\"WebPage\",\"@id\":\"https:\/\/hcd.malargue.gov.ar\/?p=30171\",\"url\":\"https:\/\/hcd.malargue.gov.ar\/?p=30171\",\"name\":\"ORDENANZA N\u00b0 2.193\/2.022 - Malarg\u00fce HCD\",\"isPartOf\":{\"@id\":\"https:\/\/hcd.malargue.gov.ar\/#website\"},\"datePublished\":\"2022-09-14T12:25:44+00:00\",\"dateModified\":\"2022-09-14T12:25:44+00:00\",\"author\":{\"@id\":\"https:\/\/hcd.malargue.gov.ar\/#\/schema\/person\/3fd6bbab64edd703961b795156c955d0\"},\"breadcrumb\":{\"@id\":\"https:\/\/hcd.malargue.gov.ar\/?p=30171#breadcrumb\"},\"inLanguage\":\"es-AR\",\"potentialAction\":[{\"@type\":\"ReadAction\",\"target\":[\"https:\/\/hcd.malargue.gov.ar\/?p=30171\"]}]},{\"@type\":\"BreadcrumbList\",\"@id\":\"https:\/\/hcd.malargue.gov.ar\/?p=30171#breadcrumb\",\"itemListElement\":[{\"@type\":\"ListItem\",\"position\":1,\"name\":\"Inicio\",\"item\":\"https:\/\/hcd.malargue.gov.ar\/\"},{\"@type\":\"ListItem\",\"position\":2,\"name\":\"ORDENANZA N\u00b0 2.193\/2.022\"}]},{\"@type\":\"WebSite\",\"@id\":\"https:\/\/hcd.malargue.gov.ar\/#website\",\"url\":\"https:\/\/hcd.malargue.gov.ar\/\",\"name\":\"Malarg\u00fce HCD\",\"description\":\"Malarg\u00fce Mendoza Argentina\",\"potentialAction\":[{\"@type\":\"SearchAction\",\"target\":{\"@type\":\"EntryPoint\",\"urlTemplate\":\"https:\/\/hcd.malargue.gov.ar\/?s={search_term_string}\"},\"query-input\":\"required name=search_term_string\"}],\"inLanguage\":\"es-AR\"},{\"@type\":\"Person\",\"@id\":\"https:\/\/hcd.malargue.gov.ar\/#\/schema\/person\/3fd6bbab64edd703961b795156c955d0\",\"name\":\"Belen Pedernera Ferragut\",\"image\":{\"@type\":\"ImageObject\",\"inLanguage\":\"es-AR\",\"@id\":\"https:\/\/hcd.malargue.gov.ar\/#\/schema\/person\/image\/\",\"url\":\"https:\/\/secure.gravatar.com\/avatar\/1054ffab3893de4bb3eb29bdd22f7e34b8537bf5d34d9dab311818154ad5b71f?s=96&d=mm&r=g\",\"contentUrl\":\"https:\/\/secure.gravatar.com\/avatar\/1054ffab3893de4bb3eb29bdd22f7e34b8537bf5d34d9dab311818154ad5b71f?s=96&d=mm&r=g\",\"caption\":\"Belen Pedernera Ferragut\"},\"url\":\"https:\/\/hcd.malargue.gov.ar\/?author=5\"}]}<\/script>\n<!-- \/ Yoast SEO plugin. -->","yoast_head_json":{"title":"ORDENANZA N\u00b0 2.193\/2.022 - Malarg\u00fce HCD","robots":{"index":"index","follow":"follow","max-snippet":"max-snippet:-1","max-image-preview":"max-image-preview:large","max-video-preview":"max-video-preview:-1"},"canonical":"https:\/\/hcd.malargue.gov.ar\/?p=30171","og_locale":"es_ES","og_type":"article","og_title":"ORDENANZA N\u00b0 2.193\/2.022 - Malarg\u00fce HCD","og_description":"AUTORA: CONCEJALA DAIANA VARAS BLOQUE FRENTE CAMBIA MENDOZA VISTO: El contenido del Expediente N\u00b05.144 HC 045 &#8211; 2.022. Bloque Frente Cambia Mendoza. Proyecto de Ordenanza: Elaboraci\u00f3n y colocaci\u00f3n de carteler\u00eda difundiendo los \u201c10 Derechos fundamentales de ni\u00f1os, ni\u00f1as y adolescentes\u201d y la importancia de su promoci\u00f3n. Y; CONSIDERANDO: Que la convenci\u00f3n de los Derechos de [&hellip;]","og_url":"https:\/\/hcd.malargue.gov.ar\/?p=30171","og_site_name":"Malarg\u00fce HCD","article_published_time":"2022-09-14T12:25:44+00:00","og_image":[{"width":940,"height":788,"url":"https:\/\/hcd.malargue.gov.ar\/wp-content\/uploads\/2022\/09\/on-2193-2022.jpg","type":"image\/jpeg"}],"author":"Belen Pedernera Ferragut","twitter_card":"summary_large_image","twitter_misc":{"Escrito por":"Belen Pedernera Ferragut","Tiempo de lectura":"4 minutos"},"schema":{"@context":"https:\/\/schema.org","@graph":[{"@type":"WebPage","@id":"https:\/\/hcd.malargue.gov.ar\/?p=30171","url":"https:\/\/hcd.malargue.gov.ar\/?p=30171","name":"ORDENANZA N\u00b0 2.193\/2.022 - Malarg\u00fce HCD","isPartOf":{"@id":"https:\/\/hcd.malargue.gov.ar\/#website"},"datePublished":"2022-09-14T12:25:44+00:00","dateModified":"2022-09-14T12:25:44+00:00","author":{"@id":"https:\/\/hcd.malargue.gov.ar\/#\/schema\/person\/3fd6bbab64edd703961b795156c955d0"},"breadcrumb":{"@id":"https:\/\/hcd.malargue.gov.ar\/?p=30171#breadcrumb"},"inLanguage":"es-AR","potentialAction":[{"@type":"ReadAction","target":["https:\/\/hcd.malargue.gov.ar\/?p=30171"]}]},{"@type":"BreadcrumbList","@id":"https:\/\/hcd.malargue.gov.ar\/?p=30171#breadcrumb","itemListElement":[{"@type":"ListItem","position":1,"name":"Inicio","item":"https:\/\/hcd.malargue.gov.ar\/"},{"@type":"ListItem","position":2,"name":"ORDENANZA N\u00b0 2.193\/2.022"}]},{"@type":"WebSite","@id":"https:\/\/hcd.malargue.gov.ar\/#website","url":"https:\/\/hcd.malargue.gov.ar\/","name":"Malarg\u00fce HCD","description":"Malarg\u00fce Mendoza Argentina","potentialAction":[{"@type":"SearchAction","target":{"@type":"EntryPoint","urlTemplate":"https:\/\/hcd.malargue.gov.ar\/?s={search_term_string}"},"query-input":"required name=search_term_string"}],"inLanguage":"es-AR"},{"@type":"Person","@id":"https:\/\/hcd.malargue.gov.ar\/#\/schema\/person\/3fd6bbab64edd703961b795156c955d0","name":"Belen Pedernera Ferragut","image":{"@type":"ImageObject","inLanguage":"es-AR","@id":"https:\/\/hcd.malargue.gov.ar\/#\/schema\/person\/image\/","url":"https:\/\/secure.gravatar.com\/avatar\/1054ffab3893de4bb3eb29bdd22f7e34b8537bf5d34d9dab311818154ad5b71f?s=96&d=mm&r=g","contentUrl":"https:\/\/secure.gravatar.com\/avatar\/1054ffab3893de4bb3eb29bdd22f7e34b8537bf5d34d9dab311818154ad5b71f?s=96&d=mm&r=g","caption":"Belen Pedernera Ferragut"},"url":"https:\/\/hcd.malargue.gov.ar\/?author=5"}]}},"_links":{"self":[{"href":"https:\/\/hcd.malargue.gov.ar\/index.php?rest_route=\/wp\/v2\/posts\/30171","targetHints":{"allow":["GET"]}}],"collection":[{"href":"https:\/\/hcd.malargue.gov.ar\/index.php?rest_route=\/wp\/v2\/posts"}],"about":[{"href":"https:\/\/hcd.malargue.gov.ar\/index.php?rest_route=\/wp\/v2\/types\/post"}],"author":[{"embeddable":true,"href":"https:\/\/hcd.malargue.gov.ar\/index.php?rest_route=\/wp\/v2\/users\/5"}],"replies":[{"embeddable":true,"href":"https:\/\/hcd.malargue.gov.ar\/index.php?rest_route=%2Fwp%2Fv2%2Fcomments&post=30171"}],"version-history":[{"count":0,"href":"https:\/\/hcd.malargue.gov.ar\/index.php?rest_route=\/wp\/v2\/posts\/30171\/revisions"}],"wp:featuredmedia":[{"embeddable":true,"href":"https:\/\/hcd.malargue.gov.ar\/index.php?rest_route=\/wp\/v2\/media\/30172"}],"wp:attachment":[{"href":"https:\/\/hcd.malargue.gov.ar\/index.php?rest_route=%2Fwp%2Fv2%2Fmedia&parent=30171"}],"wp:term":[{"taxonomy":"category","embeddable":true,"href":"https:\/\/hcd.malargue.gov.ar\/index.php?rest_route=%2Fwp%2Fv2%2Fcategories&post=30171"},{"taxonomy":"post_tag","embeddable":true,"href":"https:\/\/hcd.malargue.gov.ar\/index.php?rest_route=%2Fwp%2Fv2%2Ftags&post=30171"}],"curies":[{"name":"wp","href":"https:\/\/api.w.org\/{rel}","templated":true}]}}