{"id":30207,"date":"2022-09-15T12:49:54","date_gmt":"2022-09-15T15:49:54","guid":{"rendered":"https:\/\/hcd.malargue.gov.ar\/?p=30207"},"modified":"2022-11-18T09:45:05","modified_gmt":"2022-11-18T12:45:05","slug":"el-hcd-llevo-a-cabo-la-26o-sesion-ordinaria-aprobando-4-piezas-legales","status":"publish","type":"post","link":"https:\/\/hcd.malargue.gov.ar\/?p=30207","title":{"rendered":"EL HCD LLEV\u00d3 A CABO LA 26 SESI\u00d3N ORDINARIA APROBANDO 4 PIEZAS LEGALES"},"content":{"rendered":"<h6 style=\"text-align: right;\">SESI\u00d3N ORDINARIA \u2013 15 de septimbre del 2022<\/h6>\n<h6 style=\"text-align: right;\">Presidiendo la Sesi\u00f3n:\u00a0\u00a0Concejal Paola Rojo (Bloque Frente Cambia Mendoza)<\/h6>\n<h6 style=\"text-align: right;\">Concejales Presentes: Andres Risi, Silvia Correa, Rodrigo Hidalgo,\u00a0 (Bloque Frente de Todos), Daiana Varas, Gabriel Rosas, Martin Palma (Bloque Frente Cambia Mendoza), Francisco Parada (Bloque Partido Encuentro)<\/h6>\n<p>A las 9:00 hs de este jueves 15 de septiembre, dio inici\u00f3 el <a href=\"https:\/\/hcd.malargue.gov.ar\/?p=30195\">Orden del Dia de la Sesi\u00f3n Ordinaria convocada<\/a>.<\/p>\n<p>Dando cumplimiento al Orden del D\u00eda elevaron un total de 3 Proyectos de los Sres Concejales y\u00a0 4 Expedientes provenientes del Departamento Ejecutivo a las distintas Comisiones de trabajo para su correspondiente tratamiento. Detalle:<\/p>\n<blockquote><p><strong><em>La COMISI\u00d3N DE HACIENDA PRESUPUESTO LEGISLACI\u00d3N Y ASUNTOS CONSTITUCIONALES (HPLAC) recepcionar\u00e1\u00a0 proyectos:<\/em><\/strong><\/p>\n<ul>\n<li>Expte. N\u00b05.181-HC 048-2.022 Proyecto de Ordenanza: Creaci\u00f3n del Programa \u201cTierra, Techo y Trabajo en Malarg\u00fce\u201d (BLOQUE FRENTE DE TODOS) Autores: Concejales Andr\u00e9s Risi, Silvia Correa y Rodrigo Hidalgo.<\/li>\n<li>Expte. N\u00b04.007\/2.022-0 Direcci\u00f3n de Asesor\u00eda Letrada Proyecto de Resoluci\u00f3n: Unidad T\u00e9cnica de gesti\u00f3n Urbana Ambiental\u201d<\/li>\n<li>Expte. N\u00b02.568\/2.022-0 Cruz del Sur S.R.L Francisco Kappez Ref.: Solicita Concesi\u00f3n de la Cantera de Yeso Ubicada en Campo Ca\u00f1ada Colorada<\/li>\n<li>Expte. N\u00b02.025\/2.022 Contadur\u00eda\u00a0 Municipal Responsabilidad FiscalA.3949 del Honorable Tribunal de Cuentas Segundo Trimestre del Ejercicio 2.022.<\/li>\n<\/ul>\n<p><em><b>La COMISI\u00d3N DE OBRAS P\u00daBLICAS, TURISMO Y RECURSOS NATURALES (OPTyRN) recepcionar\u00e1 <strong>proyectos:\u00a0<\/strong><\/b><\/em><\/p>\n<ul>\n<li>Expte. N\u00ba5.180-HC 048-2.022 Proyecto de Resoluci\u00f3n: Solicitud de Informe s\/ Sustracci\u00f3n de cables de cobre en el Departamento (BLOQUE FRENTE DE TODOS) Autores: Concejales Silvia Correa, Andr\u00e9s Risi y Rodrigo Hidalgo (Tras el an\u00e1lisis en la Comisi\u00f3n de Obras Publicas, pasa a la Comisi\u00f3n de Hacienda).<\/li>\n<li>TRATAMIENTO PREFERENCIAL- Expte. N\u00b05.182-HC 048-2.022 Proyecto de Resoluci\u00f3n: Solicitar a EDEMSA y EPRE la reparaci\u00f3n de la l\u00ednea de distribuci\u00f3n de energ\u00eda el\u00e9ctrica tramos Punta de Agua -Agua Escondida. (BLOQUE CAMBIA MENDOZA) Autor: Concejal Gabriel Rosas.<\/li>\n<\/ul>\n<p><em><strong>La COMISION ESPECIAL DE HIDROCARBUROS, MINERIA Y ENERGIA recepcionar\u00e1 1 proyecto:<\/strong><\/em><\/p>\n<ul>\n<li>TRATAMIENTO PREFERENCIAL- Expte. N\u00b04.150\/2.022-0 Presidente PV La Perla Federico Gar\u00edn Ref.: Usufructo del Predio de 192 Hect\u00e1reas para Proyecto Solar. (Tras el an\u00e1lisis en la Comisi\u00f3n de Hidrocarburos, pasa a la Comisi\u00f3n de Hacienda).<\/li>\n<\/ul>\n<\/blockquote>\n<p>En el punto <em><strong>h)<\/strong><\/em> se aprobaron\u00a0 Piezas Legales,\u00a0 detalle:<\/p>\n<p><strong>Resoluci\u00f3n:<\/strong> Solicitar informe de traslado de Oficina de Obras Privadas y Habilitaciones municipales al local donde funcionan \u00e1reas municipales y comercios privados. (Expte. N\u00b05.154-HC 046-2.022)<\/p>\n<p><strong>Resoluci\u00f3n: <\/strong>Prof. Claudia Lepez Directora Escuela N\u00b01-374 Petroleros del Sur del Paraje La Junta, solicita gestiones a fin que el establecimiento escolar vuelva al R\u00e9gimen Albergue. (Nota HC-401-22)<\/p>\n<p>En el punto<em><strong> i), <\/strong><\/em>el Concejal Palma mocion\u00f3 por la desafectaci\u00f3n de los dos Expedientes que vinieron VETADOS desde el Ejecutivo Municipal y se insistira en los mismos mediante Resoluci\u00f3n, ellos son:<\/p>\n<div class=\"heading cf\">\n<p class=\"post-title item fn\"><a href=\"https:\/\/hcd.malargue.gov.ar\/?p=29881\">ORDENANZA N\u00b0 2.183\/2.022<\/a> Establecer sentido \u00fanico de circulaci\u00f3n y estacionamiento en calle Jos\u00e9 Mar\u00eda Dom\u00ednguez. VETADO mediante Decreto N\u00b01.243\/2.022; y,<\/p>\n<p><a href=\"https:\/\/hcd.malargue.gov.ar\/?p=29722\">ORDENANZA N\u00ba 2.176\/2.022:<\/a> Modif\u00edquese el Art\u00edculo 1\u00b0 de la Ordenanza N\u00b01.948\/2018. VETADO mediante Decreto N\u00b01.196\/2022<\/p>\n<p>Suman un total de 4 Piezas Legales las aprobadas por el Cuerpo el dia de la fecha.<\/p>\n<p>Sin m\u00e1s que tratar, la Presidenta del Cuerpo Deliberativo dio por finalizada la Sesi\u00f3n.<\/p>\n<p>Bel\u00e9n Pedernera Ferragut \/ Prensa HCD<\/p>\n<p>VER LA SESI\u00d3N EN VIVO: <a href=\"https:\/\/www.youtube.com\/watch?v=pQxcI94KZNY\">https:\/\/www.youtube.com\/watch?v=pQxcI94KZNY<\/a><\/p>\n<p>GALERIA DE FOTOS:<\/p>\n<div id='gallery-1' class='gallery galleryid-30207 gallery-columns-7 gallery-size-thumbnail'><figure class='gallery-item'>\n\t\t\t<div class='gallery-icon landscape'>\n\t\t\t\t<a href='https:\/\/hcd.malargue.gov.ar\/wp-content\/uploads\/2022\/09\/20220915_091419-scaled.jpg'><img loading=\"lazy\" decoding=\"async\" width=\"150\" height=\"150\" src=\"https:\/\/hcd.malargue.gov.ar\/wp-content\/uploads\/2022\/09\/20220915_091419-150x150.jpg\" class=\"attachment-thumbnail size-thumbnail\" alt=\"\" \/><\/a>\n\t\t\t<\/div><\/figure><figure class='gallery-item'>\n\t\t\t<div class='gallery-icon landscape'>\n\t\t\t\t<a href='https:\/\/hcd.malargue.gov.ar\/wp-content\/uploads\/2022\/09\/20220915_092459-1-scaled.jpg'><img loading=\"lazy\" decoding=\"async\" width=\"150\" height=\"150\" src=\"https:\/\/hcd.malargue.gov.ar\/wp-content\/uploads\/2022\/09\/20220915_092459-1-150x150.jpg\" class=\"attachment-thumbnail size-thumbnail\" alt=\"\" \/><\/a>\n\t\t\t<\/div><\/figure><figure class='gallery-item'>\n\t\t\t<div class='gallery-icon landscape'>\n\t\t\t\t<a href='https:\/\/hcd.malargue.gov.ar\/wp-content\/uploads\/2022\/09\/20220915_092507-scaled.jpg'><img loading=\"lazy\" decoding=\"async\" width=\"150\" height=\"150\" src=\"https:\/\/hcd.malargue.gov.ar\/wp-content\/uploads\/2022\/09\/20220915_092507-150x150.jpg\" class=\"attachment-thumbnail size-thumbnail\" alt=\"\" \/><\/a>\n\t\t\t<\/div><\/figure><figure class='gallery-item'>\n\t\t\t<div class='gallery-icon landscape'>\n\t\t\t\t<a href='https:\/\/hcd.malargue.gov.ar\/wp-content\/uploads\/2022\/09\/IMGP4497-scaled.jpg'><img loading=\"lazy\" decoding=\"async\" width=\"150\" height=\"150\" src=\"https:\/\/hcd.malargue.gov.ar\/wp-content\/uploads\/2022\/09\/IMGP4497-150x150.jpg\" class=\"attachment-thumbnail size-thumbnail\" alt=\"\" \/><\/a>\n\t\t\t<\/div><\/figure><figure class='gallery-item'>\n\t\t\t<div class='gallery-icon landscape'>\n\t\t\t\t<a href='https:\/\/hcd.malargue.gov.ar\/wp-content\/uploads\/2022\/09\/IMGP4498-scaled.jpg'><img loading=\"lazy\" decoding=\"async\" width=\"150\" height=\"150\" src=\"https:\/\/hcd.malargue.gov.ar\/wp-content\/uploads\/2022\/09\/IMGP4498-150x150.jpg\" class=\"attachment-thumbnail size-thumbnail\" alt=\"\" \/><\/a>\n\t\t\t<\/div><\/figure><figure class='gallery-item'>\n\t\t\t<div class='gallery-icon landscape'>\n\t\t\t\t<a href='https:\/\/hcd.malargue.gov.ar\/wp-content\/uploads\/2022\/09\/IMGP4499-scaled.jpg'><img loading=\"lazy\" decoding=\"async\" width=\"150\" height=\"150\" src=\"https:\/\/hcd.malargue.gov.ar\/wp-content\/uploads\/2022\/09\/IMGP4499-150x150.jpg\" class=\"attachment-thumbnail size-thumbnail\" alt=\"\" \/><\/a>\n\t\t\t<\/div><\/figure><figure class='gallery-item'>\n\t\t\t<div class='gallery-icon portrait'>\n\t\t\t\t<a href='https:\/\/hcd.malargue.gov.ar\/wp-content\/uploads\/2022\/09\/IMGP4501-scaled.jpg'><img loading=\"lazy\" decoding=\"async\" width=\"150\" height=\"150\" src=\"https:\/\/hcd.malargue.gov.ar\/wp-content\/uploads\/2022\/09\/IMGP4501-150x150.jpg\" class=\"attachment-thumbnail size-thumbnail\" alt=\"\" \/><\/a>\n\t\t\t<\/div><\/figure><figure class='gallery-item'>\n\t\t\t<div class='gallery-icon landscape'>\n\t\t\t\t<a href='https:\/\/hcd.malargue.gov.ar\/wp-content\/uploads\/2022\/09\/IMGP4502-scaled.jpg'><img loading=\"lazy\" decoding=\"async\" width=\"150\" height=\"150\" src=\"https:\/\/hcd.malargue.gov.ar\/wp-content\/uploads\/2022\/09\/IMGP4502-150x150.jpg\" class=\"attachment-thumbnail size-thumbnail\" alt=\"\" \/><\/a>\n\t\t\t<\/div><\/figure><figure class='gallery-item'>\n\t\t\t<div class='gallery-icon portrait'>\n\t\t\t\t<a href='https:\/\/hcd.malargue.gov.ar\/wp-content\/uploads\/2022\/09\/IMGP4505-scaled.jpg'><img loading=\"lazy\" decoding=\"async\" width=\"150\" height=\"150\" src=\"https:\/\/hcd.malargue.gov.ar\/wp-content\/uploads\/2022\/09\/IMGP4505-150x150.jpg\" class=\"attachment-thumbnail size-thumbnail\" alt=\"\" \/><\/a>\n\t\t\t<\/div><\/figure><figure class='gallery-item'>\n\t\t\t<div class='gallery-icon portrait'>\n\t\t\t\t<a href='https:\/\/hcd.malargue.gov.ar\/wp-content\/uploads\/2022\/09\/IMGP4506-scaled.jpg'><img loading=\"lazy\" decoding=\"async\" width=\"150\" height=\"150\" src=\"https:\/\/hcd.malargue.gov.ar\/wp-content\/uploads\/2022\/09\/IMGP4506-150x150.jpg\" class=\"attachment-thumbnail size-thumbnail\" alt=\"\" \/><\/a>\n\t\t\t<\/div><\/figure><figure class='gallery-item'>\n\t\t\t<div class='gallery-icon portrait'>\n\t\t\t\t<a href='https:\/\/hcd.malargue.gov.ar\/wp-content\/uploads\/2022\/09\/IMGP4507-scaled.jpg'><img loading=\"lazy\" decoding=\"async\" width=\"150\" height=\"150\" src=\"https:\/\/hcd.malargue.gov.ar\/wp-content\/uploads\/2022\/09\/IMGP4507-150x150.jpg\" class=\"attachment-thumbnail size-thumbnail\" alt=\"\" \/><\/a>\n\t\t\t<\/div><\/figure><figure class='gallery-item'>\n\t\t\t<div class='gallery-icon landscape'>\n\t\t\t\t<a href='https:\/\/hcd.malargue.gov.ar\/wp-content\/uploads\/2022\/09\/IMGP4508-scaled.jpg'><img loading=\"lazy\" decoding=\"async\" width=\"150\" height=\"150\" src=\"https:\/\/hcd.malargue.gov.ar\/wp-content\/uploads\/2022\/09\/IMGP4508-150x150.jpg\" class=\"attachment-thumbnail size-thumbnail\" alt=\"\" \/><\/a>\n\t\t\t<\/div><\/figure><figure class='gallery-item'>\n\t\t\t<div class='gallery-icon portrait'>\n\t\t\t\t<a href='https:\/\/hcd.malargue.gov.ar\/wp-content\/uploads\/2022\/09\/IMGP4510-scaled.jpg'><img loading=\"lazy\" decoding=\"async\" width=\"150\" height=\"150\" src=\"https:\/\/hcd.malargue.gov.ar\/wp-content\/uploads\/2022\/09\/IMGP4510-150x150.jpg\" class=\"attachment-thumbnail size-thumbnail\" alt=\"\" \/><\/a>\n\t\t\t<\/div><\/figure><figure class='gallery-item'>\n\t\t\t<div class='gallery-icon portrait'>\n\t\t\t\t<a href='https:\/\/hcd.malargue.gov.ar\/wp-content\/uploads\/2022\/09\/IMGP4511-scaled.jpg'><img loading=\"lazy\" decoding=\"async\" width=\"150\" height=\"150\" src=\"https:\/\/hcd.malargue.gov.ar\/wp-content\/uploads\/2022\/09\/IMGP4511-150x150.jpg\" class=\"attachment-thumbnail size-thumbnail\" alt=\"\" \/><\/a>\n\t\t\t<\/div><\/figure>\n\t\t<\/div>\n\n<\/div>\n","protected":false},"excerpt":{"rendered":"<p>SESI\u00d3N ORDINARIA \u2013 15 de septimbre del 2022 Presidiendo la Sesi\u00f3n:\u00a0\u00a0Concejal Paola Rojo (Bloque Frente Cambia Mendoza) Concejales Presentes: Andres Risi, Silvia Correa, Rodrigo Hidalgo,\u00a0 (Bloque Frente de Todos), Daiana Varas, Gabriel Rosas, Martin Palma (Bloque Frente Cambia Mendoza), Francisco Parada (Bloque Partido Encuentro) A las 9:00 hs de este jueves 15 de septiembre, dio [&hellip;]<\/p>\n","protected":false},"author":5,"featured_media":30209,"comment_status":"closed","ping_status":"closed","sticky":false,"template":"","format":"standard","meta":{"footnotes":""},"categories":[52,58,33,36],"tags":[],"class_list":["post-30207","post","type-post","status-publish","format-standard","has-post-thumbnail","hentry","category-gacetillas","category-ordinarias","category-prensa","category-sesiones"],"yoast_head":"<!-- This site is optimized with the Yoast SEO plugin v19.10 - https:\/\/yoast.com\/wordpress\/plugins\/seo\/ -->\n<title>EL HCD LLEV\u00d3 A CABO LA 26 SESI\u00d3N ORDINARIA APROBANDO 4 PIEZAS LEGALES - Malarg\u00fce HCD<\/title>\n<meta name=\"robots\" content=\"index, follow, max-snippet:-1, max-image-preview:large, max-video-preview:-1\" \/>\n<link rel=\"canonical\" href=\"https:\/\/hcd.malargue.gov.ar\/?p=30207\" \/>\n<meta property=\"og:locale\" content=\"es_ES\" \/>\n<meta property=\"og:type\" content=\"article\" \/>\n<meta property=\"og:title\" content=\"EL HCD LLEV\u00d3 A CABO LA 26 SESI\u00d3N ORDINARIA APROBANDO 4 PIEZAS LEGALES - Malarg\u00fce HCD\" \/>\n<meta property=\"og:description\" content=\"SESI\u00d3N ORDINARIA \u2013 15 de septimbre del 2022 Presidiendo la Sesi\u00f3n:\u00a0\u00a0Concejal Paola Rojo (Bloque Frente Cambia Mendoza) Concejales Presentes: Andres Risi, Silvia Correa, Rodrigo Hidalgo,\u00a0 (Bloque Frente de Todos), Daiana Varas, Gabriel Rosas, Martin Palma (Bloque Frente Cambia Mendoza), Francisco Parada (Bloque Partido Encuentro) A las 9:00 hs de este jueves 15 de septiembre, dio [&hellip;]\" \/>\n<meta property=\"og:url\" content=\"https:\/\/hcd.malargue.gov.ar\/?p=30207\" \/>\n<meta property=\"og:site_name\" content=\"Malarg\u00fce HCD\" \/>\n<meta property=\"article:published_time\" content=\"2022-09-15T15:49:54+00:00\" \/>\n<meta property=\"article:modified_time\" content=\"2022-11-18T12:45:05+00:00\" \/>\n<meta property=\"og:image\" content=\"https:\/\/hcd.malargue.gov.ar\/wp-content\/uploads\/2022\/09\/20220915_092459-scaled.jpg\" \/>\n\t<meta property=\"og:image:width\" content=\"2560\" \/>\n\t<meta property=\"og:image:height\" content=\"1333\" \/>\n\t<meta property=\"og:image:type\" content=\"image\/jpeg\" \/>\n<meta name=\"author\" content=\"Belen Pedernera Ferragut\" \/>\n<meta name=\"twitter:card\" content=\"summary_large_image\" \/>\n<meta name=\"twitter:label1\" content=\"Escrito por\" \/>\n\t<meta name=\"twitter:data1\" content=\"Belen Pedernera Ferragut\" \/>\n\t<meta name=\"twitter:label2\" content=\"Tiempo de lectura\" \/>\n\t<meta name=\"twitter:data2\" content=\"3 minutos\" \/>\n<script type=\"application\/ld+json\" class=\"yoast-schema-graph\">{\"@context\":\"https:\/\/schema.org\",\"@graph\":[{\"@type\":\"WebPage\",\"@id\":\"https:\/\/hcd.malargue.gov.ar\/?p=30207\",\"url\":\"https:\/\/hcd.malargue.gov.ar\/?p=30207\",\"name\":\"EL HCD LLEV\u00d3 A CABO LA 26 SESI\u00d3N ORDINARIA APROBANDO 4 PIEZAS LEGALES - Malarg\u00fce HCD\",\"isPartOf\":{\"@id\":\"https:\/\/hcd.malargue.gov.ar\/#website\"},\"datePublished\":\"2022-09-15T15:49:54+00:00\",\"dateModified\":\"2022-11-18T12:45:05+00:00\",\"author\":{\"@id\":\"https:\/\/hcd.malargue.gov.ar\/#\/schema\/person\/3fd6bbab64edd703961b795156c955d0\"},\"breadcrumb\":{\"@id\":\"https:\/\/hcd.malargue.gov.ar\/?p=30207#breadcrumb\"},\"inLanguage\":\"es-AR\",\"potentialAction\":[{\"@type\":\"ReadAction\",\"target\":[\"https:\/\/hcd.malargue.gov.ar\/?p=30207\"]}]},{\"@type\":\"BreadcrumbList\",\"@id\":\"https:\/\/hcd.malargue.gov.ar\/?p=30207#breadcrumb\",\"itemListElement\":[{\"@type\":\"ListItem\",\"position\":1,\"name\":\"Inicio\",\"item\":\"https:\/\/hcd.malargue.gov.ar\/\"},{\"@type\":\"ListItem\",\"position\":2,\"name\":\"EL HCD LLEV\u00d3 A CABO LA 26\u00ba SESI\u00d3N ORDINARIA APROBANDO 4 PIEZAS LEGALES\"}]},{\"@type\":\"WebSite\",\"@id\":\"https:\/\/hcd.malargue.gov.ar\/#website\",\"url\":\"https:\/\/hcd.malargue.gov.ar\/\",\"name\":\"Malarg\u00fce HCD\",\"description\":\"Malarg\u00fce Mendoza Argentina\",\"potentialAction\":[{\"@type\":\"SearchAction\",\"target\":{\"@type\":\"EntryPoint\",\"urlTemplate\":\"https:\/\/hcd.malargue.gov.ar\/?s={search_term_string}\"},\"query-input\":\"required name=search_term_string\"}],\"inLanguage\":\"es-AR\"},{\"@type\":\"Person\",\"@id\":\"https:\/\/hcd.malargue.gov.ar\/#\/schema\/person\/3fd6bbab64edd703961b795156c955d0\",\"name\":\"Belen Pedernera Ferragut\",\"image\":{\"@type\":\"ImageObject\",\"inLanguage\":\"es-AR\",\"@id\":\"https:\/\/hcd.malargue.gov.ar\/#\/schema\/person\/image\/\",\"url\":\"https:\/\/secure.gravatar.com\/avatar\/1054ffab3893de4bb3eb29bdd22f7e34b8537bf5d34d9dab311818154ad5b71f?s=96&d=mm&r=g\",\"contentUrl\":\"https:\/\/secure.gravatar.com\/avatar\/1054ffab3893de4bb3eb29bdd22f7e34b8537bf5d34d9dab311818154ad5b71f?s=96&d=mm&r=g\",\"caption\":\"Belen Pedernera Ferragut\"},\"url\":\"https:\/\/hcd.malargue.gov.ar\/?author=5\"}]}<\/script>\n<!-- \/ Yoast SEO plugin. -->","yoast_head_json":{"title":"EL HCD LLEV\u00d3 A CABO LA 26 SESI\u00d3N ORDINARIA APROBANDO 4 PIEZAS LEGALES - Malarg\u00fce HCD","robots":{"index":"index","follow":"follow","max-snippet":"max-snippet:-1","max-image-preview":"max-image-preview:large","max-video-preview":"max-video-preview:-1"},"canonical":"https:\/\/hcd.malargue.gov.ar\/?p=30207","og_locale":"es_ES","og_type":"article","og_title":"EL HCD LLEV\u00d3 A CABO LA 26 SESI\u00d3N ORDINARIA APROBANDO 4 PIEZAS LEGALES - Malarg\u00fce HCD","og_description":"SESI\u00d3N ORDINARIA \u2013 15 de septimbre del 2022 Presidiendo la Sesi\u00f3n:\u00a0\u00a0Concejal Paola Rojo (Bloque Frente Cambia Mendoza) Concejales Presentes: Andres Risi, Silvia Correa, Rodrigo Hidalgo,\u00a0 (Bloque Frente de Todos), Daiana Varas, Gabriel Rosas, Martin Palma (Bloque Frente Cambia Mendoza), Francisco Parada (Bloque Partido Encuentro) A las 9:00 hs de este jueves 15 de septiembre, dio [&hellip;]","og_url":"https:\/\/hcd.malargue.gov.ar\/?p=30207","og_site_name":"Malarg\u00fce HCD","article_published_time":"2022-09-15T15:49:54+00:00","article_modified_time":"2022-11-18T12:45:05+00:00","og_image":[{"width":2560,"height":1333,"url":"https:\/\/hcd.malargue.gov.ar\/wp-content\/uploads\/2022\/09\/20220915_092459-scaled.jpg","type":"image\/jpeg"}],"author":"Belen Pedernera Ferragut","twitter_card":"summary_large_image","twitter_misc":{"Escrito por":"Belen Pedernera Ferragut","Tiempo de lectura":"3 minutos"},"schema":{"@context":"https:\/\/schema.org","@graph":[{"@type":"WebPage","@id":"https:\/\/hcd.malargue.gov.ar\/?p=30207","url":"https:\/\/hcd.malargue.gov.ar\/?p=30207","name":"EL HCD LLEV\u00d3 A CABO LA 26 SESI\u00d3N ORDINARIA APROBANDO 4 PIEZAS LEGALES - Malarg\u00fce HCD","isPartOf":{"@id":"https:\/\/hcd.malargue.gov.ar\/#website"},"datePublished":"2022-09-15T15:49:54+00:00","dateModified":"2022-11-18T12:45:05+00:00","author":{"@id":"https:\/\/hcd.malargue.gov.ar\/#\/schema\/person\/3fd6bbab64edd703961b795156c955d0"},"breadcrumb":{"@id":"https:\/\/hcd.malargue.gov.ar\/?p=30207#breadcrumb"},"inLanguage":"es-AR","potentialAction":[{"@type":"ReadAction","target":["https:\/\/hcd.malargue.gov.ar\/?p=30207"]}]},{"@type":"BreadcrumbList","@id":"https:\/\/hcd.malargue.gov.ar\/?p=30207#breadcrumb","itemListElement":[{"@type":"ListItem","position":1,"name":"Inicio","item":"https:\/\/hcd.malargue.gov.ar\/"},{"@type":"ListItem","position":2,"name":"EL HCD LLEV\u00d3 A CABO LA 26\u00ba SESI\u00d3N ORDINARIA APROBANDO 4 PIEZAS LEGALES"}]},{"@type":"WebSite","@id":"https:\/\/hcd.malargue.gov.ar\/#website","url":"https:\/\/hcd.malargue.gov.ar\/","name":"Malarg\u00fce HCD","description":"Malarg\u00fce Mendoza Argentina","potentialAction":[{"@type":"SearchAction","target":{"@type":"EntryPoint","urlTemplate":"https:\/\/hcd.malargue.gov.ar\/?s={search_term_string}"},"query-input":"required name=search_term_string"}],"inLanguage":"es-AR"},{"@type":"Person","@id":"https:\/\/hcd.malargue.gov.ar\/#\/schema\/person\/3fd6bbab64edd703961b795156c955d0","name":"Belen Pedernera Ferragut","image":{"@type":"ImageObject","inLanguage":"es-AR","@id":"https:\/\/hcd.malargue.gov.ar\/#\/schema\/person\/image\/","url":"https:\/\/secure.gravatar.com\/avatar\/1054ffab3893de4bb3eb29bdd22f7e34b8537bf5d34d9dab311818154ad5b71f?s=96&d=mm&r=g","contentUrl":"https:\/\/secure.gravatar.com\/avatar\/1054ffab3893de4bb3eb29bdd22f7e34b8537bf5d34d9dab311818154ad5b71f?s=96&d=mm&r=g","caption":"Belen Pedernera Ferragut"},"url":"https:\/\/hcd.malargue.gov.ar\/?author=5"}]}},"_links":{"self":[{"href":"https:\/\/hcd.malargue.gov.ar\/index.php?rest_route=\/wp\/v2\/posts\/30207","targetHints":{"allow":["GET"]}}],"collection":[{"href":"https:\/\/hcd.malargue.gov.ar\/index.php?rest_route=\/wp\/v2\/posts"}],"about":[{"href":"https:\/\/hcd.malargue.gov.ar\/index.php?rest_route=\/wp\/v2\/types\/post"}],"author":[{"embeddable":true,"href":"https:\/\/hcd.malargue.gov.ar\/index.php?rest_route=\/wp\/v2\/users\/5"}],"replies":[{"embeddable":true,"href":"https:\/\/hcd.malargue.gov.ar\/index.php?rest_route=%2Fwp%2Fv2%2Fcomments&post=30207"}],"version-history":[{"count":1,"href":"https:\/\/hcd.malargue.gov.ar\/index.php?rest_route=\/wp\/v2\/posts\/30207\/revisions"}],"predecessor-version":[{"id":32334,"href":"https:\/\/hcd.malargue.gov.ar\/index.php?rest_route=\/wp\/v2\/posts\/30207\/revisions\/32334"}],"wp:featuredmedia":[{"embeddable":true,"href":"https:\/\/hcd.malargue.gov.ar\/index.php?rest_route=\/wp\/v2\/media\/30209"}],"wp:attachment":[{"href":"https:\/\/hcd.malargue.gov.ar\/index.php?rest_route=%2Fwp%2Fv2%2Fmedia&parent=30207"}],"wp:term":[{"taxonomy":"category","embeddable":true,"href":"https:\/\/hcd.malargue.gov.ar\/index.php?rest_route=%2Fwp%2Fv2%2Fcategories&post=30207"},{"taxonomy":"post_tag","embeddable":true,"href":"https:\/\/hcd.malargue.gov.ar\/index.php?rest_route=%2Fwp%2Fv2%2Ftags&post=30207"}],"curies":[{"name":"wp","href":"https:\/\/api.w.org\/{rel}","templated":true}]}}