{"id":30275,"date":"2022-09-20T12:14:30","date_gmt":"2022-09-20T15:14:30","guid":{"rendered":"https:\/\/hcd.malargue.gov.ar\/?p=30275"},"modified":"2022-09-20T12:14:30","modified_gmt":"2022-09-20T15:14:30","slug":"resolucion-n-393-2-022","status":"publish","type":"post","link":"https:\/\/hcd.malargue.gov.ar\/?p=30275","title":{"rendered":"RESOLUCI\u00d3N N\u00b0 393\/2.022"},"content":{"rendered":"<p>AUTORES: CONCEJALES RODRIGO HIDALGO, ANDRES RISI, SILVIA CORREA, SILVINA CAMIOLO Y FRANCISCO PARADA<a href=\"http:\/\/hcd.malargue.gov.ar\/hcdpdf\/RN%20391%202022%20INSISTIR%20EN%20EL%20VETO%20ORDENANZA%202176%202022.pdf\"><img loading=\"lazy\" decoding=\"async\" class=\"alignright wp-image-7950\" src=\"https:\/\/hcd.malargue.gov.ar\/wp-content\/uploads\/2018\/06\/PDF-JPG-300x300.jpg\" alt=\"\" width=\"92\" height=\"92\" srcset=\"https:\/\/hcd.malargue.gov.ar\/wp-content\/uploads\/2018\/06\/PDF-JPG-300x300.jpg 300w, https:\/\/hcd.malargue.gov.ar\/wp-content\/uploads\/2018\/06\/PDF-JPG-150x150.jpg 150w, https:\/\/hcd.malargue.gov.ar\/wp-content\/uploads\/2018\/06\/PDF-JPG.jpg 512w\" sizes=\"auto, (max-width: 92px) 100vw, 92px\" \/><\/a><\/p>\n<p>INTERBLOQUE FRENTE DE TODOS- RECONSTRUYENDO MALARG\u00dcE Y PARTIDO FEDERAL<\/p>\n<p>VISTO: El contenido del Expediente N\u00b05.154 HC 046 &#8211; 2.022. Interbloque Frente de Todos \u2013 Reconstruyendo Malarg\u00fce \u2013 Partido Federal. Proyecto de Resoluci\u00f3n: Solicitar informe de traslado de Oficina de Obras Privadas y Habilitaciones Municipales al local donde funcionan \u00e1reas municipales y comercios privados.<\/p>\n<p>La cantidad de reclamos realizados por vecinos y vecinas que necesitan realizar tr\u00e1mites en esta dependencia y los argumentos expuestos en forma verbal por profesionales de la construcci\u00f3n.<\/p>\n<p>Y;<\/p>\n<p>CONSIDERANDO: Que el Art\u00edculo N\u00b0 71\u00a0 inciso 10 de la Ley Provincial N\u00b0 1079, establece que el Concejo Deliberante podr\u00e1 pedir al Departamento Ejecutivo los datos o informes que crea necesarios y deber\u00e1n ser contestado, debidamente fundados, en un plazo no mayor de diez (10) d\u00edas, prorrogables por otro plazo igual cuando la complejidad de lo requerido as\u00ed lo exija, previa comunicaci\u00f3n al Concejo.<\/p>\n<p>Que el Art\u00edculo N\u00b0 105 de la Ley Provincial N\u00b0 1079 enumera las atribuciones y deberes del Intendente y en su Inciso 13 establece que debe suministrar verbalmente o por escrito los informes que le pueda requerir el Concejo Deliberante.<\/p>\n<p>Que la Ley N\u00b0 9003 de Procedimiento Administrativo de Mendoza en su T\u00edtulo 1\u00b0, Art\u00edculo 1\u00b0, Inciso d: \u201cPrincipio del plazo razonable\u201d dice:<\/p>\n<ol>\n<li>Deben armonizarse los principios de econom\u00eda, eficacia, eficiencia, celeridad y sencillez del obrar administrativo, asegurando una v\u00eda r\u00e1pida de tutela de los intereses p\u00fablicos y privados comprometidos en su actuaci\u00f3n, de modo de que los interesados obtengan una decisi\u00f3n expresa y leg\u00edtima sobre sus peticiones e intereses. Se facilitar\u00e1, en su caso, el acceso al control administrativo o judicial posteriores. Las declaraciones o actuaciones de la autoridad que puedan afectar situaciones jur\u00eddicas tuteladas por el derecho deben brindarse en el plazo m\u00e1s breve y adecuado, conforme a las posibilidades y circunstancias del procedimiento respectivo, evit\u00e1ndose tr\u00e1mites dilatorios, incurrir en ritualismos in\u00fatiles o, en general, en requerimientos innecesarios, dilatorios o frustrantes de derechos.<\/li>\n<li>Este principio comprende la impulsi\u00f3n e instrucci\u00f3n de oficio, la econom\u00eda y sencillez en los tr\u00e1mites, en tanto no impliquen un desconocimiento del debido proceso o perjudiquen a terceros.<\/li>\n<\/ol>\n<p>Que la Ley N\u00b0 9003 en su Cap\u00edtulo III. Establece los \u201cPrincipios especiales aplicables en actuaciones administrativas que involucren derechos de personas en condiciones de vulnerabilidad\u201d:<\/p>\n<ol>\n<li>a) Las normas de este apartado establecen las condiciones que permitan alcanzar el pleno goce del derecho a la\u00a0tutela\u00a0administrativa efectiva de aquellas personas que se encuentren en condiciones de vulnerabilidad.<\/li>\n<li>b) Se consideran en condici\u00f3n de vulnerabilidad las personas que en raz\u00f3n de su edad, condici\u00f3n sexual, f\u00edsica o mental, o por circunstancias sociales, econ\u00f3micas, \u00e9tnicas o culturales, encuentran especiales dificultades para ejercitar con plenitud ante la administraci\u00f3n los derechos reconocidos por el ordenamiento jur\u00eddico.<\/li>\n<\/ol>\n<p>Podr\u00e1n constituir causas de vulnerabilidad, entre otras, las siguientes: La edad, la discapacidad, la pertenencia a comunidades ind\u00edgenas o a minor\u00edas, la victimizaci\u00f3n, la migraci\u00f3n y el desplazamiento interno, la pobreza, la condici\u00f3n sexual y la privaci\u00f3n de libertad.<\/p>\n<p>Que la Ordenanza N\u00b0 1.262\/2.005 reglamenta la habilitaci\u00f3n de comercios, industrias y actividades civiles, articulando las \u00c1reas de Rentas, Obras Privadas y Bromatolog\u00eda por la naturaleza de los expedientes y los distintos aspectos que deben analizarse.<\/p>\n<p>Que para realizar estos tr\u00e1mites complementarios entre s\u00ed, los expedientes deben permanecer y trasladarse a las distintas \u00e1reas municipales implicando el manejo de expedientes por parte de terceros con la posibilidad de afectar intereses privados e inclusive ser pasible de posibles extrav\u00edos en la documentaci\u00f3n.<\/p>\n<p>Que en la actualidad no se cuenta con un sistema de tramitaci\u00f3n o cobranzas remotas y\/o digital para poder funcionar en distintos edificios.<\/p>\n<p>Que en el edificio donde se ha trasladado el sector de Obras Privadas, existen habilitaciones comerciales de los locales individuales con espacio de acceso com\u00fan, desconoci\u00e9ndose si la del edificio en general existe.<\/p>\n<p>Que resulta necesario ordenar esta situaci\u00f3n y adaptarla a la normativa vigente, ya que la Municipalidad tiene responsabilidad sobre los espacios de uso com\u00fan y no en otros espacios donde se realizan actividades comerciales de orden privado.<\/p>\n<p>EL HONORABLE CONCEJO DELIBERANTE DE LA MUNICIPALIDAD DE MALARGUE EN USO DE LAS FACULTADES QUE LE SON PROPIAS<\/p>\n<p>RESUELVE<\/p>\n<p>ART\u00cdCULO 1\u00ba: Solicitar al Departamento Ejecutivo Municipal informe a\u00a0 este Honorable Concejo Deliberante los fundamentos por los cuales se realiz\u00f3 el traslado de la Oficina de Obras Privadas desde el edificio municipal de Uriburu e Inalic\u00e1n al ubicado en Av. San Mart\u00edn N\u00b0 648.<\/p>\n<p>ART\u00cdCULO 2\u00ba: Solicitar al Departamento Ejecutivo Municipal env\u00ede a este Honorable Concejo Deliberante copia del expediente administrativo referido a la contrataci\u00f3n del local donde funcionan distintas oficinas municipales, incluyendo habilitaci\u00f3n comercial del edificio en general y protocolo de la compa\u00f1\u00eda de seguro por eventualidades que le sucedan a las personas que realicen tr\u00e1mites municipales dentro del edificio.<\/p>\n<p>ART\u00cdCULO 3\u00ba: Requerir al Departamento Ejecutivo Municipal la utilizaci\u00f3n de sistema, plataforma o aplicaci\u00f3n\u00a0 virtual y su protocolo para realizar tr\u00e1mites de forma remota que as\u00ed lo permitan.<\/p>\n<p>ART\u00cdCULO 4\u00b0: Comun\u00edquese, reg\u00edstrese, agr\u00e9guese copia de la presente en las actuaciones correspondientes y arch\u00edvese.<\/p>\n<p>DADA EN LA SALA DE SESIONES DR. RICARDO BALBIN DEL HONORABLE CONCEJO DELIBERANTE DE LA MUNICIPALIDAD DE MALARG\u00dcE A QUINCE DIAS DE SETIEMBRE DE DOS MIL VEINTIDOS.<\/p>\n","protected":false},"excerpt":{"rendered":"<p>AUTORES: CONCEJALES RODRIGO HIDALGO, ANDRES RISI, SILVIA CORREA, SILVINA CAMIOLO Y FRANCISCO PARADA INTERBLOQUE FRENTE DE TODOS- RECONSTRUYENDO MALARG\u00dcE Y PARTIDO FEDERAL VISTO: El contenido del Expediente N\u00b05.154 HC 046 &#8211; 2.022. Interbloque Frente de Todos \u2013 Reconstruyendo Malarg\u00fce \u2013 Partido Federal. Proyecto de Resoluci\u00f3n: Solicitar informe de traslado de Oficina de Obras Privadas y [&hellip;]<\/p>\n","protected":false},"author":5,"featured_media":30276,"comment_status":"closed","ping_status":"closed","sticky":false,"template":"","format":"standard","meta":{"footnotes":""},"categories":[52,29,33,51],"tags":[],"class_list":["post-30275","post","type-post","status-publish","format-standard","has-post-thumbnail","hentry","category-gacetillas","category-lesgilacion","category-prensa","category-resoluciones"],"yoast_head":"<!-- This site is optimized with the Yoast SEO plugin v19.10 - https:\/\/yoast.com\/wordpress\/plugins\/seo\/ -->\n<title>RESOLUCI\u00d3N N\u00b0 393\/2.022 - Malarg\u00fce HCD<\/title>\n<meta name=\"robots\" content=\"index, follow, max-snippet:-1, max-image-preview:large, max-video-preview:-1\" \/>\n<link rel=\"canonical\" href=\"https:\/\/hcd.malargue.gov.ar\/?p=30275\" \/>\n<meta property=\"og:locale\" content=\"es_ES\" \/>\n<meta property=\"og:type\" content=\"article\" \/>\n<meta property=\"og:title\" content=\"RESOLUCI\u00d3N N\u00b0 393\/2.022 - Malarg\u00fce HCD\" \/>\n<meta property=\"og:description\" content=\"AUTORES: CONCEJALES RODRIGO HIDALGO, ANDRES RISI, SILVIA CORREA, SILVINA CAMIOLO Y FRANCISCO PARADA INTERBLOQUE FRENTE DE TODOS- RECONSTRUYENDO MALARG\u00dcE Y PARTIDO FEDERAL VISTO: El contenido del Expediente N\u00b05.154 HC 046 &#8211; 2.022. Interbloque Frente de Todos \u2013 Reconstruyendo Malarg\u00fce \u2013 Partido Federal. Proyecto de Resoluci\u00f3n: Solicitar informe de traslado de Oficina de Obras Privadas y [&hellip;]\" \/>\n<meta property=\"og:url\" content=\"https:\/\/hcd.malargue.gov.ar\/?p=30275\" \/>\n<meta property=\"og:site_name\" content=\"Malarg\u00fce HCD\" \/>\n<meta property=\"article:published_time\" content=\"2022-09-20T15:14:30+00:00\" \/>\n<meta property=\"og:image\" content=\"https:\/\/hcd.malargue.gov.ar\/wp-content\/uploads\/2022\/09\/RN-393-2022.jpg\" \/>\n\t<meta property=\"og:image:width\" content=\"940\" \/>\n\t<meta property=\"og:image:height\" content=\"788\" \/>\n\t<meta property=\"og:image:type\" content=\"image\/jpeg\" \/>\n<meta name=\"author\" content=\"Belen Pedernera Ferragut\" \/>\n<meta name=\"twitter:card\" content=\"summary_large_image\" \/>\n<meta name=\"twitter:label1\" content=\"Escrito por\" \/>\n\t<meta name=\"twitter:data1\" content=\"Belen Pedernera Ferragut\" \/>\n\t<meta name=\"twitter:label2\" content=\"Tiempo de lectura\" \/>\n\t<meta name=\"twitter:data2\" content=\"5 minutos\" \/>\n<script type=\"application\/ld+json\" class=\"yoast-schema-graph\">{\"@context\":\"https:\/\/schema.org\",\"@graph\":[{\"@type\":\"WebPage\",\"@id\":\"https:\/\/hcd.malargue.gov.ar\/?p=30275\",\"url\":\"https:\/\/hcd.malargue.gov.ar\/?p=30275\",\"name\":\"RESOLUCI\u00d3N N\u00b0 393\/2.022 - Malarg\u00fce HCD\",\"isPartOf\":{\"@id\":\"https:\/\/hcd.malargue.gov.ar\/#website\"},\"datePublished\":\"2022-09-20T15:14:30+00:00\",\"dateModified\":\"2022-09-20T15:14:30+00:00\",\"author\":{\"@id\":\"https:\/\/hcd.malargue.gov.ar\/#\/schema\/person\/3fd6bbab64edd703961b795156c955d0\"},\"breadcrumb\":{\"@id\":\"https:\/\/hcd.malargue.gov.ar\/?p=30275#breadcrumb\"},\"inLanguage\":\"es-AR\",\"potentialAction\":[{\"@type\":\"ReadAction\",\"target\":[\"https:\/\/hcd.malargue.gov.ar\/?p=30275\"]}]},{\"@type\":\"BreadcrumbList\",\"@id\":\"https:\/\/hcd.malargue.gov.ar\/?p=30275#breadcrumb\",\"itemListElement\":[{\"@type\":\"ListItem\",\"position\":1,\"name\":\"Inicio\",\"item\":\"https:\/\/hcd.malargue.gov.ar\/\"},{\"@type\":\"ListItem\",\"position\":2,\"name\":\"RESOLUCI\u00d3N N\u00b0 393\/2.022\"}]},{\"@type\":\"WebSite\",\"@id\":\"https:\/\/hcd.malargue.gov.ar\/#website\",\"url\":\"https:\/\/hcd.malargue.gov.ar\/\",\"name\":\"Malarg\u00fce HCD\",\"description\":\"Malarg\u00fce Mendoza Argentina\",\"potentialAction\":[{\"@type\":\"SearchAction\",\"target\":{\"@type\":\"EntryPoint\",\"urlTemplate\":\"https:\/\/hcd.malargue.gov.ar\/?s={search_term_string}\"},\"query-input\":\"required name=search_term_string\"}],\"inLanguage\":\"es-AR\"},{\"@type\":\"Person\",\"@id\":\"https:\/\/hcd.malargue.gov.ar\/#\/schema\/person\/3fd6bbab64edd703961b795156c955d0\",\"name\":\"Belen Pedernera Ferragut\",\"image\":{\"@type\":\"ImageObject\",\"inLanguage\":\"es-AR\",\"@id\":\"https:\/\/hcd.malargue.gov.ar\/#\/schema\/person\/image\/\",\"url\":\"https:\/\/secure.gravatar.com\/avatar\/1054ffab3893de4bb3eb29bdd22f7e34b8537bf5d34d9dab311818154ad5b71f?s=96&d=mm&r=g\",\"contentUrl\":\"https:\/\/secure.gravatar.com\/avatar\/1054ffab3893de4bb3eb29bdd22f7e34b8537bf5d34d9dab311818154ad5b71f?s=96&d=mm&r=g\",\"caption\":\"Belen Pedernera Ferragut\"},\"url\":\"https:\/\/hcd.malargue.gov.ar\/?author=5\"}]}<\/script>\n<!-- \/ Yoast SEO plugin. -->","yoast_head_json":{"title":"RESOLUCI\u00d3N N\u00b0 393\/2.022 - Malarg\u00fce HCD","robots":{"index":"index","follow":"follow","max-snippet":"max-snippet:-1","max-image-preview":"max-image-preview:large","max-video-preview":"max-video-preview:-1"},"canonical":"https:\/\/hcd.malargue.gov.ar\/?p=30275","og_locale":"es_ES","og_type":"article","og_title":"RESOLUCI\u00d3N N\u00b0 393\/2.022 - Malarg\u00fce HCD","og_description":"AUTORES: CONCEJALES RODRIGO HIDALGO, ANDRES RISI, SILVIA CORREA, SILVINA CAMIOLO Y FRANCISCO PARADA INTERBLOQUE FRENTE DE TODOS- RECONSTRUYENDO MALARG\u00dcE Y PARTIDO FEDERAL VISTO: El contenido del Expediente N\u00b05.154 HC 046 &#8211; 2.022. Interbloque Frente de Todos \u2013 Reconstruyendo Malarg\u00fce \u2013 Partido Federal. Proyecto de Resoluci\u00f3n: Solicitar informe de traslado de Oficina de Obras Privadas y [&hellip;]","og_url":"https:\/\/hcd.malargue.gov.ar\/?p=30275","og_site_name":"Malarg\u00fce HCD","article_published_time":"2022-09-20T15:14:30+00:00","og_image":[{"width":940,"height":788,"url":"https:\/\/hcd.malargue.gov.ar\/wp-content\/uploads\/2022\/09\/RN-393-2022.jpg","type":"image\/jpeg"}],"author":"Belen Pedernera Ferragut","twitter_card":"summary_large_image","twitter_misc":{"Escrito por":"Belen Pedernera Ferragut","Tiempo de lectura":"5 minutos"},"schema":{"@context":"https:\/\/schema.org","@graph":[{"@type":"WebPage","@id":"https:\/\/hcd.malargue.gov.ar\/?p=30275","url":"https:\/\/hcd.malargue.gov.ar\/?p=30275","name":"RESOLUCI\u00d3N N\u00b0 393\/2.022 - Malarg\u00fce HCD","isPartOf":{"@id":"https:\/\/hcd.malargue.gov.ar\/#website"},"datePublished":"2022-09-20T15:14:30+00:00","dateModified":"2022-09-20T15:14:30+00:00","author":{"@id":"https:\/\/hcd.malargue.gov.ar\/#\/schema\/person\/3fd6bbab64edd703961b795156c955d0"},"breadcrumb":{"@id":"https:\/\/hcd.malargue.gov.ar\/?p=30275#breadcrumb"},"inLanguage":"es-AR","potentialAction":[{"@type":"ReadAction","target":["https:\/\/hcd.malargue.gov.ar\/?p=30275"]}]},{"@type":"BreadcrumbList","@id":"https:\/\/hcd.malargue.gov.ar\/?p=30275#breadcrumb","itemListElement":[{"@type":"ListItem","position":1,"name":"Inicio","item":"https:\/\/hcd.malargue.gov.ar\/"},{"@type":"ListItem","position":2,"name":"RESOLUCI\u00d3N N\u00b0 393\/2.022"}]},{"@type":"WebSite","@id":"https:\/\/hcd.malargue.gov.ar\/#website","url":"https:\/\/hcd.malargue.gov.ar\/","name":"Malarg\u00fce HCD","description":"Malarg\u00fce Mendoza Argentina","potentialAction":[{"@type":"SearchAction","target":{"@type":"EntryPoint","urlTemplate":"https:\/\/hcd.malargue.gov.ar\/?s={search_term_string}"},"query-input":"required name=search_term_string"}],"inLanguage":"es-AR"},{"@type":"Person","@id":"https:\/\/hcd.malargue.gov.ar\/#\/schema\/person\/3fd6bbab64edd703961b795156c955d0","name":"Belen Pedernera Ferragut","image":{"@type":"ImageObject","inLanguage":"es-AR","@id":"https:\/\/hcd.malargue.gov.ar\/#\/schema\/person\/image\/","url":"https:\/\/secure.gravatar.com\/avatar\/1054ffab3893de4bb3eb29bdd22f7e34b8537bf5d34d9dab311818154ad5b71f?s=96&d=mm&r=g","contentUrl":"https:\/\/secure.gravatar.com\/avatar\/1054ffab3893de4bb3eb29bdd22f7e34b8537bf5d34d9dab311818154ad5b71f?s=96&d=mm&r=g","caption":"Belen Pedernera Ferragut"},"url":"https:\/\/hcd.malargue.gov.ar\/?author=5"}]}},"_links":{"self":[{"href":"https:\/\/hcd.malargue.gov.ar\/index.php?rest_route=\/wp\/v2\/posts\/30275","targetHints":{"allow":["GET"]}}],"collection":[{"href":"https:\/\/hcd.malargue.gov.ar\/index.php?rest_route=\/wp\/v2\/posts"}],"about":[{"href":"https:\/\/hcd.malargue.gov.ar\/index.php?rest_route=\/wp\/v2\/types\/post"}],"author":[{"embeddable":true,"href":"https:\/\/hcd.malargue.gov.ar\/index.php?rest_route=\/wp\/v2\/users\/5"}],"replies":[{"embeddable":true,"href":"https:\/\/hcd.malargue.gov.ar\/index.php?rest_route=%2Fwp%2Fv2%2Fcomments&post=30275"}],"version-history":[{"count":0,"href":"https:\/\/hcd.malargue.gov.ar\/index.php?rest_route=\/wp\/v2\/posts\/30275\/revisions"}],"wp:featuredmedia":[{"embeddable":true,"href":"https:\/\/hcd.malargue.gov.ar\/index.php?rest_route=\/wp\/v2\/media\/30276"}],"wp:attachment":[{"href":"https:\/\/hcd.malargue.gov.ar\/index.php?rest_route=%2Fwp%2Fv2%2Fmedia&parent=30275"}],"wp:term":[{"taxonomy":"category","embeddable":true,"href":"https:\/\/hcd.malargue.gov.ar\/index.php?rest_route=%2Fwp%2Fv2%2Fcategories&post=30275"},{"taxonomy":"post_tag","embeddable":true,"href":"https:\/\/hcd.malargue.gov.ar\/index.php?rest_route=%2Fwp%2Fv2%2Ftags&post=30275"}],"curies":[{"name":"wp","href":"https:\/\/api.w.org\/{rel}","templated":true}]}}