{"id":31094,"date":"2022-10-26T10:30:38","date_gmt":"2022-10-26T13:30:38","guid":{"rendered":"https:\/\/hcd.malargue.gov.ar\/?p=31094"},"modified":"2023-03-21T12:01:38","modified_gmt":"2023-03-21T15:01:38","slug":"orden-del-dia-32o-sesion-ordinaria","status":"publish","type":"post","link":"https:\/\/hcd.malargue.gov.ar\/?p=31094","title":{"rendered":"ORDEN DEL DIA 32 SESION ORDINARIA"},"content":{"rendered":"<h5>D\u00eda&nbsp; Jueves&nbsp; 27 de Octubre &nbsp;de 2.022<\/h5>\n<h5>Hora: 08:50<a href=\"http:\/\/hcd.malargue.gov.ar\/hcdpdf\/32%20ORDEN%2027%20de%20Octubre%20de%202022.pdf\"><img loading=\"lazy\" decoding=\"async\" class=\"alignright wp-image-7950\" src=\"https:\/\/hcd.malargue.gov.ar\/wp-content\/uploads\/2018\/06\/PDF-JPG-300x300.jpg\" alt=\"\" width=\"87\" height=\"87\" srcset=\"https:\/\/hcd.malargue.gov.ar\/wp-content\/uploads\/2018\/06\/PDF-JPG-300x300.jpg 300w, https:\/\/hcd.malargue.gov.ar\/wp-content\/uploads\/2018\/06\/PDF-JPG-150x150.jpg 150w, https:\/\/hcd.malargue.gov.ar\/wp-content\/uploads\/2018\/06\/PDF-JPG.jpg 512w\" sizes=\"auto, (max-width: 87px) 100vw, 87px\" \/><\/a><\/h5>\n<p>BANCA DEL CIUDADANO:&nbsp; Sra. Vicenta VILLALOBOS<\/p>\n<p>TEMA: Representaci\u00f3n de vecinos de calle Dom\u00ednguez s\/ Mejoramiento de servicios de Agua, luz y gas<\/p>\n<p><strong><em>Acto de Izar la Ense\u00f1a Patria a cargo de la&nbsp; Concejal &nbsp;&nbsp;Daiana VARAS CASTRO. &#8211;<\/em><\/strong><\/p>\n<p><strong><em>Homenaje de los Se\u00f1ores Concejales.<\/em><\/strong><\/p>\n<p><strong><em>Consideraci\u00f3n Acta Sesi\u00f3n Ordinaria N\u00b01.114- \u201cO\u201d-2022 <\/em><\/strong><\/p>\n<p><strong><em>Lectura del detalle de la correspondencia recibida y emitida.<\/em><\/strong><\/p>\n<p><strong><em>Consideraci\u00f3n de los temas que ser\u00e1n incluidos en el punto Asuntos Varios y puesta a consideraci\u00f3n de mociones de tratamientos sobre tablas de diversos expedientes<\/em><\/strong><\/p>\n<p><strong><em>Proyectos de los Se\u00f1ores Concejales: <\/em><\/strong><\/p>\n<ol>\n<li>Expte. N\u00ba5.218-HC 050-2.022 Proyecto de Ordenanza: Construcci\u00f3n de vereda perimetral para el acceso a la Escuela N\u00b01-618 Gral. Manuel Savio (BLOQUE FRENTE DE TODOS) Autores Concejales Rodrigo Hidalgo y Andr\u00e9s Risi<\/li>\n<li>Expte. N\u00b05.219-HC 050-2.022 Proyecto de Resoluci\u00f3n: Alternativa de explotaci\u00f3n y tratamiento de potasio en Malarg\u00fce (BLOQUE FRENTE DE TODOS) Autores: Concejales Andr\u00e9s Risi y Rodrigo Hidalgo<\/li>\n<li>Expte. N\u00b05.220-HC 051-2.022 Proyecto de Resoluci\u00f3n: Solicitar al Departamento Ejecutivo estricto cumplimiento de la Ordenanza N\u00b01.991\/19 Cargo por Servicio de Alumbrado P\u00fablico (INTERBLOQUE &nbsp;FRENTE &nbsp;DE TODOS-CUIDEMOS MALARG\u00dcE) Autores: Concejales Silvia Correa, Andr\u00e9s Risi, &nbsp;y Rodrigo Hidalgo<\/li>\n<li>Expte. N\u00b05.221-HC 051-2.022 Proyecto de Declaraci\u00f3n: Declarar de Inter\u00e9s Departamental Sociohist\u00f3rico y Cultural los Setenta y Dos Relatos Oficiales del \u201cMilagro de los Andes\u201d (BLOQUE FRENTE CAMBIA MENDOZA). Autora: Concejal Paola Rojo<\/li>\n<li>Expte. N\u00b05.222-HC 051-2.022 Proyecto de Ordenanza: Implementar el Sistema de An\u00e1lisis de Peligros y Puntos Cr\u00edticos de Control en el \u00e1mbito del Matadero Frigor\u00edfico Regional Malarg\u00fce (BLOQUE FRENTE CAMBIA MENDOZA) Autora: Concejal Paola Rojo<\/li>\n<li>Expte. N\u00b05.223-HC 051-2.022 Proyecto de Resoluci\u00f3n: Solicitar presencia de funcionarios p\u00fablicos en la Comisi\u00f3n de H.P.L.A.C. por entrega de terrenos a personas con Certificado \u00danico de Discapacidad (CUD) (BLOQUE RECONSTRUYENDO MALARG\u00dcE) Autora: Concejal Silvina Camiolo<\/li>\n<li>Expte. N\u00b05.224-HC 051-2.022 Proyecto de Ordenanza: Regulaci\u00f3n y reglamentaci\u00f3n de la actividad que realizan en la v\u00eda p\u00fablica carros y\/o similares utilizados para la venta de productos alimenticios. (BLOQUE U.C.R -INDEPENDIENTE) Autor: Concejal Mart\u00edn Palma<\/li>\n<li>Expte. N\u00b05.225-HC 051-2.022 Proyecto de Ordenanza: Colocaci\u00f3n de tres m\u00e1stiles y placa conmemorativa en intersecci\u00f3n de calle Milagro de los Andes y Ruta 40 a 50 a\u00f1os de la Tragedia o Milagro de los Andes (BLOQUE FRENTE CAMBIA MENDOZA) Autora: Concejal Daiana Varas Castro<\/li>\n<\/ol>\n<p><strong><em>Expedientes provenientes del Departamento Ejecutivo <\/em><\/strong><\/p>\n<ol>\n<li>Expte. N\u00b05.176-HC 047-2.022 Proyecto de Ordenanza: Modificaci\u00f3n Art.6\u00b0 Ordenanza N\u00b02.158\/2.022 Moratoria 2.020 (Decreto N\u00b01.520\/2.022)<\/li>\n<li>Expte. N\u00b05.502\/2.022-0 Departamento Ejecutivo Municipal Proyecto de Ordenanza Presupuesto General Gastos y C\u00e1lculo de Recursos Ejercicio 2.023<\/li>\n<\/ol>\n<p><strong><em>h) Despachos de las Comisiones de Trabajo:<\/em><\/strong><\/p>\n<ol>\n<li>Expte. N\u00b05.172-HC 047-2.022 Proyecto de Ordenanza: Creaci\u00f3n Programa Integral de Gesti\u00f3n del Tr\u00e1nsito de Calle Capdeville (Oeste) (O.P.T Y R.N)<\/li>\n<li>Expte. N\u00b05.194-HC 049-2.022 Proyecto de Ordenanza: Autorizar los encuentros de Destrezas Criollas, realizadas por las Asociaciones Gauchas y Centros Tradicionalistas del Departamento (E.H.M.A.S Y C )<\/li>\n<li>Expte. N\u00b05.150-HC 046-2.022 Proyecto de Resoluci\u00f3n: Declarar de Inter\u00e9s Departamental los Encuentros de Destrezas Criollas realizadas por Asociaciones Gauchas y Tradicionalistas del Departamento (E.H.M.A.S Y C)<\/li>\n<li>Expte. N\u00b04.802-HC 021-2.020 Proyecto de Resoluci\u00f3n: Repudiar las acciones del Presidente de la Naci\u00f3n Dr. Alberto Fern\u00e1ndez tras gravar el 10,5% del IVA a la leche fluida y en polvo (E.H.M.A.S Y C )<\/li>\n<li>Expte. N\u00b04.953-HC 031-2.021 Proyecto de Resoluci\u00f3n: Declarar personas no grata al Diputado Provincial del Frente Renovador Jorge Difonso (E.H.M.A.S Y C)<\/li>\n<li>Expte. N\u00b05.203-HC 049-2.022 Proyecto de Resoluci\u00f3n: Solicitar al Ministerio de Salud Desarrollo Social y Deportes se establezca el servicio de Neurolog\u00eda en el Hospital Malarg\u00fce (E.H.M.A.S Y C)<\/li>\n<li>Expte. N\u00b05.214-HC 050-2.022 Proyecto de Declaraci\u00f3n: Declarar de Inter\u00e9s Departamental Educativo y Social la Jornada de Investigaci\u00f3n Educativa \u201cNuevos Portales para una Nueva Formaci\u00f3n\u201d (E.H.M.A.S Y C)<\/li>\n<li>Expte. N\u00b05.200-HC 049-2.022 Proyecto de Resoluci\u00f3n: Solicitar a la Comisi\u00f3n de Legislaci\u00f3n y Asuntos Constitucionales del Senado de la Provincia tratamiento del Expte.N\u00b075723 -Imposici\u00f3n nombre a Centro de Salud de Ranquil Norte. (E.H.M.A.S. Y.C)<\/li>\n<li>Expte. N\u00b05.205-HC 049-2.022 Proyecto de Resoluci\u00f3n: Declarar de Inter\u00e9s Departamental la \u201cOpen Door Week\u201d organizada por la Agencia Espacial Europea. &#8211; (E.H.M.A.S Y C)<\/li>\n<\/ol>\n<p><strong>i<\/strong><strong><em>) Asuntos Varios. &#8211; <\/em><\/strong><\/p>\n<p><strong><em>j) Acto de arriar el Pabell\u00f3n Nacional a cargo de la concejal que lo<\/em><\/strong><strong> iz\u00f3. &#8211; <\/strong><strong>&nbsp;&nbsp;&nbsp;&nbsp;&nbsp;&nbsp;&nbsp;&nbsp;&nbsp;&nbsp;&nbsp;&nbsp;&nbsp;&nbsp;&nbsp; <\/strong><\/p>\n<p><strong>&nbsp;&nbsp;&nbsp;&nbsp;&nbsp;&nbsp;&nbsp;&nbsp;&nbsp;&nbsp;&nbsp;&nbsp;&nbsp;&nbsp;&nbsp;&nbsp;&nbsp;&nbsp;&nbsp;&nbsp;&nbsp;&nbsp;&nbsp;&nbsp;&nbsp;&nbsp;&nbsp;&nbsp;&nbsp;&nbsp;&nbsp;&nbsp;&nbsp;&nbsp;&nbsp;&nbsp;&nbsp;&nbsp;&nbsp;&nbsp;&nbsp;&nbsp;&nbsp;&nbsp;&nbsp;&nbsp;&nbsp;&nbsp;&nbsp;&nbsp;&nbsp;&nbsp;&nbsp;&nbsp;&nbsp;&nbsp;&nbsp;&nbsp;&nbsp;&nbsp;&nbsp;&nbsp;&nbsp;&nbsp;&nbsp;&nbsp;&nbsp;&nbsp;&nbsp;&nbsp;&nbsp;&nbsp;&nbsp;&nbsp;&nbsp;&nbsp;&nbsp;&nbsp;&nbsp;&nbsp;&nbsp;&nbsp;&nbsp;&nbsp;&nbsp;&nbsp;&nbsp;&nbsp;&nbsp; Presidencia H.C.D 25 de Octubre de 2022.-<\/strong><\/p>\n<p><strong>CORRESPONDENCIA&nbsp; RECIBIDA PARA LA SESI\u00d3N<\/strong><\/p>\n<p><strong>&nbsp;del d\u00eda Jueves 27 de&nbsp; Octubre de 2.022<\/strong><\/p>\n<p><strong>NOTAS INGRESADAS<\/strong><\/p>\n<ol>\n<li>Maximiliano Salvadores eleva Proyecto de Ley Desarrollo de Miner\u00eda Sustentable, para su ingreso a la Legislatura Provincial.<\/li>\n<li>Fabiana Glatigny, eleva respuesta en relaci\u00f3n a Resoluci\u00f3n N\u00ba 299\/2.022 inscripci\u00f3n registral del terreno Escuela N\u00ba 4-228 Eugenio Izsaky.<\/li>\n<li>Vecinos del Barrio 60 Aniversario, exponen necesidades varias de la zona que habitan, solicitan soluci\u00f3n a las problem\u00e1ticas.<\/li>\n<li>Pastor Daniel Ubilla por Iglesia Evang\u00e9lica Uni\u00f3n Pentecostal informa cronograma de actividades del Congreso de Supervisores y Pastores de Nivel Nacional 2022.<\/li>\n<li>Daniel Orlando Blajevitch, solicita hacer uso de la Banca del Ciudadano.<\/li>\n<li>Departamento Ejecutivo, remite dictamen jur\u00eddico referido a Expte. N\u00ba 5437\/2021 Autorizar la constituci\u00f3n de la Empresa de Energ\u00eda, Petr\u00f3leo, Miner\u00eda, Servicios de Log\u00edstica y de Obra Civil y Agro Industria y Ganader\u00eda.<\/li>\n<li>Fernanda Oliver Coordinadora Acad\u00e9mica UNCuyo invita a participar de la Semana Nacional de la Ciencia y la Tecnolog\u00eda del 24 al 28 de Octubre en el Centro de Convenciones y Exposiciones Thesaurus.<\/li>\n<li>Departamento Ejecutivo remite informe elaborado por la Secretar\u00eda de Obras y Servicios P\u00fablicos Resoluci\u00f3n N\u00ba 269\/2.022 Sistema de calefacci\u00f3n de los edificios municipales.<\/li>\n<li>Cristian P\u00e9rez, solicita se gestione pronta resoluci\u00f3n de Expte N\u00ba 1.297\/22 solicitud de terreno en Ca\u00f1ada Colorada para Emprendimiento Tur\u00edstico.<\/li>\n<li>Honorable Concejo Deliberante de La Paz, remite Declaraci\u00f3n N\u00ba 14\/2.022 ref: Reiterados incumplimientos por parte de OSEP.<\/li>\n<li>Profesora Claudia Lepez, Directora de Escuela N\u00ba 1-374 Petroleros del Sur, solicita colaboraci\u00f3n para realizaci\u00f3n de campamento de fin de a\u00f1o con los alumnos del establecimiento.<\/li>\n<\/ol>\n<p><strong>NOTAS EMITIDAS<\/strong><strong>&nbsp;&nbsp;&nbsp;&nbsp; <\/strong><\/p>\n<ol>\n<li>A Vecinos de Colonia Pehuenche, remitiendo copia de Resoluci\u00f3n N\u00ba 455\/2.022 Carteleria Calle Inmigrantes Espa\u00f1oles.<\/li>\n<li>A la Sra. Secretaria de Gobierno, remitiendo nota HC 543\/2.022 Sr. Mario Valdes solicitud de colaboraci\u00f3n para traslado a Ciudad de Rosario.<\/li>\n<li>Al Sr. Jefe de EDEMSA, Responsable de Defensa al Consumidor y Responsable de EPRE en Malarg\u00fce convocando a reuni\u00f3n de trabajo seg\u00fan Resoluci\u00f3n N\u00ba 484\/2.022.<\/li>\n<li>A la Sra. Vicenta Villalobos, informando que podr\u00e1 hacer uso de la Banca del Ciudadano.<\/li>\n<\/ol>\n","protected":false},"excerpt":{"rendered":"<p>D\u00eda&nbsp; Jueves&nbsp; 27 de Octubre &nbsp;de 2.022 Hora: 08:50 BANCA DEL CIUDADANO:&nbsp; Sra. Vicenta VILLALOBOS TEMA: Representaci\u00f3n de vecinos de calle Dom\u00ednguez s\/ Mejoramiento de servicios de Agua, luz y gas Acto de Izar la Ense\u00f1a Patria a cargo de la&nbsp; Concejal &nbsp;&nbsp;Daiana VARAS CASTRO. &#8211; Homenaje de los Se\u00f1ores Concejales. Consideraci\u00f3n Acta Sesi\u00f3n Ordinaria [&hellip;]<\/p>\n","protected":false},"author":5,"featured_media":31095,"comment_status":"closed","ping_status":"closed","sticky":false,"template":"","format":"standard","meta":{"footnotes":""},"categories":[52,84,58,33,36],"tags":[],"class_list":["post-31094","post","type-post","status-publish","format-standard","has-post-thumbnail","hentry","category-gacetillas","category-orden-del-dia","category-ordinarias","category-prensa","category-sesiones"],"yoast_head":"<!-- This site is optimized with the Yoast SEO plugin v19.10 - https:\/\/yoast.com\/wordpress\/plugins\/seo\/ -->\n<title>ORDEN DEL DIA 32 SESION ORDINARIA - Malarg\u00fce HCD<\/title>\n<meta name=\"robots\" content=\"index, follow, max-snippet:-1, max-image-preview:large, max-video-preview:-1\" \/>\n<link rel=\"canonical\" href=\"https:\/\/hcd.malargue.gov.ar\/?p=31094\" \/>\n<meta property=\"og:locale\" content=\"es_ES\" \/>\n<meta property=\"og:type\" content=\"article\" \/>\n<meta property=\"og:title\" content=\"ORDEN DEL DIA 32 SESION ORDINARIA - Malarg\u00fce HCD\" \/>\n<meta property=\"og:description\" content=\"D\u00eda&nbsp; Jueves&nbsp; 27 de Octubre &nbsp;de 2.022 Hora: 08:50 BANCA DEL CIUDADANO:&nbsp; Sra. Vicenta VILLALOBOS TEMA: Representaci\u00f3n de vecinos de calle Dom\u00ednguez s\/ Mejoramiento de servicios de Agua, luz y gas Acto de Izar la Ense\u00f1a Patria a cargo de la&nbsp; Concejal &nbsp;&nbsp;Daiana VARAS CASTRO. &#8211; Homenaje de los Se\u00f1ores Concejales. Consideraci\u00f3n Acta Sesi\u00f3n Ordinaria [&hellip;]\" \/>\n<meta property=\"og:url\" content=\"https:\/\/hcd.malargue.gov.ar\/?p=31094\" \/>\n<meta property=\"og:site_name\" content=\"Malarg\u00fce HCD\" \/>\n<meta property=\"article:published_time\" content=\"2022-10-26T13:30:38+00:00\" \/>\n<meta property=\"article:modified_time\" content=\"2023-03-21T15:01:38+00:00\" \/>\n<meta name=\"author\" content=\"Belen Pedernera Ferragut\" \/>\n<meta name=\"twitter:card\" content=\"summary_large_image\" \/>\n<meta name=\"twitter:image\" content=\"https:\/\/hcd.malargue.gov.ar\/wp-content\/uploads\/2022\/10\/VARAS-Bandera-scaled.jpg\" \/>\n<meta name=\"twitter:label1\" content=\"Escrito por\" \/>\n\t<meta name=\"twitter:data1\" content=\"Belen Pedernera Ferragut\" \/>\n\t<meta name=\"twitter:label2\" content=\"Tiempo de lectura\" \/>\n\t<meta name=\"twitter:data2\" content=\"5 minutos\" \/>\n<script type=\"application\/ld+json\" class=\"yoast-schema-graph\">{\"@context\":\"https:\/\/schema.org\",\"@graph\":[{\"@type\":\"WebPage\",\"@id\":\"https:\/\/hcd.malargue.gov.ar\/?p=31094\",\"url\":\"https:\/\/hcd.malargue.gov.ar\/?p=31094\",\"name\":\"ORDEN DEL DIA 32 SESION ORDINARIA - Malarg\u00fce HCD\",\"isPartOf\":{\"@id\":\"https:\/\/hcd.malargue.gov.ar\/#website\"},\"datePublished\":\"2022-10-26T13:30:38+00:00\",\"dateModified\":\"2023-03-21T15:01:38+00:00\",\"author\":{\"@id\":\"https:\/\/hcd.malargue.gov.ar\/#\/schema\/person\/3fd6bbab64edd703961b795156c955d0\"},\"breadcrumb\":{\"@id\":\"https:\/\/hcd.malargue.gov.ar\/?p=31094#breadcrumb\"},\"inLanguage\":\"es-AR\",\"potentialAction\":[{\"@type\":\"ReadAction\",\"target\":[\"https:\/\/hcd.malargue.gov.ar\/?p=31094\"]}]},{\"@type\":\"BreadcrumbList\",\"@id\":\"https:\/\/hcd.malargue.gov.ar\/?p=31094#breadcrumb\",\"itemListElement\":[{\"@type\":\"ListItem\",\"position\":1,\"name\":\"Inicio\",\"item\":\"https:\/\/hcd.malargue.gov.ar\/\"},{\"@type\":\"ListItem\",\"position\":2,\"name\":\"ORDEN DEL DIA 32 SESION ORDINARIA\"}]},{\"@type\":\"WebSite\",\"@id\":\"https:\/\/hcd.malargue.gov.ar\/#website\",\"url\":\"https:\/\/hcd.malargue.gov.ar\/\",\"name\":\"Malarg\u00fce HCD\",\"description\":\"Malarg\u00fce Mendoza Argentina\",\"potentialAction\":[{\"@type\":\"SearchAction\",\"target\":{\"@type\":\"EntryPoint\",\"urlTemplate\":\"https:\/\/hcd.malargue.gov.ar\/?s={search_term_string}\"},\"query-input\":\"required name=search_term_string\"}],\"inLanguage\":\"es-AR\"},{\"@type\":\"Person\",\"@id\":\"https:\/\/hcd.malargue.gov.ar\/#\/schema\/person\/3fd6bbab64edd703961b795156c955d0\",\"name\":\"Belen Pedernera Ferragut\",\"image\":{\"@type\":\"ImageObject\",\"inLanguage\":\"es-AR\",\"@id\":\"https:\/\/hcd.malargue.gov.ar\/#\/schema\/person\/image\/\",\"url\":\"https:\/\/secure.gravatar.com\/avatar\/1054ffab3893de4bb3eb29bdd22f7e34b8537bf5d34d9dab311818154ad5b71f?s=96&d=mm&r=g\",\"contentUrl\":\"https:\/\/secure.gravatar.com\/avatar\/1054ffab3893de4bb3eb29bdd22f7e34b8537bf5d34d9dab311818154ad5b71f?s=96&d=mm&r=g\",\"caption\":\"Belen Pedernera Ferragut\"},\"url\":\"https:\/\/hcd.malargue.gov.ar\/?author=5\"}]}<\/script>\n<!-- \/ Yoast SEO plugin. -->","yoast_head_json":{"title":"ORDEN DEL DIA 32 SESION ORDINARIA - Malarg\u00fce HCD","robots":{"index":"index","follow":"follow","max-snippet":"max-snippet:-1","max-image-preview":"max-image-preview:large","max-video-preview":"max-video-preview:-1"},"canonical":"https:\/\/hcd.malargue.gov.ar\/?p=31094","og_locale":"es_ES","og_type":"article","og_title":"ORDEN DEL DIA 32 SESION ORDINARIA - Malarg\u00fce HCD","og_description":"D\u00eda&nbsp; Jueves&nbsp; 27 de Octubre &nbsp;de 2.022 Hora: 08:50 BANCA DEL CIUDADANO:&nbsp; Sra. Vicenta VILLALOBOS TEMA: Representaci\u00f3n de vecinos de calle Dom\u00ednguez s\/ Mejoramiento de servicios de Agua, luz y gas Acto de Izar la Ense\u00f1a Patria a cargo de la&nbsp; Concejal &nbsp;&nbsp;Daiana VARAS CASTRO. &#8211; Homenaje de los Se\u00f1ores Concejales. Consideraci\u00f3n Acta Sesi\u00f3n Ordinaria [&hellip;]","og_url":"https:\/\/hcd.malargue.gov.ar\/?p=31094","og_site_name":"Malarg\u00fce HCD","article_published_time":"2022-10-26T13:30:38+00:00","article_modified_time":"2023-03-21T15:01:38+00:00","author":"Belen Pedernera Ferragut","twitter_card":"summary_large_image","twitter_image":"https:\/\/hcd.malargue.gov.ar\/wp-content\/uploads\/2022\/10\/VARAS-Bandera-scaled.jpg","twitter_misc":{"Escrito por":"Belen Pedernera Ferragut","Tiempo de lectura":"5 minutos"},"schema":{"@context":"https:\/\/schema.org","@graph":[{"@type":"WebPage","@id":"https:\/\/hcd.malargue.gov.ar\/?p=31094","url":"https:\/\/hcd.malargue.gov.ar\/?p=31094","name":"ORDEN DEL DIA 32 SESION ORDINARIA - Malarg\u00fce HCD","isPartOf":{"@id":"https:\/\/hcd.malargue.gov.ar\/#website"},"datePublished":"2022-10-26T13:30:38+00:00","dateModified":"2023-03-21T15:01:38+00:00","author":{"@id":"https:\/\/hcd.malargue.gov.ar\/#\/schema\/person\/3fd6bbab64edd703961b795156c955d0"},"breadcrumb":{"@id":"https:\/\/hcd.malargue.gov.ar\/?p=31094#breadcrumb"},"inLanguage":"es-AR","potentialAction":[{"@type":"ReadAction","target":["https:\/\/hcd.malargue.gov.ar\/?p=31094"]}]},{"@type":"BreadcrumbList","@id":"https:\/\/hcd.malargue.gov.ar\/?p=31094#breadcrumb","itemListElement":[{"@type":"ListItem","position":1,"name":"Inicio","item":"https:\/\/hcd.malargue.gov.ar\/"},{"@type":"ListItem","position":2,"name":"ORDEN DEL DIA 32 SESION ORDINARIA"}]},{"@type":"WebSite","@id":"https:\/\/hcd.malargue.gov.ar\/#website","url":"https:\/\/hcd.malargue.gov.ar\/","name":"Malarg\u00fce HCD","description":"Malarg\u00fce Mendoza Argentina","potentialAction":[{"@type":"SearchAction","target":{"@type":"EntryPoint","urlTemplate":"https:\/\/hcd.malargue.gov.ar\/?s={search_term_string}"},"query-input":"required name=search_term_string"}],"inLanguage":"es-AR"},{"@type":"Person","@id":"https:\/\/hcd.malargue.gov.ar\/#\/schema\/person\/3fd6bbab64edd703961b795156c955d0","name":"Belen Pedernera Ferragut","image":{"@type":"ImageObject","inLanguage":"es-AR","@id":"https:\/\/hcd.malargue.gov.ar\/#\/schema\/person\/image\/","url":"https:\/\/secure.gravatar.com\/avatar\/1054ffab3893de4bb3eb29bdd22f7e34b8537bf5d34d9dab311818154ad5b71f?s=96&d=mm&r=g","contentUrl":"https:\/\/secure.gravatar.com\/avatar\/1054ffab3893de4bb3eb29bdd22f7e34b8537bf5d34d9dab311818154ad5b71f?s=96&d=mm&r=g","caption":"Belen Pedernera Ferragut"},"url":"https:\/\/hcd.malargue.gov.ar\/?author=5"}]}},"_links":{"self":[{"href":"https:\/\/hcd.malargue.gov.ar\/index.php?rest_route=\/wp\/v2\/posts\/31094","targetHints":{"allow":["GET"]}}],"collection":[{"href":"https:\/\/hcd.malargue.gov.ar\/index.php?rest_route=\/wp\/v2\/posts"}],"about":[{"href":"https:\/\/hcd.malargue.gov.ar\/index.php?rest_route=\/wp\/v2\/types\/post"}],"author":[{"embeddable":true,"href":"https:\/\/hcd.malargue.gov.ar\/index.php?rest_route=\/wp\/v2\/users\/5"}],"replies":[{"embeddable":true,"href":"https:\/\/hcd.malargue.gov.ar\/index.php?rest_route=%2Fwp%2Fv2%2Fcomments&post=31094"}],"version-history":[{"count":2,"href":"https:\/\/hcd.malargue.gov.ar\/index.php?rest_route=\/wp\/v2\/posts\/31094\/revisions"}],"predecessor-version":[{"id":33342,"href":"https:\/\/hcd.malargue.gov.ar\/index.php?rest_route=\/wp\/v2\/posts\/31094\/revisions\/33342"}],"wp:featuredmedia":[{"embeddable":true,"href":"https:\/\/hcd.malargue.gov.ar\/index.php?rest_route=\/wp\/v2\/media\/31095"}],"wp:attachment":[{"href":"https:\/\/hcd.malargue.gov.ar\/index.php?rest_route=%2Fwp%2Fv2%2Fmedia&parent=31094"}],"wp:term":[{"taxonomy":"category","embeddable":true,"href":"https:\/\/hcd.malargue.gov.ar\/index.php?rest_route=%2Fwp%2Fv2%2Fcategories&post=31094"},{"taxonomy":"post_tag","embeddable":true,"href":"https:\/\/hcd.malargue.gov.ar\/index.php?rest_route=%2Fwp%2Fv2%2Ftags&post=31094"}],"curies":[{"name":"wp","href":"https:\/\/api.w.org\/{rel}","templated":true}]}}