{"id":32581,"date":"2022-11-29T10:18:53","date_gmt":"2022-11-29T13:18:53","guid":{"rendered":"https:\/\/hcd.malargue.gov.ar\/?p=32581"},"modified":"2022-11-29T10:20:24","modified_gmt":"2022-11-29T13:20:24","slug":"ordenanza-n-2-207-2-022","status":"publish","type":"post","link":"https:\/\/hcd.malargue.gov.ar\/?p=32581","title":{"rendered":"ORDENANZA N\u00b0 2.207\/2.022"},"content":{"rendered":"<div class=\"wp-block-image\">\n<figure class=\"alignright size-full is-resized\"><a href=\"http:\/\/hcd.malargue.gov.ar\/hcdpdf\/On%202207%202022%20Creacion%20area%20Mediacion%20Comunitaria.pdf\"><img loading=\"lazy\" decoding=\"async\" src=\"https:\/\/hcd.malargue.gov.ar\/wp-content\/uploads\/2018\/06\/PDF-JPG.jpg\" alt=\"\" class=\"wp-image-7950\" width=\"118\" height=\"118\" srcset=\"https:\/\/hcd.malargue.gov.ar\/wp-content\/uploads\/2018\/06\/PDF-JPG.jpg 512w, https:\/\/hcd.malargue.gov.ar\/wp-content\/uploads\/2018\/06\/PDF-JPG-150x150.jpg 150w, https:\/\/hcd.malargue.gov.ar\/wp-content\/uploads\/2018\/06\/PDF-JPG-300x300.jpg 300w\" sizes=\"auto, (max-width: 118px) 100vw, 118px\" \/><\/a><\/figure>\n<\/div>\n\n\n<p><strong>AUTORES: RODRIGO HIDALGO, ANDRES RISI Y SILVIA CORREA,<\/strong><\/p>\n\n\n\n<p><strong>BLOQUE: FRENTE DE TODOS<\/strong><\/p>\n\n\n\n<p>VISTO: El contenido del Expediente N\u00b0 5.165 HC 047 \u2013 2.022. Bloque Frente de Todos. Proyecto de Ordenanza: Creaci\u00f3n del \u00c1rea de Mediaci\u00f3n Comunitaria Municipal en el seno del Departamento Ejecutivo<\/p>\n\n\n\n<p>La necesidad de resolver conflictos que no est\u00e9n involucrados en el orden p\u00fablico, que se susciten en el \u00e1mbito social, sea vecinales y\/o comunitarios.<\/p>\n\n\n\n<p>Y;<\/p>\n\n\n\n<p>CONSIDERANDO: Que la mediaci\u00f3n es intervenci\u00f3n de una persona u organismo en una &nbsp;discusi\u00f3n o en un enfrentamiento entre dos partes para encontrar una soluci\u00f3n.<\/p>\n\n\n\n<p>\u00a0\u00a0\u00a0\u00a0\u00a0\u00a0\u00a0\u00a0\u00a0\u00a0\u00a0 Que la mediaci\u00f3n es una forma de resolver conflictos entre dos o m\u00e1s personas\u00a0\u00a0reuniendo las partes con un mediador para tratar de llegar a un acuerdo antes de ir a \u00a0\u00a0la justicia.<\/p>\n\n\n\n<p>&nbsp;&nbsp;&nbsp;&nbsp;&nbsp;&nbsp;&nbsp;&nbsp;&nbsp;&nbsp;&nbsp; Que existen diferentes tipos de mediaci\u00f3n, entre los que podemos citar la Familiar,  Laboral, Civil, Vecinal, Escolar.<\/p>\n\n\n\n<p>\u00a0\u00a0\u00a0\u00a0\u00a0\u00a0\u00a0\u00a0\u00a0\u00a0\u00a0 Que para la Resoluci\u00f3n de Conflictos en el \u00e1mbito comunal deben basarse en los \u00a0principios de voluntariedad, confidencialidad, neutralidad e informalidad.<\/p>\n\n\n\n<p>&nbsp;&nbsp;&nbsp;&nbsp;&nbsp;&nbsp;&nbsp;&nbsp;&nbsp;&nbsp;&nbsp; Que la Municipalidad de Malarg\u00fce debe bregar por el bienestar y paz social de todos los ciudadanos que habitan en su territorio.<\/p>\n\n\n\n<p>Que el nivel de violencia que registra la sociedad es alarmante, lo que se traduce en un indicador que da cuenta de la necesidad de generar una pol\u00edtica p\u00fablica eficiente \u00a0\u00a0\u00a0en canto al tratamiento constructivo de los conflictos, que considere acciones a \u00a0corto, mediano y largo plazo.<\/p>\n\n\n\n<p>Que resulta necesario crear procedimientos voluntarios alternativos como paso &nbsp;previo para la resoluci\u00f3n de conflictos antes del inicio de todo proceso administrativo judicial, y dar una soluci\u00f3n r\u00e1pida al conflicto, evitando disturbios y dem\u00e1s situaciones que puedan generarse debido a la conflictividad entre vecinos del Departamento, evitando de esta forma una escalada de actos violentos y que lejos est\u00e1n de la paz social que todos anhelamos.<\/p>\n\n\n\n<p>&nbsp;&nbsp;&nbsp;&nbsp;&nbsp;&nbsp;&nbsp;&nbsp;&nbsp;&nbsp;&nbsp; Que existen numerosas ventajas de tener un \u00c1rea de Mediaci\u00f3n Municipal entre las que podemos citar: &#8211; Toma en cuenta lo que desean las partes. -Sirve para un &nbsp;desahogo emocional y por eso alivia las tensiones entre las partes. -Permite &nbsp; restablecer la armon\u00eda y mantener la relaci\u00f3n entre las partes en conflicto, si as\u00ed lo desean. -Suele ser mucho m\u00e1s r\u00e1pida que un juicio.<\/p>\n\n\n\n<p>Que un tercero neutral, el mediador, facilita la comunicaci\u00f3n entre las partes que &nbsp; intervienen en la mediaci\u00f3n y las acompa\u00f1a en la b\u00fasqueda de soluciones mutuamente satisfactorias al conflicto que los vincula a partir de opciones y &nbsp;propuestas sugeridas por los propios interesados, logrando Convenios que tendr\u00e1n&nbsp; el alcance de acuerdos privados.<\/p>\n\n\n\n<p>\u00a0\u00a0\u00a0\u00a0\u00a0\u00a0\u00a0\u00a0\u00a0\u00a0\u00a0 Que se entiende por &#8220;conflicto vecinal&#8221; al problema que se presente como  consecuencia de la interrelaci\u00f3n &#8211; por acci\u00f3n u omisi\u00f3n &#8211; entre dos personas de \u00a0existencia f\u00edsica o ideal, en la cual al menos una de ellas puede definirse como \u00a0&#8220;vecino&#8221;, por ej.: problemas de vecindad, de medianer\u00eda, uso indebido de espacio, \u00a0conflictos barriales, etc.<\/p>\n\n\n\n<p>&nbsp;&nbsp;&nbsp;&nbsp;&nbsp;&nbsp;&nbsp;&nbsp;&nbsp;&nbsp;&nbsp; Que se podr\u00e1n someter a un proceso de mediaci\u00f3n, aquellos conflictos que hacen a la convivencia entre vecinos, los que podr\u00e1n resolver problemas tales como: Inadecuado uso de espacios comunes, filtraciones y humedad, utilizaci\u00f3n de la medianera, ruidos molestos, olores desagradables, es decir conflictos que hacen estrictamente a la convivencia vecinal.<\/p>\n\n\n\n<p>Que se deben precisar los requisitos que deben reunir los especialistas en la conducci\u00f3n de los procedimientos alternativos y establecer el r\u00e9gimen de responsabilidad administrativa de los servidores p\u00fablicos encargados de conducir  los procedimientos y \u00f3rganos para la soluci\u00f3n alternativa de conflictos.<\/p>\n\n\n\n<p>Que son varios los Municipios de la Provincia que en la actualidad cuentan con esta Mediaci\u00f3n Comunitaria Municipal y que la misma les ha resultado muy beneficiosa en todos los aspectos.<\/p>\n\n\n\n<p>Que la Municipalidad de Malarg\u00fce debe brindar un espacio colaborativo en donde se pueden tramitar problemas de manera confidencial, gratuita, voluntaria y con efectos dentro del ejido de la Ciudad; poniendo a disposici\u00f3n de los ciudadanos esta herramienta que contribuye a armonizar las relaciones de vecindad.<\/p>\n\n\n\n<p>EL HONORABLE CONCEJO DELIBERANTE DE LA MUNICIPALIDAD DE MALARG\u00dcE EN USO DE LAS FACULTADES QUE LE SON PROPIAS<\/p>\n\n\n\n<p>ORDENA<\/p>\n\n\n\n<p>ART\u00cdCULO 1\u00ba: Cr\u00e9ase en el \u00e1mbito de la Municipalidad de Malarg\u00fce, el \u201c\u00c1rea de Mediaci\u00f3n Comunitaria Municipal\u201d, como un \u00f3rgano auxiliar de Asesor\u00eda Letrada, con autonom\u00eda t\u00e9cnica para conocer y solucionar a trav\u00e9s de procedimientos no contenciosos las controversias de vecinos del Departamento entre s\u00ed y de \u00e9stos con el \u00d3rgano Municipal en su conjunto, siempre que dichas controversias versen sobre cuestiones de naturaleza administrativa espec\u00edficamente y no sea materia propia del \u00d3rgano Judicial.<\/p>\n\n\n\n<p>ART\u00cdCULO 2\u00ba: Def\u00ednase como Autoridad de Aplicaci\u00f3n de la presente Ordenanza a la Secretar\u00eda de Gobierno de la Municipalidad de Malarg\u00fce.<\/p>\n\n\n\n<p>ART\u00cdCULO 3\u00ba: Consid\u00e9rese para la reglamentaci\u00f3n y el funcionamiento del \u00c1rea de Mediaci\u00f3n Comunitaria Municipal lo previsto&nbsp; en el Anexo I de la presente Ordenanza.<\/p>\n\n\n\n<p>ART\u00cdCULO 4\u00ba: Imp\u00fatense los gastos que demanden la implementaci\u00f3n de la presente pieza legal a las partidas correspondientes del Presupuesto 2023 y subsiguientes.<\/p>\n\n\n\n<p>ART\u00cdCULO 5\u00ba: Comun\u00edquese, reg\u00edstrese, c\u00famplase, publ\u00edquese agr\u00e9guese copia de la presente en las actuaciones correspondientes y arch\u00edvese.<\/p>\n\n\n\n<p>DADA EN LA SALA DE SESIONES DR. RICARDO BALBIN DEL HONORABLE CONCEJO DELIBERANTE DE LA MUNICIPALIDAD DE MALARG\u00dcE A DIEZ D\u00cdAS DE NOVIEMBRE DE DOS MIL VEINTIDOS<\/p>\n","protected":false},"excerpt":{"rendered":"<p>AUTORES: RODRIGO HIDALGO, ANDRES RISI Y SILVIA CORREA, BLOQUE: FRENTE DE TODOS VISTO: El contenido del Expediente N\u00b0 5.165 HC 047 \u2013 2.022. Bloque Frente de Todos. Proyecto de Ordenanza: Creaci\u00f3n del \u00c1rea de Mediaci\u00f3n Comunitaria Municipal en el seno del Departamento Ejecutivo La necesidad de resolver conflictos que no est\u00e9n involucrados en el orden [&hellip;]<\/p>\n","protected":false},"author":5,"featured_media":32582,"comment_status":"closed","ping_status":"closed","sticky":false,"template":"","format":"standard","meta":{"footnotes":""},"categories":[52,29,48,33],"tags":[],"class_list":["post-32581","post","type-post","status-publish","format-standard","has-post-thumbnail","hentry","category-gacetillas","category-lesgilacion","category-ordenanzas-municipales","category-prensa"],"yoast_head":"<!-- This site is optimized with the Yoast SEO plugin v19.10 - https:\/\/yoast.com\/wordpress\/plugins\/seo\/ -->\n<title>ORDENANZA N\u00b0 2.207\/2.022 - Malarg\u00fce HCD<\/title>\n<meta name=\"robots\" content=\"index, follow, max-snippet:-1, max-image-preview:large, max-video-preview:-1\" \/>\n<link rel=\"canonical\" href=\"https:\/\/hcd.malargue.gov.ar\/?p=32581\" \/>\n<meta property=\"og:locale\" content=\"es_ES\" \/>\n<meta property=\"og:type\" content=\"article\" \/>\n<meta property=\"og:title\" content=\"ORDENANZA N\u00b0 2.207\/2.022 - Malarg\u00fce HCD\" \/>\n<meta property=\"og:description\" content=\"AUTORES: RODRIGO HIDALGO, ANDRES RISI Y SILVIA CORREA, BLOQUE: FRENTE DE TODOS VISTO: El contenido del Expediente N\u00b0 5.165 HC 047 \u2013 2.022. Bloque Frente de Todos. Proyecto de Ordenanza: Creaci\u00f3n del \u00c1rea de Mediaci\u00f3n Comunitaria Municipal en el seno del Departamento Ejecutivo La necesidad de resolver conflictos que no est\u00e9n involucrados en el orden [&hellip;]\" \/>\n<meta property=\"og:url\" content=\"https:\/\/hcd.malargue.gov.ar\/?p=32581\" \/>\n<meta property=\"og:site_name\" content=\"Malarg\u00fce HCD\" \/>\n<meta property=\"article:published_time\" content=\"2022-11-29T13:18:53+00:00\" \/>\n<meta property=\"article:modified_time\" content=\"2022-11-29T13:20:24+00:00\" \/>\n<meta property=\"og:image\" content=\"https:\/\/hcd.malargue.gov.ar\/wp-content\/uploads\/2022\/11\/ON-2207-2022.jpg\" \/>\n\t<meta property=\"og:image:width\" content=\"940\" \/>\n\t<meta property=\"og:image:height\" content=\"788\" \/>\n\t<meta property=\"og:image:type\" content=\"image\/jpeg\" \/>\n<meta name=\"author\" content=\"Belen Pedernera Ferragut\" \/>\n<meta name=\"twitter:card\" content=\"summary_large_image\" \/>\n<meta name=\"twitter:label1\" content=\"Escrito por\" \/>\n\t<meta name=\"twitter:data1\" content=\"Belen Pedernera Ferragut\" \/>\n\t<meta name=\"twitter:label2\" content=\"Tiempo de lectura\" \/>\n\t<meta name=\"twitter:data2\" content=\"5 minutos\" \/>\n<script type=\"application\/ld+json\" class=\"yoast-schema-graph\">{\"@context\":\"https:\/\/schema.org\",\"@graph\":[{\"@type\":\"WebPage\",\"@id\":\"https:\/\/hcd.malargue.gov.ar\/?p=32581\",\"url\":\"https:\/\/hcd.malargue.gov.ar\/?p=32581\",\"name\":\"ORDENANZA N\u00b0 2.207\/2.022 - Malarg\u00fce HCD\",\"isPartOf\":{\"@id\":\"https:\/\/hcd.malargue.gov.ar\/#website\"},\"datePublished\":\"2022-11-29T13:18:53+00:00\",\"dateModified\":\"2022-11-29T13:20:24+00:00\",\"author\":{\"@id\":\"https:\/\/hcd.malargue.gov.ar\/#\/schema\/person\/3fd6bbab64edd703961b795156c955d0\"},\"breadcrumb\":{\"@id\":\"https:\/\/hcd.malargue.gov.ar\/?p=32581#breadcrumb\"},\"inLanguage\":\"es-AR\",\"potentialAction\":[{\"@type\":\"ReadAction\",\"target\":[\"https:\/\/hcd.malargue.gov.ar\/?p=32581\"]}]},{\"@type\":\"BreadcrumbList\",\"@id\":\"https:\/\/hcd.malargue.gov.ar\/?p=32581#breadcrumb\",\"itemListElement\":[{\"@type\":\"ListItem\",\"position\":1,\"name\":\"Inicio\",\"item\":\"https:\/\/hcd.malargue.gov.ar\/\"},{\"@type\":\"ListItem\",\"position\":2,\"name\":\"ORDENANZA N\u00b0 2.207\/2.022\"}]},{\"@type\":\"WebSite\",\"@id\":\"https:\/\/hcd.malargue.gov.ar\/#website\",\"url\":\"https:\/\/hcd.malargue.gov.ar\/\",\"name\":\"Malarg\u00fce HCD\",\"description\":\"Malarg\u00fce Mendoza Argentina\",\"potentialAction\":[{\"@type\":\"SearchAction\",\"target\":{\"@type\":\"EntryPoint\",\"urlTemplate\":\"https:\/\/hcd.malargue.gov.ar\/?s={search_term_string}\"},\"query-input\":\"required name=search_term_string\"}],\"inLanguage\":\"es-AR\"},{\"@type\":\"Person\",\"@id\":\"https:\/\/hcd.malargue.gov.ar\/#\/schema\/person\/3fd6bbab64edd703961b795156c955d0\",\"name\":\"Belen Pedernera Ferragut\",\"image\":{\"@type\":\"ImageObject\",\"inLanguage\":\"es-AR\",\"@id\":\"https:\/\/hcd.malargue.gov.ar\/#\/schema\/person\/image\/\",\"url\":\"https:\/\/secure.gravatar.com\/avatar\/1054ffab3893de4bb3eb29bdd22f7e34b8537bf5d34d9dab311818154ad5b71f?s=96&d=mm&r=g\",\"contentUrl\":\"https:\/\/secure.gravatar.com\/avatar\/1054ffab3893de4bb3eb29bdd22f7e34b8537bf5d34d9dab311818154ad5b71f?s=96&d=mm&r=g\",\"caption\":\"Belen Pedernera Ferragut\"},\"url\":\"https:\/\/hcd.malargue.gov.ar\/?author=5\"}]}<\/script>\n<!-- \/ Yoast SEO plugin. -->","yoast_head_json":{"title":"ORDENANZA N\u00b0 2.207\/2.022 - Malarg\u00fce HCD","robots":{"index":"index","follow":"follow","max-snippet":"max-snippet:-1","max-image-preview":"max-image-preview:large","max-video-preview":"max-video-preview:-1"},"canonical":"https:\/\/hcd.malargue.gov.ar\/?p=32581","og_locale":"es_ES","og_type":"article","og_title":"ORDENANZA N\u00b0 2.207\/2.022 - Malarg\u00fce HCD","og_description":"AUTORES: RODRIGO HIDALGO, ANDRES RISI Y SILVIA CORREA, BLOQUE: FRENTE DE TODOS VISTO: El contenido del Expediente N\u00b0 5.165 HC 047 \u2013 2.022. Bloque Frente de Todos. Proyecto de Ordenanza: Creaci\u00f3n del \u00c1rea de Mediaci\u00f3n Comunitaria Municipal en el seno del Departamento Ejecutivo La necesidad de resolver conflictos que no est\u00e9n involucrados en el orden [&hellip;]","og_url":"https:\/\/hcd.malargue.gov.ar\/?p=32581","og_site_name":"Malarg\u00fce HCD","article_published_time":"2022-11-29T13:18:53+00:00","article_modified_time":"2022-11-29T13:20:24+00:00","og_image":[{"width":940,"height":788,"url":"https:\/\/hcd.malargue.gov.ar\/wp-content\/uploads\/2022\/11\/ON-2207-2022.jpg","type":"image\/jpeg"}],"author":"Belen Pedernera Ferragut","twitter_card":"summary_large_image","twitter_misc":{"Escrito por":"Belen Pedernera Ferragut","Tiempo de lectura":"5 minutos"},"schema":{"@context":"https:\/\/schema.org","@graph":[{"@type":"WebPage","@id":"https:\/\/hcd.malargue.gov.ar\/?p=32581","url":"https:\/\/hcd.malargue.gov.ar\/?p=32581","name":"ORDENANZA N\u00b0 2.207\/2.022 - Malarg\u00fce HCD","isPartOf":{"@id":"https:\/\/hcd.malargue.gov.ar\/#website"},"datePublished":"2022-11-29T13:18:53+00:00","dateModified":"2022-11-29T13:20:24+00:00","author":{"@id":"https:\/\/hcd.malargue.gov.ar\/#\/schema\/person\/3fd6bbab64edd703961b795156c955d0"},"breadcrumb":{"@id":"https:\/\/hcd.malargue.gov.ar\/?p=32581#breadcrumb"},"inLanguage":"es-AR","potentialAction":[{"@type":"ReadAction","target":["https:\/\/hcd.malargue.gov.ar\/?p=32581"]}]},{"@type":"BreadcrumbList","@id":"https:\/\/hcd.malargue.gov.ar\/?p=32581#breadcrumb","itemListElement":[{"@type":"ListItem","position":1,"name":"Inicio","item":"https:\/\/hcd.malargue.gov.ar\/"},{"@type":"ListItem","position":2,"name":"ORDENANZA N\u00b0 2.207\/2.022"}]},{"@type":"WebSite","@id":"https:\/\/hcd.malargue.gov.ar\/#website","url":"https:\/\/hcd.malargue.gov.ar\/","name":"Malarg\u00fce HCD","description":"Malarg\u00fce Mendoza Argentina","potentialAction":[{"@type":"SearchAction","target":{"@type":"EntryPoint","urlTemplate":"https:\/\/hcd.malargue.gov.ar\/?s={search_term_string}"},"query-input":"required name=search_term_string"}],"inLanguage":"es-AR"},{"@type":"Person","@id":"https:\/\/hcd.malargue.gov.ar\/#\/schema\/person\/3fd6bbab64edd703961b795156c955d0","name":"Belen Pedernera Ferragut","image":{"@type":"ImageObject","inLanguage":"es-AR","@id":"https:\/\/hcd.malargue.gov.ar\/#\/schema\/person\/image\/","url":"https:\/\/secure.gravatar.com\/avatar\/1054ffab3893de4bb3eb29bdd22f7e34b8537bf5d34d9dab311818154ad5b71f?s=96&d=mm&r=g","contentUrl":"https:\/\/secure.gravatar.com\/avatar\/1054ffab3893de4bb3eb29bdd22f7e34b8537bf5d34d9dab311818154ad5b71f?s=96&d=mm&r=g","caption":"Belen Pedernera Ferragut"},"url":"https:\/\/hcd.malargue.gov.ar\/?author=5"}]}},"_links":{"self":[{"href":"https:\/\/hcd.malargue.gov.ar\/index.php?rest_route=\/wp\/v2\/posts\/32581","targetHints":{"allow":["GET"]}}],"collection":[{"href":"https:\/\/hcd.malargue.gov.ar\/index.php?rest_route=\/wp\/v2\/posts"}],"about":[{"href":"https:\/\/hcd.malargue.gov.ar\/index.php?rest_route=\/wp\/v2\/types\/post"}],"author":[{"embeddable":true,"href":"https:\/\/hcd.malargue.gov.ar\/index.php?rest_route=\/wp\/v2\/users\/5"}],"replies":[{"embeddable":true,"href":"https:\/\/hcd.malargue.gov.ar\/index.php?rest_route=%2Fwp%2Fv2%2Fcomments&post=32581"}],"version-history":[{"count":2,"href":"https:\/\/hcd.malargue.gov.ar\/index.php?rest_route=\/wp\/v2\/posts\/32581\/revisions"}],"predecessor-version":[{"id":32584,"href":"https:\/\/hcd.malargue.gov.ar\/index.php?rest_route=\/wp\/v2\/posts\/32581\/revisions\/32584"}],"wp:featuredmedia":[{"embeddable":true,"href":"https:\/\/hcd.malargue.gov.ar\/index.php?rest_route=\/wp\/v2\/media\/32582"}],"wp:attachment":[{"href":"https:\/\/hcd.malargue.gov.ar\/index.php?rest_route=%2Fwp%2Fv2%2Fmedia&parent=32581"}],"wp:term":[{"taxonomy":"category","embeddable":true,"href":"https:\/\/hcd.malargue.gov.ar\/index.php?rest_route=%2Fwp%2Fv2%2Fcategories&post=32581"},{"taxonomy":"post_tag","embeddable":true,"href":"https:\/\/hcd.malargue.gov.ar\/index.php?rest_route=%2Fwp%2Fv2%2Ftags&post=32581"}],"curies":[{"name":"wp","href":"https:\/\/api.w.org\/{rel}","templated":true}]}}