{"id":32609,"date":"2022-11-30T12:01:06","date_gmt":"2022-11-30T15:01:06","guid":{"rendered":"https:\/\/hcd.malargue.gov.ar\/?p=32609"},"modified":"2022-11-30T13:01:07","modified_gmt":"2022-11-30T16:01:07","slug":"resolucion-n-525-2-022","status":"publish","type":"post","link":"https:\/\/hcd.malargue.gov.ar\/?p=32609","title":{"rendered":"RESOLUCION N\u00b0 525\/2.022"},"content":{"rendered":"<div class=\"wp-block-image\">\n<figure class=\"alignright size-full is-resized\"><a href=\"http:\/\/hcd.malargue.gov.ar\/hcdpdf\/rn%20525%202022%20remitir%20al%20ejecutivo%20expte%20carbones%20y%20carburantes.pdf\"><img loading=\"lazy\" decoding=\"async\" src=\"https:\/\/hcd.malargue.gov.ar\/wp-content\/uploads\/2018\/06\/PDF-JPG.jpg\" alt=\"\" class=\"wp-image-7950\" width=\"123\" height=\"123\" srcset=\"https:\/\/hcd.malargue.gov.ar\/wp-content\/uploads\/2018\/06\/PDF-JPG.jpg 512w, https:\/\/hcd.malargue.gov.ar\/wp-content\/uploads\/2018\/06\/PDF-JPG-150x150.jpg 150w, https:\/\/hcd.malargue.gov.ar\/wp-content\/uploads\/2018\/06\/PDF-JPG-300x300.jpg 300w\" sizes=\"auto, (max-width: 123px) 100vw, 123px\" \/><\/a><\/figure>\n<\/div>\n\n\n<p>VISTO: El contenido del Expte&nbsp; N\u00b0 5.181\/2018-2 eleva contrato de Locaci\u00f3n a considerar a fin de brindar tratamiento y aprobaci\u00f3n por el Honorable Concejo Deliberante,&nbsp; enviado por la Dra. D\u00e9bora Ferrero,&nbsp; Directora de Asesor\u00eda Letrada.<\/p>\n\n\n\n<p>&nbsp;&nbsp;&nbsp;&nbsp;&nbsp;&nbsp;&nbsp;&nbsp;&nbsp;&nbsp;&nbsp; y;<\/p>\n\n\n\n<p>&nbsp;CONSIDERANDO: Que se acompa\u00f1a a este Honorable Concejo Deliberante, Contrato de Locaci\u00f3n a celebrarse entre el Departamento Ejecutivo Municipal y los Socios de la firma Carbones &amp; Carburantes Malarg\u00fce S.R.L.<\/p>\n\n\n\n<p>&nbsp;&nbsp;&nbsp;&nbsp;&nbsp;&nbsp;&nbsp;&nbsp;&nbsp;&nbsp;&nbsp; Que con motivo de cl\u00e1usula d\u00e9cimo primera del Contrato de Locaci\u00f3n de fecha 04 de abril de 2.019, se realiz\u00f3 con fecha 21 de setiembre de 2.021 acta de revisi\u00f3n del Contrato vigente con la presencia del Sr. Intendente Municipal Lic. Juan Manuel Ojeda, los Ediles Paolo Rojo, Mart\u00edn Palma y Rodrigo Hidalgo y la firma Carbones &amp; Carburantes S.R.L. y la Sra. Noelia Golbano en representaci\u00f3n de los vecinos del Barrio Ex Grassi, la que se encuentra agregada a fs. 11.<\/p>\n\n\n\n<p>&nbsp;&nbsp;&nbsp;&nbsp;&nbsp;&nbsp;&nbsp;&nbsp;&nbsp;&nbsp;&nbsp; Que en virtud de ello y mediante nota N\u00b0 HC-589, se presenta a este Honorable Concejo Deliberante &nbsp;para su tratamiento, Contrato y sus Anexos INVENTARIO FISICO DE BIENES PATRIMONIALES AREA FABRICA GRASSI Y ACTA ACUERDO sin firmas insertas.<\/p>\n\n\n\n<p>&nbsp;&nbsp;&nbsp;&nbsp;&nbsp;&nbsp;&nbsp;&nbsp;&nbsp;&nbsp;&nbsp; Que una vez compulsada la documentaci\u00f3n remitida, se advierte que se encuentran err\u00f3neamente consignados los datos personales de una de las partes intevinientes en el contrato, respecto al Documento Nacional de Identidad del Sr. Intendente Municipal Juan Manuel Ojeda.<\/p>\n\n\n\n<p>&nbsp;&nbsp;&nbsp;&nbsp;&nbsp;&nbsp;&nbsp;&nbsp;&nbsp;&nbsp;&nbsp; Que asimismo determin\u00e1ndose la existencia de dos socios en la firma Carbones &amp; &nbsp;Carburantes Malarg\u00fce S.R.L, se advierte que se ha consignado en el Contrato la comparecencia de uno solo de los Socios, no acompa\u00f1\u00e1ndose documentaci\u00f3n que acredite en que car\u00e1cter se presenta ni indic\u00e1ndose tampoco en el Contrato que car\u00e1cter reviste.<\/p>\n\n\n\n<p>&nbsp;&nbsp;&nbsp;&nbsp;&nbsp;&nbsp;&nbsp;&nbsp;&nbsp;&nbsp;&nbsp; Que sin perjuicio de ello, se advierten que se ha incurrido en la confecci\u00f3n del&nbsp;&nbsp; Contrato y del Acta Acuerdo, en una serie de errores y t\u00e9rminos que requieren su rectificaci\u00f3n y aclaraciones y que ser\u00e1n detalladas en la parte resolutiva, para &nbsp;continuar su tratamiento.<\/p>\n\n\n\n<p>EL HONORABLE CONCEJO DELIBERANTE DE LA MUNICIPALIDAD DE MALARGUE EN USO DE LAS FACULTADES QUE LE SON PROPIAS<\/p>\n\n\n\n<p>RESUELVE<\/p>\n\n\n\n<p>ARTICULO 1\u00b0 Remitir el presente Proyecto de Ordenanza al Departamento Ejecutivo Municipal, a los fines de subsanar los errores materiales incurridos, consistentes en: &nbsp; <\/p>\n\n\n\n<p>a) Rectificar Documento Nacional de Identidad del Intendente Municipal Lic. Juan &nbsp;Manuel Ojeda; <\/p>\n\n\n\n<p>b) Rectificar el n\u00famero de autos consignado en cl\u00e1usula Segunda referido al expediente de expropiaci\u00f3n; <\/p>\n\n\n\n<p>c) Rectificar cl\u00e1usula novena en cuanto a la remisi\u00f3n que hace a cl\u00e1usula tercera, respecto al transcurso del plazo, cuando en realidad debi\u00f3 decir cl\u00e1usula quinta; <\/p>\n\n\n\n<p>d) Indique en que calidad o car\u00e1cter se presenta el Sr. Bruno Guti\u00e9rrez en el Contrato de Locaci\u00f3n y en su caso remita la documentaci\u00f3n pertinente; e) Indique la deuda existente hasta la fecha en &nbsp;&nbsp;&nbsp;&nbsp;&nbsp;&nbsp;&nbsp;<\/p>\n\n\n\n<p> concepto de alquileres por parte de la firma Carbones &amp; Carburantes Malarg\u00fce S.R.L., <\/p>\n\n\n\n<p>f) Establezca en las cl\u00e1usulas del Contrato de Locaci\u00f3n la obligatoriedad por parte de la firma&nbsp; Carbones &amp; Carburantes Malarg\u00fce S.R.L. de contraer un seguro de responsabilidad civil durante la vigencia de la relaci\u00f3n locativa, bajo apercibimiento de incurrir, en caso de incumplimiento, en causal de rescisi\u00f3n &nbsp;contractual y exigir en consecuencia el inmediato desalojo, <\/p>\n\n\n\n<p>g) Indique &nbsp;&nbsp; <\/p>\n\n\n\n<p>concretamente el porcentaje del proporcional establecido en cl\u00e1usula Segunda del Acta Acuerdo entre la Municipalidad de Malarg\u00fce, Carbones &amp; Carburantes Vecinos Autoconvocados Barrio Ex Grassi; <\/p>\n\n\n\n<p>h) Establezca en el Acta Acuerdo referida en el punto anterior, una tarifa residencial para las casas habitadas por vecinos de Ex Barrio Grassi.- <\/p>\n\n\n\n<p>i) Informe la divergencia entre n\u00famero de Padr\u00f3n Catastral existente en el Contrato de fecha 04 de abril de 2.019 y el consignado en el contrato de &nbsp;locaci\u00f3n para su tratamiento.<\/p>\n\n\n\n<p>ARTICULO 2\u00b0 :Comun\u00edquese, reg\u00edstrese, agr\u00e9guese copia de la presente en las actuaciones correspondientes y arch\u00edvese. <\/p>\n\n\n\n<p>DADA EN LA SALA DE SESIONES DR. RICARDO BALBIN DEL HONORABLE CONCEJO DELIBERANTE DE LA MUNICIPALIDAD DE MALARG\u00dcE A DIECISIETE D\u00cdAS DE NOVIEMBRE DE DOS MIL VEINTIDOS<\/p>\n","protected":false},"excerpt":{"rendered":"<p>VISTO: El contenido del Expte&nbsp; N\u00b0 5.181\/2018-2 eleva contrato de Locaci\u00f3n a considerar a fin de brindar tratamiento y aprobaci\u00f3n por el Honorable Concejo Deliberante,&nbsp; enviado por la Dra. D\u00e9bora Ferrero,&nbsp; Directora de Asesor\u00eda Letrada. &nbsp;&nbsp;&nbsp;&nbsp;&nbsp;&nbsp;&nbsp;&nbsp;&nbsp;&nbsp;&nbsp; y; &nbsp;CONSIDERANDO: Que se acompa\u00f1a a este Honorable Concejo Deliberante, Contrato de Locaci\u00f3n a celebrarse entre el Departamento Ejecutivo [&hellip;]<\/p>\n","protected":false},"author":5,"featured_media":32619,"comment_status":"closed","ping_status":"closed","sticky":false,"template":"","format":"standard","meta":{"footnotes":""},"categories":[52,29,33,51],"tags":[],"class_list":["post-32609","post","type-post","status-publish","format-standard","has-post-thumbnail","hentry","category-gacetillas","category-lesgilacion","category-prensa","category-resoluciones"],"yoast_head":"<!-- This site is optimized with the Yoast SEO plugin v19.10 - https:\/\/yoast.com\/wordpress\/plugins\/seo\/ -->\n<title>RESOLUCION N\u00b0 525\/2.022 - Malarg\u00fce HCD<\/title>\n<meta name=\"robots\" content=\"index, follow, max-snippet:-1, max-image-preview:large, max-video-preview:-1\" \/>\n<link rel=\"canonical\" href=\"https:\/\/hcd.malargue.gov.ar\/?p=32609\" \/>\n<meta property=\"og:locale\" content=\"es_ES\" \/>\n<meta property=\"og:type\" content=\"article\" \/>\n<meta property=\"og:title\" content=\"RESOLUCION N\u00b0 525\/2.022 - Malarg\u00fce HCD\" \/>\n<meta property=\"og:description\" content=\"VISTO: El contenido del Expte&nbsp; N\u00b0 5.181\/2018-2 eleva contrato de Locaci\u00f3n a considerar a fin de brindar tratamiento y aprobaci\u00f3n por el Honorable Concejo Deliberante,&nbsp; enviado por la Dra. D\u00e9bora Ferrero,&nbsp; Directora de Asesor\u00eda Letrada. &nbsp;&nbsp;&nbsp;&nbsp;&nbsp;&nbsp;&nbsp;&nbsp;&nbsp;&nbsp;&nbsp; y; &nbsp;CONSIDERANDO: Que se acompa\u00f1a a este Honorable Concejo Deliberante, Contrato de Locaci\u00f3n a celebrarse entre el Departamento Ejecutivo [&hellip;]\" \/>\n<meta property=\"og:url\" content=\"https:\/\/hcd.malargue.gov.ar\/?p=32609\" \/>\n<meta property=\"og:site_name\" content=\"Malarg\u00fce HCD\" \/>\n<meta property=\"article:published_time\" content=\"2022-11-30T15:01:06+00:00\" \/>\n<meta property=\"article:modified_time\" content=\"2022-11-30T16:01:07+00:00\" \/>\n<meta property=\"og:image\" content=\"https:\/\/hcd.malargue.gov.ar\/wp-content\/uploads\/2022\/11\/rn-525-2022.jpeg\" \/>\n\t<meta property=\"og:image:width\" content=\"940\" \/>\n\t<meta property=\"og:image:height\" content=\"788\" \/>\n\t<meta property=\"og:image:type\" content=\"image\/jpeg\" \/>\n<meta name=\"author\" content=\"Belen Pedernera Ferragut\" \/>\n<meta name=\"twitter:card\" content=\"summary_large_image\" \/>\n<meta name=\"twitter:label1\" content=\"Escrito por\" \/>\n\t<meta name=\"twitter:data1\" content=\"Belen Pedernera Ferragut\" \/>\n\t<meta name=\"twitter:label2\" content=\"Tiempo de lectura\" \/>\n\t<meta name=\"twitter:data2\" content=\"4 minutos\" \/>\n<script type=\"application\/ld+json\" class=\"yoast-schema-graph\">{\"@context\":\"https:\/\/schema.org\",\"@graph\":[{\"@type\":\"WebPage\",\"@id\":\"https:\/\/hcd.malargue.gov.ar\/?p=32609\",\"url\":\"https:\/\/hcd.malargue.gov.ar\/?p=32609\",\"name\":\"RESOLUCION N\u00b0 525\/2.022 - Malarg\u00fce HCD\",\"isPartOf\":{\"@id\":\"https:\/\/hcd.malargue.gov.ar\/#website\"},\"datePublished\":\"2022-11-30T15:01:06+00:00\",\"dateModified\":\"2022-11-30T16:01:07+00:00\",\"author\":{\"@id\":\"https:\/\/hcd.malargue.gov.ar\/#\/schema\/person\/3fd6bbab64edd703961b795156c955d0\"},\"breadcrumb\":{\"@id\":\"https:\/\/hcd.malargue.gov.ar\/?p=32609#breadcrumb\"},\"inLanguage\":\"es-AR\",\"potentialAction\":[{\"@type\":\"ReadAction\",\"target\":[\"https:\/\/hcd.malargue.gov.ar\/?p=32609\"]}]},{\"@type\":\"BreadcrumbList\",\"@id\":\"https:\/\/hcd.malargue.gov.ar\/?p=32609#breadcrumb\",\"itemListElement\":[{\"@type\":\"ListItem\",\"position\":1,\"name\":\"Inicio\",\"item\":\"https:\/\/hcd.malargue.gov.ar\/\"},{\"@type\":\"ListItem\",\"position\":2,\"name\":\"RESOLUCION N\u00b0 525\/2.022\"}]},{\"@type\":\"WebSite\",\"@id\":\"https:\/\/hcd.malargue.gov.ar\/#website\",\"url\":\"https:\/\/hcd.malargue.gov.ar\/\",\"name\":\"Malarg\u00fce HCD\",\"description\":\"Malarg\u00fce Mendoza Argentina\",\"potentialAction\":[{\"@type\":\"SearchAction\",\"target\":{\"@type\":\"EntryPoint\",\"urlTemplate\":\"https:\/\/hcd.malargue.gov.ar\/?s={search_term_string}\"},\"query-input\":\"required name=search_term_string\"}],\"inLanguage\":\"es-AR\"},{\"@type\":\"Person\",\"@id\":\"https:\/\/hcd.malargue.gov.ar\/#\/schema\/person\/3fd6bbab64edd703961b795156c955d0\",\"name\":\"Belen Pedernera Ferragut\",\"image\":{\"@type\":\"ImageObject\",\"inLanguage\":\"es-AR\",\"@id\":\"https:\/\/hcd.malargue.gov.ar\/#\/schema\/person\/image\/\",\"url\":\"https:\/\/secure.gravatar.com\/avatar\/1054ffab3893de4bb3eb29bdd22f7e34b8537bf5d34d9dab311818154ad5b71f?s=96&d=mm&r=g\",\"contentUrl\":\"https:\/\/secure.gravatar.com\/avatar\/1054ffab3893de4bb3eb29bdd22f7e34b8537bf5d34d9dab311818154ad5b71f?s=96&d=mm&r=g\",\"caption\":\"Belen Pedernera Ferragut\"},\"url\":\"https:\/\/hcd.malargue.gov.ar\/?author=5\"}]}<\/script>\n<!-- \/ Yoast SEO plugin. -->","yoast_head_json":{"title":"RESOLUCION N\u00b0 525\/2.022 - Malarg\u00fce HCD","robots":{"index":"index","follow":"follow","max-snippet":"max-snippet:-1","max-image-preview":"max-image-preview:large","max-video-preview":"max-video-preview:-1"},"canonical":"https:\/\/hcd.malargue.gov.ar\/?p=32609","og_locale":"es_ES","og_type":"article","og_title":"RESOLUCION N\u00b0 525\/2.022 - Malarg\u00fce HCD","og_description":"VISTO: El contenido del Expte&nbsp; N\u00b0 5.181\/2018-2 eleva contrato de Locaci\u00f3n a considerar a fin de brindar tratamiento y aprobaci\u00f3n por el Honorable Concejo Deliberante,&nbsp; enviado por la Dra. D\u00e9bora Ferrero,&nbsp; Directora de Asesor\u00eda Letrada. &nbsp;&nbsp;&nbsp;&nbsp;&nbsp;&nbsp;&nbsp;&nbsp;&nbsp;&nbsp;&nbsp; y; &nbsp;CONSIDERANDO: Que se acompa\u00f1a a este Honorable Concejo Deliberante, Contrato de Locaci\u00f3n a celebrarse entre el Departamento Ejecutivo [&hellip;]","og_url":"https:\/\/hcd.malargue.gov.ar\/?p=32609","og_site_name":"Malarg\u00fce HCD","article_published_time":"2022-11-30T15:01:06+00:00","article_modified_time":"2022-11-30T16:01:07+00:00","og_image":[{"width":940,"height":788,"url":"https:\/\/hcd.malargue.gov.ar\/wp-content\/uploads\/2022\/11\/rn-525-2022.jpeg","type":"image\/jpeg"}],"author":"Belen Pedernera Ferragut","twitter_card":"summary_large_image","twitter_misc":{"Escrito por":"Belen Pedernera Ferragut","Tiempo de lectura":"4 minutos"},"schema":{"@context":"https:\/\/schema.org","@graph":[{"@type":"WebPage","@id":"https:\/\/hcd.malargue.gov.ar\/?p=32609","url":"https:\/\/hcd.malargue.gov.ar\/?p=32609","name":"RESOLUCION N\u00b0 525\/2.022 - Malarg\u00fce HCD","isPartOf":{"@id":"https:\/\/hcd.malargue.gov.ar\/#website"},"datePublished":"2022-11-30T15:01:06+00:00","dateModified":"2022-11-30T16:01:07+00:00","author":{"@id":"https:\/\/hcd.malargue.gov.ar\/#\/schema\/person\/3fd6bbab64edd703961b795156c955d0"},"breadcrumb":{"@id":"https:\/\/hcd.malargue.gov.ar\/?p=32609#breadcrumb"},"inLanguage":"es-AR","potentialAction":[{"@type":"ReadAction","target":["https:\/\/hcd.malargue.gov.ar\/?p=32609"]}]},{"@type":"BreadcrumbList","@id":"https:\/\/hcd.malargue.gov.ar\/?p=32609#breadcrumb","itemListElement":[{"@type":"ListItem","position":1,"name":"Inicio","item":"https:\/\/hcd.malargue.gov.ar\/"},{"@type":"ListItem","position":2,"name":"RESOLUCION N\u00b0 525\/2.022"}]},{"@type":"WebSite","@id":"https:\/\/hcd.malargue.gov.ar\/#website","url":"https:\/\/hcd.malargue.gov.ar\/","name":"Malarg\u00fce HCD","description":"Malarg\u00fce Mendoza Argentina","potentialAction":[{"@type":"SearchAction","target":{"@type":"EntryPoint","urlTemplate":"https:\/\/hcd.malargue.gov.ar\/?s={search_term_string}"},"query-input":"required name=search_term_string"}],"inLanguage":"es-AR"},{"@type":"Person","@id":"https:\/\/hcd.malargue.gov.ar\/#\/schema\/person\/3fd6bbab64edd703961b795156c955d0","name":"Belen Pedernera Ferragut","image":{"@type":"ImageObject","inLanguage":"es-AR","@id":"https:\/\/hcd.malargue.gov.ar\/#\/schema\/person\/image\/","url":"https:\/\/secure.gravatar.com\/avatar\/1054ffab3893de4bb3eb29bdd22f7e34b8537bf5d34d9dab311818154ad5b71f?s=96&d=mm&r=g","contentUrl":"https:\/\/secure.gravatar.com\/avatar\/1054ffab3893de4bb3eb29bdd22f7e34b8537bf5d34d9dab311818154ad5b71f?s=96&d=mm&r=g","caption":"Belen Pedernera Ferragut"},"url":"https:\/\/hcd.malargue.gov.ar\/?author=5"}]}},"_links":{"self":[{"href":"https:\/\/hcd.malargue.gov.ar\/index.php?rest_route=\/wp\/v2\/posts\/32609","targetHints":{"allow":["GET"]}}],"collection":[{"href":"https:\/\/hcd.malargue.gov.ar\/index.php?rest_route=\/wp\/v2\/posts"}],"about":[{"href":"https:\/\/hcd.malargue.gov.ar\/index.php?rest_route=\/wp\/v2\/types\/post"}],"author":[{"embeddable":true,"href":"https:\/\/hcd.malargue.gov.ar\/index.php?rest_route=\/wp\/v2\/users\/5"}],"replies":[{"embeddable":true,"href":"https:\/\/hcd.malargue.gov.ar\/index.php?rest_route=%2Fwp%2Fv2%2Fcomments&post=32609"}],"version-history":[{"count":4,"href":"https:\/\/hcd.malargue.gov.ar\/index.php?rest_route=\/wp\/v2\/posts\/32609\/revisions"}],"predecessor-version":[{"id":32614,"href":"https:\/\/hcd.malargue.gov.ar\/index.php?rest_route=\/wp\/v2\/posts\/32609\/revisions\/32614"}],"wp:featuredmedia":[{"embeddable":true,"href":"https:\/\/hcd.malargue.gov.ar\/index.php?rest_route=\/wp\/v2\/media\/32619"}],"wp:attachment":[{"href":"https:\/\/hcd.malargue.gov.ar\/index.php?rest_route=%2Fwp%2Fv2%2Fmedia&parent=32609"}],"wp:term":[{"taxonomy":"category","embeddable":true,"href":"https:\/\/hcd.malargue.gov.ar\/index.php?rest_route=%2Fwp%2Fv2%2Fcategories&post=32609"},{"taxonomy":"post_tag","embeddable":true,"href":"https:\/\/hcd.malargue.gov.ar\/index.php?rest_route=%2Fwp%2Fv2%2Ftags&post=32609"}],"curies":[{"name":"wp","href":"https:\/\/api.w.org\/{rel}","templated":true}]}}