{"id":32686,"date":"2022-12-12T10:49:38","date_gmt":"2022-12-12T13:49:38","guid":{"rendered":"https:\/\/hcd.malargue.gov.ar\/?p=32686"},"modified":"2022-12-12T10:49:44","modified_gmt":"2022-12-12T13:49:44","slug":"resolucion-n-534-2-022","status":"publish","type":"post","link":"https:\/\/hcd.malargue.gov.ar\/?p=32686","title":{"rendered":"RESOLUCI\u00d3N N\u00b0 534\/2.022"},"content":{"rendered":"<div class=\"wp-block-image\">\n<figure class=\"alignright size-full is-resized\"><a href=\"http:\/\/hcd.malargue.gov.ar\/hcdpdf\/Rn%20534%202022%20creacion%20%20Subdelegacion%20Policia%20Rural.pdf\"><img loading=\"lazy\" decoding=\"async\" src=\"https:\/\/hcd.malargue.gov.ar\/wp-content\/uploads\/2018\/06\/PDF-JPG.jpg\" alt=\"\" class=\"wp-image-7950\" width=\"116\" height=\"116\" srcset=\"https:\/\/hcd.malargue.gov.ar\/wp-content\/uploads\/2018\/06\/PDF-JPG.jpg 512w, https:\/\/hcd.malargue.gov.ar\/wp-content\/uploads\/2018\/06\/PDF-JPG-150x150.jpg 150w, https:\/\/hcd.malargue.gov.ar\/wp-content\/uploads\/2018\/06\/PDF-JPG-300x300.jpg 300w\" sizes=\"auto, (max-width: 116px) 100vw, 116px\" \/><\/a><\/figure>\n<\/div>\n\n\n<p><\/p>\n\n\n\n<p><strong>AUTORA: CONCEJALA PAOLA ROJO<\/strong><\/p>\n\n\n\n<p><strong>BLOQUE: FRENTE CAMBIA MENDOZA<\/strong><\/p>\n\n\n\n<p>VISTO: El contenido del Expediente N\u00b0 5.146 HC 045 \u2013 2.022. Bloque Frente Cambia Mendoza. Proyecto de Resoluci\u00f3n: Requerir al Ministerio de Seguridad de la Provincia de Mendoza la creaci\u00f3n de la Subdelegaci\u00f3n de Polic\u00eda Rural.<\/p>\n\n\n\n<p>Que la Subcomisaria de Polic\u00eda Rural se encuentra en San Rafael y no tiene jurisdicci\u00f3n en nuestro Departamento.<\/p>\n\n\n\n<p>Y;<\/p>\n\n\n\n<p>CONSIDERANDO: Que la misma<a> <\/a>tiene la responsabilidad de evitar la comisi\u00f3n de delitos y contravenciones en la zona rural, debiendo patrullar los caminos rurales y rutas de acceso a los campos, asistiendo a las v\u00edctimas de delitos en zona rural, recibiendo las denuncias por delitos il\u00edcitos y contravenciones, manteniendo informada a la poblaci\u00f3n rural sobre las medidas adoptadas y aconsejadas tendientes a prevenir y evitar la comisi\u00f3n de delitos, generando un estrecho v\u00ednculo entre la poblaci\u00f3n rural y la Polic\u00eda.<\/p>\n\n\n\n<p>Que es de suma importancia contar con un Destacamento, teniendo en cuenta que nuestro Departamento se distingue por la producci\u00f3n ganadera.<\/p>\n\n\n\n<p>Que Malarg\u00fce posee la mayor superficie de los dieciocho departamentos de la Provincia, contando con dos importantes reservas faun\u00edsticas:<\/p>\n\n\n\n<p>Que es necesario dar respuestas a pedidos de vecinos de la zona rural, a actividades de control de transporte de ganado o delitos como la cacer\u00eda furtiva, robo de ganado, etc.<\/p>\n\n\n\n<p>Que la presencia policial en el lugar ser\u00eda un inmenso aporte a la seguridad, y as\u00ed tambi\u00e9n permitir\u00eda agilizar las gestiones de los pobladores de la zona rural, disminuir todo lo que tiene que ver con el \u00edndice delictual y ante situaciones de riesgo u otros, operar con inmediatez. <a><\/a><\/p>\n\n\n\n<p>Que consolidar en el \u00e1mbito rural la presencia policial permitir\u00e1 prevenir la producci\u00f3n de delitos con una presencia sostenida y eficiente en cuanto a la seguridad y servicios se refiere, con el firme prop\u00f3sito de fortalecer el v\u00ednculo particular con el productor rural.<\/p>\n\n\n\n<p>Que fomentar la participaci\u00f3n y el compromiso de este amplio sector y promover la transformaci\u00f3n, colaborando con la construcci\u00f3n de una nueva cultura en materia de seguridad; es el fin.<\/p>\n\n\n\n<p>Que la Ley de Ministerios N\u00b0 9.206,dispone en su &nbsp;Art\u00edculo 12\u00ba \u201cSer\u00e1 competencia en general del Ministerio de Seguridad la planificaci\u00f3n, coordinaci\u00f3n, organizaci\u00f3n, ejecuci\u00f3n y control de la pol\u00edtica de seguridad p\u00fablica de la Provincia, en orden a la protecci\u00f3n de la vida, la libertad, los derechos y los bienes de los habitantes de la Provincia.\u201d<\/p>\n\n\n\n<p>EL HONORABLE CONCEJO DELIBERANTE DE LA MUNICIPALIDAD DE MALARG\u00dcE EN USO DE LAS FACULTADES QUE LE SON PROPIAS<\/p>\n\n\n\n<p>RESUELVE<\/p>\n\n\n\n<p>ART\u00cdCULO 1: Requerir al Ministerio de Seguridad de la Provincia de Mendoza la creaci\u00f3n de la Subdelegaci\u00f3n de Polic\u00eda Rural en el Departamento de Malarg\u00fce.<\/p>\n\n\n\n<p>ART\u00cdCULO 2: Enviar copia de la presente pieza legal a:<\/p>\n\n\n\n<ul class=\"wp-block-list\">\n<li>Ministro de Seguridad de la Provincia de Mendoza. Lic. Ra\u00fal Levrino.<\/li>\n\n\n\n<li>Legisladores Provinciales por el Cuarto Distrito Electoral.<\/li>\n\n\n\n<li>Departamento Ejecutivo Municipal.<\/li>\n\n\n\n<li>C\u00e1mara de Comercio y afines Malarg\u00fce.<\/li>\n\n\n\n<li>Juzgado de Paz, Letrado, Tributario y Faltas.<\/li>\n<\/ul>\n\n\n\n<p>ART\u00cdCULO 3\u00ba: Comun\u00edquese, reg\u00edstrese, agr\u00e9guese copia de la presente en las &nbsp; actuaciones correspondientes y arch\u00edvese.<\/p>\n\n\n\n<p>DADA EN LA SALA DE SESIONES DR. RICARDO BALBIN DEL HONORABLE CONCEJO DELIBERANTE DE LA MUNICIPALIDAD DE MALARG\u00dcE A VEINTICUATRO D\u00cdAS DE NOVIEMBRE DE DOS MIL VEINTIDOS.<\/p>\n","protected":false},"excerpt":{"rendered":"<p>AUTORA: CONCEJALA PAOLA ROJO BLOQUE: FRENTE CAMBIA MENDOZA VISTO: El contenido del Expediente N\u00b0 5.146 HC 045 \u2013 2.022. Bloque Frente Cambia Mendoza. Proyecto de Resoluci\u00f3n: Requerir al Ministerio de Seguridad de la Provincia de Mendoza la creaci\u00f3n de la Subdelegaci\u00f3n de Polic\u00eda Rural. Que la Subcomisaria de Polic\u00eda Rural se encuentra en San Rafael [&hellip;]<\/p>\n","protected":false},"author":5,"featured_media":32687,"comment_status":"closed","ping_status":"closed","sticky":false,"template":"","format":"standard","meta":{"footnotes":""},"categories":[52,29,33,51],"tags":[],"class_list":["post-32686","post","type-post","status-publish","format-standard","has-post-thumbnail","hentry","category-gacetillas","category-lesgilacion","category-prensa","category-resoluciones"],"yoast_head":"<!-- This site is optimized with the Yoast SEO plugin v19.10 - https:\/\/yoast.com\/wordpress\/plugins\/seo\/ -->\n<title>RESOLUCI\u00d3N N\u00b0 534\/2.022 - Malarg\u00fce HCD<\/title>\n<meta name=\"robots\" content=\"index, follow, max-snippet:-1, max-image-preview:large, max-video-preview:-1\" \/>\n<link rel=\"canonical\" href=\"https:\/\/hcd.malargue.gov.ar\/?p=32686\" \/>\n<meta property=\"og:locale\" content=\"es_ES\" \/>\n<meta property=\"og:type\" content=\"article\" \/>\n<meta property=\"og:title\" content=\"RESOLUCI\u00d3N N\u00b0 534\/2.022 - Malarg\u00fce HCD\" \/>\n<meta property=\"og:description\" content=\"AUTORA: CONCEJALA PAOLA ROJO BLOQUE: FRENTE CAMBIA MENDOZA VISTO: El contenido del Expediente N\u00b0 5.146 HC 045 \u2013 2.022. Bloque Frente Cambia Mendoza. Proyecto de Resoluci\u00f3n: Requerir al Ministerio de Seguridad de la Provincia de Mendoza la creaci\u00f3n de la Subdelegaci\u00f3n de Polic\u00eda Rural. Que la Subcomisaria de Polic\u00eda Rural se encuentra en San Rafael [&hellip;]\" \/>\n<meta property=\"og:url\" content=\"https:\/\/hcd.malargue.gov.ar\/?p=32686\" \/>\n<meta property=\"og:site_name\" content=\"Malarg\u00fce HCD\" \/>\n<meta property=\"article:published_time\" content=\"2022-12-12T13:49:38+00:00\" \/>\n<meta property=\"article:modified_time\" content=\"2022-12-12T13:49:44+00:00\" \/>\n<meta property=\"og:image\" content=\"https:\/\/hcd.malargue.gov.ar\/wp-content\/uploads\/2022\/12\/rn-534-2022.jpg\" \/>\n\t<meta property=\"og:image:width\" content=\"940\" \/>\n\t<meta property=\"og:image:height\" content=\"788\" \/>\n\t<meta property=\"og:image:type\" content=\"image\/jpeg\" \/>\n<meta name=\"author\" content=\"Belen Pedernera Ferragut\" \/>\n<meta name=\"twitter:card\" content=\"summary_large_image\" \/>\n<meta name=\"twitter:label1\" content=\"Escrito por\" \/>\n\t<meta name=\"twitter:data1\" content=\"Belen Pedernera Ferragut\" \/>\n\t<meta name=\"twitter:label2\" content=\"Tiempo de lectura\" \/>\n\t<meta name=\"twitter:data2\" content=\"3 minutos\" \/>\n<script type=\"application\/ld+json\" class=\"yoast-schema-graph\">{\"@context\":\"https:\/\/schema.org\",\"@graph\":[{\"@type\":\"WebPage\",\"@id\":\"https:\/\/hcd.malargue.gov.ar\/?p=32686\",\"url\":\"https:\/\/hcd.malargue.gov.ar\/?p=32686\",\"name\":\"RESOLUCI\u00d3N N\u00b0 534\/2.022 - Malarg\u00fce HCD\",\"isPartOf\":{\"@id\":\"https:\/\/hcd.malargue.gov.ar\/#website\"},\"datePublished\":\"2022-12-12T13:49:38+00:00\",\"dateModified\":\"2022-12-12T13:49:44+00:00\",\"author\":{\"@id\":\"https:\/\/hcd.malargue.gov.ar\/#\/schema\/person\/3fd6bbab64edd703961b795156c955d0\"},\"breadcrumb\":{\"@id\":\"https:\/\/hcd.malargue.gov.ar\/?p=32686#breadcrumb\"},\"inLanguage\":\"es-AR\",\"potentialAction\":[{\"@type\":\"ReadAction\",\"target\":[\"https:\/\/hcd.malargue.gov.ar\/?p=32686\"]}]},{\"@type\":\"BreadcrumbList\",\"@id\":\"https:\/\/hcd.malargue.gov.ar\/?p=32686#breadcrumb\",\"itemListElement\":[{\"@type\":\"ListItem\",\"position\":1,\"name\":\"Inicio\",\"item\":\"https:\/\/hcd.malargue.gov.ar\/\"},{\"@type\":\"ListItem\",\"position\":2,\"name\":\"RESOLUCI\u00d3N N\u00b0 534\/2.022\"}]},{\"@type\":\"WebSite\",\"@id\":\"https:\/\/hcd.malargue.gov.ar\/#website\",\"url\":\"https:\/\/hcd.malargue.gov.ar\/\",\"name\":\"Malarg\u00fce HCD\",\"description\":\"Malarg\u00fce Mendoza Argentina\",\"potentialAction\":[{\"@type\":\"SearchAction\",\"target\":{\"@type\":\"EntryPoint\",\"urlTemplate\":\"https:\/\/hcd.malargue.gov.ar\/?s={search_term_string}\"},\"query-input\":\"required name=search_term_string\"}],\"inLanguage\":\"es-AR\"},{\"@type\":\"Person\",\"@id\":\"https:\/\/hcd.malargue.gov.ar\/#\/schema\/person\/3fd6bbab64edd703961b795156c955d0\",\"name\":\"Belen Pedernera Ferragut\",\"image\":{\"@type\":\"ImageObject\",\"inLanguage\":\"es-AR\",\"@id\":\"https:\/\/hcd.malargue.gov.ar\/#\/schema\/person\/image\/\",\"url\":\"https:\/\/secure.gravatar.com\/avatar\/1054ffab3893de4bb3eb29bdd22f7e34b8537bf5d34d9dab311818154ad5b71f?s=96&d=mm&r=g\",\"contentUrl\":\"https:\/\/secure.gravatar.com\/avatar\/1054ffab3893de4bb3eb29bdd22f7e34b8537bf5d34d9dab311818154ad5b71f?s=96&d=mm&r=g\",\"caption\":\"Belen Pedernera Ferragut\"},\"url\":\"https:\/\/hcd.malargue.gov.ar\/?author=5\"}]}<\/script>\n<!-- \/ Yoast SEO plugin. -->","yoast_head_json":{"title":"RESOLUCI\u00d3N N\u00b0 534\/2.022 - Malarg\u00fce HCD","robots":{"index":"index","follow":"follow","max-snippet":"max-snippet:-1","max-image-preview":"max-image-preview:large","max-video-preview":"max-video-preview:-1"},"canonical":"https:\/\/hcd.malargue.gov.ar\/?p=32686","og_locale":"es_ES","og_type":"article","og_title":"RESOLUCI\u00d3N N\u00b0 534\/2.022 - Malarg\u00fce HCD","og_description":"AUTORA: CONCEJALA PAOLA ROJO BLOQUE: FRENTE CAMBIA MENDOZA VISTO: El contenido del Expediente N\u00b0 5.146 HC 045 \u2013 2.022. Bloque Frente Cambia Mendoza. Proyecto de Resoluci\u00f3n: Requerir al Ministerio de Seguridad de la Provincia de Mendoza la creaci\u00f3n de la Subdelegaci\u00f3n de Polic\u00eda Rural. Que la Subcomisaria de Polic\u00eda Rural se encuentra en San Rafael [&hellip;]","og_url":"https:\/\/hcd.malargue.gov.ar\/?p=32686","og_site_name":"Malarg\u00fce HCD","article_published_time":"2022-12-12T13:49:38+00:00","article_modified_time":"2022-12-12T13:49:44+00:00","og_image":[{"width":940,"height":788,"url":"https:\/\/hcd.malargue.gov.ar\/wp-content\/uploads\/2022\/12\/rn-534-2022.jpg","type":"image\/jpeg"}],"author":"Belen Pedernera Ferragut","twitter_card":"summary_large_image","twitter_misc":{"Escrito por":"Belen Pedernera Ferragut","Tiempo de lectura":"3 minutos"},"schema":{"@context":"https:\/\/schema.org","@graph":[{"@type":"WebPage","@id":"https:\/\/hcd.malargue.gov.ar\/?p=32686","url":"https:\/\/hcd.malargue.gov.ar\/?p=32686","name":"RESOLUCI\u00d3N N\u00b0 534\/2.022 - Malarg\u00fce HCD","isPartOf":{"@id":"https:\/\/hcd.malargue.gov.ar\/#website"},"datePublished":"2022-12-12T13:49:38+00:00","dateModified":"2022-12-12T13:49:44+00:00","author":{"@id":"https:\/\/hcd.malargue.gov.ar\/#\/schema\/person\/3fd6bbab64edd703961b795156c955d0"},"breadcrumb":{"@id":"https:\/\/hcd.malargue.gov.ar\/?p=32686#breadcrumb"},"inLanguage":"es-AR","potentialAction":[{"@type":"ReadAction","target":["https:\/\/hcd.malargue.gov.ar\/?p=32686"]}]},{"@type":"BreadcrumbList","@id":"https:\/\/hcd.malargue.gov.ar\/?p=32686#breadcrumb","itemListElement":[{"@type":"ListItem","position":1,"name":"Inicio","item":"https:\/\/hcd.malargue.gov.ar\/"},{"@type":"ListItem","position":2,"name":"RESOLUCI\u00d3N N\u00b0 534\/2.022"}]},{"@type":"WebSite","@id":"https:\/\/hcd.malargue.gov.ar\/#website","url":"https:\/\/hcd.malargue.gov.ar\/","name":"Malarg\u00fce HCD","description":"Malarg\u00fce Mendoza Argentina","potentialAction":[{"@type":"SearchAction","target":{"@type":"EntryPoint","urlTemplate":"https:\/\/hcd.malargue.gov.ar\/?s={search_term_string}"},"query-input":"required name=search_term_string"}],"inLanguage":"es-AR"},{"@type":"Person","@id":"https:\/\/hcd.malargue.gov.ar\/#\/schema\/person\/3fd6bbab64edd703961b795156c955d0","name":"Belen Pedernera Ferragut","image":{"@type":"ImageObject","inLanguage":"es-AR","@id":"https:\/\/hcd.malargue.gov.ar\/#\/schema\/person\/image\/","url":"https:\/\/secure.gravatar.com\/avatar\/1054ffab3893de4bb3eb29bdd22f7e34b8537bf5d34d9dab311818154ad5b71f?s=96&d=mm&r=g","contentUrl":"https:\/\/secure.gravatar.com\/avatar\/1054ffab3893de4bb3eb29bdd22f7e34b8537bf5d34d9dab311818154ad5b71f?s=96&d=mm&r=g","caption":"Belen Pedernera Ferragut"},"url":"https:\/\/hcd.malargue.gov.ar\/?author=5"}]}},"_links":{"self":[{"href":"https:\/\/hcd.malargue.gov.ar\/index.php?rest_route=\/wp\/v2\/posts\/32686","targetHints":{"allow":["GET"]}}],"collection":[{"href":"https:\/\/hcd.malargue.gov.ar\/index.php?rest_route=\/wp\/v2\/posts"}],"about":[{"href":"https:\/\/hcd.malargue.gov.ar\/index.php?rest_route=\/wp\/v2\/types\/post"}],"author":[{"embeddable":true,"href":"https:\/\/hcd.malargue.gov.ar\/index.php?rest_route=\/wp\/v2\/users\/5"}],"replies":[{"embeddable":true,"href":"https:\/\/hcd.malargue.gov.ar\/index.php?rest_route=%2Fwp%2Fv2%2Fcomments&post=32686"}],"version-history":[{"count":1,"href":"https:\/\/hcd.malargue.gov.ar\/index.php?rest_route=\/wp\/v2\/posts\/32686\/revisions"}],"predecessor-version":[{"id":32688,"href":"https:\/\/hcd.malargue.gov.ar\/index.php?rest_route=\/wp\/v2\/posts\/32686\/revisions\/32688"}],"wp:featuredmedia":[{"embeddable":true,"href":"https:\/\/hcd.malargue.gov.ar\/index.php?rest_route=\/wp\/v2\/media\/32687"}],"wp:attachment":[{"href":"https:\/\/hcd.malargue.gov.ar\/index.php?rest_route=%2Fwp%2Fv2%2Fmedia&parent=32686"}],"wp:term":[{"taxonomy":"category","embeddable":true,"href":"https:\/\/hcd.malargue.gov.ar\/index.php?rest_route=%2Fwp%2Fv2%2Fcategories&post=32686"},{"taxonomy":"post_tag","embeddable":true,"href":"https:\/\/hcd.malargue.gov.ar\/index.php?rest_route=%2Fwp%2Fv2%2Ftags&post=32686"}],"curies":[{"name":"wp","href":"https:\/\/api.w.org\/{rel}","templated":true}]}}