{"id":32689,"date":"2022-12-12T11:11:36","date_gmt":"2022-12-12T14:11:36","guid":{"rendered":"https:\/\/hcd.malargue.gov.ar\/?p=32689"},"modified":"2022-12-12T11:12:16","modified_gmt":"2022-12-12T14:12:16","slug":"resolucion-n-539-2-022","status":"publish","type":"post","link":"https:\/\/hcd.malargue.gov.ar\/?p=32689","title":{"rendered":"RESOLUCION N\u00b0 539\/2.022"},"content":{"rendered":"<div class=\"wp-block-image\">\n<figure class=\"alignright size-full is-resized\"><a href=\"http:\/\/hcd.malargue.gov.ar\/hcdpdf\/Rn%20539%202022%20Daniel%20Blajevitch%20CNEA.pdf\"><img loading=\"lazy\" decoding=\"async\" src=\"https:\/\/hcd.malargue.gov.ar\/wp-content\/uploads\/2018\/06\/PDF-JPG.jpg\" alt=\"\" class=\"wp-image-7950\" width=\"129\" height=\"129\" srcset=\"https:\/\/hcd.malargue.gov.ar\/wp-content\/uploads\/2018\/06\/PDF-JPG.jpg 512w, https:\/\/hcd.malargue.gov.ar\/wp-content\/uploads\/2018\/06\/PDF-JPG-150x150.jpg 150w, https:\/\/hcd.malargue.gov.ar\/wp-content\/uploads\/2018\/06\/PDF-JPG-300x300.jpg 300w\" sizes=\"auto, (max-width: 129px) 100vw, 129px\" \/><\/a><\/figure>\n<\/div>\n\n\n<p><\/p>\n\n\n\n<p>VISTO: La Nota HC 259\/2.019, Sr. Daniel Blajevitch, eleva carpeta con antecedentes de denuncias de desarrollo de la obra de remediaci\u00f3n ambiental de la CNEA en la Ciudad de Malarg\u00fce. <\/p>\n\n\n\n<p>&nbsp;&nbsp;&nbsp;&nbsp;&nbsp;&nbsp;&nbsp;&nbsp;&nbsp;&nbsp;&nbsp; y;<\/p>\n\n\n\n<p>CONSIDERANDO: Que ingresa a este Honorable Concejo Deliberante, formal nota individualizada bajo el N\u00b0 HC-717 con fecha 29 de noviembre de 2.018, informando el Sr. Daniel Blajevitch, respecto a los severos desordenes ambientales que se produc\u00edan en la obra de restituci\u00f3n ambiental en la miner\u00eda del uranio por parte de la Empresa Comisi\u00f3n Nacional de Energ\u00eda At\u00f3mica.<\/p>\n\n\n\n<p>&nbsp;&nbsp;&nbsp;&nbsp;&nbsp;&nbsp;&nbsp;&nbsp;&nbsp;&nbsp;&nbsp; Que habiendo transcurrido el plazo legal, y por disposici\u00f3n del Art. 86\u00b0 del Reglamento &nbsp;&nbsp;&nbsp;&nbsp;&nbsp;&nbsp;&nbsp;&nbsp;&nbsp;&nbsp;&nbsp; Interno del Honorable Concejo Deliberante, el mismo pas\u00f3 archivo.<\/p>\n\n\n\n<p>&nbsp;&nbsp;&nbsp;&nbsp;&nbsp;&nbsp;&nbsp;&nbsp;&nbsp;&nbsp;&nbsp; Que mediante Nota HC 487 &#8211; 2.019, de fecha 19 de setiembre de 2.022, el Sr. Daniel Blajevitch, solicita nuevamente respuesta de Autoridades de CNEA por los severos &nbsp;&nbsp; desordenes ambientales en la Obra de la Restituci\u00f3n de la Empresa.<\/p>\n\n\n\n<p>&nbsp;&nbsp;&nbsp;&nbsp;&nbsp;&nbsp;&nbsp;&nbsp;&nbsp;&nbsp;&nbsp; Que en virtud de ello y a los fines de otorgarle el tratamiento respectivo, se aprob\u00f3 por el Honorable Concejo Deliberante, en Sesi\u00f3n Ordinaria de fecha 27 de octubre de 2.022, desafectar y desarchivar la nota HC 259-2.019, en la cual el Sr. Daniel Blajevitch elev\u00f3 carpeta con antecedentes de denuncias de desarrollo de la obra de remediaci\u00f3n ambiental de la CNEA en la Ciudad de Malarg\u00fce, para su posterior tratamiento en la Comisi\u00f3n de Obras P\u00fablicas, Turismo y Recursos Naturales.<\/p>\n\n\n\n<p>&nbsp;&nbsp;&nbsp;&nbsp;&nbsp;&nbsp;&nbsp;&nbsp;&nbsp;&nbsp;&nbsp; Que de las actuaciones que se encontraban archivadas, surge Dictamen del Dr. Bernardino Izuel, Asesor Legal Comisiones Honorable Concejo Deliberante Malarg\u00fce, de fecha 03 de setiembre de 2.019, quien indica que \u201cSin perjuicio de lo expuesto, atento a las facultades conferidas por los Arts. 71\u00b0 y 80\u00b0 de la Ley 1.079 y teniendo presente que se pone en conocimiento en el documento a examen de la comisi\u00f3n de supuestos hechos que podr\u00edan encuadrar como delitos, ser\u00eda pertinente poner la nota remitida e informes que la complementan en conocimiento de las autoridades judiciales &nbsp; correspondientes\u201d.<\/p>\n\n\n\n<p>Que la Ley N\u00b0 8.993, en su Art\u00edculo 4\u00b0, Cap\u00edtulo II), establece que \u201cLos sujetos comprendidos en esta ley se encuentran obligados\/as a cumplir con los siguientes y pautas de comportamiento \u00e9tico: Inciso 13\u00b0, nos dice que: \u201c13- Denunciar ante la &nbsp;&nbsp;&nbsp;&nbsp;&nbsp; autoridad competente todo hecho, acto u omisi\u00f3n de los que tuvieran conocimiento con motivo o en ocasi\u00f3n del ejercicio de sus funciones que pudiera causar perjuicio a la Provincia o configurar delito\u201d.<\/p>\n\n\n\n<p>&nbsp; Que el Art.&nbsp; 329\u00b0 del C\u00f3digo Penal Argentino, establece que \u201cTendr\u00e1n obligaci\u00f3n de denunciar&nbsp; los delitos perseguibles de oficio: 1) Los funcionarios o empleados p\u00fablicos que los conozcan en el ejercicio de sus funciones\u2026\u2026\u2026\u2026.\u201d.<\/p>\n\n\n\n<p>Que en virtud de las normativas citadas y en nuestros respectivos caracteres de \u00a0Concejales y habiendo tomado conocimiento de dicha situaci\u00f3n la nueva composici\u00f3n el Honorable Concejo Deliberante, es que nos obliga a poner en conocimiento de los organismos de contralor las posibles irregularidades y\/o ilegalidades que fueran desarrolladas en la presente pieza legal.<\/p>\n\n\n\n<p>EL HONORABLE CONCEJO DELIBERANTE DE LA MUNICIPALIDAD DE MALARG\u00dcE EN USO DE LAS FACULTADES QUE LE SON PROPIAS<\/p>\n\n\n\n<p>&nbsp;&nbsp;&nbsp;&nbsp;&nbsp;&nbsp;&nbsp;&nbsp;&nbsp;&nbsp;&nbsp;&nbsp;&nbsp;&nbsp;&nbsp;&nbsp;&nbsp;&nbsp;&nbsp;&nbsp;&nbsp;&nbsp;&nbsp;&nbsp;&nbsp;&nbsp;&nbsp;&nbsp;&nbsp;&nbsp;&nbsp;&nbsp;&nbsp;&nbsp;&nbsp;&nbsp;&nbsp;&nbsp;&nbsp;&nbsp;&nbsp;&nbsp;&nbsp;&nbsp; RESUELVE<\/p>\n\n\n\n<p>ARTICULO 1\u00b0: Elevar para su toma de raz\u00f3n, copia de la presente pieza legal conjuntamente con la documentaci\u00f3n obrante en Nota HC 259\/19 Sr. Daniel Blajevitch, eleva carpeta con antecedentes de denuncias de desarrollo de la Obra de Remediaci\u00f3n Ambiental de la CNEA en la Ciudad de Malarg\u00fce, a la Fiscal\u00eda Federal con asiento en el Departamento de San Rafael y a la Unidad Fiscal &nbsp;con asiento en el Departamento de Malarg\u00fce, a los fines de investigar la posible comisi\u00f3n de alg\u00fan delito, bajo el encuadre jur\u00eddico que el elevado criterio de esas Fiscal\u00edas considerase de aplicaci\u00f3n.<\/p>\n\n\n\n<p>ART\u00cdCULO 2\u00ba: Comun\u00edquese, reg\u00edstrese, agr\u00e9guese copia de la presente en las &nbsp; actuaciones correspondientes y arch\u00edvese.<\/p>\n\n\n\n<p>DADA EN LA SALA DE SESIONES DR. RICARDO BALBIN DEL HONORABLE CONCEJO DELIBERANTE DE LA MUNICIPALIDAD DE MALARG\u00dcE A VEINTICUATRO D\u00cdAS DE NOVIEMBRE DE DOS MIL VEINTIDOS.<\/p>\n","protected":false},"excerpt":{"rendered":"<p>VISTO: La Nota HC 259\/2.019, Sr. Daniel Blajevitch, eleva carpeta con antecedentes de denuncias de desarrollo de la obra de remediaci\u00f3n ambiental de la CNEA en la Ciudad de Malarg\u00fce. &nbsp;&nbsp;&nbsp;&nbsp;&nbsp;&nbsp;&nbsp;&nbsp;&nbsp;&nbsp;&nbsp; y; CONSIDERANDO: Que ingresa a este Honorable Concejo Deliberante, formal nota individualizada bajo el N\u00b0 HC-717 con fecha 29 de noviembre de 2.018, informando [&hellip;]<\/p>\n","protected":false},"author":5,"featured_media":32690,"comment_status":"closed","ping_status":"closed","sticky":false,"template":"","format":"standard","meta":{"footnotes":""},"categories":[52,29,33,51],"tags":[],"class_list":["post-32689","post","type-post","status-publish","format-standard","has-post-thumbnail","hentry","category-gacetillas","category-lesgilacion","category-prensa","category-resoluciones"],"yoast_head":"<!-- This site is optimized with the Yoast SEO plugin v19.10 - https:\/\/yoast.com\/wordpress\/plugins\/seo\/ -->\n<title>RESOLUCION N\u00b0 539\/2.022 - Malarg\u00fce HCD<\/title>\n<meta name=\"robots\" content=\"index, follow, max-snippet:-1, max-image-preview:large, max-video-preview:-1\" \/>\n<link rel=\"canonical\" href=\"https:\/\/hcd.malargue.gov.ar\/?p=32689\" \/>\n<meta property=\"og:locale\" content=\"es_ES\" \/>\n<meta property=\"og:type\" content=\"article\" \/>\n<meta property=\"og:title\" content=\"RESOLUCION N\u00b0 539\/2.022 - Malarg\u00fce HCD\" \/>\n<meta property=\"og:description\" content=\"VISTO: La Nota HC 259\/2.019, Sr. Daniel Blajevitch, eleva carpeta con antecedentes de denuncias de desarrollo de la obra de remediaci\u00f3n ambiental de la CNEA en la Ciudad de Malarg\u00fce. &nbsp;&nbsp;&nbsp;&nbsp;&nbsp;&nbsp;&nbsp;&nbsp;&nbsp;&nbsp;&nbsp; y; CONSIDERANDO: Que ingresa a este Honorable Concejo Deliberante, formal nota individualizada bajo el N\u00b0 HC-717 con fecha 29 de noviembre de 2.018, informando [&hellip;]\" \/>\n<meta property=\"og:url\" content=\"https:\/\/hcd.malargue.gov.ar\/?p=32689\" \/>\n<meta property=\"og:site_name\" content=\"Malarg\u00fce HCD\" \/>\n<meta property=\"article:published_time\" content=\"2022-12-12T14:11:36+00:00\" \/>\n<meta property=\"article:modified_time\" content=\"2022-12-12T14:12:16+00:00\" \/>\n<meta property=\"og:image\" content=\"https:\/\/hcd.malargue.gov.ar\/wp-content\/uploads\/2022\/12\/rn-539-2022.jpg\" \/>\n\t<meta property=\"og:image:width\" content=\"940\" \/>\n\t<meta property=\"og:image:height\" content=\"788\" \/>\n\t<meta property=\"og:image:type\" content=\"image\/jpeg\" \/>\n<meta name=\"author\" content=\"Belen Pedernera Ferragut\" \/>\n<meta name=\"twitter:card\" content=\"summary_large_image\" \/>\n<meta name=\"twitter:label1\" content=\"Escrito por\" \/>\n\t<meta name=\"twitter:data1\" content=\"Belen Pedernera Ferragut\" \/>\n\t<meta name=\"twitter:label2\" content=\"Tiempo de lectura\" \/>\n\t<meta name=\"twitter:data2\" content=\"4 minutos\" \/>\n<script type=\"application\/ld+json\" class=\"yoast-schema-graph\">{\"@context\":\"https:\/\/schema.org\",\"@graph\":[{\"@type\":\"WebPage\",\"@id\":\"https:\/\/hcd.malargue.gov.ar\/?p=32689\",\"url\":\"https:\/\/hcd.malargue.gov.ar\/?p=32689\",\"name\":\"RESOLUCION N\u00b0 539\/2.022 - Malarg\u00fce HCD\",\"isPartOf\":{\"@id\":\"https:\/\/hcd.malargue.gov.ar\/#website\"},\"datePublished\":\"2022-12-12T14:11:36+00:00\",\"dateModified\":\"2022-12-12T14:12:16+00:00\",\"author\":{\"@id\":\"https:\/\/hcd.malargue.gov.ar\/#\/schema\/person\/3fd6bbab64edd703961b795156c955d0\"},\"breadcrumb\":{\"@id\":\"https:\/\/hcd.malargue.gov.ar\/?p=32689#breadcrumb\"},\"inLanguage\":\"es-AR\",\"potentialAction\":[{\"@type\":\"ReadAction\",\"target\":[\"https:\/\/hcd.malargue.gov.ar\/?p=32689\"]}]},{\"@type\":\"BreadcrumbList\",\"@id\":\"https:\/\/hcd.malargue.gov.ar\/?p=32689#breadcrumb\",\"itemListElement\":[{\"@type\":\"ListItem\",\"position\":1,\"name\":\"Inicio\",\"item\":\"https:\/\/hcd.malargue.gov.ar\/\"},{\"@type\":\"ListItem\",\"position\":2,\"name\":\"RESOLUCION N\u00b0 539\/2.022\"}]},{\"@type\":\"WebSite\",\"@id\":\"https:\/\/hcd.malargue.gov.ar\/#website\",\"url\":\"https:\/\/hcd.malargue.gov.ar\/\",\"name\":\"Malarg\u00fce HCD\",\"description\":\"Malarg\u00fce Mendoza Argentina\",\"potentialAction\":[{\"@type\":\"SearchAction\",\"target\":{\"@type\":\"EntryPoint\",\"urlTemplate\":\"https:\/\/hcd.malargue.gov.ar\/?s={search_term_string}\"},\"query-input\":\"required name=search_term_string\"}],\"inLanguage\":\"es-AR\"},{\"@type\":\"Person\",\"@id\":\"https:\/\/hcd.malargue.gov.ar\/#\/schema\/person\/3fd6bbab64edd703961b795156c955d0\",\"name\":\"Belen Pedernera Ferragut\",\"image\":{\"@type\":\"ImageObject\",\"inLanguage\":\"es-AR\",\"@id\":\"https:\/\/hcd.malargue.gov.ar\/#\/schema\/person\/image\/\",\"url\":\"https:\/\/secure.gravatar.com\/avatar\/1054ffab3893de4bb3eb29bdd22f7e34b8537bf5d34d9dab311818154ad5b71f?s=96&d=mm&r=g\",\"contentUrl\":\"https:\/\/secure.gravatar.com\/avatar\/1054ffab3893de4bb3eb29bdd22f7e34b8537bf5d34d9dab311818154ad5b71f?s=96&d=mm&r=g\",\"caption\":\"Belen Pedernera Ferragut\"},\"url\":\"https:\/\/hcd.malargue.gov.ar\/?author=5\"}]}<\/script>\n<!-- \/ Yoast SEO plugin. -->","yoast_head_json":{"title":"RESOLUCION N\u00b0 539\/2.022 - Malarg\u00fce HCD","robots":{"index":"index","follow":"follow","max-snippet":"max-snippet:-1","max-image-preview":"max-image-preview:large","max-video-preview":"max-video-preview:-1"},"canonical":"https:\/\/hcd.malargue.gov.ar\/?p=32689","og_locale":"es_ES","og_type":"article","og_title":"RESOLUCION N\u00b0 539\/2.022 - Malarg\u00fce HCD","og_description":"VISTO: La Nota HC 259\/2.019, Sr. Daniel Blajevitch, eleva carpeta con antecedentes de denuncias de desarrollo de la obra de remediaci\u00f3n ambiental de la CNEA en la Ciudad de Malarg\u00fce. &nbsp;&nbsp;&nbsp;&nbsp;&nbsp;&nbsp;&nbsp;&nbsp;&nbsp;&nbsp;&nbsp; y; CONSIDERANDO: Que ingresa a este Honorable Concejo Deliberante, formal nota individualizada bajo el N\u00b0 HC-717 con fecha 29 de noviembre de 2.018, informando [&hellip;]","og_url":"https:\/\/hcd.malargue.gov.ar\/?p=32689","og_site_name":"Malarg\u00fce HCD","article_published_time":"2022-12-12T14:11:36+00:00","article_modified_time":"2022-12-12T14:12:16+00:00","og_image":[{"width":940,"height":788,"url":"https:\/\/hcd.malargue.gov.ar\/wp-content\/uploads\/2022\/12\/rn-539-2022.jpg","type":"image\/jpeg"}],"author":"Belen Pedernera Ferragut","twitter_card":"summary_large_image","twitter_misc":{"Escrito por":"Belen Pedernera Ferragut","Tiempo de lectura":"4 minutos"},"schema":{"@context":"https:\/\/schema.org","@graph":[{"@type":"WebPage","@id":"https:\/\/hcd.malargue.gov.ar\/?p=32689","url":"https:\/\/hcd.malargue.gov.ar\/?p=32689","name":"RESOLUCION N\u00b0 539\/2.022 - Malarg\u00fce HCD","isPartOf":{"@id":"https:\/\/hcd.malargue.gov.ar\/#website"},"datePublished":"2022-12-12T14:11:36+00:00","dateModified":"2022-12-12T14:12:16+00:00","author":{"@id":"https:\/\/hcd.malargue.gov.ar\/#\/schema\/person\/3fd6bbab64edd703961b795156c955d0"},"breadcrumb":{"@id":"https:\/\/hcd.malargue.gov.ar\/?p=32689#breadcrumb"},"inLanguage":"es-AR","potentialAction":[{"@type":"ReadAction","target":["https:\/\/hcd.malargue.gov.ar\/?p=32689"]}]},{"@type":"BreadcrumbList","@id":"https:\/\/hcd.malargue.gov.ar\/?p=32689#breadcrumb","itemListElement":[{"@type":"ListItem","position":1,"name":"Inicio","item":"https:\/\/hcd.malargue.gov.ar\/"},{"@type":"ListItem","position":2,"name":"RESOLUCION N\u00b0 539\/2.022"}]},{"@type":"WebSite","@id":"https:\/\/hcd.malargue.gov.ar\/#website","url":"https:\/\/hcd.malargue.gov.ar\/","name":"Malarg\u00fce HCD","description":"Malarg\u00fce Mendoza Argentina","potentialAction":[{"@type":"SearchAction","target":{"@type":"EntryPoint","urlTemplate":"https:\/\/hcd.malargue.gov.ar\/?s={search_term_string}"},"query-input":"required name=search_term_string"}],"inLanguage":"es-AR"},{"@type":"Person","@id":"https:\/\/hcd.malargue.gov.ar\/#\/schema\/person\/3fd6bbab64edd703961b795156c955d0","name":"Belen Pedernera Ferragut","image":{"@type":"ImageObject","inLanguage":"es-AR","@id":"https:\/\/hcd.malargue.gov.ar\/#\/schema\/person\/image\/","url":"https:\/\/secure.gravatar.com\/avatar\/1054ffab3893de4bb3eb29bdd22f7e34b8537bf5d34d9dab311818154ad5b71f?s=96&d=mm&r=g","contentUrl":"https:\/\/secure.gravatar.com\/avatar\/1054ffab3893de4bb3eb29bdd22f7e34b8537bf5d34d9dab311818154ad5b71f?s=96&d=mm&r=g","caption":"Belen Pedernera Ferragut"},"url":"https:\/\/hcd.malargue.gov.ar\/?author=5"}]}},"_links":{"self":[{"href":"https:\/\/hcd.malargue.gov.ar\/index.php?rest_route=\/wp\/v2\/posts\/32689","targetHints":{"allow":["GET"]}}],"collection":[{"href":"https:\/\/hcd.malargue.gov.ar\/index.php?rest_route=\/wp\/v2\/posts"}],"about":[{"href":"https:\/\/hcd.malargue.gov.ar\/index.php?rest_route=\/wp\/v2\/types\/post"}],"author":[{"embeddable":true,"href":"https:\/\/hcd.malargue.gov.ar\/index.php?rest_route=\/wp\/v2\/users\/5"}],"replies":[{"embeddable":true,"href":"https:\/\/hcd.malargue.gov.ar\/index.php?rest_route=%2Fwp%2Fv2%2Fcomments&post=32689"}],"version-history":[{"count":1,"href":"https:\/\/hcd.malargue.gov.ar\/index.php?rest_route=\/wp\/v2\/posts\/32689\/revisions"}],"predecessor-version":[{"id":32691,"href":"https:\/\/hcd.malargue.gov.ar\/index.php?rest_route=\/wp\/v2\/posts\/32689\/revisions\/32691"}],"wp:featuredmedia":[{"embeddable":true,"href":"https:\/\/hcd.malargue.gov.ar\/index.php?rest_route=\/wp\/v2\/media\/32690"}],"wp:attachment":[{"href":"https:\/\/hcd.malargue.gov.ar\/index.php?rest_route=%2Fwp%2Fv2%2Fmedia&parent=32689"}],"wp:term":[{"taxonomy":"category","embeddable":true,"href":"https:\/\/hcd.malargue.gov.ar\/index.php?rest_route=%2Fwp%2Fv2%2Fcategories&post=32689"},{"taxonomy":"post_tag","embeddable":true,"href":"https:\/\/hcd.malargue.gov.ar\/index.php?rest_route=%2Fwp%2Fv2%2Ftags&post=32689"}],"curies":[{"name":"wp","href":"https:\/\/api.w.org\/{rel}","templated":true}]}}