{"id":32692,"date":"2022-12-12T11:35:06","date_gmt":"2022-12-12T14:35:06","guid":{"rendered":"https:\/\/hcd.malargue.gov.ar\/?p=32692"},"modified":"2022-12-12T11:35:12","modified_gmt":"2022-12-12T14:35:12","slug":"ordenanza-n-2-211-2-022","status":"publish","type":"post","link":"https:\/\/hcd.malargue.gov.ar\/?p=32692","title":{"rendered":"ORDENANZA N\u00b0 2.211\/2.022"},"content":{"rendered":"<div class=\"wp-block-image\">\n<figure class=\"alignright size-full is-resized\"><img loading=\"lazy\" decoding=\"async\" src=\"https:\/\/hcd.malargue.gov.ar\/wp-content\/uploads\/2018\/06\/PDF-JPG.jpg\" alt=\"\" class=\"wp-image-7950\" width=\"127\" height=\"127\" srcset=\"https:\/\/hcd.malargue.gov.ar\/wp-content\/uploads\/2018\/06\/PDF-JPG.jpg 512w, https:\/\/hcd.malargue.gov.ar\/wp-content\/uploads\/2018\/06\/PDF-JPG-150x150.jpg 150w, https:\/\/hcd.malargue.gov.ar\/wp-content\/uploads\/2018\/06\/PDF-JPG-300x300.jpg 300w\" sizes=\"auto, (max-width: 127px) 100vw, 127px\" \/><\/figure>\n<\/div>\n\n\n<p><strong>AUTORA: CONCEJALA DAIANA<\/strong> <strong>VARAS<\/strong><\/p>\n\n\n\n<p><strong>BLOQUE: FRENTE CAMBIA MENDOZA<\/strong><\/p>\n\n\n\n<p>VISTO: El contenido del Expediente N\u00b0 5.225 HC 051 \u2013 2.022. Bloque Frente Cambia Mendoza. Proyecto de Ordenanza: Colocaci\u00f3n de tres m\u00e1stiles y placa conmemorativa en intersecci\u00f3n de Calle Milagro de Los Andes y Ruta 40 a 50 a\u00f1os de la Tragedia o\u00a0 Milagro de Los Andes.<\/p>\n\n\n\n<p>Que el d\u00eda 22 de diciembre del corriente se conmemoran los 50 a\u00f1os del rescate de los j\u00f3venes uruguayos accidentados en&nbsp; el vuelo 571 de la Fuerza A\u00e9rea Uruguaya el 13 de octubre de 1972.<\/p>\n\n\n\n<p>Y;<\/p>\n\n\n\n<p>CONSIDERANDO: Que el Departamento de Malarg\u00fce alberga los restos del mencionado accidente a\u00e9reo, que se ha convertido a nivel mundial en un ejemplo de fortaleza y lucha contra la adversidad.<\/p>\n\n\n\n<p>Que la historia de \u201cel avi\u00f3n de los uruguayos\u201d reuni\u00f3 a Argentina, Uruguay y Chile en un mismo suceso hist\u00f3rico que ha trascendido todas las fronteras y los l\u00edmites temporales, llegando hasta la actualidad y herman\u00e1ndonos a\u00fan en el recuerdo de las v\u00edctimas y de los sobrevivientes.<\/p>\n\n\n\n<p>Que desde el mes de octubre del corriente a\u00f1o, se han venido realizando diversas actividades en los tres pa\u00edses, orientadas a revalorizar la haza\u00f1a de los j\u00f3venes uruguayos y resguardar la memoria de nuestros pueblos.<\/p>\n\n\n\n<p>Que se ha trabajado en la propuesta con la profesora \u00c1ngela Castro y el se\u00f1or Octavio Romano, quienes vienen realizando \u2013junto a la Direcci\u00f3n de Turismo local- una recopilaci\u00f3n de informaci\u00f3n y diversas actividades de puesta en valor de nuestro departamento como sitio de inter\u00e9s tur\u00edstico y cultural. Que desde el \u00c1rea de Cultura de la Comuna de San Fernando, Chile, se ha recibido con muy buena predisposici\u00f3n la propuesta.<\/p>\n\n\n\n<p>&nbsp;Que en nuestra Ciudad existe una arteria denominada Milagro de los Andes, en memoria del mencionado suceso y que consideramos que es el sitio m\u00e1s apropiado para realizar una peque\u00f1a intervenci\u00f3n en favor de la memoria colectiva.<\/p>\n\n\n\n<p>EL HONORABLE CONCEJO DELIBERANTE DE LA MUNICIPALIDAD DE MALARG\u00dcE EN USO DE LAS FACULTADES QUE LE SON PROPIAS<\/p>\n\n\n\n<p>ORDENA<\/p>\n\n\n\n<p>ART\u00cdCULO 1\u00ba: Encomi\u00e9ndese al Departamento Ejecutivo Municipal &nbsp;la colocaci\u00f3n de tres m\u00e1stiles (con las banderas de Uruguay, Argentina y Chile) y una placa conmemorativa en la intersecci\u00f3n de la Calle Milagro de Los Andes y Ruta 40 Norte (esquina Sur Oeste) con motivo de conmemorarse los 50 a\u00f1os de la denominada Tragedia o Milagro de Los Andes.<\/p>\n\n\n\n<p>ART\u00cdCULO 2\u00ba: Ac\u00e9ptese las donaciones con cargo, a este Honorable Concejo Deliberante de una bandera de la Rep\u00fablica&nbsp; Oriental del Uruguay y una bandera de la Rep\u00fablica de Chile ofrecida por el se\u00f1or Octavio Romano y por la Comuna de San Fernando, respectivamente.<\/p>\n\n\n\n<p>ART\u00cdCULO 3\u00ba: En caso de no realizar el Departamento Ejecutivo Municipal &nbsp;la mencionada obra, las Banderas ser\u00e1n destinadas a un espacio que respete la intencionalidad y el esp\u00edritu de la presente pieza legal, en el edificio del Honorable Concejo Deliberante de Malarg\u00fce.<\/p>\n\n\n\n<p>ART\u00cdCULO 4\u00ba: Env\u00edese copia de la presente al Se\u00f1or Octavio Romano, a la Profesora Angela Cecilia Castro y al Se\u00f1or Manolo Osorio Huertas, encargado de Cultura de la Comuna de San Fernando (VI Regi\u00f3n, Chile).<\/p>\n\n\n\n<p>ART\u00cdCULO 5\u00ba: Comun\u00edquese, reg\u00edstrese, agr\u00e9guese copia de la presente en las &nbsp; actuaciones correspondientes y arch\u00edvese.<\/p>\n\n\n\n<p>DADA EN LA SALA DE SESIONES DR. RICARDO BALBIN DEL HONORABLE CONCEJO DELIBERANTE DE LA MUNICIPALIDAD DE MALARG\u00dcE A VEINTICUATRO D\u00cdAS DE NOVIEMBRE DE DOS MIL VEINTIDOS.<\/p>\n","protected":false},"excerpt":{"rendered":"<p>AUTORA: CONCEJALA DAIANA VARAS BLOQUE: FRENTE CAMBIA MENDOZA VISTO: El contenido del Expediente N\u00b0 5.225 HC 051 \u2013 2.022. Bloque Frente Cambia Mendoza. Proyecto de Ordenanza: Colocaci\u00f3n de tres m\u00e1stiles y placa conmemorativa en intersecci\u00f3n de Calle Milagro de Los Andes y Ruta 40 a 50 a\u00f1os de la Tragedia o\u00a0 Milagro de Los Andes. [&hellip;]<\/p>\n","protected":false},"author":5,"featured_media":32693,"comment_status":"closed","ping_status":"closed","sticky":false,"template":"","format":"standard","meta":{"footnotes":""},"categories":[52,29,48,33],"tags":[],"class_list":["post-32692","post","type-post","status-publish","format-standard","has-post-thumbnail","hentry","category-gacetillas","category-lesgilacion","category-ordenanzas-municipales","category-prensa"],"yoast_head":"<!-- This site is optimized with the Yoast SEO plugin v19.10 - https:\/\/yoast.com\/wordpress\/plugins\/seo\/ -->\n<title>ORDENANZA N\u00b0 2.211\/2.022 - Malarg\u00fce HCD<\/title>\n<meta name=\"robots\" content=\"index, follow, max-snippet:-1, max-image-preview:large, max-video-preview:-1\" \/>\n<link rel=\"canonical\" href=\"https:\/\/hcd.malargue.gov.ar\/?p=32692\" \/>\n<meta property=\"og:locale\" content=\"es_ES\" \/>\n<meta property=\"og:type\" content=\"article\" \/>\n<meta property=\"og:title\" content=\"ORDENANZA N\u00b0 2.211\/2.022 - Malarg\u00fce HCD\" \/>\n<meta property=\"og:description\" content=\"AUTORA: CONCEJALA DAIANA VARAS BLOQUE: FRENTE CAMBIA MENDOZA VISTO: El contenido del Expediente N\u00b0 5.225 HC 051 \u2013 2.022. Bloque Frente Cambia Mendoza. Proyecto de Ordenanza: Colocaci\u00f3n de tres m\u00e1stiles y placa conmemorativa en intersecci\u00f3n de Calle Milagro de Los Andes y Ruta 40 a 50 a\u00f1os de la Tragedia o\u00a0 Milagro de Los Andes. [&hellip;]\" \/>\n<meta property=\"og:url\" content=\"https:\/\/hcd.malargue.gov.ar\/?p=32692\" \/>\n<meta property=\"og:site_name\" content=\"Malarg\u00fce HCD\" \/>\n<meta property=\"article:published_time\" content=\"2022-12-12T14:35:06+00:00\" \/>\n<meta property=\"article:modified_time\" content=\"2022-12-12T14:35:12+00:00\" \/>\n<meta property=\"og:image\" content=\"https:\/\/hcd.malargue.gov.ar\/wp-content\/uploads\/2022\/12\/ON-2211-2022.jpg\" \/>\n\t<meta property=\"og:image:width\" content=\"940\" \/>\n\t<meta property=\"og:image:height\" content=\"788\" \/>\n\t<meta property=\"og:image:type\" content=\"image\/jpeg\" \/>\n<meta name=\"author\" content=\"Belen Pedernera Ferragut\" \/>\n<meta name=\"twitter:card\" content=\"summary_large_image\" \/>\n<meta name=\"twitter:label1\" content=\"Escrito por\" \/>\n\t<meta name=\"twitter:data1\" content=\"Belen Pedernera Ferragut\" \/>\n\t<meta name=\"twitter:label2\" content=\"Tiempo de lectura\" \/>\n\t<meta name=\"twitter:data2\" content=\"3 minutos\" \/>\n<script type=\"application\/ld+json\" class=\"yoast-schema-graph\">{\"@context\":\"https:\/\/schema.org\",\"@graph\":[{\"@type\":\"WebPage\",\"@id\":\"https:\/\/hcd.malargue.gov.ar\/?p=32692\",\"url\":\"https:\/\/hcd.malargue.gov.ar\/?p=32692\",\"name\":\"ORDENANZA N\u00b0 2.211\/2.022 - Malarg\u00fce HCD\",\"isPartOf\":{\"@id\":\"https:\/\/hcd.malargue.gov.ar\/#website\"},\"datePublished\":\"2022-12-12T14:35:06+00:00\",\"dateModified\":\"2022-12-12T14:35:12+00:00\",\"author\":{\"@id\":\"https:\/\/hcd.malargue.gov.ar\/#\/schema\/person\/3fd6bbab64edd703961b795156c955d0\"},\"breadcrumb\":{\"@id\":\"https:\/\/hcd.malargue.gov.ar\/?p=32692#breadcrumb\"},\"inLanguage\":\"es-AR\",\"potentialAction\":[{\"@type\":\"ReadAction\",\"target\":[\"https:\/\/hcd.malargue.gov.ar\/?p=32692\"]}]},{\"@type\":\"BreadcrumbList\",\"@id\":\"https:\/\/hcd.malargue.gov.ar\/?p=32692#breadcrumb\",\"itemListElement\":[{\"@type\":\"ListItem\",\"position\":1,\"name\":\"Inicio\",\"item\":\"https:\/\/hcd.malargue.gov.ar\/\"},{\"@type\":\"ListItem\",\"position\":2,\"name\":\"ORDENANZA N\u00b0 2.211\/2.022\"}]},{\"@type\":\"WebSite\",\"@id\":\"https:\/\/hcd.malargue.gov.ar\/#website\",\"url\":\"https:\/\/hcd.malargue.gov.ar\/\",\"name\":\"Malarg\u00fce HCD\",\"description\":\"Malarg\u00fce Mendoza Argentina\",\"potentialAction\":[{\"@type\":\"SearchAction\",\"target\":{\"@type\":\"EntryPoint\",\"urlTemplate\":\"https:\/\/hcd.malargue.gov.ar\/?s={search_term_string}\"},\"query-input\":\"required name=search_term_string\"}],\"inLanguage\":\"es-AR\"},{\"@type\":\"Person\",\"@id\":\"https:\/\/hcd.malargue.gov.ar\/#\/schema\/person\/3fd6bbab64edd703961b795156c955d0\",\"name\":\"Belen Pedernera Ferragut\",\"image\":{\"@type\":\"ImageObject\",\"inLanguage\":\"es-AR\",\"@id\":\"https:\/\/hcd.malargue.gov.ar\/#\/schema\/person\/image\/\",\"url\":\"https:\/\/secure.gravatar.com\/avatar\/1054ffab3893de4bb3eb29bdd22f7e34b8537bf5d34d9dab311818154ad5b71f?s=96&d=mm&r=g\",\"contentUrl\":\"https:\/\/secure.gravatar.com\/avatar\/1054ffab3893de4bb3eb29bdd22f7e34b8537bf5d34d9dab311818154ad5b71f?s=96&d=mm&r=g\",\"caption\":\"Belen Pedernera Ferragut\"},\"url\":\"https:\/\/hcd.malargue.gov.ar\/?author=5\"}]}<\/script>\n<!-- \/ Yoast SEO plugin. -->","yoast_head_json":{"title":"ORDENANZA N\u00b0 2.211\/2.022 - Malarg\u00fce HCD","robots":{"index":"index","follow":"follow","max-snippet":"max-snippet:-1","max-image-preview":"max-image-preview:large","max-video-preview":"max-video-preview:-1"},"canonical":"https:\/\/hcd.malargue.gov.ar\/?p=32692","og_locale":"es_ES","og_type":"article","og_title":"ORDENANZA N\u00b0 2.211\/2.022 - Malarg\u00fce HCD","og_description":"AUTORA: CONCEJALA DAIANA VARAS BLOQUE: FRENTE CAMBIA MENDOZA VISTO: El contenido del Expediente N\u00b0 5.225 HC 051 \u2013 2.022. Bloque Frente Cambia Mendoza. Proyecto de Ordenanza: Colocaci\u00f3n de tres m\u00e1stiles y placa conmemorativa en intersecci\u00f3n de Calle Milagro de Los Andes y Ruta 40 a 50 a\u00f1os de la Tragedia o\u00a0 Milagro de Los Andes. [&hellip;]","og_url":"https:\/\/hcd.malargue.gov.ar\/?p=32692","og_site_name":"Malarg\u00fce HCD","article_published_time":"2022-12-12T14:35:06+00:00","article_modified_time":"2022-12-12T14:35:12+00:00","og_image":[{"width":940,"height":788,"url":"https:\/\/hcd.malargue.gov.ar\/wp-content\/uploads\/2022\/12\/ON-2211-2022.jpg","type":"image\/jpeg"}],"author":"Belen Pedernera Ferragut","twitter_card":"summary_large_image","twitter_misc":{"Escrito por":"Belen Pedernera Ferragut","Tiempo de lectura":"3 minutos"},"schema":{"@context":"https:\/\/schema.org","@graph":[{"@type":"WebPage","@id":"https:\/\/hcd.malargue.gov.ar\/?p=32692","url":"https:\/\/hcd.malargue.gov.ar\/?p=32692","name":"ORDENANZA N\u00b0 2.211\/2.022 - Malarg\u00fce HCD","isPartOf":{"@id":"https:\/\/hcd.malargue.gov.ar\/#website"},"datePublished":"2022-12-12T14:35:06+00:00","dateModified":"2022-12-12T14:35:12+00:00","author":{"@id":"https:\/\/hcd.malargue.gov.ar\/#\/schema\/person\/3fd6bbab64edd703961b795156c955d0"},"breadcrumb":{"@id":"https:\/\/hcd.malargue.gov.ar\/?p=32692#breadcrumb"},"inLanguage":"es-AR","potentialAction":[{"@type":"ReadAction","target":["https:\/\/hcd.malargue.gov.ar\/?p=32692"]}]},{"@type":"BreadcrumbList","@id":"https:\/\/hcd.malargue.gov.ar\/?p=32692#breadcrumb","itemListElement":[{"@type":"ListItem","position":1,"name":"Inicio","item":"https:\/\/hcd.malargue.gov.ar\/"},{"@type":"ListItem","position":2,"name":"ORDENANZA N\u00b0 2.211\/2.022"}]},{"@type":"WebSite","@id":"https:\/\/hcd.malargue.gov.ar\/#website","url":"https:\/\/hcd.malargue.gov.ar\/","name":"Malarg\u00fce HCD","description":"Malarg\u00fce Mendoza Argentina","potentialAction":[{"@type":"SearchAction","target":{"@type":"EntryPoint","urlTemplate":"https:\/\/hcd.malargue.gov.ar\/?s={search_term_string}"},"query-input":"required name=search_term_string"}],"inLanguage":"es-AR"},{"@type":"Person","@id":"https:\/\/hcd.malargue.gov.ar\/#\/schema\/person\/3fd6bbab64edd703961b795156c955d0","name":"Belen Pedernera Ferragut","image":{"@type":"ImageObject","inLanguage":"es-AR","@id":"https:\/\/hcd.malargue.gov.ar\/#\/schema\/person\/image\/","url":"https:\/\/secure.gravatar.com\/avatar\/1054ffab3893de4bb3eb29bdd22f7e34b8537bf5d34d9dab311818154ad5b71f?s=96&d=mm&r=g","contentUrl":"https:\/\/secure.gravatar.com\/avatar\/1054ffab3893de4bb3eb29bdd22f7e34b8537bf5d34d9dab311818154ad5b71f?s=96&d=mm&r=g","caption":"Belen Pedernera Ferragut"},"url":"https:\/\/hcd.malargue.gov.ar\/?author=5"}]}},"_links":{"self":[{"href":"https:\/\/hcd.malargue.gov.ar\/index.php?rest_route=\/wp\/v2\/posts\/32692","targetHints":{"allow":["GET"]}}],"collection":[{"href":"https:\/\/hcd.malargue.gov.ar\/index.php?rest_route=\/wp\/v2\/posts"}],"about":[{"href":"https:\/\/hcd.malargue.gov.ar\/index.php?rest_route=\/wp\/v2\/types\/post"}],"author":[{"embeddable":true,"href":"https:\/\/hcd.malargue.gov.ar\/index.php?rest_route=\/wp\/v2\/users\/5"}],"replies":[{"embeddable":true,"href":"https:\/\/hcd.malargue.gov.ar\/index.php?rest_route=%2Fwp%2Fv2%2Fcomments&post=32692"}],"version-history":[{"count":1,"href":"https:\/\/hcd.malargue.gov.ar\/index.php?rest_route=\/wp\/v2\/posts\/32692\/revisions"}],"predecessor-version":[{"id":32694,"href":"https:\/\/hcd.malargue.gov.ar\/index.php?rest_route=\/wp\/v2\/posts\/32692\/revisions\/32694"}],"wp:featuredmedia":[{"embeddable":true,"href":"https:\/\/hcd.malargue.gov.ar\/index.php?rest_route=\/wp\/v2\/media\/32693"}],"wp:attachment":[{"href":"https:\/\/hcd.malargue.gov.ar\/index.php?rest_route=%2Fwp%2Fv2%2Fmedia&parent=32692"}],"wp:term":[{"taxonomy":"category","embeddable":true,"href":"https:\/\/hcd.malargue.gov.ar\/index.php?rest_route=%2Fwp%2Fv2%2Fcategories&post=32692"},{"taxonomy":"post_tag","embeddable":true,"href":"https:\/\/hcd.malargue.gov.ar\/index.php?rest_route=%2Fwp%2Fv2%2Ftags&post=32692"}],"curies":[{"name":"wp","href":"https:\/\/api.w.org\/{rel}","templated":true}]}}