{"id":32698,"date":"2022-12-12T12:09:18","date_gmt":"2022-12-12T15:09:18","guid":{"rendered":"https:\/\/hcd.malargue.gov.ar\/?p=32698"},"modified":"2022-12-12T12:09:22","modified_gmt":"2022-12-12T15:09:22","slug":"ordenanza-n-2-213-2-022","status":"publish","type":"post","link":"https:\/\/hcd.malargue.gov.ar\/?p=32698","title":{"rendered":"ORDENANZA N\u00b0 2.213\/2.022"},"content":{"rendered":"<div class=\"wp-block-image\">\n<figure class=\"alignright size-full is-resized\"><a href=\"http:\/\/hcd.malargue.gov.ar\/hcdpdf\/On%202213%202022%20Colonia%20de%20Verano%20para%20Adultos%20Mayores.pdf\"><img loading=\"lazy\" decoding=\"async\" src=\"https:\/\/hcd.malargue.gov.ar\/wp-content\/uploads\/2018\/06\/PDF-JPG.jpg\" alt=\"\" class=\"wp-image-7950\" width=\"126\" height=\"126\" srcset=\"https:\/\/hcd.malargue.gov.ar\/wp-content\/uploads\/2018\/06\/PDF-JPG.jpg 512w, https:\/\/hcd.malargue.gov.ar\/wp-content\/uploads\/2018\/06\/PDF-JPG-150x150.jpg 150w, https:\/\/hcd.malargue.gov.ar\/wp-content\/uploads\/2018\/06\/PDF-JPG-300x300.jpg 300w\" sizes=\"auto, (max-width: 126px) 100vw, 126px\" \/><\/a><\/figure>\n<\/div>\n\n\n<p><strong>AUTORA: CONCEJALA DAIANA<\/strong> <strong>VARAS<\/strong><\/p>\n\n\n\n<p><strong>BLOQUE: FRENTE CAMBIA MENDOZA<\/strong><\/p>\n\n\n\n<p>VISTO: El contenido del Expediente N\u00b0 5.096 HC 042 \u2013 2.022. Bloque Frente Cambia Mendoza. Proyecto de Ordenanza: Crear en el \u00e1mbito de la Municipalidad de Malarg\u00fce el Programa Anual \u201cColonia de Verano para Adultos Mayores\u201d.<\/p>\n\n\n\n<p>Que es una tendencia que se da pr\u00e1cticamente a nivel mundial el aumento de la expectativa de vida; lo cual deriva en que la poblaci\u00f3n mayor a sesenta a\u00f1os crezca en forma constante.<\/p>\n\n\n\n<p>Y;<\/p>\n\n\n\n<p>CONSIDERANDO: Que en la actualidad, la Rep\u00fablica Argentina es el pa\u00eds con mayor poblaci\u00f3n de personas adultas mayores de Sudam\u00e9rica, dato observado en el \u00faltimo Censo 2010 donde un 10,2% de la poblaci\u00f3n ten\u00eda 65 a\u00f1os o m\u00e1s, quedando demostrado un alto porcentaje de adultos mayores en relaci\u00f3n a la poblaci\u00f3n total (INDEC, 2010). (a\u00fan no hay datos del Censo 2022)<\/p>\n\n\n\n<p>Que el envejecimiento de la poblaci\u00f3n es fruto de los avances en salud, desarrollo social, econ\u00f3mico y social y que se proyecta que para el 2050 el 25% de la poblaci\u00f3n argentina tenga 60 a\u00f1os o m\u00e1s.<\/p>\n\n\n\n<p>Que paralelamente ha habido un cambio de paradigma respecto del desarrollo integral de las personas adultas mayores, motivo por el cual los Estados deben asumir un papel m\u00e1s activo para que el mismo pueda llevarse adelante en condiciones de igualdad y con plena integraci\u00f3n y participaci\u00f3n en la sociedad.<\/p>\n\n\n\n<p>Que por lo expuesto, es necesario que los Estados generen pol\u00edticas p\u00fablicas que atiendan especialmente a las personas adultas mayores, y que estas pol\u00edticas se planifiquen y desarrollen con un enfoque de integraci\u00f3n e inclusi\u00f3n que impacte positivamente en la calidad de vida de la poblaci\u00f3n y en el desarrollo de los pa\u00edses.<\/p>\n\n\n\n<p>Que el enfoque integral debe tener en cuenta diversos aspectos que incluyan alternativas de recreaci\u00f3n e interacci\u00f3n social.<\/p>\n\n\n\n<p>Que existen diversos estudios que muestran que las actividades f\u00edsicas recreativas programadas y sistem\u00e1ticas que sean ofrecidas a personas adultas mayores contribuyen a mejorar significativamente el bienestar f\u00edsico, mental y emocional, lo cual beneficia su calidad de vida (Ballestero, 1999).<\/p>\n\n\n\n<p>Que en tal sentido, la Organizaci\u00f3n Mundial de la Salud define el \u201cenvejecimiento activo\u201d como un proceso de optimizaci\u00f3n de oportunidades de salud, participaci\u00f3n y seguridad con el objetivo de mejorar la calidad de vida a medida que las personas envejecen (OMS, 1994).<\/p>\n\n\n\n<p>Que participar de las diversas actividades libera de la rutina, inactividad y sedentarismo, como as\u00ed tambi\u00e9n de tensiones tales como el estr\u00e9s, la ansiedad, el aburrimiento e inclusive, de la depresi\u00f3n.<\/p>\n\n\n\n<p>Que contar con una colonia de verano para adultos mayores les permitir\u00eda disfrutar del verano y de diferentes actividades deportivas, recreativas, culturales, de paseo y cognitivas en compa\u00f1\u00eda de personas de la misma edad.<\/p>\n\n\n\n<p>Que la Convenci\u00f3n Interamericana sobre la Protecci\u00f3n de los Derechos Humanos de las Personas Mayores establece el derecho a la recreaci\u00f3n, la actividad f\u00edsica, el esparcimiento y el deporte con el objeto de mejorar su salud y calidad de vida en todas sus dimensiones y promover su autorrealizaci\u00f3n, independencia, autonom\u00eda e inclusi\u00f3n en la comunidad.<\/p>\n\n\n\n<p>EL HONORABLE CONCEJO DELIBERANTE DE LA MUNICIPALIDAD DE MALARG\u00dcE EN USO DE LAS FACULTADES QUE LE SON PROPIAS<\/p>\n\n\n\n<p>ORDENA<\/p>\n\n\n\n<p>ART\u00cdCULO 1\u00ba: Cr\u00e9ase en el \u00e1mbito de la Municipalidad de Malarg\u00fce el Programa Anual \u201cColonia de Verano para Adultos Mayores\u201d.<\/p>\n\n\n\n<p>ART\u00cdCULO 2\u00ba: La mencionada colonia depender\u00e1 de la Direcci\u00f3n de Deportes de la Municipalidad de Malarg\u00fce y estar\u00e1 dirigida a personas adultas mayores de sesenta a\u00f1os, residentes en el Departamento.<\/p>\n\n\n\n<p>ART\u00cdCULO 3\u00ba: Ser\u00e1n objetivos del programa creado en el Art\u00edculo Primero: asegurar a los participantes el derecho a la recreaci\u00f3n, la actividad f\u00edsica, el esparcimiento y el deporte en un marco de cuidado integral de la salud, entendiendo esta \u00faltima como \u201cel estado de completo bienestar f\u00edsico, mental y social\u201d tal cual la define la O.M.S.<\/p>\n\n\n\n<p>ART\u00cdCULO 4\u00ba: El Departamento Ejecutivo Municipal a trav\u00e9s del \u00e1rea correspondiente, dispondr\u00e1 de los profesionales: Profesores de educaci\u00f3n f\u00edsica, auxiliares terap\u00e9uticos, personal de enfermer\u00eda y\/o cuidados domiciliarios, y cualquier otro que pudiera ser necesario para la planificaci\u00f3n y desarrollo de las diversas actividades.<\/p>\n\n\n\n<p>ART\u00cdCULO 5\u00ba: El Departamento Ejecutivo Municipal asignar\u00e1 una partida especial en el Presupuesto de cada a\u00f1o, para el cumplimiento de la presente Ordenanza.<\/p>\n\n\n\n<p>ART\u00cdCULO 6\u00ba: Env\u00edese copia de la presente a:<\/p>\n\n\n\n<ul class=\"wp-block-list\">\n<li>Asociaciones de Jubilados y Pensionados.<\/li>\n\n\n\n<li>Consejo de Adultos Mayores.<\/li>\n<\/ul>\n\n\n\n<p>ART\u00cdCULO 7\u00ba: Comun\u00edquese, reg\u00edstrese, agr\u00e9guese copia de la presente en las &nbsp; actuaciones correspondientes y arch\u00edvese.<\/p>\n\n\n\n<p>DADA EN LA SALA DE SESIONES DR. RICARDO BALBIN DEL HONORABLE CONCEJO DELIBERANTE DE LA MUNICIPALIDAD DE MALARG\u00dcE A VEINTICUATRO D\u00cdAS DE NOVIEMBRE DE DOS MIL VEINTIDOS.<\/p>\n","protected":false},"excerpt":{"rendered":"<p>AUTORA: CONCEJALA DAIANA VARAS BLOQUE: FRENTE CAMBIA MENDOZA VISTO: El contenido del Expediente N\u00b0 5.096 HC 042 \u2013 2.022. Bloque Frente Cambia Mendoza. Proyecto de Ordenanza: Crear en el \u00e1mbito de la Municipalidad de Malarg\u00fce el Programa Anual \u201cColonia de Verano para Adultos Mayores\u201d. Que es una tendencia que se da pr\u00e1cticamente a nivel mundial [&hellip;]<\/p>\n","protected":false},"author":5,"featured_media":32699,"comment_status":"closed","ping_status":"closed","sticky":false,"template":"","format":"standard","meta":{"footnotes":""},"categories":[52,29,48,33],"tags":[],"class_list":["post-32698","post","type-post","status-publish","format-standard","has-post-thumbnail","hentry","category-gacetillas","category-lesgilacion","category-ordenanzas-municipales","category-prensa"],"yoast_head":"<!-- This site is optimized with the Yoast SEO plugin v19.10 - https:\/\/yoast.com\/wordpress\/plugins\/seo\/ -->\n<title>ORDENANZA N\u00b0 2.213\/2.022 - Malarg\u00fce HCD<\/title>\n<meta name=\"robots\" content=\"index, follow, max-snippet:-1, max-image-preview:large, max-video-preview:-1\" \/>\n<link rel=\"canonical\" href=\"https:\/\/hcd.malargue.gov.ar\/?p=32698\" \/>\n<meta property=\"og:locale\" content=\"es_ES\" \/>\n<meta property=\"og:type\" content=\"article\" \/>\n<meta property=\"og:title\" content=\"ORDENANZA N\u00b0 2.213\/2.022 - Malarg\u00fce HCD\" \/>\n<meta property=\"og:description\" content=\"AUTORA: CONCEJALA DAIANA VARAS BLOQUE: FRENTE CAMBIA MENDOZA VISTO: El contenido del Expediente N\u00b0 5.096 HC 042 \u2013 2.022. Bloque Frente Cambia Mendoza. Proyecto de Ordenanza: Crear en el \u00e1mbito de la Municipalidad de Malarg\u00fce el Programa Anual \u201cColonia de Verano para Adultos Mayores\u201d. Que es una tendencia que se da pr\u00e1cticamente a nivel mundial [&hellip;]\" \/>\n<meta property=\"og:url\" content=\"https:\/\/hcd.malargue.gov.ar\/?p=32698\" \/>\n<meta property=\"og:site_name\" content=\"Malarg\u00fce HCD\" \/>\n<meta property=\"article:published_time\" content=\"2022-12-12T15:09:18+00:00\" \/>\n<meta property=\"article:modified_time\" content=\"2022-12-12T15:09:22+00:00\" \/>\n<meta property=\"og:image\" content=\"https:\/\/hcd.malargue.gov.ar\/wp-content\/uploads\/2022\/12\/on-2213-2022.jpg\" \/>\n\t<meta property=\"og:image:width\" content=\"940\" \/>\n\t<meta property=\"og:image:height\" content=\"788\" \/>\n\t<meta property=\"og:image:type\" content=\"image\/jpeg\" \/>\n<meta name=\"author\" content=\"Belen Pedernera Ferragut\" \/>\n<meta name=\"twitter:card\" content=\"summary_large_image\" \/>\n<meta name=\"twitter:label1\" content=\"Escrito por\" \/>\n\t<meta name=\"twitter:data1\" content=\"Belen Pedernera Ferragut\" \/>\n\t<meta name=\"twitter:label2\" content=\"Tiempo de lectura\" \/>\n\t<meta name=\"twitter:data2\" content=\"4 minutos\" \/>\n<script type=\"application\/ld+json\" class=\"yoast-schema-graph\">{\"@context\":\"https:\/\/schema.org\",\"@graph\":[{\"@type\":\"WebPage\",\"@id\":\"https:\/\/hcd.malargue.gov.ar\/?p=32698\",\"url\":\"https:\/\/hcd.malargue.gov.ar\/?p=32698\",\"name\":\"ORDENANZA N\u00b0 2.213\/2.022 - Malarg\u00fce HCD\",\"isPartOf\":{\"@id\":\"https:\/\/hcd.malargue.gov.ar\/#website\"},\"datePublished\":\"2022-12-12T15:09:18+00:00\",\"dateModified\":\"2022-12-12T15:09:22+00:00\",\"author\":{\"@id\":\"https:\/\/hcd.malargue.gov.ar\/#\/schema\/person\/3fd6bbab64edd703961b795156c955d0\"},\"breadcrumb\":{\"@id\":\"https:\/\/hcd.malargue.gov.ar\/?p=32698#breadcrumb\"},\"inLanguage\":\"es-AR\",\"potentialAction\":[{\"@type\":\"ReadAction\",\"target\":[\"https:\/\/hcd.malargue.gov.ar\/?p=32698\"]}]},{\"@type\":\"BreadcrumbList\",\"@id\":\"https:\/\/hcd.malargue.gov.ar\/?p=32698#breadcrumb\",\"itemListElement\":[{\"@type\":\"ListItem\",\"position\":1,\"name\":\"Inicio\",\"item\":\"https:\/\/hcd.malargue.gov.ar\/\"},{\"@type\":\"ListItem\",\"position\":2,\"name\":\"ORDENANZA N\u00b0 2.213\/2.022\"}]},{\"@type\":\"WebSite\",\"@id\":\"https:\/\/hcd.malargue.gov.ar\/#website\",\"url\":\"https:\/\/hcd.malargue.gov.ar\/\",\"name\":\"Malarg\u00fce HCD\",\"description\":\"Malarg\u00fce Mendoza Argentina\",\"potentialAction\":[{\"@type\":\"SearchAction\",\"target\":{\"@type\":\"EntryPoint\",\"urlTemplate\":\"https:\/\/hcd.malargue.gov.ar\/?s={search_term_string}\"},\"query-input\":\"required name=search_term_string\"}],\"inLanguage\":\"es-AR\"},{\"@type\":\"Person\",\"@id\":\"https:\/\/hcd.malargue.gov.ar\/#\/schema\/person\/3fd6bbab64edd703961b795156c955d0\",\"name\":\"Belen Pedernera Ferragut\",\"image\":{\"@type\":\"ImageObject\",\"inLanguage\":\"es-AR\",\"@id\":\"https:\/\/hcd.malargue.gov.ar\/#\/schema\/person\/image\/\",\"url\":\"https:\/\/secure.gravatar.com\/avatar\/1054ffab3893de4bb3eb29bdd22f7e34b8537bf5d34d9dab311818154ad5b71f?s=96&d=mm&r=g\",\"contentUrl\":\"https:\/\/secure.gravatar.com\/avatar\/1054ffab3893de4bb3eb29bdd22f7e34b8537bf5d34d9dab311818154ad5b71f?s=96&d=mm&r=g\",\"caption\":\"Belen Pedernera Ferragut\"},\"url\":\"https:\/\/hcd.malargue.gov.ar\/?author=5\"}]}<\/script>\n<!-- \/ Yoast SEO plugin. -->","yoast_head_json":{"title":"ORDENANZA N\u00b0 2.213\/2.022 - Malarg\u00fce HCD","robots":{"index":"index","follow":"follow","max-snippet":"max-snippet:-1","max-image-preview":"max-image-preview:large","max-video-preview":"max-video-preview:-1"},"canonical":"https:\/\/hcd.malargue.gov.ar\/?p=32698","og_locale":"es_ES","og_type":"article","og_title":"ORDENANZA N\u00b0 2.213\/2.022 - Malarg\u00fce HCD","og_description":"AUTORA: CONCEJALA DAIANA VARAS BLOQUE: FRENTE CAMBIA MENDOZA VISTO: El contenido del Expediente N\u00b0 5.096 HC 042 \u2013 2.022. Bloque Frente Cambia Mendoza. Proyecto de Ordenanza: Crear en el \u00e1mbito de la Municipalidad de Malarg\u00fce el Programa Anual \u201cColonia de Verano para Adultos Mayores\u201d. Que es una tendencia que se da pr\u00e1cticamente a nivel mundial [&hellip;]","og_url":"https:\/\/hcd.malargue.gov.ar\/?p=32698","og_site_name":"Malarg\u00fce HCD","article_published_time":"2022-12-12T15:09:18+00:00","article_modified_time":"2022-12-12T15:09:22+00:00","og_image":[{"width":940,"height":788,"url":"https:\/\/hcd.malargue.gov.ar\/wp-content\/uploads\/2022\/12\/on-2213-2022.jpg","type":"image\/jpeg"}],"author":"Belen Pedernera Ferragut","twitter_card":"summary_large_image","twitter_misc":{"Escrito por":"Belen Pedernera Ferragut","Tiempo de lectura":"4 minutos"},"schema":{"@context":"https:\/\/schema.org","@graph":[{"@type":"WebPage","@id":"https:\/\/hcd.malargue.gov.ar\/?p=32698","url":"https:\/\/hcd.malargue.gov.ar\/?p=32698","name":"ORDENANZA N\u00b0 2.213\/2.022 - Malarg\u00fce HCD","isPartOf":{"@id":"https:\/\/hcd.malargue.gov.ar\/#website"},"datePublished":"2022-12-12T15:09:18+00:00","dateModified":"2022-12-12T15:09:22+00:00","author":{"@id":"https:\/\/hcd.malargue.gov.ar\/#\/schema\/person\/3fd6bbab64edd703961b795156c955d0"},"breadcrumb":{"@id":"https:\/\/hcd.malargue.gov.ar\/?p=32698#breadcrumb"},"inLanguage":"es-AR","potentialAction":[{"@type":"ReadAction","target":["https:\/\/hcd.malargue.gov.ar\/?p=32698"]}]},{"@type":"BreadcrumbList","@id":"https:\/\/hcd.malargue.gov.ar\/?p=32698#breadcrumb","itemListElement":[{"@type":"ListItem","position":1,"name":"Inicio","item":"https:\/\/hcd.malargue.gov.ar\/"},{"@type":"ListItem","position":2,"name":"ORDENANZA N\u00b0 2.213\/2.022"}]},{"@type":"WebSite","@id":"https:\/\/hcd.malargue.gov.ar\/#website","url":"https:\/\/hcd.malargue.gov.ar\/","name":"Malarg\u00fce HCD","description":"Malarg\u00fce Mendoza Argentina","potentialAction":[{"@type":"SearchAction","target":{"@type":"EntryPoint","urlTemplate":"https:\/\/hcd.malargue.gov.ar\/?s={search_term_string}"},"query-input":"required name=search_term_string"}],"inLanguage":"es-AR"},{"@type":"Person","@id":"https:\/\/hcd.malargue.gov.ar\/#\/schema\/person\/3fd6bbab64edd703961b795156c955d0","name":"Belen Pedernera Ferragut","image":{"@type":"ImageObject","inLanguage":"es-AR","@id":"https:\/\/hcd.malargue.gov.ar\/#\/schema\/person\/image\/","url":"https:\/\/secure.gravatar.com\/avatar\/1054ffab3893de4bb3eb29bdd22f7e34b8537bf5d34d9dab311818154ad5b71f?s=96&d=mm&r=g","contentUrl":"https:\/\/secure.gravatar.com\/avatar\/1054ffab3893de4bb3eb29bdd22f7e34b8537bf5d34d9dab311818154ad5b71f?s=96&d=mm&r=g","caption":"Belen Pedernera Ferragut"},"url":"https:\/\/hcd.malargue.gov.ar\/?author=5"}]}},"_links":{"self":[{"href":"https:\/\/hcd.malargue.gov.ar\/index.php?rest_route=\/wp\/v2\/posts\/32698","targetHints":{"allow":["GET"]}}],"collection":[{"href":"https:\/\/hcd.malargue.gov.ar\/index.php?rest_route=\/wp\/v2\/posts"}],"about":[{"href":"https:\/\/hcd.malargue.gov.ar\/index.php?rest_route=\/wp\/v2\/types\/post"}],"author":[{"embeddable":true,"href":"https:\/\/hcd.malargue.gov.ar\/index.php?rest_route=\/wp\/v2\/users\/5"}],"replies":[{"embeddable":true,"href":"https:\/\/hcd.malargue.gov.ar\/index.php?rest_route=%2Fwp%2Fv2%2Fcomments&post=32698"}],"version-history":[{"count":1,"href":"https:\/\/hcd.malargue.gov.ar\/index.php?rest_route=\/wp\/v2\/posts\/32698\/revisions"}],"predecessor-version":[{"id":32700,"href":"https:\/\/hcd.malargue.gov.ar\/index.php?rest_route=\/wp\/v2\/posts\/32698\/revisions\/32700"}],"wp:featuredmedia":[{"embeddable":true,"href":"https:\/\/hcd.malargue.gov.ar\/index.php?rest_route=\/wp\/v2\/media\/32699"}],"wp:attachment":[{"href":"https:\/\/hcd.malargue.gov.ar\/index.php?rest_route=%2Fwp%2Fv2%2Fmedia&parent=32698"}],"wp:term":[{"taxonomy":"category","embeddable":true,"href":"https:\/\/hcd.malargue.gov.ar\/index.php?rest_route=%2Fwp%2Fv2%2Fcategories&post=32698"},{"taxonomy":"post_tag","embeddable":true,"href":"https:\/\/hcd.malargue.gov.ar\/index.php?rest_route=%2Fwp%2Fv2%2Ftags&post=32698"}],"curies":[{"name":"wp","href":"https:\/\/api.w.org\/{rel}","templated":true}]}}