{"id":32708,"date":"2022-12-13T12:50:00","date_gmt":"2022-12-13T15:50:00","guid":{"rendered":"https:\/\/hcd.malargue.gov.ar\/?p=32708"},"modified":"2022-12-15T11:08:34","modified_gmt":"2022-12-15T14:08:34","slug":"dio-inicio-la-sesion-extraordinaria","status":"publish","type":"post","link":"https:\/\/hcd.malargue.gov.ar\/?p=32708","title":{"rendered":"DIO INICIO LA SESION EXTRAORDINARIA"},"content":{"rendered":"\n<h4 class=\"has-text-align-right wp-block-heading\">SESI\u00d3N EXTRAORDINARIA \u2013 13 de diciembre del 2022<\/h4>\n\n\n\n<h4 class=\"has-text-align-right wp-block-heading\">Presidiendo la Sesi\u00f3n:&nbsp;&nbsp;Concejal Paola Rojo (Bloque Frente Cambia Mendoza)<\/h4>\n\n\n\n<h4 class=\"has-text-align-right wp-block-heading\">Concejales Presentes:&nbsp; Andres Risi, Rodrigo Hidalgo,(Bloque Frente de Todos), Silvina Camiolo (Reconstruyendo Malarg\u00fce), Daiana Varas, Viviana Mosca (Bloque Frente Cambia Mendoza), Gabriel Rosas(Bloque UCR-Independiente) Francisco Parada (Bloque Partido Encuentro)<\/h4>\n\n\n\n<p>A las 11:00 hs de este martes 13 de dicimbre, dio inici\u00f3 el <a href=\"https:\/\/hcd.malargue.gov.ar\/?p=32705\">Orden del Dia de la Sesi\u00f3n convocada.<\/a><\/p>\n\n\n\n<p>Luego que se diera lectura al punto <strong>c) Expedientes provenientes del Departamento Ejecutivo<\/strong>, el Cuerpo se constituy\u00f3 en Comisi\u00f3n para el tratamiento del <strong>Expte.N\u00ba5.181\/2018-2 Departamento Ejecutivo Municipal. Asesor\u00eda Letrada Ref. Contrato de Locaci\u00f3n en cumplimiento a lo solicitado en Resoluci\u00f3n N\u00b0 525\/2022. (Carbones &amp; Carburantes-Ex Grassi)<\/strong><\/p>\n\n\n\n<p class=\"has-text-align-center\">MIRA LA SESI\u00d3N EN VIVO: <a href=\"https:\/\/youtu.be\/Hcln1hFbdcw\">https:\/\/youtu.be\/Hcln1hFbdcw<\/a><\/p>\n","protected":false},"excerpt":{"rendered":"<p>SESI\u00d3N EXTRAORDINARIA \u2013 13 de diciembre del 2022 Presidiendo la Sesi\u00f3n:&nbsp;&nbsp;Concejal Paola Rojo (Bloque Frente Cambia Mendoza) Concejales Presentes:&nbsp; Andres Risi, Rodrigo Hidalgo,(Bloque Frente de Todos), Silvina Camiolo (Reconstruyendo Malarg\u00fce), Daiana Varas, Viviana Mosca (Bloque Frente Cambia Mendoza), Gabriel Rosas(Bloque UCR-Independiente) Francisco Parada (Bloque Partido Encuentro) A las 11:00 hs de este martes 13 de [&hellip;]<\/p>\n","protected":false},"author":5,"featured_media":32730,"comment_status":"closed","ping_status":"closed","sticky":false,"template":"","format":"standard","meta":{"footnotes":""},"categories":[57,52,33,36],"tags":[],"class_list":["post-32708","post","type-post","status-publish","format-standard","has-post-thumbnail","hentry","category-extraordinarias","category-gacetillas","category-prensa","category-sesiones"],"yoast_head":"<!-- This site is optimized with the Yoast SEO plugin v19.10 - https:\/\/yoast.com\/wordpress\/plugins\/seo\/ -->\n<title>DIO INICIO LA SESION EXTRAORDINARIA - Malarg\u00fce HCD<\/title>\n<meta name=\"robots\" content=\"index, follow, max-snippet:-1, max-image-preview:large, max-video-preview:-1\" \/>\n<link rel=\"canonical\" href=\"https:\/\/hcd.malargue.gov.ar\/?p=32708\" \/>\n<meta property=\"og:locale\" content=\"es_ES\" \/>\n<meta property=\"og:type\" content=\"article\" \/>\n<meta property=\"og:title\" content=\"DIO INICIO LA SESION EXTRAORDINARIA - Malarg\u00fce HCD\" \/>\n<meta property=\"og:description\" content=\"SESI\u00d3N EXTRAORDINARIA \u2013 13 de diciembre del 2022 Presidiendo la Sesi\u00f3n:&nbsp;&nbsp;Concejal Paola Rojo (Bloque Frente Cambia Mendoza) Concejales Presentes:&nbsp; Andres Risi, Rodrigo Hidalgo,(Bloque Frente de Todos), Silvina Camiolo (Reconstruyendo Malarg\u00fce), Daiana Varas, Viviana Mosca (Bloque Frente Cambia Mendoza), Gabriel Rosas(Bloque UCR-Independiente) Francisco Parada (Bloque Partido Encuentro) A las 11:00 hs de este martes 13 de [&hellip;]\" \/>\n<meta property=\"og:url\" content=\"https:\/\/hcd.malargue.gov.ar\/?p=32708\" \/>\n<meta property=\"og:site_name\" content=\"Malarg\u00fce HCD\" \/>\n<meta property=\"article:published_time\" content=\"2022-12-13T15:50:00+00:00\" \/>\n<meta property=\"article:modified_time\" content=\"2022-12-15T14:08:34+00:00\" \/>\n<meta property=\"og:image\" content=\"https:\/\/hcd.malargue.gov.ar\/wp-content\/uploads\/2022\/12\/IMGP5173-scaled.jpg\" \/>\n\t<meta property=\"og:image:width\" content=\"2560\" \/>\n\t<meta property=\"og:image:height\" content=\"1734\" \/>\n\t<meta property=\"og:image:type\" content=\"image\/jpeg\" \/>\n<meta name=\"author\" content=\"Belen Pedernera Ferragut\" \/>\n<meta name=\"twitter:card\" content=\"summary_large_image\" \/>\n<meta name=\"twitter:label1\" content=\"Escrito por\" \/>\n\t<meta name=\"twitter:data1\" content=\"Belen Pedernera Ferragut\" \/>\n\t<meta name=\"twitter:label2\" content=\"Tiempo de lectura\" \/>\n\t<meta name=\"twitter:data2\" content=\"1 minuto\" \/>\n<script type=\"application\/ld+json\" class=\"yoast-schema-graph\">{\"@context\":\"https:\/\/schema.org\",\"@graph\":[{\"@type\":\"WebPage\",\"@id\":\"https:\/\/hcd.malargue.gov.ar\/?p=32708\",\"url\":\"https:\/\/hcd.malargue.gov.ar\/?p=32708\",\"name\":\"DIO INICIO LA SESION EXTRAORDINARIA - Malarg\u00fce HCD\",\"isPartOf\":{\"@id\":\"https:\/\/hcd.malargue.gov.ar\/#website\"},\"datePublished\":\"2022-12-13T15:50:00+00:00\",\"dateModified\":\"2022-12-15T14:08:34+00:00\",\"author\":{\"@id\":\"https:\/\/hcd.malargue.gov.ar\/#\/schema\/person\/3fd6bbab64edd703961b795156c955d0\"},\"breadcrumb\":{\"@id\":\"https:\/\/hcd.malargue.gov.ar\/?p=32708#breadcrumb\"},\"inLanguage\":\"es-AR\",\"potentialAction\":[{\"@type\":\"ReadAction\",\"target\":[\"https:\/\/hcd.malargue.gov.ar\/?p=32708\"]}]},{\"@type\":\"BreadcrumbList\",\"@id\":\"https:\/\/hcd.malargue.gov.ar\/?p=32708#breadcrumb\",\"itemListElement\":[{\"@type\":\"ListItem\",\"position\":1,\"name\":\"Inicio\",\"item\":\"https:\/\/hcd.malargue.gov.ar\/\"},{\"@type\":\"ListItem\",\"position\":2,\"name\":\"DIO INICIO LA SESION EXTRAORDINARIA\"}]},{\"@type\":\"WebSite\",\"@id\":\"https:\/\/hcd.malargue.gov.ar\/#website\",\"url\":\"https:\/\/hcd.malargue.gov.ar\/\",\"name\":\"Malarg\u00fce HCD\",\"description\":\"Malarg\u00fce Mendoza Argentina\",\"potentialAction\":[{\"@type\":\"SearchAction\",\"target\":{\"@type\":\"EntryPoint\",\"urlTemplate\":\"https:\/\/hcd.malargue.gov.ar\/?s={search_term_string}\"},\"query-input\":\"required name=search_term_string\"}],\"inLanguage\":\"es-AR\"},{\"@type\":\"Person\",\"@id\":\"https:\/\/hcd.malargue.gov.ar\/#\/schema\/person\/3fd6bbab64edd703961b795156c955d0\",\"name\":\"Belen Pedernera Ferragut\",\"image\":{\"@type\":\"ImageObject\",\"inLanguage\":\"es-AR\",\"@id\":\"https:\/\/hcd.malargue.gov.ar\/#\/schema\/person\/image\/\",\"url\":\"https:\/\/secure.gravatar.com\/avatar\/1054ffab3893de4bb3eb29bdd22f7e34b8537bf5d34d9dab311818154ad5b71f?s=96&d=mm&r=g\",\"contentUrl\":\"https:\/\/secure.gravatar.com\/avatar\/1054ffab3893de4bb3eb29bdd22f7e34b8537bf5d34d9dab311818154ad5b71f?s=96&d=mm&r=g\",\"caption\":\"Belen Pedernera Ferragut\"},\"url\":\"https:\/\/hcd.malargue.gov.ar\/?author=5\"}]}<\/script>\n<!-- \/ Yoast SEO plugin. -->","yoast_head_json":{"title":"DIO INICIO LA SESION EXTRAORDINARIA - Malarg\u00fce HCD","robots":{"index":"index","follow":"follow","max-snippet":"max-snippet:-1","max-image-preview":"max-image-preview:large","max-video-preview":"max-video-preview:-1"},"canonical":"https:\/\/hcd.malargue.gov.ar\/?p=32708","og_locale":"es_ES","og_type":"article","og_title":"DIO INICIO LA SESION EXTRAORDINARIA - Malarg\u00fce HCD","og_description":"SESI\u00d3N EXTRAORDINARIA \u2013 13 de diciembre del 2022 Presidiendo la Sesi\u00f3n:&nbsp;&nbsp;Concejal Paola Rojo (Bloque Frente Cambia Mendoza) Concejales Presentes:&nbsp; Andres Risi, Rodrigo Hidalgo,(Bloque Frente de Todos), Silvina Camiolo (Reconstruyendo Malarg\u00fce), Daiana Varas, Viviana Mosca (Bloque Frente Cambia Mendoza), Gabriel Rosas(Bloque UCR-Independiente) Francisco Parada (Bloque Partido Encuentro) A las 11:00 hs de este martes 13 de [&hellip;]","og_url":"https:\/\/hcd.malargue.gov.ar\/?p=32708","og_site_name":"Malarg\u00fce HCD","article_published_time":"2022-12-13T15:50:00+00:00","article_modified_time":"2022-12-15T14:08:34+00:00","og_image":[{"width":2560,"height":1734,"url":"https:\/\/hcd.malargue.gov.ar\/wp-content\/uploads\/2022\/12\/IMGP5173-scaled.jpg","type":"image\/jpeg"}],"author":"Belen Pedernera Ferragut","twitter_card":"summary_large_image","twitter_misc":{"Escrito por":"Belen Pedernera Ferragut","Tiempo de lectura":"1 minuto"},"schema":{"@context":"https:\/\/schema.org","@graph":[{"@type":"WebPage","@id":"https:\/\/hcd.malargue.gov.ar\/?p=32708","url":"https:\/\/hcd.malargue.gov.ar\/?p=32708","name":"DIO INICIO LA SESION EXTRAORDINARIA - Malarg\u00fce HCD","isPartOf":{"@id":"https:\/\/hcd.malargue.gov.ar\/#website"},"datePublished":"2022-12-13T15:50:00+00:00","dateModified":"2022-12-15T14:08:34+00:00","author":{"@id":"https:\/\/hcd.malargue.gov.ar\/#\/schema\/person\/3fd6bbab64edd703961b795156c955d0"},"breadcrumb":{"@id":"https:\/\/hcd.malargue.gov.ar\/?p=32708#breadcrumb"},"inLanguage":"es-AR","potentialAction":[{"@type":"ReadAction","target":["https:\/\/hcd.malargue.gov.ar\/?p=32708"]}]},{"@type":"BreadcrumbList","@id":"https:\/\/hcd.malargue.gov.ar\/?p=32708#breadcrumb","itemListElement":[{"@type":"ListItem","position":1,"name":"Inicio","item":"https:\/\/hcd.malargue.gov.ar\/"},{"@type":"ListItem","position":2,"name":"DIO INICIO LA SESION EXTRAORDINARIA"}]},{"@type":"WebSite","@id":"https:\/\/hcd.malargue.gov.ar\/#website","url":"https:\/\/hcd.malargue.gov.ar\/","name":"Malarg\u00fce HCD","description":"Malarg\u00fce Mendoza Argentina","potentialAction":[{"@type":"SearchAction","target":{"@type":"EntryPoint","urlTemplate":"https:\/\/hcd.malargue.gov.ar\/?s={search_term_string}"},"query-input":"required name=search_term_string"}],"inLanguage":"es-AR"},{"@type":"Person","@id":"https:\/\/hcd.malargue.gov.ar\/#\/schema\/person\/3fd6bbab64edd703961b795156c955d0","name":"Belen Pedernera Ferragut","image":{"@type":"ImageObject","inLanguage":"es-AR","@id":"https:\/\/hcd.malargue.gov.ar\/#\/schema\/person\/image\/","url":"https:\/\/secure.gravatar.com\/avatar\/1054ffab3893de4bb3eb29bdd22f7e34b8537bf5d34d9dab311818154ad5b71f?s=96&d=mm&r=g","contentUrl":"https:\/\/secure.gravatar.com\/avatar\/1054ffab3893de4bb3eb29bdd22f7e34b8537bf5d34d9dab311818154ad5b71f?s=96&d=mm&r=g","caption":"Belen Pedernera Ferragut"},"url":"https:\/\/hcd.malargue.gov.ar\/?author=5"}]}},"_links":{"self":[{"href":"https:\/\/hcd.malargue.gov.ar\/index.php?rest_route=\/wp\/v2\/posts\/32708","targetHints":{"allow":["GET"]}}],"collection":[{"href":"https:\/\/hcd.malargue.gov.ar\/index.php?rest_route=\/wp\/v2\/posts"}],"about":[{"href":"https:\/\/hcd.malargue.gov.ar\/index.php?rest_route=\/wp\/v2\/types\/post"}],"author":[{"embeddable":true,"href":"https:\/\/hcd.malargue.gov.ar\/index.php?rest_route=\/wp\/v2\/users\/5"}],"replies":[{"embeddable":true,"href":"https:\/\/hcd.malargue.gov.ar\/index.php?rest_route=%2Fwp%2Fv2%2Fcomments&post=32708"}],"version-history":[{"count":2,"href":"https:\/\/hcd.malargue.gov.ar\/index.php?rest_route=\/wp\/v2\/posts\/32708\/revisions"}],"predecessor-version":[{"id":32741,"href":"https:\/\/hcd.malargue.gov.ar\/index.php?rest_route=\/wp\/v2\/posts\/32708\/revisions\/32741"}],"wp:featuredmedia":[{"embeddable":true,"href":"https:\/\/hcd.malargue.gov.ar\/index.php?rest_route=\/wp\/v2\/media\/32730"}],"wp:attachment":[{"href":"https:\/\/hcd.malargue.gov.ar\/index.php?rest_route=%2Fwp%2Fv2%2Fmedia&parent=32708"}],"wp:term":[{"taxonomy":"category","embeddable":true,"href":"https:\/\/hcd.malargue.gov.ar\/index.php?rest_route=%2Fwp%2Fv2%2Fcategories&post=32708"},{"taxonomy":"post_tag","embeddable":true,"href":"https:\/\/hcd.malargue.gov.ar\/index.php?rest_route=%2Fwp%2Fv2%2Ftags&post=32708"}],"curies":[{"name":"wp","href":"https:\/\/api.w.org\/{rel}","templated":true}]}}