{"id":32754,"date":"2022-12-15T11:01:21","date_gmt":"2022-12-15T14:01:21","guid":{"rendered":"https:\/\/hcd.malargue.gov.ar\/?p=32754"},"modified":"2022-12-15T12:23:41","modified_gmt":"2022-12-15T15:23:41","slug":"resolucion-n-540-2-022","status":"publish","type":"post","link":"https:\/\/hcd.malargue.gov.ar\/?p=32754","title":{"rendered":"RESOLUCI\u00d3N N\u00b0 540\/2.022"},"content":{"rendered":"<div class=\"wp-block-image\">\n<figure class=\"alignright size-full is-resized\"><a href=\"http:\/\/hcd.malargue.gov.ar\/hcdpdf\/rn%20540%202022%20Comision%20de%20seguimiento%20boulevard%20rufino%20ortega.pdf\"><img loading=\"lazy\" decoding=\"async\" src=\"https:\/\/hcd.malargue.gov.ar\/wp-content\/uploads\/2018\/06\/PDF-JPG.jpg\" alt=\"\" class=\"wp-image-7950\" width=\"117\" height=\"117\" srcset=\"https:\/\/hcd.malargue.gov.ar\/wp-content\/uploads\/2018\/06\/PDF-JPG.jpg 512w, https:\/\/hcd.malargue.gov.ar\/wp-content\/uploads\/2018\/06\/PDF-JPG-150x150.jpg 150w, https:\/\/hcd.malargue.gov.ar\/wp-content\/uploads\/2018\/06\/PDF-JPG-300x300.jpg 300w\" sizes=\"auto, (max-width: 117px) 100vw, 117px\" \/><\/a><\/figure>\n<\/div>\n\n\n<p><\/p>\n\n\n\n<p>VISTO: La nota HC-655- 2.022. Concejales Andr\u00e9s Risi, Silvina Camiolo y Francisco Parada, solicitan se conforme la Comisi\u00f3n&nbsp; Especial&nbsp; para dar tratamiento&nbsp; a Informe ingresado sobre avances de la \u201cObra Remodelaci\u00f3n&nbsp; Boulevard Rufino Ortega\u201d, en el \u00e1mbito&nbsp; del Honorable Concejo Deliberante.<\/p>\n\n\n\n<p>&nbsp;&nbsp;&nbsp;&nbsp;&nbsp;&nbsp;&nbsp;&nbsp;&nbsp;&nbsp;&nbsp; y;<\/p>\n\n\n\n<p>CONSIDERANDO: &nbsp;Que el d\u00eda martes 13 de Septiembre del corriente, dieron comienzo desde el Departamento Ejecutivo&nbsp; a una nueva obra en Malarg\u00fce, la misma tiene como fin remodelar y embellecer el Boulevard de la Avenida Rufino Ortega.<\/p>\n\n\n\n<p>&nbsp;&nbsp;&nbsp;&nbsp;&nbsp;&nbsp;&nbsp;&nbsp;&nbsp;&nbsp;&nbsp; Que es una de las obras que est\u00e1 incluida dentro de las propuestas de embellecimiento de la Ciudad, se solicita conocer datos precisos sobre el proyecto.<\/p>\n\n\n\n<p>Que una de las inquietudes o preocupaci\u00f3n de los vecinos de la zona, es el deterioro y falta de cuidado de los espacios verdes.<\/p>\n\n\n\n<p>&nbsp;&nbsp;&nbsp;&nbsp;&nbsp;&nbsp;&nbsp;&nbsp;&nbsp;&nbsp;&nbsp; Que el Honorable Concejo Deliberante de Malarg\u00fce a trav\u00e9s de Resoluci\u00f3n N\u00b0 461\/2022 solicita al Departamento Ejecutivo Municipal, remita informe sobre la remodelaci\u00f3n del Boulevard en calle Avenida Rufino Ortega, con sus respectivos planos, datos t\u00e9cnicos, plazos de entrega, c\u00e1lculo de materiales, valor&nbsp; de la obra y solicitud de autorizaci\u00f3n desde la Direcci\u00f3n Provincial de Recursos Naturales por el corte del arbolado p\u00fablico, seg\u00fan Art\u00edculo N\u00b0 78 de la Ley N\u00b0 1079 Org\u00e1nica de Municipalidades.<\/p>\n\n\n\n<p>&nbsp;&nbsp;&nbsp;&nbsp;&nbsp;&nbsp;&nbsp;&nbsp;&nbsp;&nbsp; Que solicita al Departamento Ejecutivo Municipal, el informe ambiental, donde se&nbsp; preservar\u00e1 la totalidad del arbolado p\u00fablico que se encuentra en la zona, ya que se estableci\u00f3 desde el Municipio \u201cQue se mantendr\u00e1 y no ser\u00e1 modificado\u201d.<\/p>\n\n\n\n<p>&nbsp;&nbsp;&nbsp;&nbsp;&nbsp;&nbsp;&nbsp;&nbsp;&nbsp;&nbsp;&nbsp; Que solicita al Departamento Ejecutivo Municipal, el Plan Previsto de Revalorizaci\u00f3n Cultural de la Avenida Rufino Ortega en general y del Paseo del Periodista en particular, seg\u00fan Ordenanza N\u00b0 892\/1.998.<\/p>\n\n\n\n<p>&nbsp;&nbsp;&nbsp;&nbsp;&nbsp;&nbsp;&nbsp;&nbsp;&nbsp; &nbsp;&nbsp;&nbsp; &nbsp;Que tras la contestaci\u00f3n del Departamento Ejecutivo del pedido de informe de la Resoluci\u00f3n N\u00b0 461\/2022 a trav\u00e9s de la nota HC -625\/20222 de fecha 17 de noviembre de 2.022<\/p>\n\n\n\n<p>&nbsp;&nbsp;&nbsp;&nbsp;&nbsp;&nbsp;&nbsp;&nbsp;&nbsp;&nbsp;&nbsp;&nbsp;&nbsp; Que habiendo diferencias entre lo contestado por el Departamento Ejecutivo Municipal a dicha Resoluci\u00f3n y lo indicado en el Proyecto de Ordenanza Presupuesto General de Gastos y C\u00e1lculo de Recursos Ejercicio 2.023 a trav\u00e9s del Expte. N\u00b0 5.502\/2022 de fecha 17 de noviembre de 2.022.<\/p>\n\n\n\n<p>EL HONORABLE CONCEJO DELIBERANTE DE LA MUNICIPALIDAD DE MALARG\u00dcE EN USO DE LAS FACULTADES QUE LE SON PROPIAS<\/p>\n\n\n\n<p>&nbsp;&nbsp;&nbsp;&nbsp;&nbsp;&nbsp;&nbsp;&nbsp;&nbsp;&nbsp;&nbsp;&nbsp;&nbsp;&nbsp;&nbsp;&nbsp;&nbsp;&nbsp;&nbsp;&nbsp;&nbsp;&nbsp;&nbsp;&nbsp;&nbsp;&nbsp;&nbsp;&nbsp;&nbsp;&nbsp;&nbsp;&nbsp;&nbsp;&nbsp;&nbsp;&nbsp;&nbsp;&nbsp;&nbsp;&nbsp;&nbsp;&nbsp;&nbsp;&nbsp;&nbsp;&nbsp; RESUELVE<\/p>\n\n\n\n<p>ARTICULO&nbsp; 1\u00b0: Conformar en el \u00e1mbito del Honorable Concejo Deliberante de Malarg\u00fce, la Comisi\u00f3n Especial de Seguimiento de Obra Remodelaci\u00f3n &nbsp;Boulevard Rufino Ortega seg\u00fan lo establece el Art 76\u00b0 de la Ley 1.079 Org\u00e1nica de Municipalidades.<\/p>\n\n\n\n<p>ART\u00cdCULO 2\u00b0: La Comisi\u00f3n Especial de Seguimiento Obra Remodelaci\u00f3n&nbsp; Boulevard Rufino Ortega, estar\u00e1 compuesta por tres Concejales que componen este Honorable Cuerpo, siendo los mismos los siguientes:<\/p>\n\n\n\n<p>&nbsp;&nbsp;&nbsp;&nbsp;&nbsp;&nbsp;&nbsp;&nbsp;&nbsp;&nbsp;&nbsp; <strong>Concejal Sr. Francisco Parada (Bloque Encuentro)<\/strong><\/p>\n\n\n\n<p><strong>&nbsp;&nbsp;&nbsp;&nbsp;&nbsp;&nbsp;&nbsp;&nbsp;&nbsp;&nbsp;&nbsp; Concejal Sra. Silvina Camiolo (Bloque Reconstruyendo Malarg\u00fce)<\/strong><\/p>\n\n\n\n<p><strong>&nbsp;&nbsp;&nbsp;&nbsp;&nbsp;&nbsp;&nbsp;&nbsp;&nbsp;&nbsp;&nbsp; Concejal Sr. Rodrigo Hidalgo &nbsp;(Bloque Frente de Todos)<\/strong><\/p>\n\n\n\n<p>ART\u00cdCULO&nbsp; 3\u00b0: Comun\u00edquese, reg\u00edstrese,&nbsp; agr\u00e9guese copia&nbsp; de&nbsp; la&nbsp; presente&nbsp; en&nbsp; las&nbsp; &nbsp;&nbsp;&nbsp;&nbsp; actuaciones&nbsp; y arch\u00edvese.<\/p>\n\n\n\n<p>DADA&nbsp; EN&nbsp; LA &nbsp;SALA&nbsp; DE&nbsp; SESIONES&nbsp; DR.&nbsp; RICARDO&nbsp; BALBIN DEL HONORABLE&nbsp; CONCEJO&nbsp; DELIBERANTE&nbsp; DE&nbsp; LA&nbsp; MUNICIPALIDAD&nbsp; DE&nbsp; MALARG\u00dcE&nbsp; A&nbsp; TRECE&nbsp;&nbsp; D\u00cdAS&nbsp; DE&nbsp; DICIEMBRE DE&nbsp; DOS&nbsp; MIL&nbsp; VEINTIDOS.<\/p>\n","protected":false},"excerpt":{"rendered":"<p>VISTO: La nota HC-655- 2.022. Concejales Andr\u00e9s Risi, Silvina Camiolo y Francisco Parada, solicitan se conforme la Comisi\u00f3n&nbsp; Especial&nbsp; para dar tratamiento&nbsp; a Informe ingresado sobre avances de la \u201cObra Remodelaci\u00f3n&nbsp; Boulevard Rufino Ortega\u201d, en el \u00e1mbito&nbsp; del Honorable Concejo Deliberante. &nbsp;&nbsp;&nbsp;&nbsp;&nbsp;&nbsp;&nbsp;&nbsp;&nbsp;&nbsp;&nbsp; y; CONSIDERANDO: &nbsp;Que el d\u00eda martes 13 de Septiembre del corriente, dieron comienzo [&hellip;]<\/p>\n","protected":false},"author":5,"featured_media":32755,"comment_status":"closed","ping_status":"closed","sticky":false,"template":"","format":"standard","meta":{"footnotes":""},"categories":[52,29,33,51],"tags":[],"class_list":["post-32754","post","type-post","status-publish","format-standard","has-post-thumbnail","hentry","category-gacetillas","category-lesgilacion","category-prensa","category-resoluciones"],"yoast_head":"<!-- This site is optimized with the Yoast SEO plugin v19.10 - https:\/\/yoast.com\/wordpress\/plugins\/seo\/ -->\n<title>RESOLUCI\u00d3N N\u00b0 540\/2.022 - Malarg\u00fce HCD<\/title>\n<meta name=\"robots\" content=\"index, follow, max-snippet:-1, max-image-preview:large, max-video-preview:-1\" \/>\n<link rel=\"canonical\" href=\"https:\/\/hcd.malargue.gov.ar\/?p=32754\" \/>\n<meta property=\"og:locale\" content=\"es_ES\" \/>\n<meta property=\"og:type\" content=\"article\" \/>\n<meta property=\"og:title\" content=\"RESOLUCI\u00d3N N\u00b0 540\/2.022 - Malarg\u00fce HCD\" \/>\n<meta property=\"og:description\" content=\"VISTO: La nota HC-655- 2.022. Concejales Andr\u00e9s Risi, Silvina Camiolo y Francisco Parada, solicitan se conforme la Comisi\u00f3n&nbsp; Especial&nbsp; para dar tratamiento&nbsp; a Informe ingresado sobre avances de la \u201cObra Remodelaci\u00f3n&nbsp; Boulevard Rufino Ortega\u201d, en el \u00e1mbito&nbsp; del Honorable Concejo Deliberante. &nbsp;&nbsp;&nbsp;&nbsp;&nbsp;&nbsp;&nbsp;&nbsp;&nbsp;&nbsp;&nbsp; y; CONSIDERANDO: &nbsp;Que el d\u00eda martes 13 de Septiembre del corriente, dieron comienzo [&hellip;]\" \/>\n<meta property=\"og:url\" content=\"https:\/\/hcd.malargue.gov.ar\/?p=32754\" \/>\n<meta property=\"og:site_name\" content=\"Malarg\u00fce HCD\" \/>\n<meta property=\"article:published_time\" content=\"2022-12-15T14:01:21+00:00\" \/>\n<meta property=\"article:modified_time\" content=\"2022-12-15T15:23:41+00:00\" \/>\n<meta property=\"og:image\" content=\"https:\/\/hcd.malargue.gov.ar\/wp-content\/uploads\/2022\/12\/RN-540-2022.jpg\" \/>\n\t<meta property=\"og:image:width\" content=\"940\" \/>\n\t<meta property=\"og:image:height\" content=\"788\" \/>\n\t<meta property=\"og:image:type\" content=\"image\/jpeg\" \/>\n<meta name=\"author\" content=\"Belen Pedernera Ferragut\" \/>\n<meta name=\"twitter:card\" content=\"summary_large_image\" \/>\n<meta name=\"twitter:label1\" content=\"Escrito por\" \/>\n\t<meta name=\"twitter:data1\" content=\"Belen Pedernera Ferragut\" \/>\n\t<meta name=\"twitter:label2\" content=\"Tiempo de lectura\" \/>\n\t<meta name=\"twitter:data2\" content=\"3 minutos\" \/>\n<script type=\"application\/ld+json\" class=\"yoast-schema-graph\">{\"@context\":\"https:\/\/schema.org\",\"@graph\":[{\"@type\":\"WebPage\",\"@id\":\"https:\/\/hcd.malargue.gov.ar\/?p=32754\",\"url\":\"https:\/\/hcd.malargue.gov.ar\/?p=32754\",\"name\":\"RESOLUCI\u00d3N N\u00b0 540\/2.022 - Malarg\u00fce HCD\",\"isPartOf\":{\"@id\":\"https:\/\/hcd.malargue.gov.ar\/#website\"},\"datePublished\":\"2022-12-15T14:01:21+00:00\",\"dateModified\":\"2022-12-15T15:23:41+00:00\",\"author\":{\"@id\":\"https:\/\/hcd.malargue.gov.ar\/#\/schema\/person\/3fd6bbab64edd703961b795156c955d0\"},\"breadcrumb\":{\"@id\":\"https:\/\/hcd.malargue.gov.ar\/?p=32754#breadcrumb\"},\"inLanguage\":\"es-AR\",\"potentialAction\":[{\"@type\":\"ReadAction\",\"target\":[\"https:\/\/hcd.malargue.gov.ar\/?p=32754\"]}]},{\"@type\":\"BreadcrumbList\",\"@id\":\"https:\/\/hcd.malargue.gov.ar\/?p=32754#breadcrumb\",\"itemListElement\":[{\"@type\":\"ListItem\",\"position\":1,\"name\":\"Inicio\",\"item\":\"https:\/\/hcd.malargue.gov.ar\/\"},{\"@type\":\"ListItem\",\"position\":2,\"name\":\"RESOLUCI\u00d3N N\u00b0 540\/2.022\"}]},{\"@type\":\"WebSite\",\"@id\":\"https:\/\/hcd.malargue.gov.ar\/#website\",\"url\":\"https:\/\/hcd.malargue.gov.ar\/\",\"name\":\"Malarg\u00fce HCD\",\"description\":\"Malarg\u00fce Mendoza Argentina\",\"potentialAction\":[{\"@type\":\"SearchAction\",\"target\":{\"@type\":\"EntryPoint\",\"urlTemplate\":\"https:\/\/hcd.malargue.gov.ar\/?s={search_term_string}\"},\"query-input\":\"required name=search_term_string\"}],\"inLanguage\":\"es-AR\"},{\"@type\":\"Person\",\"@id\":\"https:\/\/hcd.malargue.gov.ar\/#\/schema\/person\/3fd6bbab64edd703961b795156c955d0\",\"name\":\"Belen Pedernera Ferragut\",\"image\":{\"@type\":\"ImageObject\",\"inLanguage\":\"es-AR\",\"@id\":\"https:\/\/hcd.malargue.gov.ar\/#\/schema\/person\/image\/\",\"url\":\"https:\/\/secure.gravatar.com\/avatar\/1054ffab3893de4bb3eb29bdd22f7e34b8537bf5d34d9dab311818154ad5b71f?s=96&d=mm&r=g\",\"contentUrl\":\"https:\/\/secure.gravatar.com\/avatar\/1054ffab3893de4bb3eb29bdd22f7e34b8537bf5d34d9dab311818154ad5b71f?s=96&d=mm&r=g\",\"caption\":\"Belen Pedernera Ferragut\"},\"url\":\"https:\/\/hcd.malargue.gov.ar\/?author=5\"}]}<\/script>\n<!-- \/ Yoast SEO plugin. -->","yoast_head_json":{"title":"RESOLUCI\u00d3N N\u00b0 540\/2.022 - Malarg\u00fce HCD","robots":{"index":"index","follow":"follow","max-snippet":"max-snippet:-1","max-image-preview":"max-image-preview:large","max-video-preview":"max-video-preview:-1"},"canonical":"https:\/\/hcd.malargue.gov.ar\/?p=32754","og_locale":"es_ES","og_type":"article","og_title":"RESOLUCI\u00d3N N\u00b0 540\/2.022 - Malarg\u00fce HCD","og_description":"VISTO: La nota HC-655- 2.022. Concejales Andr\u00e9s Risi, Silvina Camiolo y Francisco Parada, solicitan se conforme la Comisi\u00f3n&nbsp; Especial&nbsp; para dar tratamiento&nbsp; a Informe ingresado sobre avances de la \u201cObra Remodelaci\u00f3n&nbsp; Boulevard Rufino Ortega\u201d, en el \u00e1mbito&nbsp; del Honorable Concejo Deliberante. &nbsp;&nbsp;&nbsp;&nbsp;&nbsp;&nbsp;&nbsp;&nbsp;&nbsp;&nbsp;&nbsp; y; CONSIDERANDO: &nbsp;Que el d\u00eda martes 13 de Septiembre del corriente, dieron comienzo [&hellip;]","og_url":"https:\/\/hcd.malargue.gov.ar\/?p=32754","og_site_name":"Malarg\u00fce HCD","article_published_time":"2022-12-15T14:01:21+00:00","article_modified_time":"2022-12-15T15:23:41+00:00","og_image":[{"width":940,"height":788,"url":"https:\/\/hcd.malargue.gov.ar\/wp-content\/uploads\/2022\/12\/RN-540-2022.jpg","type":"image\/jpeg"}],"author":"Belen Pedernera Ferragut","twitter_card":"summary_large_image","twitter_misc":{"Escrito por":"Belen Pedernera Ferragut","Tiempo de lectura":"3 minutos"},"schema":{"@context":"https:\/\/schema.org","@graph":[{"@type":"WebPage","@id":"https:\/\/hcd.malargue.gov.ar\/?p=32754","url":"https:\/\/hcd.malargue.gov.ar\/?p=32754","name":"RESOLUCI\u00d3N N\u00b0 540\/2.022 - Malarg\u00fce HCD","isPartOf":{"@id":"https:\/\/hcd.malargue.gov.ar\/#website"},"datePublished":"2022-12-15T14:01:21+00:00","dateModified":"2022-12-15T15:23:41+00:00","author":{"@id":"https:\/\/hcd.malargue.gov.ar\/#\/schema\/person\/3fd6bbab64edd703961b795156c955d0"},"breadcrumb":{"@id":"https:\/\/hcd.malargue.gov.ar\/?p=32754#breadcrumb"},"inLanguage":"es-AR","potentialAction":[{"@type":"ReadAction","target":["https:\/\/hcd.malargue.gov.ar\/?p=32754"]}]},{"@type":"BreadcrumbList","@id":"https:\/\/hcd.malargue.gov.ar\/?p=32754#breadcrumb","itemListElement":[{"@type":"ListItem","position":1,"name":"Inicio","item":"https:\/\/hcd.malargue.gov.ar\/"},{"@type":"ListItem","position":2,"name":"RESOLUCI\u00d3N N\u00b0 540\/2.022"}]},{"@type":"WebSite","@id":"https:\/\/hcd.malargue.gov.ar\/#website","url":"https:\/\/hcd.malargue.gov.ar\/","name":"Malarg\u00fce HCD","description":"Malarg\u00fce Mendoza Argentina","potentialAction":[{"@type":"SearchAction","target":{"@type":"EntryPoint","urlTemplate":"https:\/\/hcd.malargue.gov.ar\/?s={search_term_string}"},"query-input":"required name=search_term_string"}],"inLanguage":"es-AR"},{"@type":"Person","@id":"https:\/\/hcd.malargue.gov.ar\/#\/schema\/person\/3fd6bbab64edd703961b795156c955d0","name":"Belen Pedernera Ferragut","image":{"@type":"ImageObject","inLanguage":"es-AR","@id":"https:\/\/hcd.malargue.gov.ar\/#\/schema\/person\/image\/","url":"https:\/\/secure.gravatar.com\/avatar\/1054ffab3893de4bb3eb29bdd22f7e34b8537bf5d34d9dab311818154ad5b71f?s=96&d=mm&r=g","contentUrl":"https:\/\/secure.gravatar.com\/avatar\/1054ffab3893de4bb3eb29bdd22f7e34b8537bf5d34d9dab311818154ad5b71f?s=96&d=mm&r=g","caption":"Belen Pedernera Ferragut"},"url":"https:\/\/hcd.malargue.gov.ar\/?author=5"}]}},"_links":{"self":[{"href":"https:\/\/hcd.malargue.gov.ar\/index.php?rest_route=\/wp\/v2\/posts\/32754","targetHints":{"allow":["GET"]}}],"collection":[{"href":"https:\/\/hcd.malargue.gov.ar\/index.php?rest_route=\/wp\/v2\/posts"}],"about":[{"href":"https:\/\/hcd.malargue.gov.ar\/index.php?rest_route=\/wp\/v2\/types\/post"}],"author":[{"embeddable":true,"href":"https:\/\/hcd.malargue.gov.ar\/index.php?rest_route=\/wp\/v2\/users\/5"}],"replies":[{"embeddable":true,"href":"https:\/\/hcd.malargue.gov.ar\/index.php?rest_route=%2Fwp%2Fv2%2Fcomments&post=32754"}],"version-history":[{"count":2,"href":"https:\/\/hcd.malargue.gov.ar\/index.php?rest_route=\/wp\/v2\/posts\/32754\/revisions"}],"predecessor-version":[{"id":32757,"href":"https:\/\/hcd.malargue.gov.ar\/index.php?rest_route=\/wp\/v2\/posts\/32754\/revisions\/32757"}],"wp:featuredmedia":[{"embeddable":true,"href":"https:\/\/hcd.malargue.gov.ar\/index.php?rest_route=\/wp\/v2\/media\/32755"}],"wp:attachment":[{"href":"https:\/\/hcd.malargue.gov.ar\/index.php?rest_route=%2Fwp%2Fv2%2Fmedia&parent=32754"}],"wp:term":[{"taxonomy":"category","embeddable":true,"href":"https:\/\/hcd.malargue.gov.ar\/index.php?rest_route=%2Fwp%2Fv2%2Fcategories&post=32754"},{"taxonomy":"post_tag","embeddable":true,"href":"https:\/\/hcd.malargue.gov.ar\/index.php?rest_route=%2Fwp%2Fv2%2Ftags&post=32754"}],"curies":[{"name":"wp","href":"https:\/\/api.w.org\/{rel}","templated":true}]}}