{"id":32789,"date":"2022-12-22T08:31:00","date_gmt":"2022-12-22T11:31:00","guid":{"rendered":"https:\/\/hcd.malargue.gov.ar\/?p=32789"},"modified":"2023-01-03T08:47:46","modified_gmt":"2023-01-03T11:47:46","slug":"el-hcd-llevo-a-cabo-una-sesion-especial-aprobando-una-resolucion-4","status":"publish","type":"post","link":"https:\/\/hcd.malargue.gov.ar\/?p=32789","title":{"rendered":"EL HCD LLEV\u00d3 A CABO UNA SESI\u00d3N ESPECIAL APROBANDO UNA RESOLUCI\u00d3N"},"content":{"rendered":"\n<h5 class=\"has-text-align-right wp-block-heading\">SESI\u00d3N DE ESPECIAL\u2013\u00a0 21 de diciembre del 2022<\/h5>\n\n\n\n<h5 class=\"has-text-align-right wp-block-heading\">Presidiendo la Sesi\u00f3n:&nbsp;&nbsp;Concejal Paola Rojo (Bloque Frente Cambia Mendoza)<\/h5>\n\n\n\n<h5 class=\"has-text-align-right wp-block-heading\">Concejales Presentes:\u00a0 Andres Risi, Rodrigo Hidalgo,(Bloque Frente de Todos), Silvina Camiolo (Reconstruyendo Malarg\u00fce), Silvia Correa (Bloque Cuidemos Malarg\u00fce) Daiana Varas, (Bloque Frente Cambia Mendoza), Martin Palma, Gabriel Rosas (Bloque UCR-Independiente)<\/h5>\n\n\n\n<p>A las 12:00 hs del miercoles 21 de diciembre, dio inici\u00f3 el <a href=\"https:\/\/hcd.malargue.gov.ar\/?p=32787\">Orden del Dia de la Sesi\u00f3n convocada.<\/a><\/p>\n\n\n\n<p>Se di\u00f3 lectura a la Resoluci\u00f3n de Presidencia N\u00ba 077\/2022 y a la Nota HC 676-2.022 Concejales Silvina Camiolo, Mart\u00edn Palma, Rodrigo Hidalgo, Silvia Correa., solicitan Sesi\u00f3n Especial para dar tratamiento a: Situaci\u00f3n planteada c\/ Seguridad Privada de Cortina Forestal.<\/p>\n\n\n\n<p>Luego que el Cuerpo se constituyera en Comisi\u00f3n se dio aprobaci\u00f3n a la Resolucion N\u00ba543\/2022 mediante la cual se eleva al\u00a0Departamento Ejecutivo Municipal para su toma de raz\u00f3n y a los fines legales correspondientes, copia de la presente pieza legal conjuntamente con la \u00a0documentaci\u00f3n obrante en Nota HC- 675\/2022 \u00a0\u00a0y\u00a0 nota HC-691\/2.022 Sr. Puscama Marcelo, eleva documentaci\u00f3n\u00a0 (3)fojas. Tema: Traspaso\u00a0 de personal, tareas especiales. y la cantidad de 17 audios, a la Unidad Fiscal Correccional con asiento en el Departamento de Malarg\u00fce, a los fines de investigar la probable comisi\u00f3n de alg\u00fan delito por parte de la Sra. Ver\u00f3nica Contreras y que el elevado criterio de la Sra. Fiscal considere de aplicaci\u00f3n,.<\/p>\n\n\n\n<p>MIRA LA SESI\u00d3N EN VIVO:<a href=\"https:\/\/www.youtube.com\/watch?v=biQOe7x6r8w\">https:\/\/www.youtube.com\/watch?v=biQOe7x6r8w<\/a><\/p>\n","protected":false},"excerpt":{"rendered":"<p>SESI\u00d3N DE ESPECIAL\u2013\u00a0 21 de diciembre del 2022 Presidiendo la Sesi\u00f3n:&nbsp;&nbsp;Concejal Paola Rojo (Bloque Frente Cambia Mendoza) Concejales Presentes:\u00a0 Andres Risi, Rodrigo Hidalgo,(Bloque Frente de Todos), Silvina Camiolo (Reconstruyendo Malarg\u00fce), Silvia Correa (Bloque Cuidemos Malarg\u00fce) Daiana Varas, (Bloque Frente Cambia Mendoza), Martin Palma, Gabriel Rosas (Bloque UCR-Independiente) A las 12:00 hs del miercoles 21 de [&hellip;]<\/p>\n","protected":false},"author":5,"featured_media":32790,"comment_status":"closed","ping_status":"closed","sticky":false,"template":"","format":"standard","meta":{"footnotes":""},"categories":[56,52,33,36],"tags":[],"class_list":["post-32789","post","type-post","status-publish","format-standard","has-post-thumbnail","hentry","category-especiales","category-gacetillas","category-prensa","category-sesiones"],"yoast_head":"<!-- This site is optimized with the Yoast SEO plugin v19.10 - https:\/\/yoast.com\/wordpress\/plugins\/seo\/ -->\n<title>EL HCD LLEV\u00d3 A CABO UNA SESI\u00d3N ESPECIAL APROBANDO UNA RESOLUCI\u00d3N - Malarg\u00fce HCD<\/title>\n<meta name=\"robots\" content=\"index, follow, max-snippet:-1, max-image-preview:large, max-video-preview:-1\" \/>\n<link rel=\"canonical\" href=\"https:\/\/hcd.malargue.gov.ar\/?p=32789\" \/>\n<meta property=\"og:locale\" content=\"es_ES\" \/>\n<meta property=\"og:type\" content=\"article\" \/>\n<meta property=\"og:title\" content=\"EL HCD LLEV\u00d3 A CABO UNA SESI\u00d3N ESPECIAL APROBANDO UNA RESOLUCI\u00d3N - Malarg\u00fce HCD\" \/>\n<meta property=\"og:description\" content=\"SESI\u00d3N DE ESPECIAL\u2013\u00a0 21 de diciembre del 2022 Presidiendo la Sesi\u00f3n:&nbsp;&nbsp;Concejal Paola Rojo (Bloque Frente Cambia Mendoza) Concejales Presentes:\u00a0 Andres Risi, Rodrigo Hidalgo,(Bloque Frente de Todos), Silvina Camiolo (Reconstruyendo Malarg\u00fce), Silvia Correa (Bloque Cuidemos Malarg\u00fce) Daiana Varas, (Bloque Frente Cambia Mendoza), Martin Palma, Gabriel Rosas (Bloque UCR-Independiente) A las 12:00 hs del miercoles 21 de [&hellip;]\" \/>\n<meta property=\"og:url\" content=\"https:\/\/hcd.malargue.gov.ar\/?p=32789\" \/>\n<meta property=\"og:site_name\" content=\"Malarg\u00fce HCD\" \/>\n<meta property=\"article:published_time\" content=\"2022-12-22T11:31:00+00:00\" \/>\n<meta property=\"article:modified_time\" content=\"2023-01-03T11:47:46+00:00\" \/>\n<meta property=\"og:image\" content=\"https:\/\/hcd.malargue.gov.ar\/wp-content\/uploads\/2023\/01\/319734476_876088163424078_8945479447714457467_n.jpg\" \/>\n\t<meta property=\"og:image:width\" content=\"1600\" \/>\n\t<meta property=\"og:image:height\" content=\"900\" \/>\n\t<meta property=\"og:image:type\" content=\"image\/jpeg\" \/>\n<meta name=\"author\" content=\"Belen Pedernera Ferragut\" \/>\n<meta name=\"twitter:card\" content=\"summary_large_image\" \/>\n<meta name=\"twitter:label1\" content=\"Escrito por\" \/>\n\t<meta name=\"twitter:data1\" content=\"Belen Pedernera Ferragut\" \/>\n\t<meta name=\"twitter:label2\" content=\"Tiempo de lectura\" \/>\n\t<meta name=\"twitter:data2\" content=\"2 minutos\" \/>\n<script type=\"application\/ld+json\" class=\"yoast-schema-graph\">{\"@context\":\"https:\/\/schema.org\",\"@graph\":[{\"@type\":\"WebPage\",\"@id\":\"https:\/\/hcd.malargue.gov.ar\/?p=32789\",\"url\":\"https:\/\/hcd.malargue.gov.ar\/?p=32789\",\"name\":\"EL HCD LLEV\u00d3 A CABO UNA SESI\u00d3N ESPECIAL APROBANDO UNA RESOLUCI\u00d3N - Malarg\u00fce HCD\",\"isPartOf\":{\"@id\":\"https:\/\/hcd.malargue.gov.ar\/#website\"},\"datePublished\":\"2022-12-22T11:31:00+00:00\",\"dateModified\":\"2023-01-03T11:47:46+00:00\",\"author\":{\"@id\":\"https:\/\/hcd.malargue.gov.ar\/#\/schema\/person\/3fd6bbab64edd703961b795156c955d0\"},\"breadcrumb\":{\"@id\":\"https:\/\/hcd.malargue.gov.ar\/?p=32789#breadcrumb\"},\"inLanguage\":\"es-AR\",\"potentialAction\":[{\"@type\":\"ReadAction\",\"target\":[\"https:\/\/hcd.malargue.gov.ar\/?p=32789\"]}]},{\"@type\":\"BreadcrumbList\",\"@id\":\"https:\/\/hcd.malargue.gov.ar\/?p=32789#breadcrumb\",\"itemListElement\":[{\"@type\":\"ListItem\",\"position\":1,\"name\":\"Inicio\",\"item\":\"https:\/\/hcd.malargue.gov.ar\/\"},{\"@type\":\"ListItem\",\"position\":2,\"name\":\"EL HCD LLEV\u00d3 A CABO UNA SESI\u00d3N ESPECIAL APROBANDO UNA RESOLUCI\u00d3N\"}]},{\"@type\":\"WebSite\",\"@id\":\"https:\/\/hcd.malargue.gov.ar\/#website\",\"url\":\"https:\/\/hcd.malargue.gov.ar\/\",\"name\":\"Malarg\u00fce HCD\",\"description\":\"Malarg\u00fce Mendoza Argentina\",\"potentialAction\":[{\"@type\":\"SearchAction\",\"target\":{\"@type\":\"EntryPoint\",\"urlTemplate\":\"https:\/\/hcd.malargue.gov.ar\/?s={search_term_string}\"},\"query-input\":\"required name=search_term_string\"}],\"inLanguage\":\"es-AR\"},{\"@type\":\"Person\",\"@id\":\"https:\/\/hcd.malargue.gov.ar\/#\/schema\/person\/3fd6bbab64edd703961b795156c955d0\",\"name\":\"Belen Pedernera Ferragut\",\"image\":{\"@type\":\"ImageObject\",\"inLanguage\":\"es-AR\",\"@id\":\"https:\/\/hcd.malargue.gov.ar\/#\/schema\/person\/image\/\",\"url\":\"https:\/\/secure.gravatar.com\/avatar\/1054ffab3893de4bb3eb29bdd22f7e34b8537bf5d34d9dab311818154ad5b71f?s=96&d=mm&r=g\",\"contentUrl\":\"https:\/\/secure.gravatar.com\/avatar\/1054ffab3893de4bb3eb29bdd22f7e34b8537bf5d34d9dab311818154ad5b71f?s=96&d=mm&r=g\",\"caption\":\"Belen Pedernera Ferragut\"},\"url\":\"https:\/\/hcd.malargue.gov.ar\/?author=5\"}]}<\/script>\n<!-- \/ Yoast SEO plugin. -->","yoast_head_json":{"title":"EL HCD LLEV\u00d3 A CABO UNA SESI\u00d3N ESPECIAL APROBANDO UNA RESOLUCI\u00d3N - Malarg\u00fce HCD","robots":{"index":"index","follow":"follow","max-snippet":"max-snippet:-1","max-image-preview":"max-image-preview:large","max-video-preview":"max-video-preview:-1"},"canonical":"https:\/\/hcd.malargue.gov.ar\/?p=32789","og_locale":"es_ES","og_type":"article","og_title":"EL HCD LLEV\u00d3 A CABO UNA SESI\u00d3N ESPECIAL APROBANDO UNA RESOLUCI\u00d3N - Malarg\u00fce HCD","og_description":"SESI\u00d3N DE ESPECIAL\u2013\u00a0 21 de diciembre del 2022 Presidiendo la Sesi\u00f3n:&nbsp;&nbsp;Concejal Paola Rojo (Bloque Frente Cambia Mendoza) Concejales Presentes:\u00a0 Andres Risi, Rodrigo Hidalgo,(Bloque Frente de Todos), Silvina Camiolo (Reconstruyendo Malarg\u00fce), Silvia Correa (Bloque Cuidemos Malarg\u00fce) Daiana Varas, (Bloque Frente Cambia Mendoza), Martin Palma, Gabriel Rosas (Bloque UCR-Independiente) A las 12:00 hs del miercoles 21 de [&hellip;]","og_url":"https:\/\/hcd.malargue.gov.ar\/?p=32789","og_site_name":"Malarg\u00fce HCD","article_published_time":"2022-12-22T11:31:00+00:00","article_modified_time":"2023-01-03T11:47:46+00:00","og_image":[{"width":1600,"height":900,"url":"https:\/\/hcd.malargue.gov.ar\/wp-content\/uploads\/2023\/01\/319734476_876088163424078_8945479447714457467_n.jpg","type":"image\/jpeg"}],"author":"Belen Pedernera Ferragut","twitter_card":"summary_large_image","twitter_misc":{"Escrito por":"Belen Pedernera Ferragut","Tiempo de lectura":"2 minutos"},"schema":{"@context":"https:\/\/schema.org","@graph":[{"@type":"WebPage","@id":"https:\/\/hcd.malargue.gov.ar\/?p=32789","url":"https:\/\/hcd.malargue.gov.ar\/?p=32789","name":"EL HCD LLEV\u00d3 A CABO UNA SESI\u00d3N ESPECIAL APROBANDO UNA RESOLUCI\u00d3N - Malarg\u00fce HCD","isPartOf":{"@id":"https:\/\/hcd.malargue.gov.ar\/#website"},"datePublished":"2022-12-22T11:31:00+00:00","dateModified":"2023-01-03T11:47:46+00:00","author":{"@id":"https:\/\/hcd.malargue.gov.ar\/#\/schema\/person\/3fd6bbab64edd703961b795156c955d0"},"breadcrumb":{"@id":"https:\/\/hcd.malargue.gov.ar\/?p=32789#breadcrumb"},"inLanguage":"es-AR","potentialAction":[{"@type":"ReadAction","target":["https:\/\/hcd.malargue.gov.ar\/?p=32789"]}]},{"@type":"BreadcrumbList","@id":"https:\/\/hcd.malargue.gov.ar\/?p=32789#breadcrumb","itemListElement":[{"@type":"ListItem","position":1,"name":"Inicio","item":"https:\/\/hcd.malargue.gov.ar\/"},{"@type":"ListItem","position":2,"name":"EL HCD LLEV\u00d3 A CABO UNA SESI\u00d3N ESPECIAL APROBANDO UNA RESOLUCI\u00d3N"}]},{"@type":"WebSite","@id":"https:\/\/hcd.malargue.gov.ar\/#website","url":"https:\/\/hcd.malargue.gov.ar\/","name":"Malarg\u00fce HCD","description":"Malarg\u00fce Mendoza Argentina","potentialAction":[{"@type":"SearchAction","target":{"@type":"EntryPoint","urlTemplate":"https:\/\/hcd.malargue.gov.ar\/?s={search_term_string}"},"query-input":"required name=search_term_string"}],"inLanguage":"es-AR"},{"@type":"Person","@id":"https:\/\/hcd.malargue.gov.ar\/#\/schema\/person\/3fd6bbab64edd703961b795156c955d0","name":"Belen Pedernera Ferragut","image":{"@type":"ImageObject","inLanguage":"es-AR","@id":"https:\/\/hcd.malargue.gov.ar\/#\/schema\/person\/image\/","url":"https:\/\/secure.gravatar.com\/avatar\/1054ffab3893de4bb3eb29bdd22f7e34b8537bf5d34d9dab311818154ad5b71f?s=96&d=mm&r=g","contentUrl":"https:\/\/secure.gravatar.com\/avatar\/1054ffab3893de4bb3eb29bdd22f7e34b8537bf5d34d9dab311818154ad5b71f?s=96&d=mm&r=g","caption":"Belen Pedernera Ferragut"},"url":"https:\/\/hcd.malargue.gov.ar\/?author=5"}]}},"_links":{"self":[{"href":"https:\/\/hcd.malargue.gov.ar\/index.php?rest_route=\/wp\/v2\/posts\/32789","targetHints":{"allow":["GET"]}}],"collection":[{"href":"https:\/\/hcd.malargue.gov.ar\/index.php?rest_route=\/wp\/v2\/posts"}],"about":[{"href":"https:\/\/hcd.malargue.gov.ar\/index.php?rest_route=\/wp\/v2\/types\/post"}],"author":[{"embeddable":true,"href":"https:\/\/hcd.malargue.gov.ar\/index.php?rest_route=\/wp\/v2\/users\/5"}],"replies":[{"embeddable":true,"href":"https:\/\/hcd.malargue.gov.ar\/index.php?rest_route=%2Fwp%2Fv2%2Fcomments&post=32789"}],"version-history":[{"count":1,"href":"https:\/\/hcd.malargue.gov.ar\/index.php?rest_route=\/wp\/v2\/posts\/32789\/revisions"}],"predecessor-version":[{"id":32791,"href":"https:\/\/hcd.malargue.gov.ar\/index.php?rest_route=\/wp\/v2\/posts\/32789\/revisions\/32791"}],"wp:featuredmedia":[{"embeddable":true,"href":"https:\/\/hcd.malargue.gov.ar\/index.php?rest_route=\/wp\/v2\/media\/32790"}],"wp:attachment":[{"href":"https:\/\/hcd.malargue.gov.ar\/index.php?rest_route=%2Fwp%2Fv2%2Fmedia&parent=32789"}],"wp:term":[{"taxonomy":"category","embeddable":true,"href":"https:\/\/hcd.malargue.gov.ar\/index.php?rest_route=%2Fwp%2Fv2%2Fcategories&post=32789"},{"taxonomy":"post_tag","embeddable":true,"href":"https:\/\/hcd.malargue.gov.ar\/index.php?rest_route=%2Fwp%2Fv2%2Ftags&post=32789"}],"curies":[{"name":"wp","href":"https:\/\/api.w.org\/{rel}","templated":true}]}}