{"id":32792,"date":"2022-12-21T11:00:00","date_gmt":"2022-12-21T14:00:00","guid":{"rendered":"https:\/\/hcd.malargue.gov.ar\/?p=32792"},"modified":"2023-01-03T09:08:08","modified_gmt":"2023-01-03T12:08:08","slug":"finalizo-la-sesion-extraordinaria-del-13-12-2022","status":"publish","type":"post","link":"https:\/\/hcd.malargue.gov.ar\/?p=32792","title":{"rendered":"FINALIZ\u00d3 LA SESION EXTRAORDINARIA DEL 13\/12\/2022"},"content":{"rendered":"\n<h4 class=\"has-text-align-right wp-block-heading\">SESI\u00d3N EXTRAORDINARIA \u2013 21 de diciembre del 2022<\/h4>\n\n\n\n<h4 class=\"has-text-align-right wp-block-heading\">Presidiendo la Sesi\u00f3n:\u00a0\u00a0Concejal Paola Rojo (Bloque Frente Cambia Mendoza)<\/h4>\n\n\n\n<h4 class=\"has-text-align-right wp-block-heading\">Concejales Presentes:\u00a0 Andres Risi, Rodrigo Hidalgo,(Bloque Frente de Todos), Silvina Camiolo (Reconstruyendo Malarg\u00fce), Silvia Correa (Bloque Cuidemos Malarg\u00fce) Daiana Varas, (Bloque Frente Cambia Mendoza), Martin Palma, Gabriel Rosas (Bloque UCR-Independiente)<\/h4>\n\n\n\n<p>A las 10:00 hs de este miercoles 21 de dicimbre continu\u00f3 el <a href=\"https:\/\/hcd.malargue.gov.ar\/?p=32705\">Orden del Dia de la Sesi\u00f3n convocada.<\/a><\/p>\n\n\n\n<p>Luego de que Cuerpo se constituyera en Comisi\u00f3n para el tratamiento del <strong>Expte.N\u00ba5.181\/2018-2 Departamento Ejecutivo Municipal. Asesor\u00eda Letrada Ref. Contrato de Locaci\u00f3n en cumplimiento a lo solicitado en Resoluci\u00f3n N\u00b0 525\/2022. (Carbones &amp; Carburantes-Ex Grassi)<\/strong>, se aprob\u00f3 la ORDENANZA N\u00ba2214\/2022.- <\/p>\n","protected":false},"excerpt":{"rendered":"<p>SESI\u00d3N EXTRAORDINARIA \u2013 21 de diciembre del 2022 Presidiendo la Sesi\u00f3n:\u00a0\u00a0Concejal Paola Rojo (Bloque Frente Cambia Mendoza) Concejales Presentes:\u00a0 Andres Risi, Rodrigo Hidalgo,(Bloque Frente de Todos), Silvina Camiolo (Reconstruyendo Malarg\u00fce), Silvia Correa (Bloque Cuidemos Malarg\u00fce) Daiana Varas, (Bloque Frente Cambia Mendoza), Martin Palma, Gabriel Rosas (Bloque UCR-Independiente) A las 10:00 hs de este miercoles 21 [&hellip;]<\/p>\n","protected":false},"author":5,"featured_media":0,"comment_status":"closed","ping_status":"closed","sticky":false,"template":"","format":"standard","meta":{"footnotes":""},"categories":[57,52,33,36],"tags":[],"class_list":["post-32792","post","type-post","status-publish","format-standard","hentry","category-extraordinarias","category-gacetillas","category-prensa","category-sesiones"],"yoast_head":"<!-- This site is optimized with the Yoast SEO plugin v19.10 - https:\/\/yoast.com\/wordpress\/plugins\/seo\/ -->\n<title>FINALIZ\u00d3 LA SESION EXTRAORDINARIA DEL 13\/12\/2022 - Malarg\u00fce HCD<\/title>\n<meta name=\"robots\" content=\"index, follow, max-snippet:-1, max-image-preview:large, max-video-preview:-1\" \/>\n<link rel=\"canonical\" href=\"https:\/\/hcd.malargue.gov.ar\/?p=32792\" \/>\n<meta property=\"og:locale\" content=\"es_ES\" \/>\n<meta property=\"og:type\" content=\"article\" \/>\n<meta property=\"og:title\" content=\"FINALIZ\u00d3 LA SESION EXTRAORDINARIA DEL 13\/12\/2022 - Malarg\u00fce HCD\" \/>\n<meta property=\"og:description\" content=\"SESI\u00d3N EXTRAORDINARIA \u2013 21 de diciembre del 2022 Presidiendo la Sesi\u00f3n:\u00a0\u00a0Concejal Paola Rojo (Bloque Frente Cambia Mendoza) Concejales Presentes:\u00a0 Andres Risi, Rodrigo Hidalgo,(Bloque Frente de Todos), Silvina Camiolo (Reconstruyendo Malarg\u00fce), Silvia Correa (Bloque Cuidemos Malarg\u00fce) Daiana Varas, (Bloque Frente Cambia Mendoza), Martin Palma, Gabriel Rosas (Bloque UCR-Independiente) A las 10:00 hs de este miercoles 21 [&hellip;]\" \/>\n<meta property=\"og:url\" content=\"https:\/\/hcd.malargue.gov.ar\/?p=32792\" \/>\n<meta property=\"og:site_name\" content=\"Malarg\u00fce HCD\" \/>\n<meta property=\"article:published_time\" content=\"2022-12-21T14:00:00+00:00\" \/>\n<meta property=\"article:modified_time\" content=\"2023-01-03T12:08:08+00:00\" \/>\n<meta name=\"author\" content=\"Belen Pedernera Ferragut\" \/>\n<meta name=\"twitter:card\" content=\"summary_large_image\" \/>\n<meta name=\"twitter:label1\" content=\"Escrito por\" \/>\n\t<meta name=\"twitter:data1\" content=\"Belen Pedernera Ferragut\" \/>\n\t<meta name=\"twitter:label2\" content=\"Tiempo de lectura\" \/>\n\t<meta name=\"twitter:data2\" content=\"1 minuto\" \/>\n<script type=\"application\/ld+json\" class=\"yoast-schema-graph\">{\"@context\":\"https:\/\/schema.org\",\"@graph\":[{\"@type\":\"WebPage\",\"@id\":\"https:\/\/hcd.malargue.gov.ar\/?p=32792\",\"url\":\"https:\/\/hcd.malargue.gov.ar\/?p=32792\",\"name\":\"FINALIZ\u00d3 LA SESION EXTRAORDINARIA DEL 13\/12\/2022 - Malarg\u00fce HCD\",\"isPartOf\":{\"@id\":\"https:\/\/hcd.malargue.gov.ar\/#website\"},\"datePublished\":\"2022-12-21T14:00:00+00:00\",\"dateModified\":\"2023-01-03T12:08:08+00:00\",\"author\":{\"@id\":\"https:\/\/hcd.malargue.gov.ar\/#\/schema\/person\/3fd6bbab64edd703961b795156c955d0\"},\"breadcrumb\":{\"@id\":\"https:\/\/hcd.malargue.gov.ar\/?p=32792#breadcrumb\"},\"inLanguage\":\"es-AR\",\"potentialAction\":[{\"@type\":\"ReadAction\",\"target\":[\"https:\/\/hcd.malargue.gov.ar\/?p=32792\"]}]},{\"@type\":\"BreadcrumbList\",\"@id\":\"https:\/\/hcd.malargue.gov.ar\/?p=32792#breadcrumb\",\"itemListElement\":[{\"@type\":\"ListItem\",\"position\":1,\"name\":\"Inicio\",\"item\":\"https:\/\/hcd.malargue.gov.ar\/\"},{\"@type\":\"ListItem\",\"position\":2,\"name\":\"FINALIZ\u00d3 LA SESION EXTRAORDINARIA DEL 13\/12\/2022\"}]},{\"@type\":\"WebSite\",\"@id\":\"https:\/\/hcd.malargue.gov.ar\/#website\",\"url\":\"https:\/\/hcd.malargue.gov.ar\/\",\"name\":\"Malarg\u00fce HCD\",\"description\":\"Malarg\u00fce Mendoza Argentina\",\"potentialAction\":[{\"@type\":\"SearchAction\",\"target\":{\"@type\":\"EntryPoint\",\"urlTemplate\":\"https:\/\/hcd.malargue.gov.ar\/?s={search_term_string}\"},\"query-input\":\"required name=search_term_string\"}],\"inLanguage\":\"es-AR\"},{\"@type\":\"Person\",\"@id\":\"https:\/\/hcd.malargue.gov.ar\/#\/schema\/person\/3fd6bbab64edd703961b795156c955d0\",\"name\":\"Belen Pedernera Ferragut\",\"image\":{\"@type\":\"ImageObject\",\"inLanguage\":\"es-AR\",\"@id\":\"https:\/\/hcd.malargue.gov.ar\/#\/schema\/person\/image\/\",\"url\":\"https:\/\/secure.gravatar.com\/avatar\/1054ffab3893de4bb3eb29bdd22f7e34b8537bf5d34d9dab311818154ad5b71f?s=96&d=mm&r=g\",\"contentUrl\":\"https:\/\/secure.gravatar.com\/avatar\/1054ffab3893de4bb3eb29bdd22f7e34b8537bf5d34d9dab311818154ad5b71f?s=96&d=mm&r=g\",\"caption\":\"Belen Pedernera Ferragut\"},\"url\":\"https:\/\/hcd.malargue.gov.ar\/?author=5\"}]}<\/script>\n<!-- \/ Yoast SEO plugin. -->","yoast_head_json":{"title":"FINALIZ\u00d3 LA SESION EXTRAORDINARIA DEL 13\/12\/2022 - Malarg\u00fce HCD","robots":{"index":"index","follow":"follow","max-snippet":"max-snippet:-1","max-image-preview":"max-image-preview:large","max-video-preview":"max-video-preview:-1"},"canonical":"https:\/\/hcd.malargue.gov.ar\/?p=32792","og_locale":"es_ES","og_type":"article","og_title":"FINALIZ\u00d3 LA SESION EXTRAORDINARIA DEL 13\/12\/2022 - Malarg\u00fce HCD","og_description":"SESI\u00d3N EXTRAORDINARIA \u2013 21 de diciembre del 2022 Presidiendo la Sesi\u00f3n:\u00a0\u00a0Concejal Paola Rojo (Bloque Frente Cambia Mendoza) Concejales Presentes:\u00a0 Andres Risi, Rodrigo Hidalgo,(Bloque Frente de Todos), Silvina Camiolo (Reconstruyendo Malarg\u00fce), Silvia Correa (Bloque Cuidemos Malarg\u00fce) Daiana Varas, (Bloque Frente Cambia Mendoza), Martin Palma, Gabriel Rosas (Bloque UCR-Independiente) A las 10:00 hs de este miercoles 21 [&hellip;]","og_url":"https:\/\/hcd.malargue.gov.ar\/?p=32792","og_site_name":"Malarg\u00fce HCD","article_published_time":"2022-12-21T14:00:00+00:00","article_modified_time":"2023-01-03T12:08:08+00:00","author":"Belen Pedernera Ferragut","twitter_card":"summary_large_image","twitter_misc":{"Escrito por":"Belen Pedernera Ferragut","Tiempo de lectura":"1 minuto"},"schema":{"@context":"https:\/\/schema.org","@graph":[{"@type":"WebPage","@id":"https:\/\/hcd.malargue.gov.ar\/?p=32792","url":"https:\/\/hcd.malargue.gov.ar\/?p=32792","name":"FINALIZ\u00d3 LA SESION EXTRAORDINARIA DEL 13\/12\/2022 - Malarg\u00fce HCD","isPartOf":{"@id":"https:\/\/hcd.malargue.gov.ar\/#website"},"datePublished":"2022-12-21T14:00:00+00:00","dateModified":"2023-01-03T12:08:08+00:00","author":{"@id":"https:\/\/hcd.malargue.gov.ar\/#\/schema\/person\/3fd6bbab64edd703961b795156c955d0"},"breadcrumb":{"@id":"https:\/\/hcd.malargue.gov.ar\/?p=32792#breadcrumb"},"inLanguage":"es-AR","potentialAction":[{"@type":"ReadAction","target":["https:\/\/hcd.malargue.gov.ar\/?p=32792"]}]},{"@type":"BreadcrumbList","@id":"https:\/\/hcd.malargue.gov.ar\/?p=32792#breadcrumb","itemListElement":[{"@type":"ListItem","position":1,"name":"Inicio","item":"https:\/\/hcd.malargue.gov.ar\/"},{"@type":"ListItem","position":2,"name":"FINALIZ\u00d3 LA SESION EXTRAORDINARIA DEL 13\/12\/2022"}]},{"@type":"WebSite","@id":"https:\/\/hcd.malargue.gov.ar\/#website","url":"https:\/\/hcd.malargue.gov.ar\/","name":"Malarg\u00fce HCD","description":"Malarg\u00fce Mendoza Argentina","potentialAction":[{"@type":"SearchAction","target":{"@type":"EntryPoint","urlTemplate":"https:\/\/hcd.malargue.gov.ar\/?s={search_term_string}"},"query-input":"required name=search_term_string"}],"inLanguage":"es-AR"},{"@type":"Person","@id":"https:\/\/hcd.malargue.gov.ar\/#\/schema\/person\/3fd6bbab64edd703961b795156c955d0","name":"Belen Pedernera Ferragut","image":{"@type":"ImageObject","inLanguage":"es-AR","@id":"https:\/\/hcd.malargue.gov.ar\/#\/schema\/person\/image\/","url":"https:\/\/secure.gravatar.com\/avatar\/1054ffab3893de4bb3eb29bdd22f7e34b8537bf5d34d9dab311818154ad5b71f?s=96&d=mm&r=g","contentUrl":"https:\/\/secure.gravatar.com\/avatar\/1054ffab3893de4bb3eb29bdd22f7e34b8537bf5d34d9dab311818154ad5b71f?s=96&d=mm&r=g","caption":"Belen Pedernera Ferragut"},"url":"https:\/\/hcd.malargue.gov.ar\/?author=5"}]}},"_links":{"self":[{"href":"https:\/\/hcd.malargue.gov.ar\/index.php?rest_route=\/wp\/v2\/posts\/32792","targetHints":{"allow":["GET"]}}],"collection":[{"href":"https:\/\/hcd.malargue.gov.ar\/index.php?rest_route=\/wp\/v2\/posts"}],"about":[{"href":"https:\/\/hcd.malargue.gov.ar\/index.php?rest_route=\/wp\/v2\/types\/post"}],"author":[{"embeddable":true,"href":"https:\/\/hcd.malargue.gov.ar\/index.php?rest_route=\/wp\/v2\/users\/5"}],"replies":[{"embeddable":true,"href":"https:\/\/hcd.malargue.gov.ar\/index.php?rest_route=%2Fwp%2Fv2%2Fcomments&post=32792"}],"version-history":[{"count":1,"href":"https:\/\/hcd.malargue.gov.ar\/index.php?rest_route=\/wp\/v2\/posts\/32792\/revisions"}],"predecessor-version":[{"id":32793,"href":"https:\/\/hcd.malargue.gov.ar\/index.php?rest_route=\/wp\/v2\/posts\/32792\/revisions\/32793"}],"wp:attachment":[{"href":"https:\/\/hcd.malargue.gov.ar\/index.php?rest_route=%2Fwp%2Fv2%2Fmedia&parent=32792"}],"wp:term":[{"taxonomy":"category","embeddable":true,"href":"https:\/\/hcd.malargue.gov.ar\/index.php?rest_route=%2Fwp%2Fv2%2Fcategories&post=32792"},{"taxonomy":"post_tag","embeddable":true,"href":"https:\/\/hcd.malargue.gov.ar\/index.php?rest_route=%2Fwp%2Fv2%2Ftags&post=32792"}],"curies":[{"name":"wp","href":"https:\/\/api.w.org\/{rel}","templated":true}]}}