{"id":32794,"date":"2023-01-03T11:33:59","date_gmt":"2023-01-03T14:33:59","guid":{"rendered":"https:\/\/hcd.malargue.gov.ar\/?p=32794"},"modified":"2023-03-06T08:37:19","modified_gmt":"2023-03-06T11:37:19","slug":"resolucion-no-541-2-022","status":"publish","type":"post","link":"https:\/\/hcd.malargue.gov.ar\/?p=32794","title":{"rendered":"RESOLUCI\u00d3N N\u00b0 541\/2.022"},"content":{"rendered":"<div class=\"wp-block-image\">\n<figure class=\"alignright size-full is-resized\"><a href=\"http:\/\/hcd.malargue.gov.ar\/hcdpdf\/rn%20541%202022%20trabajadores%20de%20Direccion%20Provincial%20de%20Vialidad.pdf\"><img loading=\"lazy\" decoding=\"async\" src=\"https:\/\/hcd.malargue.gov.ar\/wp-content\/uploads\/2018\/06\/PDF-JPG.jpg\" alt=\"\" class=\"wp-image-7950\" width=\"123\" height=\"123\" srcset=\"https:\/\/hcd.malargue.gov.ar\/wp-content\/uploads\/2018\/06\/PDF-JPG.jpg 512w, https:\/\/hcd.malargue.gov.ar\/wp-content\/uploads\/2018\/06\/PDF-JPG-150x150.jpg 150w, https:\/\/hcd.malargue.gov.ar\/wp-content\/uploads\/2018\/06\/PDF-JPG-300x300.jpg 300w\" sizes=\"auto, (max-width: 123px) 100vw, 123px\" \/><\/a><\/figure>\n<\/div>\n\n\n<p>VISTO: El contenido de la Nota HC 671\u2013 2.022. Situaci\u00f3n planteada por trabajadores de Direcci\u00f3n Provincial de Vialidad. <\/p>\n\n\n\n<p>La proximidad de la reuni\u00f3n convocada entre la Direcci\u00f3n Provincial de Vialidad y la Asociaci\u00f3n Trabajadores del Estado Mendoza, para el d\u00eda 19 de Diciembre de 2.022, ante el insistente reclamo de trabajadores y autoridades de Vialidad Provincial Delegaci\u00f3n Malarg\u00fce, el estado actual de caminos y rutas en el Departamento de Malarg\u00fce y los reiterados pedidos emanados desde este cuerpo legislativo.<\/p>\n\n\n\n<p>y;<\/p>\n\n\n\n<p>CONSIDERANDO: Que se realiz\u00f3 una reuni\u00f3n entre los concejales del Honorable Concejo Deliberante en conjunto con trabajadores de la Direcci\u00f3n de Vialidad Provincial, delegaci\u00f3n Malarg\u00fce<\/p>\n\n\n\n<p>Que es menester de este Cuerpo Deliberativo hacerse eco de los reclamos de la comunidad.<\/p>\n\n\n\n<p>Que seg\u00fan comentarios de los trabajadores, se estar\u00eda adeudando el pago a proveedores locales desde el a\u00f1o 2018 y gran parte de la ropa de trabajo que legalmente le corresponde a los mismos e incluso la escasa indumentaria recibida este a\u00f1o no tiene los talles correctos.<\/p>\n\n\n\n<p>Que si bien se ha solucionado la entrega de vi\u00e1ticos, la Direcci\u00f3n Provincial de Vialidad, delegaci\u00f3n Malarg\u00fce, no contar\u00eda con las m\u00e1quinas que corresponder\u00edan a lo extenso del Departamento, y las que posee no est\u00e1n en condiciones, o se encuentran en otros departamentos de la Provincia, o se las han llevado con la promesa de ser reparadas hace mucho tiempo.<\/p>\n\n\n\n<p>Que no se estar\u00eda entregando combustible para las salidas en tiempo y forma, y no habr\u00eda movilidades para salidas al campo.<\/p>\n\n\n\n<p>Que faltar\u00eda personal especializado de planta (no adscriptos) como mec\u00e1nicos y electricistas en la delegaci\u00f3n local. El personal habr\u00eda sido de 56 personas en alg\u00fan momento y en la actualidad ser\u00edan aproximadamente 26, entre los que habr\u00eda personal cobrando sin ejercer tareas.<\/p>\n\n\n\n<p>Que no se habr\u00eda cumplido con la promesa, realizada en febrero, de arreglar las casillas, que a esta altura del a\u00f1o deber\u00edan ser siete.<\/p>\n\n\n\n<p>Que por este motivo el personal debe ba\u00f1arse, ir al ba\u00f1o, cambiarse, comer, dormir y realizar otras acciones personales en los puestos de pobladores rurales locales.<\/p>\n\n\n\n<p>Que estos pobladores locales cuidan la maquinaria de la repartici\u00f3n y aun as\u00ed no se les cumple con el mantenimiento de los caminos.<\/p>\n\n\n\n<p>Que ser\u00eda imprescindible que Malarg\u00fce cuente con un consejero local que conozca las problem\u00e1ticas del Departamento.<\/p>\n\n\n\n<p>Que existen dificultades para identificar y poder trabajar de forma correcta con canteras de material y agua para los caminos.<\/p>\n\n\n\n<p>Que existen refugios pertenecientes a la Direccion de Vialidad que son ocupados por privados u otras reparticiones p\u00fablicas, como ser\u00eda el caso del refugio de Calmuco, Las Le\u00f1as chica, Coihueco, Las Loicas y El Azufre, donde incluso se le habr\u00eda negado la entrada al personal de Vialidad y donde existen desalojos establecidos por la justicia.<\/p>\n\n\n\n<p>EL HONORABLE CONCEJO DELIBERANTE DE LA MUNICIPALIDAD DE MALARG\u00dcE EN USO DE LAS FACULTADES QUE LE SON PROPIAS<\/p>\n\n\n\n<p>RESUELVE<\/p>\n\n\n\n<p>ART\u00cdCULO 1\u00ba: Acompa\u00f1ar y apoyar el justo reclamo de trabajadores y autoridades de Vialidad Provincial, Delegaci\u00f3n Malarg\u00fce. &#8211;<\/p>\n\n\n\n<p>ART\u00cdCULO 2\u00ba:&nbsp; Que ver\u00eda con agrado que el Poder Ejecutivo Provincial considere los reclamos del personal, muchos de ellos desarrollados en la presente pieza legal, arbitrando los medios necesarios para solucionarlos a la mayor brevedad posible.<\/p>\n\n\n\n<p>ART\u00cdCULO 3\u00ba:&nbsp; Enviar copia de la presente pieza legal a la Direcci\u00f3n Provincial de Vialidad en la Ciudad de Mendoza; a la Delegaci\u00f3n Malarg\u00fce de la Direcci\u00f3n Provincial de Vialidad; a los delegados Sindicales representantes de los trabajadores a nivel local, y a los Secretarios Generales de los Sindicatos intervinientes en sus casas centrales en la Ciudad de Mendoza.<\/p>\n\n\n\n<p>ART\u00cdCULO 4\u00ba: Comun\u00edquese, reg\u00edstrese, agr\u00e9guese copia de la presente en las actuaciones correspondientes y arch\u00edvese.<\/p>\n\n\n\n<p>DADA&nbsp; EN&nbsp; LA&nbsp; SALA&nbsp; DE&nbsp; SESIONES&nbsp; DR.&nbsp; RICARDO&nbsp; BALBIN DEL&nbsp; HONORABLE&nbsp; CONCEJO&nbsp; DELIBERANTE&nbsp; DE&nbsp; LA&nbsp; MUNICIPALIDAD&nbsp; DE&nbsp; MALARG\u00dcE&nbsp; A&nbsp; DIECISEIS &nbsp;D\u00cdAS&nbsp; DE&nbsp;&nbsp; DICIEMBRE&nbsp; DE&nbsp; DOS&nbsp; MIL&nbsp; VEINTIDOS.<\/p>\n","protected":false},"excerpt":{"rendered":"<p>VISTO: El contenido de la Nota HC 671\u2013 2.022. Situaci\u00f3n planteada por trabajadores de Direcci\u00f3n Provincial de Vialidad. La proximidad de la reuni\u00f3n convocada entre la Direcci\u00f3n Provincial de Vialidad y la Asociaci\u00f3n Trabajadores del Estado Mendoza, para el d\u00eda 19 de Diciembre de 2.022, ante el insistente reclamo de trabajadores y autoridades de Vialidad [&hellip;]<\/p>\n","protected":false},"author":5,"featured_media":32795,"comment_status":"closed","ping_status":"closed","sticky":false,"template":"","format":"standard","meta":{"footnotes":""},"categories":[52,29,33,51],"tags":[],"class_list":["post-32794","post","type-post","status-publish","format-standard","has-post-thumbnail","hentry","category-gacetillas","category-lesgilacion","category-prensa","category-resoluciones"],"yoast_head":"<!-- This site is optimized with the Yoast SEO plugin v19.10 - https:\/\/yoast.com\/wordpress\/plugins\/seo\/ -->\n<title>RESOLUCI\u00d3N N\u00b0 541\/2.022 - Malarg\u00fce HCD<\/title>\n<meta name=\"robots\" content=\"index, follow, max-snippet:-1, max-image-preview:large, max-video-preview:-1\" \/>\n<link rel=\"canonical\" href=\"https:\/\/hcd.malargue.gov.ar\/?p=32794\" \/>\n<meta property=\"og:locale\" content=\"es_ES\" \/>\n<meta property=\"og:type\" content=\"article\" \/>\n<meta property=\"og:title\" content=\"RESOLUCI\u00d3N N\u00b0 541\/2.022 - Malarg\u00fce HCD\" \/>\n<meta property=\"og:description\" content=\"VISTO: El contenido de la Nota HC 671\u2013 2.022. Situaci\u00f3n planteada por trabajadores de Direcci\u00f3n Provincial de Vialidad. La proximidad de la reuni\u00f3n convocada entre la Direcci\u00f3n Provincial de Vialidad y la Asociaci\u00f3n Trabajadores del Estado Mendoza, para el d\u00eda 19 de Diciembre de 2.022, ante el insistente reclamo de trabajadores y autoridades de Vialidad [&hellip;]\" \/>\n<meta property=\"og:url\" content=\"https:\/\/hcd.malargue.gov.ar\/?p=32794\" \/>\n<meta property=\"og:site_name\" content=\"Malarg\u00fce HCD\" \/>\n<meta property=\"article:published_time\" content=\"2023-01-03T14:33:59+00:00\" \/>\n<meta property=\"article:modified_time\" content=\"2023-03-06T11:37:19+00:00\" \/>\n<meta property=\"og:image\" content=\"https:\/\/hcd.malargue.gov.ar\/wp-content\/uploads\/2023\/01\/RESOLUCION-541-2022.jpg\" \/>\n\t<meta property=\"og:image:width\" content=\"940\" \/>\n\t<meta property=\"og:image:height\" content=\"788\" \/>\n\t<meta property=\"og:image:type\" content=\"image\/jpeg\" \/>\n<meta name=\"author\" content=\"Belen Pedernera Ferragut\" \/>\n<meta name=\"twitter:card\" content=\"summary_large_image\" \/>\n<meta name=\"twitter:label1\" content=\"Escrito por\" \/>\n\t<meta name=\"twitter:data1\" content=\"Belen Pedernera Ferragut\" \/>\n\t<meta name=\"twitter:label2\" content=\"Tiempo de lectura\" \/>\n\t<meta name=\"twitter:data2\" content=\"4 minutos\" \/>\n<script type=\"application\/ld+json\" class=\"yoast-schema-graph\">{\"@context\":\"https:\/\/schema.org\",\"@graph\":[{\"@type\":\"WebPage\",\"@id\":\"https:\/\/hcd.malargue.gov.ar\/?p=32794\",\"url\":\"https:\/\/hcd.malargue.gov.ar\/?p=32794\",\"name\":\"RESOLUCI\u00d3N N\u00b0 541\/2.022 - Malarg\u00fce HCD\",\"isPartOf\":{\"@id\":\"https:\/\/hcd.malargue.gov.ar\/#website\"},\"datePublished\":\"2023-01-03T14:33:59+00:00\",\"dateModified\":\"2023-03-06T11:37:19+00:00\",\"author\":{\"@id\":\"https:\/\/hcd.malargue.gov.ar\/#\/schema\/person\/3fd6bbab64edd703961b795156c955d0\"},\"breadcrumb\":{\"@id\":\"https:\/\/hcd.malargue.gov.ar\/?p=32794#breadcrumb\"},\"inLanguage\":\"es-AR\",\"potentialAction\":[{\"@type\":\"ReadAction\",\"target\":[\"https:\/\/hcd.malargue.gov.ar\/?p=32794\"]}]},{\"@type\":\"BreadcrumbList\",\"@id\":\"https:\/\/hcd.malargue.gov.ar\/?p=32794#breadcrumb\",\"itemListElement\":[{\"@type\":\"ListItem\",\"position\":1,\"name\":\"Inicio\",\"item\":\"https:\/\/hcd.malargue.gov.ar\/\"},{\"@type\":\"ListItem\",\"position\":2,\"name\":\"RESOLUCI\u00d3N N\u00b0 541\/2.022\"}]},{\"@type\":\"WebSite\",\"@id\":\"https:\/\/hcd.malargue.gov.ar\/#website\",\"url\":\"https:\/\/hcd.malargue.gov.ar\/\",\"name\":\"Malarg\u00fce HCD\",\"description\":\"Malarg\u00fce Mendoza Argentina\",\"potentialAction\":[{\"@type\":\"SearchAction\",\"target\":{\"@type\":\"EntryPoint\",\"urlTemplate\":\"https:\/\/hcd.malargue.gov.ar\/?s={search_term_string}\"},\"query-input\":\"required name=search_term_string\"}],\"inLanguage\":\"es-AR\"},{\"@type\":\"Person\",\"@id\":\"https:\/\/hcd.malargue.gov.ar\/#\/schema\/person\/3fd6bbab64edd703961b795156c955d0\",\"name\":\"Belen Pedernera Ferragut\",\"image\":{\"@type\":\"ImageObject\",\"inLanguage\":\"es-AR\",\"@id\":\"https:\/\/hcd.malargue.gov.ar\/#\/schema\/person\/image\/\",\"url\":\"https:\/\/secure.gravatar.com\/avatar\/1054ffab3893de4bb3eb29bdd22f7e34b8537bf5d34d9dab311818154ad5b71f?s=96&d=mm&r=g\",\"contentUrl\":\"https:\/\/secure.gravatar.com\/avatar\/1054ffab3893de4bb3eb29bdd22f7e34b8537bf5d34d9dab311818154ad5b71f?s=96&d=mm&r=g\",\"caption\":\"Belen Pedernera Ferragut\"},\"url\":\"https:\/\/hcd.malargue.gov.ar\/?author=5\"}]}<\/script>\n<!-- \/ Yoast SEO plugin. -->","yoast_head_json":{"title":"RESOLUCI\u00d3N N\u00b0 541\/2.022 - Malarg\u00fce HCD","robots":{"index":"index","follow":"follow","max-snippet":"max-snippet:-1","max-image-preview":"max-image-preview:large","max-video-preview":"max-video-preview:-1"},"canonical":"https:\/\/hcd.malargue.gov.ar\/?p=32794","og_locale":"es_ES","og_type":"article","og_title":"RESOLUCI\u00d3N N\u00b0 541\/2.022 - Malarg\u00fce HCD","og_description":"VISTO: El contenido de la Nota HC 671\u2013 2.022. Situaci\u00f3n planteada por trabajadores de Direcci\u00f3n Provincial de Vialidad. La proximidad de la reuni\u00f3n convocada entre la Direcci\u00f3n Provincial de Vialidad y la Asociaci\u00f3n Trabajadores del Estado Mendoza, para el d\u00eda 19 de Diciembre de 2.022, ante el insistente reclamo de trabajadores y autoridades de Vialidad [&hellip;]","og_url":"https:\/\/hcd.malargue.gov.ar\/?p=32794","og_site_name":"Malarg\u00fce HCD","article_published_time":"2023-01-03T14:33:59+00:00","article_modified_time":"2023-03-06T11:37:19+00:00","og_image":[{"width":940,"height":788,"url":"https:\/\/hcd.malargue.gov.ar\/wp-content\/uploads\/2023\/01\/RESOLUCION-541-2022.jpg","type":"image\/jpeg"}],"author":"Belen Pedernera Ferragut","twitter_card":"summary_large_image","twitter_misc":{"Escrito por":"Belen Pedernera Ferragut","Tiempo de lectura":"4 minutos"},"schema":{"@context":"https:\/\/schema.org","@graph":[{"@type":"WebPage","@id":"https:\/\/hcd.malargue.gov.ar\/?p=32794","url":"https:\/\/hcd.malargue.gov.ar\/?p=32794","name":"RESOLUCI\u00d3N N\u00b0 541\/2.022 - Malarg\u00fce HCD","isPartOf":{"@id":"https:\/\/hcd.malargue.gov.ar\/#website"},"datePublished":"2023-01-03T14:33:59+00:00","dateModified":"2023-03-06T11:37:19+00:00","author":{"@id":"https:\/\/hcd.malargue.gov.ar\/#\/schema\/person\/3fd6bbab64edd703961b795156c955d0"},"breadcrumb":{"@id":"https:\/\/hcd.malargue.gov.ar\/?p=32794#breadcrumb"},"inLanguage":"es-AR","potentialAction":[{"@type":"ReadAction","target":["https:\/\/hcd.malargue.gov.ar\/?p=32794"]}]},{"@type":"BreadcrumbList","@id":"https:\/\/hcd.malargue.gov.ar\/?p=32794#breadcrumb","itemListElement":[{"@type":"ListItem","position":1,"name":"Inicio","item":"https:\/\/hcd.malargue.gov.ar\/"},{"@type":"ListItem","position":2,"name":"RESOLUCI\u00d3N N\u00b0 541\/2.022"}]},{"@type":"WebSite","@id":"https:\/\/hcd.malargue.gov.ar\/#website","url":"https:\/\/hcd.malargue.gov.ar\/","name":"Malarg\u00fce HCD","description":"Malarg\u00fce Mendoza Argentina","potentialAction":[{"@type":"SearchAction","target":{"@type":"EntryPoint","urlTemplate":"https:\/\/hcd.malargue.gov.ar\/?s={search_term_string}"},"query-input":"required name=search_term_string"}],"inLanguage":"es-AR"},{"@type":"Person","@id":"https:\/\/hcd.malargue.gov.ar\/#\/schema\/person\/3fd6bbab64edd703961b795156c955d0","name":"Belen Pedernera Ferragut","image":{"@type":"ImageObject","inLanguage":"es-AR","@id":"https:\/\/hcd.malargue.gov.ar\/#\/schema\/person\/image\/","url":"https:\/\/secure.gravatar.com\/avatar\/1054ffab3893de4bb3eb29bdd22f7e34b8537bf5d34d9dab311818154ad5b71f?s=96&d=mm&r=g","contentUrl":"https:\/\/secure.gravatar.com\/avatar\/1054ffab3893de4bb3eb29bdd22f7e34b8537bf5d34d9dab311818154ad5b71f?s=96&d=mm&r=g","caption":"Belen Pedernera Ferragut"},"url":"https:\/\/hcd.malargue.gov.ar\/?author=5"}]}},"_links":{"self":[{"href":"https:\/\/hcd.malargue.gov.ar\/index.php?rest_route=\/wp\/v2\/posts\/32794","targetHints":{"allow":["GET"]}}],"collection":[{"href":"https:\/\/hcd.malargue.gov.ar\/index.php?rest_route=\/wp\/v2\/posts"}],"about":[{"href":"https:\/\/hcd.malargue.gov.ar\/index.php?rest_route=\/wp\/v2\/types\/post"}],"author":[{"embeddable":true,"href":"https:\/\/hcd.malargue.gov.ar\/index.php?rest_route=\/wp\/v2\/users\/5"}],"replies":[{"embeddable":true,"href":"https:\/\/hcd.malargue.gov.ar\/index.php?rest_route=%2Fwp%2Fv2%2Fcomments&post=32794"}],"version-history":[{"count":2,"href":"https:\/\/hcd.malargue.gov.ar\/index.php?rest_route=\/wp\/v2\/posts\/32794\/revisions"}],"predecessor-version":[{"id":32797,"href":"https:\/\/hcd.malargue.gov.ar\/index.php?rest_route=\/wp\/v2\/posts\/32794\/revisions\/32797"}],"wp:featuredmedia":[{"embeddable":true,"href":"https:\/\/hcd.malargue.gov.ar\/index.php?rest_route=\/wp\/v2\/media\/32795"}],"wp:attachment":[{"href":"https:\/\/hcd.malargue.gov.ar\/index.php?rest_route=%2Fwp%2Fv2%2Fmedia&parent=32794"}],"wp:term":[{"taxonomy":"category","embeddable":true,"href":"https:\/\/hcd.malargue.gov.ar\/index.php?rest_route=%2Fwp%2Fv2%2Fcategories&post=32794"},{"taxonomy":"post_tag","embeddable":true,"href":"https:\/\/hcd.malargue.gov.ar\/index.php?rest_route=%2Fwp%2Fv2%2Ftags&post=32794"}],"curies":[{"name":"wp","href":"https:\/\/api.w.org\/{rel}","templated":true}]}}