{"id":32860,"date":"2023-01-17T12:25:47","date_gmt":"2023-01-17T15:25:47","guid":{"rendered":"https:\/\/hcd.malargue.gov.ar\/?p=32860"},"modified":"2023-01-17T12:32:24","modified_gmt":"2023-01-17T15:32:24","slug":"el-hcd-llevo-a-cabo-la-1er-sesion-extraordinaria-del-2023-aprobando-2-ordenanzas","status":"publish","type":"post","link":"https:\/\/hcd.malargue.gov.ar\/?p=32860","title":{"rendered":"EL HCD LLEV\u00d3 A CABO LA 1ER SESION EXTRAORDINARIA DEL 2023, APROBANDO 2 ORDENANZAS"},"content":{"rendered":"\n<h5 class=\"has-text-align-right wp-block-heading\">SESI\u00d3N EXTRAORDINARIA\u2013&nbsp; 17 de enero del 2023<\/h5>\n\n\n\n<h5 class=\"has-text-align-right wp-block-heading\">Presidiendo la Sesi\u00f3n:&nbsp;&nbsp;Concejal Andres Risi (Bloque Frente de Todos)<\/h5>\n\n\n\n<h5 class=\"has-text-align-right wp-block-heading\">Concejales Presentes:\u00a0 Rodrigo Hidalgo,(Bloque Frente de Todos), Silvia Correa (Bloque Cuidemos Malarg\u00fce) Daiana Varas, Viviana Mosca (Bloque Frente Cambia Mendoza), Martin Palma, Gabriel Rosas (Bloque UCR-Independiente)<\/h5>\n\n\n\n<p>A las 11:00 hs del martes 17 de enero, dio inici\u00f3 el <a href=\"https:\/\/hcd.malargue.gov.ar\/?p=32853\">Orden del Dia de la Sesi\u00f3n convocada.<\/a><\/p>\n\n\n\n<p>Luego que se diera lectura al punto <strong>c) Expedientes provenientes del Departamento Ejecutivo<\/strong>, el Cuerpo se constituy\u00f3 en Comisi\u00f3n para el tratamiento de los <strong>Exptes. N\u00ba 126\/2.023 Guajardo Magdalena del Carmen. Solicita excepci\u00f3n de pago de Tasas Municipales<\/strong>, y, <strong>N\u00ba 5.925\/2.022-0 Departamento Ejecutivo Municipal. Vecinos de calle Islas Malvinas en Barrio Parque solicitan cambio de sentido de circulaci\u00f3n.<\/strong><\/p>\n\n\n\n<p>Y luego que el Cuerpo saliera de Comisi\u00f3n se aprobaron dos Ordenanzas correspondientes a cada Expediente tratado.-<\/p>\n\n\n\n<p class=\"has-text-align-center\">MIRA LA SESI\u00d3N EN VIVO: <a href=\"https:\/\/www.youtube.com\/watch?v=8p66GFIWx-s\">https:\/\/www.youtube.com\/watch?v=8p66GFIWx-s<\/a><\/p>\n","protected":false},"excerpt":{"rendered":"<p>SESI\u00d3N EXTRAORDINARIA\u2013&nbsp; 17 de enero del 2023 Presidiendo la Sesi\u00f3n:&nbsp;&nbsp;Concejal Andres Risi (Bloque Frente de Todos) Concejales Presentes:\u00a0 Rodrigo Hidalgo,(Bloque Frente de Todos), Silvia Correa (Bloque Cuidemos Malarg\u00fce) Daiana Varas, Viviana Mosca (Bloque Frente Cambia Mendoza), Martin Palma, Gabriel Rosas (Bloque UCR-Independiente) A las 11:00 hs del martes 17 de enero, dio inici\u00f3 el Orden [&hellip;]<\/p>\n","protected":false},"author":5,"featured_media":32878,"comment_status":"closed","ping_status":"closed","sticky":false,"template":"","format":"standard","meta":{"footnotes":""},"categories":[57,52,33,36],"tags":[],"class_list":["post-32860","post","type-post","status-publish","format-standard","has-post-thumbnail","hentry","category-extraordinarias","category-gacetillas","category-prensa","category-sesiones"],"yoast_head":"<!-- This site is optimized with the Yoast SEO plugin v19.10 - https:\/\/yoast.com\/wordpress\/plugins\/seo\/ -->\n<title>EL HCD LLEV\u00d3 A CABO LA 1ER SESION EXTRAORDINARIA DEL 2023, APROBANDO 2 ORDENANZAS - Malarg\u00fce HCD<\/title>\n<meta name=\"robots\" content=\"index, follow, max-snippet:-1, max-image-preview:large, max-video-preview:-1\" \/>\n<link rel=\"canonical\" href=\"https:\/\/hcd.malargue.gov.ar\/?p=32860\" \/>\n<meta property=\"og:locale\" content=\"es_ES\" \/>\n<meta property=\"og:type\" content=\"article\" \/>\n<meta property=\"og:title\" content=\"EL HCD LLEV\u00d3 A CABO LA 1ER SESION EXTRAORDINARIA DEL 2023, APROBANDO 2 ORDENANZAS - Malarg\u00fce HCD\" \/>\n<meta property=\"og:description\" content=\"SESI\u00d3N EXTRAORDINARIA\u2013&nbsp; 17 de enero del 2023 Presidiendo la Sesi\u00f3n:&nbsp;&nbsp;Concejal Andres Risi (Bloque Frente de Todos) Concejales Presentes:\u00a0 Rodrigo Hidalgo,(Bloque Frente de Todos), Silvia Correa (Bloque Cuidemos Malarg\u00fce) Daiana Varas, Viviana Mosca (Bloque Frente Cambia Mendoza), Martin Palma, Gabriel Rosas (Bloque UCR-Independiente) A las 11:00 hs del martes 17 de enero, dio inici\u00f3 el Orden [&hellip;]\" \/>\n<meta property=\"og:url\" content=\"https:\/\/hcd.malargue.gov.ar\/?p=32860\" \/>\n<meta property=\"og:site_name\" content=\"Malarg\u00fce HCD\" \/>\n<meta property=\"article:published_time\" content=\"2023-01-17T15:25:47+00:00\" \/>\n<meta property=\"article:modified_time\" content=\"2023-01-17T15:32:24+00:00\" \/>\n<meta property=\"og:image\" content=\"https:\/\/hcd.malargue.gov.ar\/wp-content\/uploads\/2023\/01\/20230117_112436-scaled.jpg\" \/>\n\t<meta property=\"og:image:width\" content=\"2560\" \/>\n\t<meta property=\"og:image:height\" content=\"1440\" \/>\n\t<meta property=\"og:image:type\" content=\"image\/jpeg\" \/>\n<meta name=\"author\" content=\"Belen Pedernera Ferragut\" \/>\n<meta name=\"twitter:card\" content=\"summary_large_image\" \/>\n<meta name=\"twitter:label1\" content=\"Escrito por\" \/>\n\t<meta name=\"twitter:data1\" content=\"Belen Pedernera Ferragut\" \/>\n\t<meta name=\"twitter:label2\" content=\"Tiempo de lectura\" \/>\n\t<meta name=\"twitter:data2\" content=\"1 minuto\" \/>\n<script type=\"application\/ld+json\" class=\"yoast-schema-graph\">{\"@context\":\"https:\/\/schema.org\",\"@graph\":[{\"@type\":\"WebPage\",\"@id\":\"https:\/\/hcd.malargue.gov.ar\/?p=32860\",\"url\":\"https:\/\/hcd.malargue.gov.ar\/?p=32860\",\"name\":\"EL HCD LLEV\u00d3 A CABO LA 1ER SESION EXTRAORDINARIA DEL 2023, APROBANDO 2 ORDENANZAS - Malarg\u00fce HCD\",\"isPartOf\":{\"@id\":\"https:\/\/hcd.malargue.gov.ar\/#website\"},\"datePublished\":\"2023-01-17T15:25:47+00:00\",\"dateModified\":\"2023-01-17T15:32:24+00:00\",\"author\":{\"@id\":\"https:\/\/hcd.malargue.gov.ar\/#\/schema\/person\/3fd6bbab64edd703961b795156c955d0\"},\"breadcrumb\":{\"@id\":\"https:\/\/hcd.malargue.gov.ar\/?p=32860#breadcrumb\"},\"inLanguage\":\"es-AR\",\"potentialAction\":[{\"@type\":\"ReadAction\",\"target\":[\"https:\/\/hcd.malargue.gov.ar\/?p=32860\"]}]},{\"@type\":\"BreadcrumbList\",\"@id\":\"https:\/\/hcd.malargue.gov.ar\/?p=32860#breadcrumb\",\"itemListElement\":[{\"@type\":\"ListItem\",\"position\":1,\"name\":\"Inicio\",\"item\":\"https:\/\/hcd.malargue.gov.ar\/\"},{\"@type\":\"ListItem\",\"position\":2,\"name\":\"EL HCD LLEV\u00d3 A CABO LA 1ER SESION EXTRAORDINARIA DEL 2023, APROBANDO 2 ORDENANZAS\"}]},{\"@type\":\"WebSite\",\"@id\":\"https:\/\/hcd.malargue.gov.ar\/#website\",\"url\":\"https:\/\/hcd.malargue.gov.ar\/\",\"name\":\"Malarg\u00fce HCD\",\"description\":\"Malarg\u00fce Mendoza Argentina\",\"potentialAction\":[{\"@type\":\"SearchAction\",\"target\":{\"@type\":\"EntryPoint\",\"urlTemplate\":\"https:\/\/hcd.malargue.gov.ar\/?s={search_term_string}\"},\"query-input\":\"required name=search_term_string\"}],\"inLanguage\":\"es-AR\"},{\"@type\":\"Person\",\"@id\":\"https:\/\/hcd.malargue.gov.ar\/#\/schema\/person\/3fd6bbab64edd703961b795156c955d0\",\"name\":\"Belen Pedernera Ferragut\",\"image\":{\"@type\":\"ImageObject\",\"inLanguage\":\"es-AR\",\"@id\":\"https:\/\/hcd.malargue.gov.ar\/#\/schema\/person\/image\/\",\"url\":\"https:\/\/secure.gravatar.com\/avatar\/1054ffab3893de4bb3eb29bdd22f7e34b8537bf5d34d9dab311818154ad5b71f?s=96&d=mm&r=g\",\"contentUrl\":\"https:\/\/secure.gravatar.com\/avatar\/1054ffab3893de4bb3eb29bdd22f7e34b8537bf5d34d9dab311818154ad5b71f?s=96&d=mm&r=g\",\"caption\":\"Belen Pedernera Ferragut\"},\"url\":\"https:\/\/hcd.malargue.gov.ar\/?author=5\"}]}<\/script>\n<!-- \/ Yoast SEO plugin. -->","yoast_head_json":{"title":"EL HCD LLEV\u00d3 A CABO LA 1ER SESION EXTRAORDINARIA DEL 2023, APROBANDO 2 ORDENANZAS - Malarg\u00fce HCD","robots":{"index":"index","follow":"follow","max-snippet":"max-snippet:-1","max-image-preview":"max-image-preview:large","max-video-preview":"max-video-preview:-1"},"canonical":"https:\/\/hcd.malargue.gov.ar\/?p=32860","og_locale":"es_ES","og_type":"article","og_title":"EL HCD LLEV\u00d3 A CABO LA 1ER SESION EXTRAORDINARIA DEL 2023, APROBANDO 2 ORDENANZAS - Malarg\u00fce HCD","og_description":"SESI\u00d3N EXTRAORDINARIA\u2013&nbsp; 17 de enero del 2023 Presidiendo la Sesi\u00f3n:&nbsp;&nbsp;Concejal Andres Risi (Bloque Frente de Todos) Concejales Presentes:\u00a0 Rodrigo Hidalgo,(Bloque Frente de Todos), Silvia Correa (Bloque Cuidemos Malarg\u00fce) Daiana Varas, Viviana Mosca (Bloque Frente Cambia Mendoza), Martin Palma, Gabriel Rosas (Bloque UCR-Independiente) A las 11:00 hs del martes 17 de enero, dio inici\u00f3 el Orden [&hellip;]","og_url":"https:\/\/hcd.malargue.gov.ar\/?p=32860","og_site_name":"Malarg\u00fce HCD","article_published_time":"2023-01-17T15:25:47+00:00","article_modified_time":"2023-01-17T15:32:24+00:00","og_image":[{"width":2560,"height":1440,"url":"https:\/\/hcd.malargue.gov.ar\/wp-content\/uploads\/2023\/01\/20230117_112436-scaled.jpg","type":"image\/jpeg"}],"author":"Belen Pedernera Ferragut","twitter_card":"summary_large_image","twitter_misc":{"Escrito por":"Belen Pedernera Ferragut","Tiempo de lectura":"1 minuto"},"schema":{"@context":"https:\/\/schema.org","@graph":[{"@type":"WebPage","@id":"https:\/\/hcd.malargue.gov.ar\/?p=32860","url":"https:\/\/hcd.malargue.gov.ar\/?p=32860","name":"EL HCD LLEV\u00d3 A CABO LA 1ER SESION EXTRAORDINARIA DEL 2023, APROBANDO 2 ORDENANZAS - Malarg\u00fce HCD","isPartOf":{"@id":"https:\/\/hcd.malargue.gov.ar\/#website"},"datePublished":"2023-01-17T15:25:47+00:00","dateModified":"2023-01-17T15:32:24+00:00","author":{"@id":"https:\/\/hcd.malargue.gov.ar\/#\/schema\/person\/3fd6bbab64edd703961b795156c955d0"},"breadcrumb":{"@id":"https:\/\/hcd.malargue.gov.ar\/?p=32860#breadcrumb"},"inLanguage":"es-AR","potentialAction":[{"@type":"ReadAction","target":["https:\/\/hcd.malargue.gov.ar\/?p=32860"]}]},{"@type":"BreadcrumbList","@id":"https:\/\/hcd.malargue.gov.ar\/?p=32860#breadcrumb","itemListElement":[{"@type":"ListItem","position":1,"name":"Inicio","item":"https:\/\/hcd.malargue.gov.ar\/"},{"@type":"ListItem","position":2,"name":"EL HCD LLEV\u00d3 A CABO LA 1ER SESION EXTRAORDINARIA DEL 2023, APROBANDO 2 ORDENANZAS"}]},{"@type":"WebSite","@id":"https:\/\/hcd.malargue.gov.ar\/#website","url":"https:\/\/hcd.malargue.gov.ar\/","name":"Malarg\u00fce HCD","description":"Malarg\u00fce Mendoza Argentina","potentialAction":[{"@type":"SearchAction","target":{"@type":"EntryPoint","urlTemplate":"https:\/\/hcd.malargue.gov.ar\/?s={search_term_string}"},"query-input":"required name=search_term_string"}],"inLanguage":"es-AR"},{"@type":"Person","@id":"https:\/\/hcd.malargue.gov.ar\/#\/schema\/person\/3fd6bbab64edd703961b795156c955d0","name":"Belen Pedernera Ferragut","image":{"@type":"ImageObject","inLanguage":"es-AR","@id":"https:\/\/hcd.malargue.gov.ar\/#\/schema\/person\/image\/","url":"https:\/\/secure.gravatar.com\/avatar\/1054ffab3893de4bb3eb29bdd22f7e34b8537bf5d34d9dab311818154ad5b71f?s=96&d=mm&r=g","contentUrl":"https:\/\/secure.gravatar.com\/avatar\/1054ffab3893de4bb3eb29bdd22f7e34b8537bf5d34d9dab311818154ad5b71f?s=96&d=mm&r=g","caption":"Belen Pedernera Ferragut"},"url":"https:\/\/hcd.malargue.gov.ar\/?author=5"}]}},"_links":{"self":[{"href":"https:\/\/hcd.malargue.gov.ar\/index.php?rest_route=\/wp\/v2\/posts\/32860","targetHints":{"allow":["GET"]}}],"collection":[{"href":"https:\/\/hcd.malargue.gov.ar\/index.php?rest_route=\/wp\/v2\/posts"}],"about":[{"href":"https:\/\/hcd.malargue.gov.ar\/index.php?rest_route=\/wp\/v2\/types\/post"}],"author":[{"embeddable":true,"href":"https:\/\/hcd.malargue.gov.ar\/index.php?rest_route=\/wp\/v2\/users\/5"}],"replies":[{"embeddable":true,"href":"https:\/\/hcd.malargue.gov.ar\/index.php?rest_route=%2Fwp%2Fv2%2Fcomments&post=32860"}],"version-history":[{"count":4,"href":"https:\/\/hcd.malargue.gov.ar\/index.php?rest_route=\/wp\/v2\/posts\/32860\/revisions"}],"predecessor-version":[{"id":32889,"href":"https:\/\/hcd.malargue.gov.ar\/index.php?rest_route=\/wp\/v2\/posts\/32860\/revisions\/32889"}],"wp:featuredmedia":[{"embeddable":true,"href":"https:\/\/hcd.malargue.gov.ar\/index.php?rest_route=\/wp\/v2\/media\/32878"}],"wp:attachment":[{"href":"https:\/\/hcd.malargue.gov.ar\/index.php?rest_route=%2Fwp%2Fv2%2Fmedia&parent=32860"}],"wp:term":[{"taxonomy":"category","embeddable":true,"href":"https:\/\/hcd.malargue.gov.ar\/index.php?rest_route=%2Fwp%2Fv2%2Fcategories&post=32860"},{"taxonomy":"post_tag","embeddable":true,"href":"https:\/\/hcd.malargue.gov.ar\/index.php?rest_route=%2Fwp%2Fv2%2Ftags&post=32860"}],"curies":[{"name":"wp","href":"https:\/\/api.w.org\/{rel}","templated":true}]}}