{"id":32945,"date":"2023-01-24T09:35:56","date_gmt":"2023-01-24T12:35:56","guid":{"rendered":"https:\/\/hcd.malargue.gov.ar\/?p=32945"},"modified":"2023-01-24T09:38:25","modified_gmt":"2023-01-24T12:38:25","slug":"el-hcd-llevo-a-cabo-una-sesion-especial-aprobando-una-resolucion-rto","status":"publish","type":"post","link":"https:\/\/hcd.malargue.gov.ar\/?p=32945","title":{"rendered":"EL HCD LLEV\u00d3 A CABO UNA SESI\u00d3N ESPECIAL APROBANDO UNA RESOLUCI\u00d3N- RTO"},"content":{"rendered":"\n<h5 class=\"has-text-align-right wp-block-heading\">SESI\u00d3N ESPECIAL\u2013&nbsp; 23 de enero del 2023<\/h5>\n\n\n\n<h5 class=\"has-text-align-right wp-block-heading\">Presidiendo la Sesi\u00f3n:&nbsp;&nbsp;Concejal Andres Risi (Bloque Frente de Todos)<\/h5>\n\n\n\n<h5 class=\"has-text-align-right wp-block-heading\">Concejales Presentes: Daiana Varas, Viviana Mosca (Bloque Frente Cambia Mendoza), Martin Palma, Gabriel Rosas (Bloque UCR-Independiente), Silvina Camiolo (Bloque Reconstruyendo Malarg\u00fce)<\/h5>\n\n\n\n<p>A las 11:00 hs del lunes 23 de enero, dio inici\u00f3 el <a href=\"https:\/\/hcd.malargue.gov.ar\/?p=32938\">Orden del Dia de la Sesi\u00f3n Especia convocada.<\/a><\/p>\n\n\n\n<p>Se di\u00f3 lectura a la Resoluci\u00f3n de <em><strong>Presidencia N\u00ba 004\/2023 <\/strong><\/em>y a la <strong><em>Nota HC 029\/2.023\u00a0 Concejales \u00a0Silvia Correa, Rodrigo Hidalgo y Gabriel Rosas. \u00a0Solicitud de Sesi\u00f3n Especial para dar tratamiento a habilitaci\u00f3n municipal a la Empresa COBE RTO Malarg\u00fce S.A.S<\/em><\/strong>.<\/p>\n\n\n\n<p>Luego que el Cuerpo se constituyera en Comisi\u00f3n se dio aprobaci\u00f3n a una Resoluci\u00f3n mediante la cual el Concejo Deliberante s\u00f3lita al Departamento Ejecutivo Municipal remita copia legalizada de la habilitaci\u00f3n comercial del taller RTO COBE S.A.S acompa\u00f1ada del informe t\u00e9cnico de la Direcci\u00f3n de Catastro sobre la factibilidad del emplazamiento.-<\/p>\n\n\n\n<p class=\"has-text-align-center\">MIRA LA SESI\u00d3N EN VIVO:<a href=\"https:\/\/www.youtube.com\/watch?v=FynEj7opNfc\">https:\/\/www.youtube.com\/watch?v=FynEj7opNfc<\/a><\/p>\n","protected":false},"excerpt":{"rendered":"<p>SESI\u00d3N ESPECIAL\u2013&nbsp; 23 de enero del 2023 Presidiendo la Sesi\u00f3n:&nbsp;&nbsp;Concejal Andres Risi (Bloque Frente de Todos) Concejales Presentes: Daiana Varas, Viviana Mosca (Bloque Frente Cambia Mendoza), Martin Palma, Gabriel Rosas (Bloque UCR-Independiente), Silvina Camiolo (Bloque Reconstruyendo Malarg\u00fce) A las 11:00 hs del lunes 23 de enero, dio inici\u00f3 el Orden del Dia de la Sesi\u00f3n [&hellip;]<\/p>\n","protected":false},"author":5,"featured_media":32947,"comment_status":"closed","ping_status":"closed","sticky":false,"template":"","format":"standard","meta":{"footnotes":""},"categories":[56,52,33,36],"tags":[],"class_list":["post-32945","post","type-post","status-publish","format-standard","has-post-thumbnail","hentry","category-especiales","category-gacetillas","category-prensa","category-sesiones"],"yoast_head":"<!-- This site is optimized with the Yoast SEO plugin v19.10 - https:\/\/yoast.com\/wordpress\/plugins\/seo\/ -->\n<title>EL HCD LLEV\u00d3 A CABO UNA SESI\u00d3N ESPECIAL APROBANDO UNA RESOLUCI\u00d3N- RTO - Malarg\u00fce HCD<\/title>\n<meta name=\"robots\" content=\"index, follow, max-snippet:-1, max-image-preview:large, max-video-preview:-1\" \/>\n<link rel=\"canonical\" href=\"https:\/\/hcd.malargue.gov.ar\/?p=32945\" \/>\n<meta property=\"og:locale\" content=\"es_ES\" \/>\n<meta property=\"og:type\" content=\"article\" \/>\n<meta property=\"og:title\" content=\"EL HCD LLEV\u00d3 A CABO UNA SESI\u00d3N ESPECIAL APROBANDO UNA RESOLUCI\u00d3N- RTO - Malarg\u00fce HCD\" \/>\n<meta property=\"og:description\" content=\"SESI\u00d3N ESPECIAL\u2013&nbsp; 23 de enero del 2023 Presidiendo la Sesi\u00f3n:&nbsp;&nbsp;Concejal Andres Risi (Bloque Frente de Todos) Concejales Presentes: Daiana Varas, Viviana Mosca (Bloque Frente Cambia Mendoza), Martin Palma, Gabriel Rosas (Bloque UCR-Independiente), Silvina Camiolo (Bloque Reconstruyendo Malarg\u00fce) A las 11:00 hs del lunes 23 de enero, dio inici\u00f3 el Orden del Dia de la Sesi\u00f3n [&hellip;]\" \/>\n<meta property=\"og:url\" content=\"https:\/\/hcd.malargue.gov.ar\/?p=32945\" \/>\n<meta property=\"og:site_name\" content=\"Malarg\u00fce HCD\" \/>\n<meta property=\"article:published_time\" content=\"2023-01-24T12:35:56+00:00\" \/>\n<meta property=\"article:modified_time\" content=\"2023-01-24T12:38:25+00:00\" \/>\n<meta property=\"og:image\" content=\"https:\/\/hcd.malargue.gov.ar\/wp-content\/uploads\/2023\/01\/324595133_657396869497758_313618970571969848_n.jpg\" \/>\n\t<meta property=\"og:image:width\" content=\"2560\" \/>\n\t<meta property=\"og:image:height\" content=\"1152\" \/>\n\t<meta property=\"og:image:type\" content=\"image\/jpeg\" \/>\n<meta name=\"author\" content=\"Belen Pedernera Ferragut\" \/>\n<meta name=\"twitter:card\" content=\"summary_large_image\" \/>\n<meta name=\"twitter:label1\" content=\"Escrito por\" \/>\n\t<meta name=\"twitter:data1\" content=\"Belen Pedernera Ferragut\" \/>\n\t<meta name=\"twitter:label2\" content=\"Tiempo de lectura\" \/>\n\t<meta name=\"twitter:data2\" content=\"1 minuto\" \/>\n<script type=\"application\/ld+json\" class=\"yoast-schema-graph\">{\"@context\":\"https:\/\/schema.org\",\"@graph\":[{\"@type\":\"WebPage\",\"@id\":\"https:\/\/hcd.malargue.gov.ar\/?p=32945\",\"url\":\"https:\/\/hcd.malargue.gov.ar\/?p=32945\",\"name\":\"EL HCD LLEV\u00d3 A CABO UNA SESI\u00d3N ESPECIAL APROBANDO UNA RESOLUCI\u00d3N- RTO - Malarg\u00fce HCD\",\"isPartOf\":{\"@id\":\"https:\/\/hcd.malargue.gov.ar\/#website\"},\"datePublished\":\"2023-01-24T12:35:56+00:00\",\"dateModified\":\"2023-01-24T12:38:25+00:00\",\"author\":{\"@id\":\"https:\/\/hcd.malargue.gov.ar\/#\/schema\/person\/3fd6bbab64edd703961b795156c955d0\"},\"breadcrumb\":{\"@id\":\"https:\/\/hcd.malargue.gov.ar\/?p=32945#breadcrumb\"},\"inLanguage\":\"es-AR\",\"potentialAction\":[{\"@type\":\"ReadAction\",\"target\":[\"https:\/\/hcd.malargue.gov.ar\/?p=32945\"]}]},{\"@type\":\"BreadcrumbList\",\"@id\":\"https:\/\/hcd.malargue.gov.ar\/?p=32945#breadcrumb\",\"itemListElement\":[{\"@type\":\"ListItem\",\"position\":1,\"name\":\"Inicio\",\"item\":\"https:\/\/hcd.malargue.gov.ar\/\"},{\"@type\":\"ListItem\",\"position\":2,\"name\":\"EL HCD LLEV\u00d3 A CABO UNA SESI\u00d3N ESPECIAL APROBANDO UNA RESOLUCI\u00d3N- RTO\"}]},{\"@type\":\"WebSite\",\"@id\":\"https:\/\/hcd.malargue.gov.ar\/#website\",\"url\":\"https:\/\/hcd.malargue.gov.ar\/\",\"name\":\"Malarg\u00fce HCD\",\"description\":\"Malarg\u00fce Mendoza Argentina\",\"potentialAction\":[{\"@type\":\"SearchAction\",\"target\":{\"@type\":\"EntryPoint\",\"urlTemplate\":\"https:\/\/hcd.malargue.gov.ar\/?s={search_term_string}\"},\"query-input\":\"required name=search_term_string\"}],\"inLanguage\":\"es-AR\"},{\"@type\":\"Person\",\"@id\":\"https:\/\/hcd.malargue.gov.ar\/#\/schema\/person\/3fd6bbab64edd703961b795156c955d0\",\"name\":\"Belen Pedernera Ferragut\",\"image\":{\"@type\":\"ImageObject\",\"inLanguage\":\"es-AR\",\"@id\":\"https:\/\/hcd.malargue.gov.ar\/#\/schema\/person\/image\/\",\"url\":\"https:\/\/secure.gravatar.com\/avatar\/1054ffab3893de4bb3eb29bdd22f7e34b8537bf5d34d9dab311818154ad5b71f?s=96&d=mm&r=g\",\"contentUrl\":\"https:\/\/secure.gravatar.com\/avatar\/1054ffab3893de4bb3eb29bdd22f7e34b8537bf5d34d9dab311818154ad5b71f?s=96&d=mm&r=g\",\"caption\":\"Belen Pedernera Ferragut\"},\"url\":\"https:\/\/hcd.malargue.gov.ar\/?author=5\"}]}<\/script>\n<!-- \/ Yoast SEO plugin. -->","yoast_head_json":{"title":"EL HCD LLEV\u00d3 A CABO UNA SESI\u00d3N ESPECIAL APROBANDO UNA RESOLUCI\u00d3N- RTO - Malarg\u00fce HCD","robots":{"index":"index","follow":"follow","max-snippet":"max-snippet:-1","max-image-preview":"max-image-preview:large","max-video-preview":"max-video-preview:-1"},"canonical":"https:\/\/hcd.malargue.gov.ar\/?p=32945","og_locale":"es_ES","og_type":"article","og_title":"EL HCD LLEV\u00d3 A CABO UNA SESI\u00d3N ESPECIAL APROBANDO UNA RESOLUCI\u00d3N- RTO - Malarg\u00fce HCD","og_description":"SESI\u00d3N ESPECIAL\u2013&nbsp; 23 de enero del 2023 Presidiendo la Sesi\u00f3n:&nbsp;&nbsp;Concejal Andres Risi (Bloque Frente de Todos) Concejales Presentes: Daiana Varas, Viviana Mosca (Bloque Frente Cambia Mendoza), Martin Palma, Gabriel Rosas (Bloque UCR-Independiente), Silvina Camiolo (Bloque Reconstruyendo Malarg\u00fce) A las 11:00 hs del lunes 23 de enero, dio inici\u00f3 el Orden del Dia de la Sesi\u00f3n [&hellip;]","og_url":"https:\/\/hcd.malargue.gov.ar\/?p=32945","og_site_name":"Malarg\u00fce HCD","article_published_time":"2023-01-24T12:35:56+00:00","article_modified_time":"2023-01-24T12:38:25+00:00","og_image":[{"width":2560,"height":1152,"url":"https:\/\/hcd.malargue.gov.ar\/wp-content\/uploads\/2023\/01\/324595133_657396869497758_313618970571969848_n.jpg","type":"image\/jpeg"}],"author":"Belen Pedernera Ferragut","twitter_card":"summary_large_image","twitter_misc":{"Escrito por":"Belen Pedernera Ferragut","Tiempo de lectura":"1 minuto"},"schema":{"@context":"https:\/\/schema.org","@graph":[{"@type":"WebPage","@id":"https:\/\/hcd.malargue.gov.ar\/?p=32945","url":"https:\/\/hcd.malargue.gov.ar\/?p=32945","name":"EL HCD LLEV\u00d3 A CABO UNA SESI\u00d3N ESPECIAL APROBANDO UNA RESOLUCI\u00d3N- RTO - Malarg\u00fce HCD","isPartOf":{"@id":"https:\/\/hcd.malargue.gov.ar\/#website"},"datePublished":"2023-01-24T12:35:56+00:00","dateModified":"2023-01-24T12:38:25+00:00","author":{"@id":"https:\/\/hcd.malargue.gov.ar\/#\/schema\/person\/3fd6bbab64edd703961b795156c955d0"},"breadcrumb":{"@id":"https:\/\/hcd.malargue.gov.ar\/?p=32945#breadcrumb"},"inLanguage":"es-AR","potentialAction":[{"@type":"ReadAction","target":["https:\/\/hcd.malargue.gov.ar\/?p=32945"]}]},{"@type":"BreadcrumbList","@id":"https:\/\/hcd.malargue.gov.ar\/?p=32945#breadcrumb","itemListElement":[{"@type":"ListItem","position":1,"name":"Inicio","item":"https:\/\/hcd.malargue.gov.ar\/"},{"@type":"ListItem","position":2,"name":"EL HCD LLEV\u00d3 A CABO UNA SESI\u00d3N ESPECIAL APROBANDO UNA RESOLUCI\u00d3N- RTO"}]},{"@type":"WebSite","@id":"https:\/\/hcd.malargue.gov.ar\/#website","url":"https:\/\/hcd.malargue.gov.ar\/","name":"Malarg\u00fce HCD","description":"Malarg\u00fce Mendoza Argentina","potentialAction":[{"@type":"SearchAction","target":{"@type":"EntryPoint","urlTemplate":"https:\/\/hcd.malargue.gov.ar\/?s={search_term_string}"},"query-input":"required name=search_term_string"}],"inLanguage":"es-AR"},{"@type":"Person","@id":"https:\/\/hcd.malargue.gov.ar\/#\/schema\/person\/3fd6bbab64edd703961b795156c955d0","name":"Belen Pedernera Ferragut","image":{"@type":"ImageObject","inLanguage":"es-AR","@id":"https:\/\/hcd.malargue.gov.ar\/#\/schema\/person\/image\/","url":"https:\/\/secure.gravatar.com\/avatar\/1054ffab3893de4bb3eb29bdd22f7e34b8537bf5d34d9dab311818154ad5b71f?s=96&d=mm&r=g","contentUrl":"https:\/\/secure.gravatar.com\/avatar\/1054ffab3893de4bb3eb29bdd22f7e34b8537bf5d34d9dab311818154ad5b71f?s=96&d=mm&r=g","caption":"Belen Pedernera Ferragut"},"url":"https:\/\/hcd.malargue.gov.ar\/?author=5"}]}},"_links":{"self":[{"href":"https:\/\/hcd.malargue.gov.ar\/index.php?rest_route=\/wp\/v2\/posts\/32945","targetHints":{"allow":["GET"]}}],"collection":[{"href":"https:\/\/hcd.malargue.gov.ar\/index.php?rest_route=\/wp\/v2\/posts"}],"about":[{"href":"https:\/\/hcd.malargue.gov.ar\/index.php?rest_route=\/wp\/v2\/types\/post"}],"author":[{"embeddable":true,"href":"https:\/\/hcd.malargue.gov.ar\/index.php?rest_route=\/wp\/v2\/users\/5"}],"replies":[{"embeddable":true,"href":"https:\/\/hcd.malargue.gov.ar\/index.php?rest_route=%2Fwp%2Fv2%2Fcomments&post=32945"}],"version-history":[{"count":1,"href":"https:\/\/hcd.malargue.gov.ar\/index.php?rest_route=\/wp\/v2\/posts\/32945\/revisions"}],"predecessor-version":[{"id":32948,"href":"https:\/\/hcd.malargue.gov.ar\/index.php?rest_route=\/wp\/v2\/posts\/32945\/revisions\/32948"}],"wp:featuredmedia":[{"embeddable":true,"href":"https:\/\/hcd.malargue.gov.ar\/index.php?rest_route=\/wp\/v2\/media\/32947"}],"wp:attachment":[{"href":"https:\/\/hcd.malargue.gov.ar\/index.php?rest_route=%2Fwp%2Fv2%2Fmedia&parent=32945"}],"wp:term":[{"taxonomy":"category","embeddable":true,"href":"https:\/\/hcd.malargue.gov.ar\/index.php?rest_route=%2Fwp%2Fv2%2Fcategories&post=32945"},{"taxonomy":"post_tag","embeddable":true,"href":"https:\/\/hcd.malargue.gov.ar\/index.php?rest_route=%2Fwp%2Fv2%2Ftags&post=32945"}],"curies":[{"name":"wp","href":"https:\/\/api.w.org\/{rel}","templated":true}]}}