{"id":33054,"date":"2023-03-02T10:48:02","date_gmt":"2023-03-02T13:48:02","guid":{"rendered":"https:\/\/hcd.malargue.gov.ar\/?p=33054"},"modified":"2023-03-02T10:48:28","modified_gmt":"2023-03-02T13:48:28","slug":"resolucion-n-008-2-023","status":"publish","type":"post","link":"https:\/\/hcd.malargue.gov.ar\/?p=33054","title":{"rendered":"RESOLUCI\u00d3N N\u00b0 008\/2.023"},"content":{"rendered":"<div class=\"wp-block-image\">\n<figure class=\"alignright size-full is-resized\"><a href=\"http:\/\/hcd.malargue.gov.ar\/hcdpdf\/rn%20008%202023%20autoridades.pdf\"><img loading=\"lazy\" decoding=\"async\" src=\"https:\/\/hcd.malargue.gov.ar\/wp-content\/uploads\/2018\/06\/PDF-JPG.jpg\" alt=\"\" class=\"wp-image-7950\" width=\"130\" height=\"130\" srcset=\"https:\/\/hcd.malargue.gov.ar\/wp-content\/uploads\/2018\/06\/PDF-JPG.jpg 512w, https:\/\/hcd.malargue.gov.ar\/wp-content\/uploads\/2018\/06\/PDF-JPG-150x150.jpg 150w, https:\/\/hcd.malargue.gov.ar\/wp-content\/uploads\/2018\/06\/PDF-JPG-300x300.jpg 300w\" sizes=\"auto, (max-width: 130px) 100vw, 130px\" \/><\/a><\/figure>\n<\/div>\n\n\n<p>VISTO: Las disposiciones\u00a0 del\u00a0 Art\u00edculo 52\u00ba de\u00a0 la\u00a0 Ley\u00a0 N\u00ba 1.079 Org\u00e1nica\u00a0 de Municipalidades (modificado por\u00a0 el\u00a0 Art\u00edculo 1\u00ba de la\u00a0 Ley\u00a0 6.349), mediante\u00a0 la\u00a0 cual\u00a0 se\u00a0 establece\u00a0 que\u00a0 el\u00a0 Honorable\u00a0 Cuerpo, debe\u00a0 designar\u00a0 las\u00a0 Autoridades del mismo. <\/p>\n\n\n\n<p>&nbsp; y;<\/p>\n\n\n\n<p>CONSIDERANDO: <a href=\"https:\/\/hcd.malargue.gov.ar\/?p=33027\">Que en d\u00eda de la fecha se procedi\u00f3 a la elecci\u00f3n de Autoridades para el per\u00edodo 2.023, convocando\u00a0 al Honorable Cuerpo a tal efecto.<\/a><\/p>\n\n\n\n<p>EL&nbsp; HONORABLE&nbsp;&nbsp; CONCEJO&nbsp; DELIBERANTE&nbsp; DE&nbsp; LA&nbsp; MUNICIPALIDAD&nbsp; DE&nbsp; MALARG\u00dcE&nbsp; EN USO DE&nbsp; LAS&nbsp; FACULTADES&nbsp; QUE&nbsp; LE&nbsp; SON PROPIAS<\/p>\n\n\n\n<p>RESUELVE<\/p>\n\n\n\n<p>ARTICULO 1\u00ba:Designar&nbsp; en&nbsp; el&nbsp; cargo&nbsp; de&nbsp; Presidente&nbsp; del&nbsp; Honorable&nbsp; Concejo&nbsp; Deliberante, a&nbsp; partir&nbsp; del&nbsp; 01&nbsp; de&nbsp; marzo&nbsp;&nbsp; de&nbsp; 2.023 y hasta&nbsp; el&nbsp; 06&nbsp; de&nbsp; diciembre&nbsp;&nbsp; de&nbsp; 2.023, <strong><em>al Concejal Sr. Andr\u00e9s Risi<\/em><\/strong><\/p>\n\n\n\n<p>ARTICULO 2\u00ba: Designar&nbsp; en&nbsp; el&nbsp; cargo&nbsp; de&nbsp; Vicepresidente&nbsp; Primero&nbsp; del&nbsp; Honorable&nbsp; Concejo&nbsp; Deliberante, a&nbsp; partir&nbsp; del&nbsp; 01 de&nbsp; marzo&nbsp; de&nbsp; 2.023 y hasta&nbsp; el 06 de&nbsp; diciembre&nbsp; de 2.023, <strong><em>a la Concejal Srta. Daiana Bel\u00e9n Varas Castro&nbsp;<\/em><\/strong><\/p>\n\n\n\n<p>ARTICULO 3\u00ba: Designar&nbsp; en&nbsp; el&nbsp; cargo&nbsp; de&nbsp; Vicepresidente&nbsp; Segundo&nbsp;&nbsp; del&nbsp; Honorable&nbsp; Concejo&nbsp; Deliberante, a&nbsp; partir&nbsp; del&nbsp; 01 de&nbsp; marzo de&nbsp; 2.023 y hasta&nbsp; el&nbsp; 06&nbsp; de&nbsp; diciembre &nbsp;&nbsp;&nbsp;de 2.023, <strong><em>a la Concejal Sra. Paola Lorena Rojo<\/em><\/strong><\/p>\n\n\n\n<p>ARTICULO 4\u00ba: Comun\u00edquese,&nbsp; reg\u00edstrese,&nbsp; agr\u00e9guese&nbsp; copia de&nbsp; la&nbsp; presente&nbsp; en&nbsp; las&nbsp; actuaciones&nbsp; correspondientes&nbsp; y&nbsp; arch\u00edvese.<\/p>\n\n\n\n<p>DADA EN&nbsp; LA&nbsp; SALA&nbsp; DE&nbsp; SESIONES&nbsp; DR.&nbsp; RICARDO&nbsp; BALBIN DEL&nbsp; HONORABLE&nbsp; CONCEJO&nbsp; DELIBERANTE&nbsp; DE&nbsp; LA&nbsp; MUNICIPALIDAD&nbsp; DE&nbsp; MALARG\u00dcE&nbsp; A&nbsp;&nbsp; VEINTIOCHO&nbsp;&nbsp;&nbsp; D\u00cdAS&nbsp; DE&nbsp; FEBRERO&nbsp;&nbsp;&nbsp; DE&nbsp; DOS&nbsp; MIL VEINTITRES<\/p>\n","protected":false},"excerpt":{"rendered":"<p>VISTO: Las disposiciones\u00a0 del\u00a0 Art\u00edculo 52\u00ba de\u00a0 la\u00a0 Ley\u00a0 N\u00ba 1.079 Org\u00e1nica\u00a0 de Municipalidades (modificado por\u00a0 el\u00a0 Art\u00edculo 1\u00ba de la\u00a0 Ley\u00a0 6.349), mediante\u00a0 la\u00a0 cual\u00a0 se\u00a0 establece\u00a0 que\u00a0 el\u00a0 Honorable\u00a0 Cuerpo, debe\u00a0 designar\u00a0 las\u00a0 Autoridades del mismo. &nbsp; y; CONSIDERANDO: Que en d\u00eda de la fecha se procedi\u00f3 a la elecci\u00f3n de Autoridades para [&hellip;]<\/p>\n","protected":false},"author":5,"featured_media":33055,"comment_status":"closed","ping_status":"closed","sticky":false,"template":"","format":"standard","meta":{"footnotes":""},"categories":[52,29,33,51],"tags":[],"class_list":["post-33054","post","type-post","status-publish","format-standard","has-post-thumbnail","hentry","category-gacetillas","category-lesgilacion","category-prensa","category-resoluciones"],"yoast_head":"<!-- This site is optimized with the Yoast SEO plugin v19.10 - https:\/\/yoast.com\/wordpress\/plugins\/seo\/ -->\n<title>RESOLUCI\u00d3N N\u00b0 008\/2.023 - Malarg\u00fce HCD<\/title>\n<meta name=\"robots\" content=\"index, follow, max-snippet:-1, max-image-preview:large, max-video-preview:-1\" \/>\n<link rel=\"canonical\" href=\"https:\/\/hcd.malargue.gov.ar\/?p=33054\" \/>\n<meta property=\"og:locale\" content=\"es_ES\" \/>\n<meta property=\"og:type\" content=\"article\" \/>\n<meta property=\"og:title\" content=\"RESOLUCI\u00d3N N\u00b0 008\/2.023 - Malarg\u00fce HCD\" \/>\n<meta property=\"og:description\" content=\"VISTO: Las disposiciones\u00a0 del\u00a0 Art\u00edculo 52\u00ba de\u00a0 la\u00a0 Ley\u00a0 N\u00ba 1.079 Org\u00e1nica\u00a0 de Municipalidades (modificado por\u00a0 el\u00a0 Art\u00edculo 1\u00ba de la\u00a0 Ley\u00a0 6.349), mediante\u00a0 la\u00a0 cual\u00a0 se\u00a0 establece\u00a0 que\u00a0 el\u00a0 Honorable\u00a0 Cuerpo, debe\u00a0 designar\u00a0 las\u00a0 Autoridades del mismo. &nbsp; y; CONSIDERANDO: Que en d\u00eda de la fecha se procedi\u00f3 a la elecci\u00f3n de Autoridades para [&hellip;]\" \/>\n<meta property=\"og:url\" content=\"https:\/\/hcd.malargue.gov.ar\/?p=33054\" \/>\n<meta property=\"og:site_name\" content=\"Malarg\u00fce HCD\" \/>\n<meta property=\"article:published_time\" content=\"2023-03-02T13:48:02+00:00\" \/>\n<meta property=\"article:modified_time\" content=\"2023-03-02T13:48:28+00:00\" \/>\n<meta property=\"og:image\" content=\"https:\/\/hcd.malargue.gov.ar\/wp-content\/uploads\/2023\/03\/rn-008-2023.jpg\" \/>\n\t<meta property=\"og:image:width\" content=\"940\" \/>\n\t<meta property=\"og:image:height\" content=\"788\" \/>\n\t<meta property=\"og:image:type\" content=\"image\/jpeg\" \/>\n<meta name=\"author\" content=\"Belen Pedernera Ferragut\" \/>\n<meta name=\"twitter:card\" content=\"summary_large_image\" \/>\n<meta name=\"twitter:label1\" content=\"Escrito por\" \/>\n\t<meta name=\"twitter:data1\" content=\"Belen Pedernera Ferragut\" \/>\n\t<meta name=\"twitter:label2\" content=\"Tiempo de lectura\" \/>\n\t<meta name=\"twitter:data2\" content=\"2 minutos\" \/>\n<script type=\"application\/ld+json\" class=\"yoast-schema-graph\">{\"@context\":\"https:\/\/schema.org\",\"@graph\":[{\"@type\":\"WebPage\",\"@id\":\"https:\/\/hcd.malargue.gov.ar\/?p=33054\",\"url\":\"https:\/\/hcd.malargue.gov.ar\/?p=33054\",\"name\":\"RESOLUCI\u00d3N N\u00b0 008\/2.023 - Malarg\u00fce HCD\",\"isPartOf\":{\"@id\":\"https:\/\/hcd.malargue.gov.ar\/#website\"},\"datePublished\":\"2023-03-02T13:48:02+00:00\",\"dateModified\":\"2023-03-02T13:48:28+00:00\",\"author\":{\"@id\":\"https:\/\/hcd.malargue.gov.ar\/#\/schema\/person\/3fd6bbab64edd703961b795156c955d0\"},\"breadcrumb\":{\"@id\":\"https:\/\/hcd.malargue.gov.ar\/?p=33054#breadcrumb\"},\"inLanguage\":\"es-AR\",\"potentialAction\":[{\"@type\":\"ReadAction\",\"target\":[\"https:\/\/hcd.malargue.gov.ar\/?p=33054\"]}]},{\"@type\":\"BreadcrumbList\",\"@id\":\"https:\/\/hcd.malargue.gov.ar\/?p=33054#breadcrumb\",\"itemListElement\":[{\"@type\":\"ListItem\",\"position\":1,\"name\":\"Inicio\",\"item\":\"https:\/\/hcd.malargue.gov.ar\/\"},{\"@type\":\"ListItem\",\"position\":2,\"name\":\"RESOLUCI\u00d3N N\u00b0 008\/2.023\"}]},{\"@type\":\"WebSite\",\"@id\":\"https:\/\/hcd.malargue.gov.ar\/#website\",\"url\":\"https:\/\/hcd.malargue.gov.ar\/\",\"name\":\"Malarg\u00fce HCD\",\"description\":\"Malarg\u00fce Mendoza Argentina\",\"potentialAction\":[{\"@type\":\"SearchAction\",\"target\":{\"@type\":\"EntryPoint\",\"urlTemplate\":\"https:\/\/hcd.malargue.gov.ar\/?s={search_term_string}\"},\"query-input\":\"required name=search_term_string\"}],\"inLanguage\":\"es-AR\"},{\"@type\":\"Person\",\"@id\":\"https:\/\/hcd.malargue.gov.ar\/#\/schema\/person\/3fd6bbab64edd703961b795156c955d0\",\"name\":\"Belen Pedernera Ferragut\",\"image\":{\"@type\":\"ImageObject\",\"inLanguage\":\"es-AR\",\"@id\":\"https:\/\/hcd.malargue.gov.ar\/#\/schema\/person\/image\/\",\"url\":\"https:\/\/secure.gravatar.com\/avatar\/1054ffab3893de4bb3eb29bdd22f7e34b8537bf5d34d9dab311818154ad5b71f?s=96&d=mm&r=g\",\"contentUrl\":\"https:\/\/secure.gravatar.com\/avatar\/1054ffab3893de4bb3eb29bdd22f7e34b8537bf5d34d9dab311818154ad5b71f?s=96&d=mm&r=g\",\"caption\":\"Belen Pedernera Ferragut\"},\"url\":\"https:\/\/hcd.malargue.gov.ar\/?author=5\"}]}<\/script>\n<!-- \/ Yoast SEO plugin. -->","yoast_head_json":{"title":"RESOLUCI\u00d3N N\u00b0 008\/2.023 - Malarg\u00fce HCD","robots":{"index":"index","follow":"follow","max-snippet":"max-snippet:-1","max-image-preview":"max-image-preview:large","max-video-preview":"max-video-preview:-1"},"canonical":"https:\/\/hcd.malargue.gov.ar\/?p=33054","og_locale":"es_ES","og_type":"article","og_title":"RESOLUCI\u00d3N N\u00b0 008\/2.023 - Malarg\u00fce HCD","og_description":"VISTO: Las disposiciones\u00a0 del\u00a0 Art\u00edculo 52\u00ba de\u00a0 la\u00a0 Ley\u00a0 N\u00ba 1.079 Org\u00e1nica\u00a0 de Municipalidades (modificado por\u00a0 el\u00a0 Art\u00edculo 1\u00ba de la\u00a0 Ley\u00a0 6.349), mediante\u00a0 la\u00a0 cual\u00a0 se\u00a0 establece\u00a0 que\u00a0 el\u00a0 Honorable\u00a0 Cuerpo, debe\u00a0 designar\u00a0 las\u00a0 Autoridades del mismo. &nbsp; y; CONSIDERANDO: Que en d\u00eda de la fecha se procedi\u00f3 a la elecci\u00f3n de Autoridades para [&hellip;]","og_url":"https:\/\/hcd.malargue.gov.ar\/?p=33054","og_site_name":"Malarg\u00fce HCD","article_published_time":"2023-03-02T13:48:02+00:00","article_modified_time":"2023-03-02T13:48:28+00:00","og_image":[{"width":940,"height":788,"url":"https:\/\/hcd.malargue.gov.ar\/wp-content\/uploads\/2023\/03\/rn-008-2023.jpg","type":"image\/jpeg"}],"author":"Belen Pedernera Ferragut","twitter_card":"summary_large_image","twitter_misc":{"Escrito por":"Belen Pedernera Ferragut","Tiempo de lectura":"2 minutos"},"schema":{"@context":"https:\/\/schema.org","@graph":[{"@type":"WebPage","@id":"https:\/\/hcd.malargue.gov.ar\/?p=33054","url":"https:\/\/hcd.malargue.gov.ar\/?p=33054","name":"RESOLUCI\u00d3N N\u00b0 008\/2.023 - Malarg\u00fce HCD","isPartOf":{"@id":"https:\/\/hcd.malargue.gov.ar\/#website"},"datePublished":"2023-03-02T13:48:02+00:00","dateModified":"2023-03-02T13:48:28+00:00","author":{"@id":"https:\/\/hcd.malargue.gov.ar\/#\/schema\/person\/3fd6bbab64edd703961b795156c955d0"},"breadcrumb":{"@id":"https:\/\/hcd.malargue.gov.ar\/?p=33054#breadcrumb"},"inLanguage":"es-AR","potentialAction":[{"@type":"ReadAction","target":["https:\/\/hcd.malargue.gov.ar\/?p=33054"]}]},{"@type":"BreadcrumbList","@id":"https:\/\/hcd.malargue.gov.ar\/?p=33054#breadcrumb","itemListElement":[{"@type":"ListItem","position":1,"name":"Inicio","item":"https:\/\/hcd.malargue.gov.ar\/"},{"@type":"ListItem","position":2,"name":"RESOLUCI\u00d3N N\u00b0 008\/2.023"}]},{"@type":"WebSite","@id":"https:\/\/hcd.malargue.gov.ar\/#website","url":"https:\/\/hcd.malargue.gov.ar\/","name":"Malarg\u00fce HCD","description":"Malarg\u00fce Mendoza Argentina","potentialAction":[{"@type":"SearchAction","target":{"@type":"EntryPoint","urlTemplate":"https:\/\/hcd.malargue.gov.ar\/?s={search_term_string}"},"query-input":"required name=search_term_string"}],"inLanguage":"es-AR"},{"@type":"Person","@id":"https:\/\/hcd.malargue.gov.ar\/#\/schema\/person\/3fd6bbab64edd703961b795156c955d0","name":"Belen Pedernera Ferragut","image":{"@type":"ImageObject","inLanguage":"es-AR","@id":"https:\/\/hcd.malargue.gov.ar\/#\/schema\/person\/image\/","url":"https:\/\/secure.gravatar.com\/avatar\/1054ffab3893de4bb3eb29bdd22f7e34b8537bf5d34d9dab311818154ad5b71f?s=96&d=mm&r=g","contentUrl":"https:\/\/secure.gravatar.com\/avatar\/1054ffab3893de4bb3eb29bdd22f7e34b8537bf5d34d9dab311818154ad5b71f?s=96&d=mm&r=g","caption":"Belen Pedernera Ferragut"},"url":"https:\/\/hcd.malargue.gov.ar\/?author=5"}]}},"_links":{"self":[{"href":"https:\/\/hcd.malargue.gov.ar\/index.php?rest_route=\/wp\/v2\/posts\/33054","targetHints":{"allow":["GET"]}}],"collection":[{"href":"https:\/\/hcd.malargue.gov.ar\/index.php?rest_route=\/wp\/v2\/posts"}],"about":[{"href":"https:\/\/hcd.malargue.gov.ar\/index.php?rest_route=\/wp\/v2\/types\/post"}],"author":[{"embeddable":true,"href":"https:\/\/hcd.malargue.gov.ar\/index.php?rest_route=\/wp\/v2\/users\/5"}],"replies":[{"embeddable":true,"href":"https:\/\/hcd.malargue.gov.ar\/index.php?rest_route=%2Fwp%2Fv2%2Fcomments&post=33054"}],"version-history":[{"count":1,"href":"https:\/\/hcd.malargue.gov.ar\/index.php?rest_route=\/wp\/v2\/posts\/33054\/revisions"}],"predecessor-version":[{"id":33056,"href":"https:\/\/hcd.malargue.gov.ar\/index.php?rest_route=\/wp\/v2\/posts\/33054\/revisions\/33056"}],"wp:featuredmedia":[{"embeddable":true,"href":"https:\/\/hcd.malargue.gov.ar\/index.php?rest_route=\/wp\/v2\/media\/33055"}],"wp:attachment":[{"href":"https:\/\/hcd.malargue.gov.ar\/index.php?rest_route=%2Fwp%2Fv2%2Fmedia&parent=33054"}],"wp:term":[{"taxonomy":"category","embeddable":true,"href":"https:\/\/hcd.malargue.gov.ar\/index.php?rest_route=%2Fwp%2Fv2%2Fcategories&post=33054"},{"taxonomy":"post_tag","embeddable":true,"href":"https:\/\/hcd.malargue.gov.ar\/index.php?rest_route=%2Fwp%2Fv2%2Ftags&post=33054"}],"curies":[{"name":"wp","href":"https:\/\/api.w.org\/{rel}","templated":true}]}}