{"id":33060,"date":"2023-03-02T11:12:15","date_gmt":"2023-03-02T14:12:15","guid":{"rendered":"https:\/\/hcd.malargue.gov.ar\/?p=33060"},"modified":"2023-03-02T11:12:20","modified_gmt":"2023-03-02T14:12:20","slug":"resolucion-n-010-2-023","status":"publish","type":"post","link":"https:\/\/hcd.malargue.gov.ar\/?p=33060","title":{"rendered":"RESOLUCI\u00d3N N\u00b0 010\/2.023"},"content":{"rendered":"<div class=\"wp-block-image\">\n<figure class=\"alignright size-full is-resized\"><a href=\"http:\/\/hcd.malargue.gov.ar\/hcdpdf\/rn%20010%202023.pdf\"><img loading=\"lazy\" decoding=\"async\" src=\"https:\/\/hcd.malargue.gov.ar\/wp-content\/uploads\/2018\/06\/PDF-JPG.jpg\" alt=\"\" class=\"wp-image-7950\" width=\"121\" height=\"121\" srcset=\"https:\/\/hcd.malargue.gov.ar\/wp-content\/uploads\/2018\/06\/PDF-JPG.jpg 512w, https:\/\/hcd.malargue.gov.ar\/wp-content\/uploads\/2018\/06\/PDF-JPG-150x150.jpg 150w, https:\/\/hcd.malargue.gov.ar\/wp-content\/uploads\/2018\/06\/PDF-JPG-300x300.jpg 300w\" sizes=\"auto, (max-width: 121px) 100vw, 121px\" \/><\/a><\/figure>\n<\/div>\n\n\n<p>VISTO: La nota\u00a0 HC 058-2023 Presidencia Honorable Concejo Deliberante adjunta Acta de \u00a0Constataci\u00f3n N\u00b0 10\/23 en relaci\u00f3n al Expediente N\u00b0 \u00a06.774\/2.022 y Nota HC- 062- 2.023 Presidencia Honorable Concejo Deliberante. Adjunta Acta de Constataci\u00f3n en relaci\u00f3n a Expediente N\u00b0 7.153\/2.022 Departamento \u00a0Ejecutivo\u00a0Habilitaci\u00f3n Municipal de la Firma Avent\u00edn Guti\u00e9rrez Mar\u00eda Antonieta\u201d ambas de Escribana P\u00fablica Dra. Carolina Lanese. <\/p>\n\n\n\n<p>&nbsp;&nbsp;&nbsp;&nbsp;&nbsp;&nbsp;&nbsp;&nbsp;&nbsp;&nbsp;&nbsp; y;<\/p>\n\n\n\n<p>CONSIDERANDO: Que en fecha 02 de febrero del corriente a\u00f1o este Cuerpo toma conocimiento que en la Oficina de Tesorer\u00eda de la Municipalidad de Malarg\u00fce, \u00a0 existe un Expediente bajo el n\u00famero 6.774\/2.022, con orden de pago a favor de la Sra. Aventin Guti\u00e9rrez, Mar\u00eda Antonieta, por la reparaci\u00f3n de un m\u00f3vil oficial de  Intendencia, espec\u00edficamente el m\u00f3vil 344 (VW Vento 2010, dominio JFZ514).<\/p>\n\n\n\n<p>\u00a0\u00a0\u00a0\u00a0\u00a0\u00a0\u00a0\u00a0\u00a0\u00a0\u00a0 Que como consecuencia de ello y atento a que prima facie podr\u00eda configurarse \u00a0\u00a0 posibles irregularidades e incompatibilidades, es que se iniciaron por parte de los Sres. Concejales que componen el Honorable Concejo Deliberante de Malarg\u00fce, una \u00a0 serie de investigaciones y diligencias tendientes acreditar las conductas concurrentes \u00a0\u00a0desplegadas por parte de funcionarios p\u00fablicos y personas vinculadas por lazos de \u00a0consanguinidad a los fines de la posible captaci\u00f3n de caudales p\u00fablicos en beneficio \u00a0\u00a0\u00a0\u00a0\u00a0 propio.<\/p>\n\n\n\n<p>\u00a0\u00a0\u00a0\u00a0\u00a0\u00a0\u00a0\u00a0\u00a0\u00a0\u00a0 Que en m\u00e9rito a la brevedad, nos remitimos a los argumentos, hechos, consideraciones, pruebas y fundamentaci\u00f3n en derecho esgrimido en el escrito de\u00a0denuncia que en Anexo se adjunta.<\/p>\n\n\n\n<p>\u00a0\u00a0\u00a0\u00a0\u00a0\u00a0\u00a0\u00a0\u00a0\u00a0\u00a0 Que conforme lo estable el Art\u00edculo 177\u00b0.CP &#8211; <em>Tendr\u00e1n obligaci\u00f3n de denunciar los delitos perseguibles de oficio: 1\u00b0) Los funcionarios o empleados p\u00fablicos que los \u00a0conozcan en el ejercicio de sus funciones\u201d.<\/em><\/p>\n\n\n\n<p>\u00a0\u00a0\u00a0\u00a0\u00a0\u00a0\u00a0\u00a0\u00a0\u00a0\u00a0 Que en el mismo sentido la Ley N\u00b0 8.993, en su Art\u00edculo 4\u00b0, Cap\u00edtulo II), establece \u00a0que\u00a0 <em>\u201cLos sujetos comprendidos en esta ley se encuentran obligados\/as a cumplir con \u00a0los siguientes deberes y pautas de comportamiento \u00e9tico: <\/em>Inciso 13 que:<em> \u201cDenunciar \u00a0\u00a0ante la autoridad competente todo hecho, acto u omisi\u00f3n de los que tuvieran \u00a0conocimiento con motivo o en ocasi\u00f3n del ejercicio de sus funciones que pudiera \u00a0\u00a0\u00a0\u00a0\u00a0\u00a0\u00a0\u00a0\u00a0 causar perjuicio a la Provincia o configurar delito\u201d.<\/em><\/p>\n\n\n\n<p>\u00a0\u00a0\u00a0\u00a0\u00a0\u00a0\u00a0\u00a0\u00a0\u00a0\u00a0 Que en su Art\u00edculo 1\u00b0 la Ley N\u00b0 8.993 nos dice que \u201c<em>OBJETO. La presente Ley de Responsabilidad en el ejercicio de la funci\u00f3n p\u00fablica, tiene por objeto regular y controlar el efectivo cumplimiento de las normas de conducta que deben regir en el \u00a0ejercicio de la funci\u00f3n p\u00fablica para su responsable, honesto, justo, digno y transparente desempe\u00f1o por parte de quienes detentan la obligaci\u00f3n de \u00a0desarrollarla, en cualquiera de las jerarqu\u00edas, formas o lugares en donde la ejerzan.&#8221;<\/em><\/p>\n\n\n\n<p>\u00a0\u00a0\u00a0\u00a0\u00a0\u00a0\u00a0\u00a0\u00a0\u00a0\u00a0 Que el Art\u00edculo \u00a0177\u00b0 de la Constituci\u00f3n de Mendoza, en su Cap\u00edtulo \u00a0IV del \u00a0Fiscal de Estado y Asesor de Gobierno, reza lo siguiente: <em>\u201cHabr\u00e1 un Fiscal de Estado encargado de defender el patrimonio del fisco, que ser\u00e1 parte leg\u00edtima \u00a0en \u00a0\u00a0los juicios contencioso administrativos y en todos aquellos en que se afecten intereses \u00a0\u00a0 del Estado.<\/em><\/p>\n\n\n\n<p><em>\u00a0\u00a0\u00a0\u00a0\u00a0\u00a0\u00a0\u00a0\u00a0\u00a0\u00a0 Tendr\u00e1 tambi\u00e9n personer\u00eda para demandar ante la Suprema Corte y dem\u00e1s Tribunales de la Provincia, la nulidad de toda Ley, Decreto, Contrato o Resoluci\u00f3n, contrarios a las prescripciones de esta Constituci\u00f3n o que en cualquier forma perjudiquen los intereses fiscales de la Provincia.<\/em><\/p>\n\n\n\n<p><em>&nbsp;&nbsp;&nbsp;&nbsp;&nbsp;&nbsp;&nbsp;&nbsp;&nbsp;&nbsp;&nbsp; Ser\u00e1 tambi\u00e9n parte en los procesos que se formen ante el Tribunal de Cuentas de la &nbsp;&nbsp;&nbsp;&nbsp;&nbsp;&nbsp;&nbsp;&nbsp;&nbsp;&nbsp;&nbsp; administraci\u00f3n p\u00fablica, al cual servir\u00e1 de asesor.<\/em><\/p>\n\n\n\n<p><em>&nbsp;&nbsp;&nbsp;&nbsp;&nbsp;&nbsp;&nbsp;&nbsp;&nbsp;&nbsp;&nbsp; Gestionar\u00e1 el cumplimiento de las sentencias en los asuntos en que haya intervenido como parte\u201d.<\/em><\/p>\n\n\n\n<p>\u00a0\u00a0\u00a0\u00a0\u00a0\u00a0\u00a0\u00a0\u00a0\u00a0\u00a0 Que asimismo el Art\u00edculo 181\u00b0 de la Constituci\u00f3n de la Provincia de Mendoza, \u00a0dispone que <em>\u201cHabr\u00e1 un Tribunal de Cuentas con jurisdicci\u00f3n en toda la Provincia y \u00a0con poder bastante para aprobar o desaprobar la percepci\u00f3n e inversi\u00f3n de caudales \u00a0 p\u00fablicos hechas por todos los funcionarios, empleados y administradores de la \u00a0\u00a0\u00a0\u00a0\u00a0\u00a0\u00a0\u00a0\u00a0\u00a0 Provincia\u201d.<\/em><\/p>\n\n\n\n<p>\u00a0\u00a0\u00a0\u00a0\u00a0\u00a0\u00a0\u00a0\u00a0\u00a0\u00a0 Que el Art\u00edculo 1\u00b0 de la Ley N\u00b0 8.008 estable que <em>\u201cEl Ministerio P\u00fablico Fiscal es un \u00f3rgano independiente que conforma y desarrolla sus funciones en el \u00e1mbito del \u00a0 Poder Judicial, que tiene por funci\u00f3n promover la actuaci\u00f3n de la justicia en defensa \u00a0de la legalidad y de los intereses generales de la sociedad, con atribuciones \u00a0org\u00e1nicas, autonom\u00eda funcional, financiera y presupuestaria\u201d.<\/em><\/p>\n\n\n\n<p>\u00a0\u00a0\u00a0\u00a0\u00a0\u00a0\u00a0\u00a0\u00a0\u00a0\u00a0 Que en virtud de los hechos relatados y las consideraciones legales ut-supra \u00a0mencionadas.<\/p>\n\n\n\n<p>EL HONORABLE CONCEJO DELIBERANTE DE LA MUNICIPALIDAD DE MALARG\u00dcE &nbsp;EN &nbsp;USO DE LAS FACULTADES QUE SON PROPIAS<\/p>\n\n\n\n<p>RESUELVE<\/p>\n\n\n\n<p>ARTICULO 1\u00b0: Encomendar a Presidencia de\u00a0 este Honorable Cuerpo, eleve \u00a0copia de la presente pieza legal conjuntamente con el escrito de denuncia que en Anexo se \u00a0\u00a0 adjunta, a la \u00a0Unidad Fiscal con asiento en el Departamento de Malarg\u00fce, a fin de\u00a0 solicitar se investiguen los hechos y delitos que han sido detallados y desarrollados en el Anexo de formula denuncia.<\/p>\n\n\n\n<p>ARTICULO \u00a02\u00b0: Remitir a los fines legales correspondientes y para su toma de raz\u00f3n, copia \u00a0de la \u00a0\u00a0\u00a0\u00a0\u00a0\u00a0\u00a0\u00a0\u00a0\u00a0\u00a0 presente pieza legal y la denuncia que en anexo se adjunta, al Procurador General de Mendoza, Dr. Alejandro Gull\u00e9.<\/p>\n\n\n\n<p>ARTICULO 3\u00b0 Remitir a los fines legales correspondientes y para su toma de raz\u00f3n, copia  de la \u00a0\u00a0\u00a0\u00a0\u00a0\u00a0\u00a0\u00a0\u00a0\u00a0\u00a0 presente resoluci\u00f3n y la denuncia que en anexo se acompa\u00f1a, a las oficinas de \u00a0\u00a0\u00c9tica \u00a0\u00a0 P\u00fablica, Fiscal\u00eda de Estado y Tribunal de Cuentas de la Provincia de \u00a0Mendoza.<\/p>\n\n\n\n<p>ARTICULO 4\u00b0: Comun\u00edquese, reg\u00edstrese, agr\u00e9guese copia de la presente en las actuaciones &nbsp;&nbsp;&nbsp;&nbsp;&nbsp;&nbsp;&nbsp;&nbsp;&nbsp;&nbsp;&nbsp; correspondientes y arch\u00edvese.<\/p>\n\n\n\n<p>DADA EN LA SALA DE SESIONES DR. RICARDO BALBIN DEL HONORABLE CONCEJO DELIBERANTE DE LA MUNICIPALIDAD DE MALARG\u00dcE A UN D\u00cdA DE MARZO DE DOS MIL VEINTITRES<\/p>\n","protected":false},"excerpt":{"rendered":"<p>VISTO: La nota\u00a0 HC 058-2023 Presidencia Honorable Concejo Deliberante adjunta Acta de \u00a0Constataci\u00f3n N\u00b0 10\/23 en relaci\u00f3n al Expediente N\u00b0 \u00a06.774\/2.022 y Nota HC- 062- 2.023 Presidencia Honorable Concejo Deliberante. Adjunta Acta de Constataci\u00f3n en relaci\u00f3n a Expediente N\u00b0 7.153\/2.022 Departamento \u00a0Ejecutivo\u00a0Habilitaci\u00f3n Municipal de la Firma Avent\u00edn Guti\u00e9rrez Mar\u00eda Antonieta\u201d ambas de Escribana P\u00fablica Dra. [&hellip;]<\/p>\n","protected":false},"author":5,"featured_media":33061,"comment_status":"closed","ping_status":"closed","sticky":false,"template":"","format":"standard","meta":{"footnotes":""},"categories":[52,29,33,51],"tags":[],"class_list":["post-33060","post","type-post","status-publish","format-standard","has-post-thumbnail","hentry","category-gacetillas","category-lesgilacion","category-prensa","category-resoluciones"],"yoast_head":"<!-- This site is optimized with the Yoast SEO plugin v19.10 - https:\/\/yoast.com\/wordpress\/plugins\/seo\/ -->\n<title>RESOLUCI\u00d3N N\u00b0 010\/2.023 - Malarg\u00fce HCD<\/title>\n<meta name=\"robots\" content=\"index, follow, max-snippet:-1, max-image-preview:large, max-video-preview:-1\" \/>\n<link rel=\"canonical\" href=\"https:\/\/hcd.malargue.gov.ar\/?p=33060\" \/>\n<meta property=\"og:locale\" content=\"es_ES\" \/>\n<meta property=\"og:type\" content=\"article\" \/>\n<meta property=\"og:title\" content=\"RESOLUCI\u00d3N N\u00b0 010\/2.023 - Malarg\u00fce HCD\" \/>\n<meta property=\"og:description\" content=\"VISTO: La nota\u00a0 HC 058-2023 Presidencia Honorable Concejo Deliberante adjunta Acta de \u00a0Constataci\u00f3n N\u00b0 10\/23 en relaci\u00f3n al Expediente N\u00b0 \u00a06.774\/2.022 y Nota HC- 062- 2.023 Presidencia Honorable Concejo Deliberante. Adjunta Acta de Constataci\u00f3n en relaci\u00f3n a Expediente N\u00b0 7.153\/2.022 Departamento \u00a0Ejecutivo\u00a0Habilitaci\u00f3n Municipal de la Firma Avent\u00edn Guti\u00e9rrez Mar\u00eda Antonieta\u201d ambas de Escribana P\u00fablica Dra. [&hellip;]\" \/>\n<meta property=\"og:url\" content=\"https:\/\/hcd.malargue.gov.ar\/?p=33060\" \/>\n<meta property=\"og:site_name\" content=\"Malarg\u00fce HCD\" \/>\n<meta property=\"article:published_time\" content=\"2023-03-02T14:12:15+00:00\" \/>\n<meta property=\"article:modified_time\" content=\"2023-03-02T14:12:20+00:00\" \/>\n<meta property=\"og:image\" content=\"https:\/\/hcd.malargue.gov.ar\/wp-content\/uploads\/2023\/03\/RN-10-2023.jpg\" \/>\n\t<meta property=\"og:image:width\" content=\"940\" \/>\n\t<meta property=\"og:image:height\" content=\"788\" \/>\n\t<meta property=\"og:image:type\" content=\"image\/jpeg\" \/>\n<meta name=\"author\" content=\"Belen Pedernera Ferragut\" \/>\n<meta name=\"twitter:card\" content=\"summary_large_image\" \/>\n<meta name=\"twitter:label1\" content=\"Escrito por\" \/>\n\t<meta name=\"twitter:data1\" content=\"Belen Pedernera Ferragut\" \/>\n\t<meta name=\"twitter:label2\" content=\"Tiempo de lectura\" \/>\n\t<meta name=\"twitter:data2\" content=\"5 minutos\" \/>\n<script type=\"application\/ld+json\" class=\"yoast-schema-graph\">{\"@context\":\"https:\/\/schema.org\",\"@graph\":[{\"@type\":\"WebPage\",\"@id\":\"https:\/\/hcd.malargue.gov.ar\/?p=33060\",\"url\":\"https:\/\/hcd.malargue.gov.ar\/?p=33060\",\"name\":\"RESOLUCI\u00d3N N\u00b0 010\/2.023 - Malarg\u00fce HCD\",\"isPartOf\":{\"@id\":\"https:\/\/hcd.malargue.gov.ar\/#website\"},\"datePublished\":\"2023-03-02T14:12:15+00:00\",\"dateModified\":\"2023-03-02T14:12:20+00:00\",\"author\":{\"@id\":\"https:\/\/hcd.malargue.gov.ar\/#\/schema\/person\/3fd6bbab64edd703961b795156c955d0\"},\"breadcrumb\":{\"@id\":\"https:\/\/hcd.malargue.gov.ar\/?p=33060#breadcrumb\"},\"inLanguage\":\"es-AR\",\"potentialAction\":[{\"@type\":\"ReadAction\",\"target\":[\"https:\/\/hcd.malargue.gov.ar\/?p=33060\"]}]},{\"@type\":\"BreadcrumbList\",\"@id\":\"https:\/\/hcd.malargue.gov.ar\/?p=33060#breadcrumb\",\"itemListElement\":[{\"@type\":\"ListItem\",\"position\":1,\"name\":\"Inicio\",\"item\":\"https:\/\/hcd.malargue.gov.ar\/\"},{\"@type\":\"ListItem\",\"position\":2,\"name\":\"RESOLUCI\u00d3N N\u00b0 010\/2.023\"}]},{\"@type\":\"WebSite\",\"@id\":\"https:\/\/hcd.malargue.gov.ar\/#website\",\"url\":\"https:\/\/hcd.malargue.gov.ar\/\",\"name\":\"Malarg\u00fce HCD\",\"description\":\"Malarg\u00fce Mendoza Argentina\",\"potentialAction\":[{\"@type\":\"SearchAction\",\"target\":{\"@type\":\"EntryPoint\",\"urlTemplate\":\"https:\/\/hcd.malargue.gov.ar\/?s={search_term_string}\"},\"query-input\":\"required name=search_term_string\"}],\"inLanguage\":\"es-AR\"},{\"@type\":\"Person\",\"@id\":\"https:\/\/hcd.malargue.gov.ar\/#\/schema\/person\/3fd6bbab64edd703961b795156c955d0\",\"name\":\"Belen Pedernera Ferragut\",\"image\":{\"@type\":\"ImageObject\",\"inLanguage\":\"es-AR\",\"@id\":\"https:\/\/hcd.malargue.gov.ar\/#\/schema\/person\/image\/\",\"url\":\"https:\/\/secure.gravatar.com\/avatar\/1054ffab3893de4bb3eb29bdd22f7e34b8537bf5d34d9dab311818154ad5b71f?s=96&d=mm&r=g\",\"contentUrl\":\"https:\/\/secure.gravatar.com\/avatar\/1054ffab3893de4bb3eb29bdd22f7e34b8537bf5d34d9dab311818154ad5b71f?s=96&d=mm&r=g\",\"caption\":\"Belen Pedernera Ferragut\"},\"url\":\"https:\/\/hcd.malargue.gov.ar\/?author=5\"}]}<\/script>\n<!-- \/ Yoast SEO plugin. -->","yoast_head_json":{"title":"RESOLUCI\u00d3N N\u00b0 010\/2.023 - Malarg\u00fce HCD","robots":{"index":"index","follow":"follow","max-snippet":"max-snippet:-1","max-image-preview":"max-image-preview:large","max-video-preview":"max-video-preview:-1"},"canonical":"https:\/\/hcd.malargue.gov.ar\/?p=33060","og_locale":"es_ES","og_type":"article","og_title":"RESOLUCI\u00d3N N\u00b0 010\/2.023 - Malarg\u00fce HCD","og_description":"VISTO: La nota\u00a0 HC 058-2023 Presidencia Honorable Concejo Deliberante adjunta Acta de \u00a0Constataci\u00f3n N\u00b0 10\/23 en relaci\u00f3n al Expediente N\u00b0 \u00a06.774\/2.022 y Nota HC- 062- 2.023 Presidencia Honorable Concejo Deliberante. Adjunta Acta de Constataci\u00f3n en relaci\u00f3n a Expediente N\u00b0 7.153\/2.022 Departamento \u00a0Ejecutivo\u00a0Habilitaci\u00f3n Municipal de la Firma Avent\u00edn Guti\u00e9rrez Mar\u00eda Antonieta\u201d ambas de Escribana P\u00fablica Dra. [&hellip;]","og_url":"https:\/\/hcd.malargue.gov.ar\/?p=33060","og_site_name":"Malarg\u00fce HCD","article_published_time":"2023-03-02T14:12:15+00:00","article_modified_time":"2023-03-02T14:12:20+00:00","og_image":[{"width":940,"height":788,"url":"https:\/\/hcd.malargue.gov.ar\/wp-content\/uploads\/2023\/03\/RN-10-2023.jpg","type":"image\/jpeg"}],"author":"Belen Pedernera Ferragut","twitter_card":"summary_large_image","twitter_misc":{"Escrito por":"Belen Pedernera Ferragut","Tiempo de lectura":"5 minutos"},"schema":{"@context":"https:\/\/schema.org","@graph":[{"@type":"WebPage","@id":"https:\/\/hcd.malargue.gov.ar\/?p=33060","url":"https:\/\/hcd.malargue.gov.ar\/?p=33060","name":"RESOLUCI\u00d3N N\u00b0 010\/2.023 - Malarg\u00fce HCD","isPartOf":{"@id":"https:\/\/hcd.malargue.gov.ar\/#website"},"datePublished":"2023-03-02T14:12:15+00:00","dateModified":"2023-03-02T14:12:20+00:00","author":{"@id":"https:\/\/hcd.malargue.gov.ar\/#\/schema\/person\/3fd6bbab64edd703961b795156c955d0"},"breadcrumb":{"@id":"https:\/\/hcd.malargue.gov.ar\/?p=33060#breadcrumb"},"inLanguage":"es-AR","potentialAction":[{"@type":"ReadAction","target":["https:\/\/hcd.malargue.gov.ar\/?p=33060"]}]},{"@type":"BreadcrumbList","@id":"https:\/\/hcd.malargue.gov.ar\/?p=33060#breadcrumb","itemListElement":[{"@type":"ListItem","position":1,"name":"Inicio","item":"https:\/\/hcd.malargue.gov.ar\/"},{"@type":"ListItem","position":2,"name":"RESOLUCI\u00d3N N\u00b0 010\/2.023"}]},{"@type":"WebSite","@id":"https:\/\/hcd.malargue.gov.ar\/#website","url":"https:\/\/hcd.malargue.gov.ar\/","name":"Malarg\u00fce HCD","description":"Malarg\u00fce Mendoza Argentina","potentialAction":[{"@type":"SearchAction","target":{"@type":"EntryPoint","urlTemplate":"https:\/\/hcd.malargue.gov.ar\/?s={search_term_string}"},"query-input":"required name=search_term_string"}],"inLanguage":"es-AR"},{"@type":"Person","@id":"https:\/\/hcd.malargue.gov.ar\/#\/schema\/person\/3fd6bbab64edd703961b795156c955d0","name":"Belen Pedernera Ferragut","image":{"@type":"ImageObject","inLanguage":"es-AR","@id":"https:\/\/hcd.malargue.gov.ar\/#\/schema\/person\/image\/","url":"https:\/\/secure.gravatar.com\/avatar\/1054ffab3893de4bb3eb29bdd22f7e34b8537bf5d34d9dab311818154ad5b71f?s=96&d=mm&r=g","contentUrl":"https:\/\/secure.gravatar.com\/avatar\/1054ffab3893de4bb3eb29bdd22f7e34b8537bf5d34d9dab311818154ad5b71f?s=96&d=mm&r=g","caption":"Belen Pedernera Ferragut"},"url":"https:\/\/hcd.malargue.gov.ar\/?author=5"}]}},"_links":{"self":[{"href":"https:\/\/hcd.malargue.gov.ar\/index.php?rest_route=\/wp\/v2\/posts\/33060","targetHints":{"allow":["GET"]}}],"collection":[{"href":"https:\/\/hcd.malargue.gov.ar\/index.php?rest_route=\/wp\/v2\/posts"}],"about":[{"href":"https:\/\/hcd.malargue.gov.ar\/index.php?rest_route=\/wp\/v2\/types\/post"}],"author":[{"embeddable":true,"href":"https:\/\/hcd.malargue.gov.ar\/index.php?rest_route=\/wp\/v2\/users\/5"}],"replies":[{"embeddable":true,"href":"https:\/\/hcd.malargue.gov.ar\/index.php?rest_route=%2Fwp%2Fv2%2Fcomments&post=33060"}],"version-history":[{"count":1,"href":"https:\/\/hcd.malargue.gov.ar\/index.php?rest_route=\/wp\/v2\/posts\/33060\/revisions"}],"predecessor-version":[{"id":33062,"href":"https:\/\/hcd.malargue.gov.ar\/index.php?rest_route=\/wp\/v2\/posts\/33060\/revisions\/33062"}],"wp:featuredmedia":[{"embeddable":true,"href":"https:\/\/hcd.malargue.gov.ar\/index.php?rest_route=\/wp\/v2\/media\/33061"}],"wp:attachment":[{"href":"https:\/\/hcd.malargue.gov.ar\/index.php?rest_route=%2Fwp%2Fv2%2Fmedia&parent=33060"}],"wp:term":[{"taxonomy":"category","embeddable":true,"href":"https:\/\/hcd.malargue.gov.ar\/index.php?rest_route=%2Fwp%2Fv2%2Fcategories&post=33060"},{"taxonomy":"post_tag","embeddable":true,"href":"https:\/\/hcd.malargue.gov.ar\/index.php?rest_route=%2Fwp%2Fv2%2Ftags&post=33060"}],"curies":[{"name":"wp","href":"https:\/\/api.w.org\/{rel}","templated":true}]}}