{"id":33320,"date":"2023-03-21T10:09:44","date_gmt":"2023-03-21T13:09:44","guid":{"rendered":"https:\/\/hcd.malargue.gov.ar\/?p=33320"},"modified":"2023-03-21T10:11:32","modified_gmt":"2023-03-21T13:11:32","slug":"comunicacion-no-480-2-023","status":"publish","type":"post","link":"https:\/\/hcd.malargue.gov.ar\/?p=33320","title":{"rendered":"COMUNICACI\u00d3N N\u00b0 480\/2.023"},"content":{"rendered":"<div class=\"wp-block-image\">\n<figure class=\"alignright size-full is-resized\"><a href=\"http:\/\/hcd.malargue.gov.ar\/hcdpdf\/com%20480%202023%20Emergencia%20de%20caminos.pdf\"><img loading=\"lazy\" decoding=\"async\" src=\"https:\/\/hcd.malargue.gov.ar\/wp-content\/uploads\/2018\/06\/PDF-JPG.jpg\" alt=\"\" class=\"wp-image-7950\" width=\"120\" height=\"120\" srcset=\"https:\/\/hcd.malargue.gov.ar\/wp-content\/uploads\/2018\/06\/PDF-JPG.jpg 512w, https:\/\/hcd.malargue.gov.ar\/wp-content\/uploads\/2018\/06\/PDF-JPG-150x150.jpg 150w, https:\/\/hcd.malargue.gov.ar\/wp-content\/uploads\/2018\/06\/PDF-JPG-300x300.jpg 300w\" sizes=\"auto, (max-width: 120px) 100vw, 120px\" \/><\/a><\/figure>\n<\/div>\n\n\n<p><strong>AUTORES: CONCEJALES GABRIEL ROSAS Y MARTIN PALMA<\/strong><\/p>\n\n\n\n<p><strong>BLOQUE: UCR-INDEPENDIENTE<\/strong> <\/p>\n\n\n\n<p>VISTO: El contenido del Expediente N \u00ba 5.239 -HC 052-2.023. Bloque &nbsp;UCR-Independiente. Proyecto de Comunicaci\u00f3n: Reiterar Pedido Resoluci\u00f3n N\u00b0 243\/2020, Declarando la Emergencia de caminos, rutas y accesos ganaderos del Departamento.<\/p>\n\n\n\n<p>Y;<\/p>\n\n\n\n<p>CONSIDERANDO: Que el declarar la emergencia de caminos Departamentales, Rutas Provinciales y Nacionales, pone en evidencia, la dif\u00edcil situaci\u00f3n y el deterioro de los mismos en nuestro Departamento<\/p>\n\n\n\n<p>Que por el mal estado de la Ruta Provincial N\u00b0186, la empresa de transporte de pasajeros que realiza el recorrido Malargue-Agua Escondida, decidi\u00f3 suspender dicho recorrido y no descartan tomar la misma decisi\u00f3n con los recorridos de Ranquil Norte y El Alambrado.<\/p>\n\n\n\n<p>Que el estado de &nbsp;dicha ruta se ha agravado en los \u00faltimos meses como consecuencia de las intensas lluvias que registr\u00f3 la zona lo que torn\u00f3 intransitable grandes tramos del trayecto.<\/p>\n\n\n\n<p>Que para muchas personas recorrer esa ruta implica romper los veh\u00edculos, pero lamentablemente no tienen m\u00e1s opci\u00f3n y deben transitarla aun conociendo las consecuencias.<\/p>\n\n\n\n<p>Que las declaraciones realizadas por los distintos medios de prensa locales, en los cuales nuestros vecinos y turistas manifiestan como \u201cvergonzoso, inseguro e intransitable\u201d a nuestros caminos internos, como as\u00ed tambi\u00e9n las distintas rutas tanto provinciales como nacionales que atraviesan el Departamento, es que urge la inmediata reparaci\u00f3n y\/o mantenimiento de dichas v\u00edas de tr\u00e1nsito.<\/p>\n\n\n\n<p>Que la falta de mantenimiento de la traza en su totalidad y la paralizaci\u00f3n de los trabajos de pavimentaci\u00f3n en el tramo Ruta Nacional N\u00b0 40, ingreso antena DS3, ha hecho que numerosos usuarios, turistas y transportistas hayan tenido desperfectos mec\u00e1nicos en sus veh\u00edculos, adem\u00e1s de dificultar el acceso a distintos puntos como Carapacho, La Salinilla, El Cortaderal, Agua Nueva, Agua Escondida, Borbar\u00e1n, entre otras, lo que se ve agravado cuando se deben realizar desplazamientos por razones de salud en veh\u00edculos particulares y ambulancias.<\/p>\n\n\n\n<p>Que el deterioro e intransitabilidad de caminos y rutas en los \u00faltimos tiempos, es una constante de extrema importancia que nos involucra directamente debido al reclamo permanente de vecinos de la zona rural y por ello la necesidad de la declaraci\u00f3n de emergencia.<\/p>\n\n\n\n<p>Que existen antecedentes de similares reclamos que constan en Resoluciones emanadas de este Honorable Cuerpo: N\u00b0 2.680\/1.996, N\u00b0 3.342\/1.997, N\u00b0 4.089\/1.998, N\u00b0 056\/2.001, N\u00b0 233\/2.001, N\u00b0 032\/2.003, N\u00b0 338\/2.009, N\u00b0 075\/2.011, N\u00b0 114\/2.013, N\u00b0 317\/2.017; N\u00b0 243\/2.020<\/p>\n\n\n\n<p>Que no solo afecta los automovilistas que sufren da\u00f1os en sus veh\u00edculos, sino que, los trabajadores de los distintos servicios de salud manifiestan que les resulta imposible llegar a distintas zonas para asistir en emergencias a pacientes que requieren atenci\u00f3n, por el mal estado de los caminos.<\/p>\n\n\n\n<p>Que no alcanza con reconocer que los caminos rurales est\u00e1n deteriorados, es primordial destinar presupuesto para el mantenimiento y crecimiento de la red vial nacional y provincial y para la conservaci\u00f3n de los caminos rurales por parte de los municipios.<\/p>\n\n\n\n<p>EL HONORABLE CONCEJO DELIBERANTE DE LA MUNICIPALIDAD DE MALARG\u00dcE EN USO DE LAS FACULTADES QUE LE SON PROPIAS<\/p>\n\n\n\n<p>COMUNICA<\/p>\n\n\n\n<p>ART\u00cdCULO 1\u00ba: Que ver\u00eda con agrado que el Departamento Ejecutivo de cumplimiento a la Resoluci\u00f3n N\u00b0 243\/2020 \u201cDeclarando la Emergencia de caminos, Rutas (Provinciales-Nacionales) y accesos ganaderos del Departamento\u201d, reiterando la solicitud.<\/p>\n\n\n\n<p>ARTICULO 2\u00b0:<strong> <\/strong>&nbsp;Elevar copia de la presenta pieza legal a:<\/p>\n\n\n\n<ul class=\"wp-block-list\">\n<li>Legisladores Provinciales por el 4to Distrito Electoral<\/li>\n\n\n\n<li>Legisladores Nacionales por Mendoza<\/li>\n\n\n\n<li>Direcci\u00f3n de Vialidad Nacional<\/li>\n\n\n\n<li>Direcci\u00f3n de Vialidad Provincial<\/li>\n\n\n\n<li>Direcci\u00f3n de Vialidad Sub Zona Sur<\/li>\n\n\n\n<li>Direcci\u00f3n de Transporte de la Provincia<\/li>\n\n\n\n<li>Medios de comunicaci\u00f3n<\/li>\n<\/ul>\n\n\n\n<p>ART\u00cdCULO 3\u00ba: Comun\u00edquese, reg\u00edstrese, agr\u00e9guese copia de la presente en las actuaciones correspondientes y arch\u00edvese.<\/p>\n\n\n\n<p>DADA EN LA SALA DE SESIONES&nbsp; DR.&nbsp; RICARDO&nbsp; BALBIN DEL&nbsp; HONORABLE&nbsp; CONCEJO&nbsp; DELIBERANTE&nbsp; DE&nbsp; LA&nbsp; MUNICIPALIDAD&nbsp; DE&nbsp; MALARG\u00dcE&nbsp; A&nbsp; DIECISEIS D\u00cdAS&nbsp; DE&nbsp;&nbsp; MARZO&nbsp; DE&nbsp; DOS&nbsp; MIL&nbsp; VEINTITRES<\/p>\n","protected":false},"excerpt":{"rendered":"<p>AUTORES: CONCEJALES GABRIEL ROSAS Y MARTIN PALMA BLOQUE: UCR-INDEPENDIENTE VISTO: El contenido del Expediente N \u00ba 5.239 -HC 052-2.023. Bloque &nbsp;UCR-Independiente. Proyecto de Comunicaci\u00f3n: Reiterar Pedido Resoluci\u00f3n N\u00b0 243\/2020, Declarando la Emergencia de caminos, rutas y accesos ganaderos del Departamento. Y; CONSIDERANDO: Que el declarar la emergencia de caminos Departamentales, Rutas Provinciales y Nacionales, pone [&hellip;]<\/p>\n","protected":false},"author":5,"featured_media":33321,"comment_status":"closed","ping_status":"closed","sticky":false,"template":"","format":"standard","meta":{"footnotes":""},"categories":[47,52,29,33],"tags":[],"class_list":["post-33320","post","type-post","status-publish","format-standard","has-post-thumbnail","hentry","category-comunicaciones","category-gacetillas","category-lesgilacion","category-prensa"],"yoast_head":"<!-- This site is optimized with the Yoast SEO plugin v19.10 - https:\/\/yoast.com\/wordpress\/plugins\/seo\/ -->\n<title>COMUNICACI\u00d3N N\u00b0 480\/2.023 - Malarg\u00fce HCD<\/title>\n<meta name=\"robots\" content=\"index, follow, max-snippet:-1, max-image-preview:large, max-video-preview:-1\" \/>\n<link rel=\"canonical\" href=\"https:\/\/hcd.malargue.gov.ar\/?p=33320\" \/>\n<meta property=\"og:locale\" content=\"es_ES\" \/>\n<meta property=\"og:type\" content=\"article\" \/>\n<meta property=\"og:title\" content=\"COMUNICACI\u00d3N N\u00b0 480\/2.023 - Malarg\u00fce HCD\" \/>\n<meta property=\"og:description\" content=\"AUTORES: CONCEJALES GABRIEL ROSAS Y MARTIN PALMA BLOQUE: UCR-INDEPENDIENTE VISTO: El contenido del Expediente N \u00ba 5.239 -HC 052-2.023. Bloque &nbsp;UCR-Independiente. Proyecto de Comunicaci\u00f3n: Reiterar Pedido Resoluci\u00f3n N\u00b0 243\/2020, Declarando la Emergencia de caminos, rutas y accesos ganaderos del Departamento. Y; CONSIDERANDO: Que el declarar la emergencia de caminos Departamentales, Rutas Provinciales y Nacionales, pone [&hellip;]\" \/>\n<meta property=\"og:url\" content=\"https:\/\/hcd.malargue.gov.ar\/?p=33320\" \/>\n<meta property=\"og:site_name\" content=\"Malarg\u00fce HCD\" \/>\n<meta property=\"article:published_time\" content=\"2023-03-21T13:09:44+00:00\" \/>\n<meta property=\"article:modified_time\" content=\"2023-03-21T13:11:32+00:00\" \/>\n<meta property=\"og:image\" content=\"https:\/\/hcd.malargue.gov.ar\/wp-content\/uploads\/2023\/03\/COM-480-2023.jpg\" \/>\n\t<meta property=\"og:image:width\" content=\"940\" \/>\n\t<meta property=\"og:image:height\" content=\"788\" \/>\n\t<meta property=\"og:image:type\" content=\"image\/jpeg\" \/>\n<meta name=\"author\" content=\"Belen Pedernera Ferragut\" \/>\n<meta name=\"twitter:card\" content=\"summary_large_image\" \/>\n<meta name=\"twitter:label1\" content=\"Escrito por\" \/>\n\t<meta name=\"twitter:data1\" content=\"Belen Pedernera Ferragut\" \/>\n\t<meta name=\"twitter:label2\" content=\"Tiempo de lectura\" \/>\n\t<meta name=\"twitter:data2\" content=\"3 minutos\" \/>\n<script type=\"application\/ld+json\" class=\"yoast-schema-graph\">{\"@context\":\"https:\/\/schema.org\",\"@graph\":[{\"@type\":\"WebPage\",\"@id\":\"https:\/\/hcd.malargue.gov.ar\/?p=33320\",\"url\":\"https:\/\/hcd.malargue.gov.ar\/?p=33320\",\"name\":\"COMUNICACI\u00d3N N\u00b0 480\/2.023 - Malarg\u00fce HCD\",\"isPartOf\":{\"@id\":\"https:\/\/hcd.malargue.gov.ar\/#website\"},\"datePublished\":\"2023-03-21T13:09:44+00:00\",\"dateModified\":\"2023-03-21T13:11:32+00:00\",\"author\":{\"@id\":\"https:\/\/hcd.malargue.gov.ar\/#\/schema\/person\/3fd6bbab64edd703961b795156c955d0\"},\"breadcrumb\":{\"@id\":\"https:\/\/hcd.malargue.gov.ar\/?p=33320#breadcrumb\"},\"inLanguage\":\"es-AR\",\"potentialAction\":[{\"@type\":\"ReadAction\",\"target\":[\"https:\/\/hcd.malargue.gov.ar\/?p=33320\"]}]},{\"@type\":\"BreadcrumbList\",\"@id\":\"https:\/\/hcd.malargue.gov.ar\/?p=33320#breadcrumb\",\"itemListElement\":[{\"@type\":\"ListItem\",\"position\":1,\"name\":\"Inicio\",\"item\":\"https:\/\/hcd.malargue.gov.ar\/\"},{\"@type\":\"ListItem\",\"position\":2,\"name\":\"COMUNICACI\u00d3N N\u00b0 480\/2.023\"}]},{\"@type\":\"WebSite\",\"@id\":\"https:\/\/hcd.malargue.gov.ar\/#website\",\"url\":\"https:\/\/hcd.malargue.gov.ar\/\",\"name\":\"Malarg\u00fce HCD\",\"description\":\"Malarg\u00fce Mendoza Argentina\",\"potentialAction\":[{\"@type\":\"SearchAction\",\"target\":{\"@type\":\"EntryPoint\",\"urlTemplate\":\"https:\/\/hcd.malargue.gov.ar\/?s={search_term_string}\"},\"query-input\":\"required name=search_term_string\"}],\"inLanguage\":\"es-AR\"},{\"@type\":\"Person\",\"@id\":\"https:\/\/hcd.malargue.gov.ar\/#\/schema\/person\/3fd6bbab64edd703961b795156c955d0\",\"name\":\"Belen Pedernera Ferragut\",\"image\":{\"@type\":\"ImageObject\",\"inLanguage\":\"es-AR\",\"@id\":\"https:\/\/hcd.malargue.gov.ar\/#\/schema\/person\/image\/\",\"url\":\"https:\/\/secure.gravatar.com\/avatar\/1054ffab3893de4bb3eb29bdd22f7e34b8537bf5d34d9dab311818154ad5b71f?s=96&d=mm&r=g\",\"contentUrl\":\"https:\/\/secure.gravatar.com\/avatar\/1054ffab3893de4bb3eb29bdd22f7e34b8537bf5d34d9dab311818154ad5b71f?s=96&d=mm&r=g\",\"caption\":\"Belen Pedernera Ferragut\"},\"url\":\"https:\/\/hcd.malargue.gov.ar\/?author=5\"}]}<\/script>\n<!-- \/ Yoast SEO plugin. -->","yoast_head_json":{"title":"COMUNICACI\u00d3N N\u00b0 480\/2.023 - Malarg\u00fce HCD","robots":{"index":"index","follow":"follow","max-snippet":"max-snippet:-1","max-image-preview":"max-image-preview:large","max-video-preview":"max-video-preview:-1"},"canonical":"https:\/\/hcd.malargue.gov.ar\/?p=33320","og_locale":"es_ES","og_type":"article","og_title":"COMUNICACI\u00d3N N\u00b0 480\/2.023 - Malarg\u00fce HCD","og_description":"AUTORES: CONCEJALES GABRIEL ROSAS Y MARTIN PALMA BLOQUE: UCR-INDEPENDIENTE VISTO: El contenido del Expediente N \u00ba 5.239 -HC 052-2.023. Bloque &nbsp;UCR-Independiente. Proyecto de Comunicaci\u00f3n: Reiterar Pedido Resoluci\u00f3n N\u00b0 243\/2020, Declarando la Emergencia de caminos, rutas y accesos ganaderos del Departamento. Y; CONSIDERANDO: Que el declarar la emergencia de caminos Departamentales, Rutas Provinciales y Nacionales, pone [&hellip;]","og_url":"https:\/\/hcd.malargue.gov.ar\/?p=33320","og_site_name":"Malarg\u00fce HCD","article_published_time":"2023-03-21T13:09:44+00:00","article_modified_time":"2023-03-21T13:11:32+00:00","og_image":[{"width":940,"height":788,"url":"https:\/\/hcd.malargue.gov.ar\/wp-content\/uploads\/2023\/03\/COM-480-2023.jpg","type":"image\/jpeg"}],"author":"Belen Pedernera Ferragut","twitter_card":"summary_large_image","twitter_misc":{"Escrito por":"Belen Pedernera Ferragut","Tiempo de lectura":"3 minutos"},"schema":{"@context":"https:\/\/schema.org","@graph":[{"@type":"WebPage","@id":"https:\/\/hcd.malargue.gov.ar\/?p=33320","url":"https:\/\/hcd.malargue.gov.ar\/?p=33320","name":"COMUNICACI\u00d3N N\u00b0 480\/2.023 - Malarg\u00fce HCD","isPartOf":{"@id":"https:\/\/hcd.malargue.gov.ar\/#website"},"datePublished":"2023-03-21T13:09:44+00:00","dateModified":"2023-03-21T13:11:32+00:00","author":{"@id":"https:\/\/hcd.malargue.gov.ar\/#\/schema\/person\/3fd6bbab64edd703961b795156c955d0"},"breadcrumb":{"@id":"https:\/\/hcd.malargue.gov.ar\/?p=33320#breadcrumb"},"inLanguage":"es-AR","potentialAction":[{"@type":"ReadAction","target":["https:\/\/hcd.malargue.gov.ar\/?p=33320"]}]},{"@type":"BreadcrumbList","@id":"https:\/\/hcd.malargue.gov.ar\/?p=33320#breadcrumb","itemListElement":[{"@type":"ListItem","position":1,"name":"Inicio","item":"https:\/\/hcd.malargue.gov.ar\/"},{"@type":"ListItem","position":2,"name":"COMUNICACI\u00d3N N\u00b0 480\/2.023"}]},{"@type":"WebSite","@id":"https:\/\/hcd.malargue.gov.ar\/#website","url":"https:\/\/hcd.malargue.gov.ar\/","name":"Malarg\u00fce HCD","description":"Malarg\u00fce Mendoza Argentina","potentialAction":[{"@type":"SearchAction","target":{"@type":"EntryPoint","urlTemplate":"https:\/\/hcd.malargue.gov.ar\/?s={search_term_string}"},"query-input":"required name=search_term_string"}],"inLanguage":"es-AR"},{"@type":"Person","@id":"https:\/\/hcd.malargue.gov.ar\/#\/schema\/person\/3fd6bbab64edd703961b795156c955d0","name":"Belen Pedernera Ferragut","image":{"@type":"ImageObject","inLanguage":"es-AR","@id":"https:\/\/hcd.malargue.gov.ar\/#\/schema\/person\/image\/","url":"https:\/\/secure.gravatar.com\/avatar\/1054ffab3893de4bb3eb29bdd22f7e34b8537bf5d34d9dab311818154ad5b71f?s=96&d=mm&r=g","contentUrl":"https:\/\/secure.gravatar.com\/avatar\/1054ffab3893de4bb3eb29bdd22f7e34b8537bf5d34d9dab311818154ad5b71f?s=96&d=mm&r=g","caption":"Belen Pedernera Ferragut"},"url":"https:\/\/hcd.malargue.gov.ar\/?author=5"}]}},"_links":{"self":[{"href":"https:\/\/hcd.malargue.gov.ar\/index.php?rest_route=\/wp\/v2\/posts\/33320","targetHints":{"allow":["GET"]}}],"collection":[{"href":"https:\/\/hcd.malargue.gov.ar\/index.php?rest_route=\/wp\/v2\/posts"}],"about":[{"href":"https:\/\/hcd.malargue.gov.ar\/index.php?rest_route=\/wp\/v2\/types\/post"}],"author":[{"embeddable":true,"href":"https:\/\/hcd.malargue.gov.ar\/index.php?rest_route=\/wp\/v2\/users\/5"}],"replies":[{"embeddable":true,"href":"https:\/\/hcd.malargue.gov.ar\/index.php?rest_route=%2Fwp%2Fv2%2Fcomments&post=33320"}],"version-history":[{"count":2,"href":"https:\/\/hcd.malargue.gov.ar\/index.php?rest_route=\/wp\/v2\/posts\/33320\/revisions"}],"predecessor-version":[{"id":33323,"href":"https:\/\/hcd.malargue.gov.ar\/index.php?rest_route=\/wp\/v2\/posts\/33320\/revisions\/33323"}],"wp:featuredmedia":[{"embeddable":true,"href":"https:\/\/hcd.malargue.gov.ar\/index.php?rest_route=\/wp\/v2\/media\/33321"}],"wp:attachment":[{"href":"https:\/\/hcd.malargue.gov.ar\/index.php?rest_route=%2Fwp%2Fv2%2Fmedia&parent=33320"}],"wp:term":[{"taxonomy":"category","embeddable":true,"href":"https:\/\/hcd.malargue.gov.ar\/index.php?rest_route=%2Fwp%2Fv2%2Fcategories&post=33320"},{"taxonomy":"post_tag","embeddable":true,"href":"https:\/\/hcd.malargue.gov.ar\/index.php?rest_route=%2Fwp%2Fv2%2Ftags&post=33320"}],"curies":[{"name":"wp","href":"https:\/\/api.w.org\/{rel}","templated":true}]}}